{"id":3292,"date":"2024-02-27T12:21:52","date_gmt":"2024-02-27T12:21:52","guid":{"rendered":"https:\/\/recordtours.pt\/halbtaegige-kleingruppentour-von-fatima-ab-lissabon\/"},"modified":"2024-06-24T11:54:17","modified_gmt":"2024-06-24T11:54:17","slug":"halbtaegige-kleingruppentour-von-fatima-ab-lissabon","status":"publish","type":"post","link":"https:\/\/recordtours.pt\/de\/halbtaegige-kleingruppentour-von-fatima-ab-lissabon\/","title":{"rendered":"Halbt\u00e4gige Kleingruppentour von F\u00e1tima ab Lissabon"},"content":{"rendered":"<p>Besuchen Sie die kleine Stadt F\u00e1tima und ihre religi\u00f6sen St\u00e4tten auf dieser halbt\u00e4gigen Tour mit Transport ab Lissabon. In dieser Stadt befindet sich das Heiligtum, in dem die Jungfrau Maria 1917 drei Kindern erschienen sein soll. Erkunden Sie das Heiligtum von Fatima, Basiliken und Kinderheime mit Kommentaren Ihres Reiseleiters in einer kleinen Gruppe von nicht mehr als acht G\u00e4sten f\u00fcr ein intimes Erlebnis.<\/p>\n<div class='et-learn-more clearfix'>\n\t\t\t\t\t<h3 class='heading-more'>Was ist inbegriffen<span class='et_learnmore_arrow'><span><\/span><\/span><\/h3>\n\t\t\t\t\t<div class='learn-more-content'><div>\n<ul>\n<li>Klimatisiertes Fahrzeug<\/li>\n<li>Privater Transport<\/li>\n<li>Wi-Fi an Bord<\/li>\n<li>Mineralwasser<\/li>\n<\/ul>\n<\/div>\n<div>\n<div><strong>Nicht im Ticket enthalten<\/strong><\/div>\n<ul>\n<li>Fr\u00fchst\u00fcck<\/li>\n<li>Mittagessen<\/li>\n<li>Abendessen<\/li>\n<\/ul>\n<\/div><\/div>\n\t\t\t\t<\/div> <div class='et-learn-more clearfix'>\n\t\t\t\t\t<h3 class='heading-more'>Was Zu Erwarten Ist<span class='et_learnmore_arrow'><span><\/span><\/span><\/h3>\n\t\t\t\t\t<div class='learn-more-content'><strong>Reiseroute<\/strong><\/p>\n<p>Dies ist eine normale Reiseroute f\u00fcr dieses Produkt<\/p>\n<p><strong>Halteplatz: <\/strong>Basilika der Heiligen Dreifaltigkeit, Av. von Dom Jos\u00e9 Alves Correia da Silva, Fatima 2496-908 Portugal<\/p>\n<p>Die Basilika der Heiligen Dreifaltigkeit ist eine kleine Basilika, die sich an der Stelle der Cova da Iria in der Pfarrei und Stadt F\u00e1tima befindet. Es handelt sich um eine riesige Kirche, die der Heiligen Dreifaltigkeit gewidmet ist und zum Komplex des Heiligtums von Fatima geh\u00f6rt, mit 8.633 Sitzpl\u00e4tzen und einer Fl\u00e4che von 40.000 m\u00b2. Das Projekt wurde von dem griechischen Architekten Alexandros Tombazis entworfen. Sie wurde am 12. Oktober 2007 vom vatikanischen Staatssekret\u00e4r, Kardinal Tarcisio Bertone, anl\u00e4sslich des 90. Jahrestages der Erscheinungen der Jungfrau Maria in Fatima eingeweiht.<\/p>\n<p>Dauer: 1 Stunde<\/p>\n<p><strong>Halteplatz: <\/strong>Basilika Unserer Lieben Frau vom Rosenkranz von Fatima, Rua de Rainha Santa Isabel 26, Fatima 2495-424 Portugal<\/p>\n<p>Das Heiligtum von Fatima, das von der katholischen Kirche offiziell als Heiligtum Unserer Lieben Frau vom Rosenkranz von Fatima bezeichnet wird, ist ein Marienheiligtum, das Unserer Lieben Frau von Fatima gewidmet ist und sich an der Stelle von Cova da Iria in der Stadt Fatima, Gemeinde Our\u00e9m, in Portugal befindet.<\/p>\n<p>Das Heiligtum von Fatima ist par excellence ein Ort der christlichen Wallfahrt und der katholischen Fr\u00f6mmigkeit, der die Erinnerung an die Ereignisse bewahrt, die zu seiner Gr\u00fcndung gef\u00fchrt haben, n\u00e4mlich die Erscheinungen Unserer Lieben Frau an die drei Hirtenkinder L\u00facia dos Santos, Francisco und Jacinta Marto im Jahr 1917. Seine Gr\u00f6\u00dfe und Relevanz aus religi\u00f6ser Sicht ist seit langem einvernehmlich anerkannt, national und international. Nach dem ausdr\u00fccklichen Willen des Heiligen Apostolischen Stuhls handelt es sich um ein Nationalheiligtum. Es ist auch eines der wichtigsten Marienheiligt\u00fcmer der Welt, das der katholischen Kirche geh\u00f6rt, und das gr\u00f6\u00dfte internationale Ziel f\u00fcr religi\u00f6sen Tourismus, das j\u00e4hrlich etwa sechs Millionen Besucher empf\u00e4ngt. Er wurde mit drei p\u00e4pstlichen goldenen Rosen geehrt und von den P\u00e4psten Paul VI. (1967), Johannes Paul II. (1982, 1991 und 2000), Benedikt XVI. (2010) und Franziskus (2017) besucht.<\/p>\n<p>Dauer: 1 Stunde<\/p><\/div>\n\t\t\t\t<\/div> <div class='et-learn-more clearfix'>\n\t\t\t\t\t<h3 class='heading-more'>Abreise und R\u00fcckkehr<span class='et_learnmore_arrow'><span><\/span><\/span><\/h3>\n\t\t\t\t\t<div class='learn-more-content'><div>\n<ul>\n<li>\n<div>\n<div><strong>Beginn<\/strong>:<\/div>\n<\/div>\n<div>\n<ul>\n<li>\n<div>\n<div>Pra\u00e7a Marqu\u00eas de Pombal 8, 1250-160 Lissabon, Portugal<\/div>\n<div>Abholung vor dem Hotel Fenix, Marques de Pombal Square<\/div>\n<\/div>\n<\/li>\n<\/ul>\n<\/div>\n<div>\n<div><strong>Ende<\/strong>: Diese Aktivit\u00e4t endet am Treffpunkt.<\/div>\n<\/div>\n<\/li>\n<\/ul>\n<\/div><\/div>\n\t\t\t\t<\/div> <div class='et-learn-more clearfix'>\n\t\t\t\t\t<h3 class='heading-more'>Zug\u00e4nglichkeit<span class='et_learnmore_arrow'><span><\/span><\/span><\/h3>\n\t\t\t\t\t<div class='learn-more-content'><div>\n<ul>\n<li>Nicht f\u00fcr Rollstuhlfahrer zug\u00e4nglich<\/li>\n<li>Kinderwagen zug\u00e4nglich<\/li>\n<li>In der N\u00e4he von \u00f6ffentlichen Verkehrsmitteln<\/li>\n<li>Kindersitze verf\u00fcgbar<\/li>\n<\/ul>\n<\/div>\n<div>\n<div>Wenn Sie Fragen zur Barrierefreiheit haben, helfen wir Ihnen gerne weiter. Rufen Sie einfach <a href=\"tel:+351932221333\">die Nummer (+351) 932 221 333<\/a> an<\/div>\n<\/div><\/div>\n\t\t\t\t<\/div> <div class='et-learn-more clearfix'>\n\t\t\t\t\t<h3 class='heading-more'>Zusatzinformation<span class='et_learnmore_arrow'><span><\/span><\/span><\/h3>\n\t\t\t\t\t<div class='learn-more-content'><div>\n<ul>\n<li>Die Best\u00e4tigung erhalten Sie zum Zeitpunkt der Buchung<\/li>\n<li>Die meisten Reisenden k\u00f6nnen teilnehmen<\/li>\n<li>Dieses Erlebnis findet nur bei gutem Wetter statt. Bei einer Stornierung aufgrund widriger Wetterbedingungen wird Ihnen ein anderes Datum oder eine vollst\u00e4ndige R\u00fcckerstattung angeboten<\/li>\n<li>F\u00fcr dieses Erlebnis ist eine Mindestanzahl von Reisenden erforderlich. Wenn es storniert wird, weil die Mindestanzahl nicht erreicht wird, wird Ihnen ein anderes Datum\/Erlebnis oder eine vollst\u00e4ndige R\u00fcckerstattung angeboten<\/li>\n<li>Dies ist eine private Aktivit\u00e4t\/Tour. Nur Ihre Gruppe nimmt teil<\/li>\n<\/ul>\n<\/div><\/div>\n\t\t\t\t<\/div> <div class='et-learn-more clearfix'>\n\t\t\t\t\t<h3 class='heading-more'>Stornierungsbedingungen<span class='et_learnmore_arrow'><span><\/span><\/span><\/h3>\n\t\t\t\t\t<div class='learn-more-content'><div>F\u00fcr eine vollst\u00e4ndige R\u00fcckerstattung stornieren Sie innerhalb von 72 Stunden nach der Buchung Ihrer Tour.<\/div><\/div>\n\t\t\t\t<\/div> <div class='et-learn-more clearfix'>\n\t\t\t\t\t<h3 class='heading-more'>H\u00e4ufig gestellte Fragen<span class='et_learnmore_arrow'><span><\/span><\/span><\/h3>\n\t\t\t\t\t<div class='learn-more-content'><div>\n<div><strong>Welche Sehensw\u00fcrdigkeiten werde ich mit Fatima Halbtagestour in kleiner Gruppe ab Lissabon besuchen?<\/strong><\/div>\n<div>\n<div>\n<p>W\u00e4hrend dieses Erlebnisses besuchen Sie unter anderem:<\/p>\n<ul>\n<li><a href=\"https:\/\/www.tripadvisor.pt\/Attraction_Review-g189157-d196723-Reviews-Basilica_de_Nossa_Senhora_do_Rosario_de_Fatima-Fatima_Santarem_District_Central_Po.html\">Basilika Unserer Lieben Frau vom Rosenkranz von Fatima<\/a><\/li>\n<\/ul>\n<\/div>\n<\/div>\n<\/div>\n<div>\n<hr>\n<\/div>\n<div>\n<div><strong>Wie viel kostet Fatima Halbtagestour in kleiner Gruppe ab Lissabon?<\/strong><\/div>\n<div>\n<div>Preis f\u00fcr Fatima Halbtagestour in kleiner Gruppe ab Lissabon ab 101,53 \u20ac.<\/div>\n<\/div>\n<\/div>\n<div>\n<hr>\n<\/div>\n<div>\n<div><strong>Welches Unternehmen ist verantwortlich f\u00fcr Fatima Halbtagestour in kleiner Gruppe ab Lissabon?<\/strong><\/div>\n<div>\n<div>Fatima Halbtagestour in kleiner Gruppe ab Lissabon wird durchgef\u00fchrt von RecordTours.<\/div>\n<div>\n<div>\n<hr>\n<\/div>\n<div>\n<div><strong>Wie viel Zeit ben\u00f6tige ich f\u00fcr Fatima Halbtagestour in kleiner Gruppe ab Lissabon?<\/strong><\/div>\n<div>\n<div>Im Durchschnitt dauert dieses Erlebnis etwa 5 Stunden.<\/div>\n<\/div>\n<\/div>\n<\/div>\n<\/div>\n<\/div><\/div>\n\t\t\t\t<\/div><div class='et-learn-more clearfix'>\n\t\t\t\t\t<h3 class='heading-more'>Hilfe<span class='et_learnmore_arrow'><span><\/span><\/span><\/h3>\n\t\t\t\t\t<div class='learn-more-content'><div>Wenn Sie Fragen zu dieser Tour haben oder Hilfe bei der Buchung ben\u00f6tigen, helfen wir Ihnen gerne weiter. Rufen Sie einfach <a href=\"tel:+351932221333\">die Nummer (+351) 932 221 333<\/a> an<\/div><\/div>\n\t\t\t\t<\/div><\/p>\n","protected":false},"excerpt":{"rendered":"<p>Besuchen Sie die kleine Stadt F\u00e1tima und ihre religi\u00f6sen St\u00e4tten auf dieser halbt\u00e4gigen Tour mit Transport ab Lissabon&#8230;  <\/p>\n","protected":false},"author":3,"featured_media":3296,"comment_status":"closed","ping_status":"closed","sticky":false,"template":"","format":"standard","meta":{"_acf_changed":false,"_et_pb_use_builder":"","_et_pb_old_content":"","_et_gb_content_width":"","footnotes":""},"categories":[21,43],"tags":[],"class_list":["post-3292","post","type-post","status-publish","format-standard","has-post-thumbnail","hentry","category-touren","category-tagliche-touren"],"acf":{"photo_gallery":{"tours_galeria":[[{"id":3293,"title":"","caption":"","full_image_url":"https:\/\/recordtours.pt\/wp-content\/uploads\/2024\/02\/tours-galeria-fatima-01.webp","thumbnail_image_url":"https:\/\/recordtours.pt\/wp-content\/uploads\/2024\/02\/tours-galeria-fatima-01-150x150.webp","large_srcset":"https:\/\/recordtours.pt\/wp-content\/uploads\/2024\/02\/tours-galeria-fatima-01-1024x683.webp 1024w, https:\/\/recordtours.pt\/wp-content\/uploads\/2024\/02\/tours-galeria-fatima-01-980x653.webp 980w, https:\/\/recordtours.pt\/wp-content\/uploads\/2024\/02\/tours-galeria-fatima-01-480x320.webp 480w","medium_srcset":false,"media_details":{"width":1200,"height":800,"sizes":{"medium":{"file":"tours-galeria-fatima-01-300x200.webp","width":300,"height":200,"mime-type":"image\/webp","filesize":9012,"source_url":"https:\/\/recordtours.pt\/wp-content\/uploads\/2024\/02\/tours-galeria-fatima-01-300x200.webp"},"large":{"file":"tours-galeria-fatima-01-1024x683.webp","width":1024,"height":683,"mime-type":"image\/webp","filesize":72158,"source_url":"https:\/\/recordtours.pt\/wp-content\/uploads\/2024\/02\/tours-galeria-fatima-01-1024x683.webp"},"thumbnail":{"file":"tours-galeria-fatima-01-150x150.webp","width":150,"height":150,"mime-type":"image\/webp","filesize":4200,"source_url":"https:\/\/recordtours.pt\/wp-content\/uploads\/2024\/02\/tours-galeria-fatima-01-150x150.webp"},"medium_large":{"file":"tours-galeria-fatima-01-768x512.webp","width":768,"height":512,"mime-type":"image\/webp","filesize":43350,"source_url":"https:\/\/recordtours.pt\/wp-content\/uploads\/2024\/02\/tours-galeria-fatima-01-768x512.webp"},"et-pb-post-main-image":{"file":"tours-galeria-fatima-01-400x250.webp","width":400,"height":250,"mime-type":"image\/webp","filesize":13070,"source_url":"https:\/\/recordtours.pt\/wp-content\/uploads\/2024\/02\/tours-galeria-fatima-01-400x250.webp"},"et-pb-post-main-image-fullwidth":{"file":"tours-galeria-fatima-01-1080x675.webp","width":1080,"height":675,"mime-type":"image\/webp","filesize":75362,"source_url":"https:\/\/recordtours.pt\/wp-content\/uploads\/2024\/02\/tours-galeria-fatima-01-1080x675.webp"},"et-pb-portfolio-image":{"file":"tours-galeria-fatima-01-400x284.webp","width":400,"height":284,"mime-type":"image\/webp","filesize":14612,"source_url":"https:\/\/recordtours.pt\/wp-content\/uploads\/2024\/02\/tours-galeria-fatima-01-400x284.webp"},"et-pb-portfolio-module-image":{"file":"tours-galeria-fatima-01-510x382.webp","width":510,"height":382,"mime-type":"image\/webp","filesize":23458,"source_url":"https:\/\/recordtours.pt\/wp-content\/uploads\/2024\/02\/tours-galeria-fatima-01-510x382.webp"},"et-pb-portfolio-image-single":{"file":"tours-galeria-fatima-01-1080x720.webp","width":1080,"height":720,"mime-type":"image\/webp","filesize":79220,"source_url":"https:\/\/recordtours.pt\/wp-content\/uploads\/2024\/02\/tours-galeria-fatima-01-1080x720.webp"},"et-pb-gallery-module-image-portrait":{"file":"tours-galeria-fatima-01-400x516.webp","width":400,"height":516,"mime-type":"image\/webp","filesize":26544,"source_url":"https:\/\/recordtours.pt\/wp-content\/uploads\/2024\/02\/tours-galeria-fatima-01-400x516.webp"},"et-pb-image--responsive--tablet":{"file":"tours-galeria-fatima-01-980x653.webp","width":980,"height":653,"mime-type":"image\/webp","filesize":67396,"source_url":"https:\/\/recordtours.pt\/wp-content\/uploads\/2024\/02\/tours-galeria-fatima-01-980x653.webp"},"et-pb-image--responsive--phone":{"file":"tours-galeria-fatima-01-480x320.webp","width":480,"height":320,"mime-type":"image\/webp","filesize":18410,"source_url":"https:\/\/recordtours.pt\/wp-content\/uploads\/2024\/02\/tours-galeria-fatima-01-480x320.webp"}}},"alt_text":"","url":"","target":""},{"id":3294,"title":"","caption":"","full_image_url":"https:\/\/recordtours.pt\/wp-content\/uploads\/2024\/02\/tours-galeria-fatima-002.webp","thumbnail_image_url":"https:\/\/recordtours.pt\/wp-content\/uploads\/2024\/02\/tours-galeria-fatima-002-150x150.webp","large_srcset":"https:\/\/recordtours.pt\/wp-content\/uploads\/2024\/02\/tours-galeria-fatima-002.webp 720w, https:\/\/recordtours.pt\/wp-content\/uploads\/2024\/02\/tours-galeria-fatima-002-480x320.webp 480w","medium_srcset":false,"media_details":{"width":720,"height":480,"sizes":{"medium":{"file":"tours-galeria-fatima-002-300x200.webp","width":300,"height":200,"mime-type":"image\/webp","filesize":13342,"source_url":"https:\/\/recordtours.pt\/wp-content\/uploads\/2024\/02\/tours-galeria-fatima-002-300x200.webp"},"thumbnail":{"file":"tours-galeria-fatima-002-150x150.webp","width":150,"height":150,"mime-type":"image\/webp","filesize":6084,"source_url":"https:\/\/recordtours.pt\/wp-content\/uploads\/2024\/02\/tours-galeria-fatima-002-150x150.webp"},"et-pb-post-main-image":{"file":"tours-galeria-fatima-002-400x250.webp","width":400,"height":250,"mime-type":"image\/webp","filesize":20616,"source_url":"https:\/\/recordtours.pt\/wp-content\/uploads\/2024\/02\/tours-galeria-fatima-002-400x250.webp"},"et-pb-portfolio-image":{"file":"tours-galeria-fatima-002-400x284.webp","width":400,"height":284,"mime-type":"image\/webp","filesize":22594,"source_url":"https:\/\/recordtours.pt\/wp-content\/uploads\/2024\/02\/tours-galeria-fatima-002-400x284.webp"},"et-pb-portfolio-module-image":{"file":"tours-galeria-fatima-002-510x382.webp","width":510,"height":382,"mime-type":"image\/webp","filesize":35318,"source_url":"https:\/\/recordtours.pt\/wp-content\/uploads\/2024\/02\/tours-galeria-fatima-002-510x382.webp"},"et-pb-gallery-module-image-portrait":{"file":"tours-galeria-fatima-002-400x480.webp","width":400,"height":480,"mime-type":"image\/webp","filesize":32862,"source_url":"https:\/\/recordtours.pt\/wp-content\/uploads\/2024\/02\/tours-galeria-fatima-002-400x480.webp"},"et-pb-image--responsive--phone":{"file":"tours-galeria-fatima-002-480x320.webp","width":480,"height":320,"mime-type":"image\/webp","filesize":28616,"source_url":"https:\/\/recordtours.pt\/wp-content\/uploads\/2024\/02\/tours-galeria-fatima-002-480x320.webp"}}},"alt_text":"","url":"","target":""},{"id":3295,"title":"","caption":"","full_image_url":"https:\/\/recordtours.pt\/wp-content\/uploads\/2024\/02\/tours-galeria-fatima-003.webp","thumbnail_image_url":"https:\/\/recordtours.pt\/wp-content\/uploads\/2024\/02\/tours-galeria-fatima-003-150x150.webp","large_srcset":"https:\/\/recordtours.pt\/wp-content\/uploads\/2024\/02\/tours-galeria-fatima-003.webp 720w, https:\/\/recordtours.pt\/wp-content\/uploads\/2024\/02\/tours-galeria-fatima-003-480x320.webp 480w","medium_srcset":false,"media_details":{"width":720,"height":480,"sizes":{"medium":{"file":"tours-galeria-fatima-003-300x200.webp","width":300,"height":200,"mime-type":"image\/webp","filesize":12750,"source_url":"https:\/\/recordtours.pt\/wp-content\/uploads\/2024\/02\/tours-galeria-fatima-003-300x200.webp"},"thumbnail":{"file":"tours-galeria-fatima-003-150x150.webp","width":150,"height":150,"mime-type":"image\/webp","filesize":6408,"source_url":"https:\/\/recordtours.pt\/wp-content\/uploads\/2024\/02\/tours-galeria-fatima-003-150x150.webp"},"et-pb-post-main-image":{"file":"tours-galeria-fatima-003-400x250.webp","width":400,"height":250,"mime-type":"image\/webp","filesize":19598,"source_url":"https:\/\/recordtours.pt\/wp-content\/uploads\/2024\/02\/tours-galeria-fatima-003-400x250.webp"},"et-pb-portfolio-image":{"file":"tours-galeria-fatima-003-400x284.webp","width":400,"height":284,"mime-type":"image\/webp","filesize":22292,"source_url":"https:\/\/recordtours.pt\/wp-content\/uploads\/2024\/02\/tours-galeria-fatima-003-400x284.webp"},"et-pb-portfolio-module-image":{"file":"tours-galeria-fatima-003-510x382.webp","width":510,"height":382,"mime-type":"image\/webp","filesize":35206,"source_url":"https:\/\/recordtours.pt\/wp-content\/uploads\/2024\/02\/tours-galeria-fatima-003-510x382.webp"},"et-pb-gallery-module-image-portrait":{"file":"tours-galeria-fatima-003-400x480.webp","width":400,"height":480,"mime-type":"image\/webp","filesize":36048,"source_url":"https:\/\/recordtours.pt\/wp-content\/uploads\/2024\/02\/tours-galeria-fatima-003-400x480.webp"},"et-pb-image--responsive--phone":{"file":"tours-galeria-fatima-003-480x320.webp","width":480,"height":320,"mime-type":"image\/webp","filesize":28176,"source_url":"https:\/\/recordtours.pt\/wp-content\/uploads\/2024\/02\/tours-galeria-fatima-003-480x320.webp"}}},"alt_text":"","url":"","target":""}]]}},"_links":{"self":[{"href":"https:\/\/recordtours.pt\/de\/wp-json\/wp\/v2\/posts\/3292","targetHints":{"allow":["GET"]}}],"collection":[{"href":"https:\/\/recordtours.pt\/de\/wp-json\/wp\/v2\/posts"}],"about":[{"href":"https:\/\/recordtours.pt\/de\/wp-json\/wp\/v2\/types\/post"}],"author":[{"embeddable":true,"href":"https:\/\/recordtours.pt\/de\/wp-json\/wp\/v2\/users\/3"}],"replies":[{"embeddable":true,"href":"https:\/\/recordtours.pt\/de\/wp-json\/wp\/v2\/comments?post=3292"}],"version-history":[{"count":0,"href":"https:\/\/recordtours.pt\/de\/wp-json\/wp\/v2\/posts\/3292\/revisions"}],"wp:featuredmedia":[{"embeddable":true,"href":"https:\/\/recordtours.pt\/de\/wp-json\/wp\/v2\/media\/3296"}],"wp:attachment":[{"href":"https:\/\/recordtours.pt\/de\/wp-json\/wp\/v2\/media?parent=3292"}],"wp:term":[{"taxonomy":"category","embeddable":true,"href":"https:\/\/recordtours.pt\/de\/wp-json\/wp\/v2\/categories?post=3292"},{"taxonomy":"post_tag","embeddable":true,"href":"https:\/\/recordtours.pt\/de\/wp-json\/wp\/v2\/tags?post=3292"}],"curies":[{"name":"wp","href":"https:\/\/api.w.org\/{rel}","templated":true}]}}