{"id":3335,"date":"2024-02-27T10:43:48","date_gmt":"2024-02-27T10:43:48","guid":{"rendered":"https:\/\/recordtours.pt\/ganztagestour-in-kleiner-gruppe-in-lissabon-die-umfassendste-stadtrundfahrt\/"},"modified":"2024-06-24T11:54:12","modified_gmt":"2024-06-24T11:54:12","slug":"ganztagestour-in-kleiner-gruppe-in-lissabon-die-umfassendste-stadtrundfahrt","status":"publish","type":"post","link":"https:\/\/recordtours.pt\/de\/ganztagestour-in-kleiner-gruppe-in-lissabon-die-umfassendste-stadtrundfahrt\/","title":{"rendered":"Ganztagestour in kleiner Gruppe in Lissabon: Die umfassendste Stadtrundfahrt"},"content":{"rendered":"<p>Lernen Sie Lissabon mit dieser ganzt\u00e4gigen Kleingruppentour wie ein Einheimischer kennen. Treffen Sie Ihren Reiseleiter f\u00fcr eine Sightseeing-Tour durch die Stadt mit Schwerpunkt auf Kultur und Tradition. Erkunden Sie das Viertel Alfama und erfahren Sie mehr \u00fcber seine Geschichte. Besuchen Sie mehrere Viertel, darunter Baixa, Chiado und Alto, und schlendern Sie durch die Stra\u00dfen von Bel\u00e9m. Genie\u00dfen Sie die freie Zeit, um in Ihrem eigenen Tempo einzukaufen.<\/p>\n<div class='et-learn-more clearfix'>\n\t\t\t\t\t<h3 class='heading-more'>Was ist inbegriffen<span class='et_learnmore_arrow'><span><\/span><\/span><\/h3>\n\t\t\t\t\t<div class='learn-more-content'><div>\n<ul>\n<li>Eintritt &#8211; Pena Palace<\/li>\n<li>Wi-Fi an Bord<\/li>\n<li>Privater Transport<\/li>\n<\/ul>\n<\/div>\n<div>\n<div><strong>Nicht im Ticket enthalten<\/strong><\/div>\n<ul>\n<li>Eintritt &#8211; Bel\u00e9m-Turm<\/li>\n<\/ul>\n<\/div><\/div>\n\t\t\t\t<\/div> <div class='et-learn-more clearfix'>\n\t\t\t\t\t<h3 class='heading-more'>Was Zu Erwarten Ist<span class='et_learnmore_arrow'><span><\/span><\/span><\/h3>\n\t\t\t\t\t<div class='learn-more-content'><strong>Reiseroute<\/strong><\/p>\n<p>Dies ist eine normale Reiseroute f\u00fcr dieses Produkt<\/p>\n<p><strong>Halteplatz: <\/strong>Bel\u00e9m Tower, Avenida Bras\u00edlia &#8211; Bel\u00e9m, Lissabon 1400-038 Portuga<\/p>\n<p>Der Turm von Bel\u00e9m, offiziell Turm von S\u00e3o Vicente, befindet sich in der Gemeinde Bel\u00e9m, Gemeinde und Bezirk von Lissabon, Portugal. Am rechten Ufer des Tejo, wo sich einst der Strand von Bel\u00e9m befand, war er urspr\u00fcnglich von Wasser umgeben.<\/p>\n<p>Dauer: 30 Minuten<\/p>\n<p><strong>Halteplatz: <\/strong>Kathedrale von Lissabon, Largo da S\u00e9, Lissabon 1100-585 Portugal<\/p>\n<p>Die Kathedrale von Lissabon, oder Kirche Santa Maria Maior, befindet sich in der gleichnamigen Stadt in Portugal. Es ist der Sitz des Patriarchats von Lissabon und der Pfarrei der Kathedrale. Sein Bau begann in der zweiten H\u00e4lfte des zw\u00f6lften Jahrhunderts, nach der Wiedereroberung der Stadt von den Mauren durch D. Afonso Henriques, und heute pr\u00e4sentiert es sich als eine Mischung aus architektonischen Stilen. Seit 1910 ist es als Nationaldenkmal klassifiziert.<\/p>\n<p>Dauer: 30 Minuten<\/p>\n<p><strong>Halteplatz: <\/strong>Jer\u00f3nimos-Kloster, Pra\u00e7a do Imp\u00e9rio Bel\u00e9m, Lissabon 1400-206 Portugal<\/p>\n<p>Das Jer\u00f3nimos-Kloster oder Kloster Santa Maria de Bel\u00e9m ist ein portugiesisches Kloster des Ordens des Heiligen Hieronymus, das im 16. Jahrhundert erbaut wurde. Es befindet sich in der Gemeinde Bel\u00e9m, in der Stadt und Gemeinde Lissabon. Seit 2016 hat es den Status eines Nationalen Pantheons.<\/p>\n<p>Dauer: 30 Minuten<\/p>\n<p><strong>Halteplatz: <\/strong>Avenida Bras\u00edlia Bel\u00e9m, Lissabon 1400-038 Portugal<\/p>\n<p>Das Denkmal der Entdeckungen befindet sich in der Gemeinde Bel\u00e9m, in der Stadt und im Bezirk Lissabon, Portugal. Der architektonische Entwurf stammt von Cottinelli Telmo und die Skulpturen von Leopoldo de Almeida.<\/p>\n<p>Dauer: 30 Minuten<\/p>\n<p><strong>Halteplatz: <\/strong>Parque Eduardo VII, Av. Sidonio Pais, Lissabon 1070-051 Portugal<\/p>\n<p>Der Eduardo VII Park von England ist der gr\u00f6\u00dfte Park im Zentrum von Lissabon und allgemein nur als Eduardo VII Park bekannt. Sie befindet sich in S\u00e3o Sebasti\u00e3o da Pedreira, der heutigen Gemeinde Avenidas Novas, und wurde 1903 zu Ehren von Edward VII. des Vereinigten K\u00f6nigreichs benannt, der im Jahr zuvor Lissabon besucht hatte, um das B\u00fcndnis zwischen den beiden L\u00e4ndern zu bekr\u00e4ftigen. Bis dahin hie\u00df es Liberty Park.<\/p>\n<p>Dauer: 30 Minuten<\/p>\n<p><strong>Halteplatz: <\/strong>Rossio-Platz, Pra\u00e7a Dom Pedro IV, Lissabon 1100-026 Portugal<\/p>\n<p>Dieser untere Teil der Stadt wurde Valverde genannt, aufgrund eines Nebenflusses des Tejo. Der schmutzige Caneiro des Rossio war im Lissabon von vierhundert bedeckt. Es war ein unregelm\u00e4\u00dfig schmaler Platz, aber es war immer ein gro\u00dfer Raum, auf dem Messen und M\u00e4rkte abgehalten wurden.<\/p>\n<p>Dauer: 30 Minuten<\/p>\n<p><strong>Halteplatz: <\/strong>Santuario Nacional de Cristo Rei, Praceta do Cristo Rei 27A Nicht in Lissabon, sondern in Almada, Almada 2800-058 Portugal<\/p>\n<p>Das Nationalheiligtum Christk\u00f6nig ist ein Heiligtum und religi\u00f6ses Denkmal, das dem Heiligsten Herzen Jesu gewidmet ist und sich in der Pfarrei Pragal in der Gemeinde Almada im Gro\u00dfraum Lissabon, Portugal, befindet.<\/p>\n<p>Dauer: 30 Minuten<\/p>\n<p><strong>Halteplatz: <\/strong>Miradouro das Portas do Sol, Largo das Portas do Sol Alfama, Lissabon 1100-411 Portugal<\/p>\n<p>Der Largo das Portas do Sol ist eine Stra\u00dfe in der Stadt Lissabon, die zur Gemeinde Santa Maria Maior im historischen Viertel Alfama geh\u00f6rt. Er leitet seinen Namen von der alten Porta do Sol ab, die in den maurischen Zaun von Lissabon integriert ist, der an diesem Ort existierte, der beim Erdbeben von 1755 zerst\u00f6rt wurde.<\/p>\n<p>Dauer: 30 Minuten<\/p><\/div>\n\t\t\t\t<\/div> <div class='et-learn-more clearfix'>\n\t\t\t\t\t<h3 class='heading-more'>Abreise und R\u00fcckkehr<span class='et_learnmore_arrow'><span><\/span><\/span><\/h3>\n\t\t\t\t\t<div class='learn-more-content'><div>\n<ul>\n<li>\n<div>\n<div><strong>Beginn<\/strong>:<\/div>\n<\/div>\n<div>\n<ul>\n<li>\n<div>\n<div>Pra\u00e7a Marqu\u00eas de Pombal 8, 1250-160 Lissabon, Portugal<\/div>\n<div>Abholung vor dem Hotel Fenix, Marques de Pombal Square<\/div>\n<\/div>\n<\/li>\n<\/ul>\n<\/div>\n<div>\n<div><strong>Ende<\/strong>: Diese Aktivit\u00e4t endet am Treffpunkt.<\/div>\n<\/div>\n<\/li>\n<\/ul>\n<\/div><\/div>\n\t\t\t\t<\/div> <div class='et-learn-more clearfix'>\n\t\t\t\t\t<h3 class='heading-more'>Zug\u00e4nglichkeit<span class='et_learnmore_arrow'><span><\/span><\/span><\/h3>\n\t\t\t\t\t<div class='learn-more-content'><div>\n<ul>\n<li>Nicht f\u00fcr Rollstuhlfahrer zug\u00e4nglich<\/li>\n<li>In der N\u00e4he von \u00f6ffentlichen Verkehrsmitteln<\/li>\n<li>Kindersitze verf\u00fcgbar<\/li>\n<\/ul>\n<\/div>\n<div>\n<div>Wenn Sie Fragen zur Barrierefreiheit haben, helfen wir Ihnen gerne weiter. Rufen Sie einfach <a href=\"tel:+351932221333\">die Nummer (+351) 932 221 333<\/a> an<\/div>\n<\/div><\/div>\n\t\t\t\t<\/div> <div class='et-learn-more clearfix'>\n\t\t\t\t\t<h3 class='heading-more'>Zusatzinformation<span class='et_learnmore_arrow'><span><\/span><\/span><\/h3>\n\t\t\t\t\t<div class='learn-more-content'><div>\n<ul>\n<li>Die Best\u00e4tigung erhalten Sie zum Zeitpunkt der Buchung<\/li>\n<li>Die meisten Reisenden k\u00f6nnen teilnehmen<\/li>\n<li>F\u00fcr dieses Erlebnis ist eine Mindestanzahl von Reisenden erforderlich. Wenn es storniert wird, weil die Mindestanzahl nicht erreicht wird, wird Ihnen ein anderes Datum\/Erlebnis oder eine vollst\u00e4ndige R\u00fcckerstattung angeboten<\/li>\n<li>Dies ist eine private Aktivit\u00e4t\/Tour. Nur Ihre Gruppe nimmt teil<\/li>\n<\/ul>\n<\/div><\/div>\n\t\t\t\t<\/div> <div class='et-learn-more clearfix'>\n\t\t\t\t\t<h3 class='heading-more'>Stornierungsbedingungen<span class='et_learnmore_arrow'><span><\/span><\/span><\/h3>\n\t\t\t\t\t<div class='learn-more-content'><div>F\u00fcr eine vollst\u00e4ndige R\u00fcckerstattung stornieren Sie innerhalb von 72 Stunden nach der Buchung Ihrer Tour.<\/div><\/div>\n\t\t\t\t<\/div> <div class='et-learn-more clearfix'>\n\t\t\t\t\t<h3 class='heading-more'>H\u00e4ufig gestellte Fragen<span class='et_learnmore_arrow'><span><\/span><\/span><\/h3>\n\t\t\t\t\t<div class='learn-more-content'><div>\n<div><strong>Welche Sehensw\u00fcrdigkeiten werde ich mit Ganztagestour in kleiner Gruppe in Lissabon: Die umfassendste Stadtrundfahrt besuchen?<\/strong><\/div>\n<div>\n<div>\n<p>W\u00e4hrend dieses Erlebnisses besuchen Sie unter anderem:<\/p>\n<ul>\n<li><a href=\"https:\/\/www.tripadvisor.pt\/Attraction_Review-g189158-d195318-Reviews-Mosteiro_dos_Jeronimos-Lisbon_Lisbon_District_Central_Portugal.html\">Hieronymus-Kloster<\/a><\/li>\n<li><a href=\"https:\/\/www.tripadvisor.pt\/Attraction_Review-g189158-d195644-Reviews-Rossio_Square-Lisbon_Lisbon_District_Central_Portugal.html\">Rossio-Platz<\/a><\/li>\n<li><a href=\"https:\/\/www.tripadvisor.pt\/Attraction_Review-g189158-d243620-Reviews-Padrao_dos_Descobrimentos-Lisbon_Lisbon_District_Central_Portugal.html\">Denkmal der Entdeckungen<\/a><\/li>\n<li><a href=\"https:\/\/www.tripadvisor.pt\/Attraction_Review-g189158-d524074-Reviews-Torre_de_Belem-Lisbon_Lisbon_District_Central_Portugal.html\">Bel\u00e9m-Turm<\/a><\/li>\n<li><a href=\"https:\/\/www.tripadvisor.pt\/Attraction_Review-g1022768-d1871724-Reviews-Santuario_Nacional_de_Cristo_Rei-Almada_Setubal_District_Alentejo.html\">Nationalheiligtum Christk\u00f6nig<\/a><\/li>\n<\/ul>\n<\/div>\n<\/div>\n<\/div>\n<div>\n<hr>\n<\/div>\n<div>\n<div><strong>Wie viel kostet Lissabon Ganztagestour in kleiner Gruppe: Die umfassendste Stadtrundfahrt?<\/strong><\/div>\n<div>\n<div>Preis f\u00fcr Lissabon Ganztagestour in kleiner Gruppe: Die umfassendste Stadtrundfahrt ab 101,26 \u20ac.<\/div>\n<\/div>\n<\/div>\n<div>\n<hr>\n<\/div>\n<div>\n<div><strong>Welches Unternehmen ist verantwortlich f\u00fcr Lissabon Ganztagestour in kleiner Gruppe: Die umfassendste Stadtrundfahrt?<\/strong><\/div>\n<div>\n<div>Lissabon Ganztagestour in kleiner Gruppe: Die umfassendste Stadtrundfahrt geh\u00f6rt zu RecordTours.<\/div>\n<div>\n<div>\n<hr>\n<\/div>\n<div>\n<div><strong>Wie viel Zeit ben\u00f6tige ich f\u00fcr Lissabon Ganztagestour in kleiner Gruppe: Die umfassendste Stadtrundfahrt?<\/strong><\/div>\n<div>\n<div>Im Durchschnitt dauert dieses Erlebnis etwa 5 Stunden.<\/div>\n<\/div>\n<\/div>\n<\/div>\n<\/div>\n<\/div><\/div>\n\t\t\t\t<\/div><div class='et-learn-more clearfix'>\n\t\t\t\t\t<h3 class='heading-more'>Hilfe<span class='et_learnmore_arrow'><span><\/span><\/span><\/h3>\n\t\t\t\t\t<div class='learn-more-content'><div>Wenn Sie Fragen zu dieser Tour haben oder Hilfe bei der Buchung ben\u00f6tigen, helfen wir Ihnen gerne weiter. Rufen Sie einfach <a href=\"tel:+351932221333\">die Nummer (+351) 932 221 333<\/a> an<\/div><\/div>\n\t\t\t\t<\/div><\/p>\n","protected":false},"excerpt":{"rendered":"<p>Wenn Sie Lissabon wie ein Einheimischer erleben m\u00f6chten, ist diese ganzt\u00e4gige Kleingruppentour so konzipiert, dass Sie&#8230;<\/p>\n","protected":false},"author":3,"featured_media":3340,"comment_status":"closed","ping_status":"closed","sticky":false,"template":"","format":"standard","meta":{"_acf_changed":false,"_et_pb_use_builder":"","_et_pb_old_content":"","_et_gb_content_width":"","footnotes":""},"categories":[21,43],"tags":[],"class_list":["post-3335","post","type-post","status-publish","format-standard","has-post-thumbnail","hentry","category-touren","category-tagliche-touren"],"acf":{"photo_gallery":{"tours_galeria":[[{"id":3336,"title":"","caption":"","full_image_url":"https:\/\/recordtours.pt\/wp-content\/uploads\/2024\/02\/tours-galeria-lisboa-01.webp","thumbnail_image_url":"https:\/\/recordtours.pt\/wp-content\/uploads\/2024\/02\/tours-galeria-lisboa-01-150x150.webp","large_srcset":"https:\/\/recordtours.pt\/wp-content\/uploads\/2024\/02\/tours-galeria-lisboa-01-1024x683.webp 1024w, https:\/\/recordtours.pt\/wp-content\/uploads\/2024\/02\/tours-galeria-lisboa-01-980x653.webp 980w, https:\/\/recordtours.pt\/wp-content\/uploads\/2024\/02\/tours-galeria-lisboa-01-480x320.webp 480w","medium_srcset":false,"media_details":{"width":1200,"height":800,"sizes":{"medium":{"file":"tours-galeria-lisboa-01-300x200.webp","width":300,"height":200,"mime-type":"image\/webp","filesize":10866,"source_url":"https:\/\/recordtours.pt\/wp-content\/uploads\/2024\/02\/tours-galeria-lisboa-01-300x200.webp"},"large":{"file":"tours-galeria-lisboa-01-1024x683.webp","width":1024,"height":683,"mime-type":"image\/webp","filesize":90104,"source_url":"https:\/\/recordtours.pt\/wp-content\/uploads\/2024\/02\/tours-galeria-lisboa-01-1024x683.webp"},"thumbnail":{"file":"tours-galeria-lisboa-01-150x150.webp","width":150,"height":150,"mime-type":"image\/webp","filesize":5954,"source_url":"https:\/\/recordtours.pt\/wp-content\/uploads\/2024\/02\/tours-galeria-lisboa-01-150x150.webp"},"medium_large":{"file":"tours-galeria-lisboa-01-768x512.webp","width":768,"height":512,"mime-type":"image\/webp","filesize":56010,"source_url":"https:\/\/recordtours.pt\/wp-content\/uploads\/2024\/02\/tours-galeria-lisboa-01-768x512.webp"},"et-pb-post-main-image":{"file":"tours-galeria-lisboa-01-400x250.webp","width":400,"height":250,"mime-type":"image\/webp","filesize":16358,"source_url":"https:\/\/recordtours.pt\/wp-content\/uploads\/2024\/02\/tours-galeria-lisboa-01-400x250.webp"},"et-pb-post-main-image-fullwidth":{"file":"tours-galeria-lisboa-01-1080x675.webp","width":1080,"height":675,"mime-type":"image\/webp","filesize":89824,"source_url":"https:\/\/recordtours.pt\/wp-content\/uploads\/2024\/02\/tours-galeria-lisboa-01-1080x675.webp"},"et-pb-portfolio-image":{"file":"tours-galeria-lisboa-01-400x284.webp","width":400,"height":284,"mime-type":"image\/webp","filesize":19426,"source_url":"https:\/\/recordtours.pt\/wp-content\/uploads\/2024\/02\/tours-galeria-lisboa-01-400x284.webp"},"et-pb-portfolio-module-image":{"file":"tours-galeria-lisboa-01-510x382.webp","width":510,"height":382,"mime-type":"image\/webp","filesize":33046,"source_url":"https:\/\/recordtours.pt\/wp-content\/uploads\/2024\/02\/tours-galeria-lisboa-01-510x382.webp"},"et-pb-portfolio-image-single":{"file":"tours-galeria-lisboa-01-1080x720.webp","width":1080,"height":720,"mime-type":"image\/webp","filesize":96128,"source_url":"https:\/\/recordtours.pt\/wp-content\/uploads\/2024\/02\/tours-galeria-lisboa-01-1080x720.webp"},"et-pb-gallery-module-image-portrait":{"file":"tours-galeria-lisboa-01-400x516.webp","width":400,"height":516,"mime-type":"image\/webp","filesize":45122,"source_url":"https:\/\/recordtours.pt\/wp-content\/uploads\/2024\/02\/tours-galeria-lisboa-01-400x516.webp"},"et-pb-image--responsive--tablet":{"file":"tours-galeria-lisboa-01-980x653.webp","width":980,"height":653,"mime-type":"image\/webp","filesize":83178,"source_url":"https:\/\/recordtours.pt\/wp-content\/uploads\/2024\/02\/tours-galeria-lisboa-01-980x653.webp"},"et-pb-image--responsive--phone":{"file":"tours-galeria-lisboa-01-480x320.webp","width":480,"height":320,"mime-type":"image\/webp","filesize":24186,"source_url":"https:\/\/recordtours.pt\/wp-content\/uploads\/2024\/02\/tours-galeria-lisboa-01-480x320.webp"}}},"alt_text":"","url":"","target":""},{"id":3337,"title":"","caption":"","full_image_url":"https:\/\/recordtours.pt\/wp-content\/uploads\/2024\/02\/tours-galeria-lisboa-02.webp","thumbnail_image_url":"https:\/\/recordtours.pt\/wp-content\/uploads\/2024\/02\/tours-galeria-lisboa-02-150x150.webp","large_srcset":"https:\/\/recordtours.pt\/wp-content\/uploads\/2024\/02\/tours-galeria-lisboa-02-1024x683.webp 1024w, https:\/\/recordtours.pt\/wp-content\/uploads\/2024\/02\/tours-galeria-lisboa-02-980x653.webp 980w, https:\/\/recordtours.pt\/wp-content\/uploads\/2024\/02\/tours-galeria-lisboa-02-480x320.webp 480w","medium_srcset":false,"media_details":{"width":1200,"height":800,"sizes":{"medium":{"file":"tours-galeria-lisboa-02-300x200.webp","width":300,"height":200,"mime-type":"image\/webp","filesize":14650,"source_url":"https:\/\/recordtours.pt\/wp-content\/uploads\/2024\/02\/tours-galeria-lisboa-02-300x200.webp"},"large":{"file":"tours-galeria-lisboa-02-1024x683.webp","width":1024,"height":683,"mime-type":"image\/webp","filesize":129564,"source_url":"https:\/\/recordtours.pt\/wp-content\/uploads\/2024\/02\/tours-galeria-lisboa-02-1024x683.webp"},"thumbnail":{"file":"tours-galeria-lisboa-02-150x150.webp","width":150,"height":150,"mime-type":"image\/webp","filesize":6474,"source_url":"https:\/\/recordtours.pt\/wp-content\/uploads\/2024\/02\/tours-galeria-lisboa-02-150x150.webp"},"medium_large":{"file":"tours-galeria-lisboa-02-768x512.webp","width":768,"height":512,"mime-type":"image\/webp","filesize":79256,"source_url":"https:\/\/recordtours.pt\/wp-content\/uploads\/2024\/02\/tours-galeria-lisboa-02-768x512.webp"},"et-pb-post-main-image":{"file":"tours-galeria-lisboa-02-400x250.webp","width":400,"height":250,"mime-type":"image\/webp","filesize":22936,"source_url":"https:\/\/recordtours.pt\/wp-content\/uploads\/2024\/02\/tours-galeria-lisboa-02-400x250.webp"},"et-pb-post-main-image-fullwidth":{"file":"tours-galeria-lisboa-02-1080x675.webp","width":1080,"height":675,"mime-type":"image\/webp","filesize":134556,"source_url":"https:\/\/recordtours.pt\/wp-content\/uploads\/2024\/02\/tours-galeria-lisboa-02-1080x675.webp"},"et-pb-portfolio-image":{"file":"tours-galeria-lisboa-02-400x284.webp","width":400,"height":284,"mime-type":"image\/webp","filesize":25784,"source_url":"https:\/\/recordtours.pt\/wp-content\/uploads\/2024\/02\/tours-galeria-lisboa-02-400x284.webp"},"et-pb-portfolio-module-image":{"file":"tours-galeria-lisboa-02-510x382.webp","width":510,"height":382,"mime-type":"image\/webp","filesize":42716,"source_url":"https:\/\/recordtours.pt\/wp-content\/uploads\/2024\/02\/tours-galeria-lisboa-02-510x382.webp"},"et-pb-portfolio-image-single":{"file":"tours-galeria-lisboa-02-1080x720.webp","width":1080,"height":720,"mime-type":"image\/webp","filesize":140596,"source_url":"https:\/\/recordtours.pt\/wp-content\/uploads\/2024\/02\/tours-galeria-lisboa-02-1080x720.webp"},"et-pb-gallery-module-image-portrait":{"file":"tours-galeria-lisboa-02-400x516.webp","width":400,"height":516,"mime-type":"image\/webp","filesize":43952,"source_url":"https:\/\/recordtours.pt\/wp-content\/uploads\/2024\/02\/tours-galeria-lisboa-02-400x516.webp"},"et-pb-image--responsive--tablet":{"file":"tours-galeria-lisboa-02-980x653.webp","width":980,"height":653,"mime-type":"image\/webp","filesize":120526,"source_url":"https:\/\/recordtours.pt\/wp-content\/uploads\/2024\/02\/tours-galeria-lisboa-02-980x653.webp"},"et-pb-image--responsive--phone":{"file":"tours-galeria-lisboa-02-480x320.webp","width":480,"height":320,"mime-type":"image\/webp","filesize":33732,"source_url":"https:\/\/recordtours.pt\/wp-content\/uploads\/2024\/02\/tours-galeria-lisboa-02-480x320.webp"}}},"alt_text":"","url":"","target":""},{"id":3338,"title":"","caption":"","full_image_url":"https:\/\/recordtours.pt\/wp-content\/uploads\/2024\/02\/tours-galeria-lisboa-03.webp","thumbnail_image_url":"https:\/\/recordtours.pt\/wp-content\/uploads\/2024\/02\/tours-galeria-lisboa-03-150x150.webp","large_srcset":"https:\/\/recordtours.pt\/wp-content\/uploads\/2024\/02\/tours-galeria-lisboa-03-1024x683.webp 1024w, https:\/\/recordtours.pt\/wp-content\/uploads\/2024\/02\/tours-galeria-lisboa-03-980x653.webp 980w, https:\/\/recordtours.pt\/wp-content\/uploads\/2024\/02\/tours-galeria-lisboa-03-480x320.webp 480w","medium_srcset":false,"media_details":{"width":1200,"height":800,"sizes":{"medium":{"file":"tours-galeria-lisboa-03-300x200.webp","width":300,"height":200,"mime-type":"image\/webp","filesize":16528,"source_url":"https:\/\/recordtours.pt\/wp-content\/uploads\/2024\/02\/tours-galeria-lisboa-03-300x200.webp"},"large":{"file":"tours-galeria-lisboa-03-1024x683.webp","width":1024,"height":683,"mime-type":"image\/webp","filesize":142532,"source_url":"https:\/\/recordtours.pt\/wp-content\/uploads\/2024\/02\/tours-galeria-lisboa-03-1024x683.webp"},"thumbnail":{"file":"tours-galeria-lisboa-03-150x150.webp","width":150,"height":150,"mime-type":"image\/webp","filesize":6776,"source_url":"https:\/\/recordtours.pt\/wp-content\/uploads\/2024\/02\/tours-galeria-lisboa-03-150x150.webp"},"medium_large":{"file":"tours-galeria-lisboa-03-768x512.webp","width":768,"height":512,"mime-type":"image\/webp","filesize":88198,"source_url":"https:\/\/recordtours.pt\/wp-content\/uploads\/2024\/02\/tours-galeria-lisboa-03-768x512.webp"},"et-pb-post-main-image":{"file":"tours-galeria-lisboa-03-400x250.webp","width":400,"height":250,"mime-type":"image\/webp","filesize":26074,"source_url":"https:\/\/recordtours.pt\/wp-content\/uploads\/2024\/02\/tours-galeria-lisboa-03-400x250.webp"},"et-pb-post-main-image-fullwidth":{"file":"tours-galeria-lisboa-03-1080x675.webp","width":1080,"height":675,"mime-type":"image\/webp","filesize":148800,"source_url":"https:\/\/recordtours.pt\/wp-content\/uploads\/2024\/02\/tours-galeria-lisboa-03-1080x675.webp"},"et-pb-portfolio-image":{"file":"tours-galeria-lisboa-03-400x284.webp","width":400,"height":284,"mime-type":"image\/webp","filesize":29050,"source_url":"https:\/\/recordtours.pt\/wp-content\/uploads\/2024\/02\/tours-galeria-lisboa-03-400x284.webp"},"et-pb-portfolio-module-image":{"file":"tours-galeria-lisboa-03-510x382.webp","width":510,"height":382,"mime-type":"image\/webp","filesize":47354,"source_url":"https:\/\/recordtours.pt\/wp-content\/uploads\/2024\/02\/tours-galeria-lisboa-03-510x382.webp"},"et-pb-portfolio-image-single":{"file":"tours-galeria-lisboa-03-1080x720.webp","width":1080,"height":720,"mime-type":"image\/webp","filesize":153952,"source_url":"https:\/\/recordtours.pt\/wp-content\/uploads\/2024\/02\/tours-galeria-lisboa-03-1080x720.webp"},"et-pb-gallery-module-image-portrait":{"file":"tours-galeria-lisboa-03-400x516.webp","width":400,"height":516,"mime-type":"image\/webp","filesize":50090,"source_url":"https:\/\/recordtours.pt\/wp-content\/uploads\/2024\/02\/tours-galeria-lisboa-03-400x516.webp"},"et-pb-image--responsive--tablet":{"file":"tours-galeria-lisboa-03-980x653.webp","width":980,"height":653,"mime-type":"image\/webp","filesize":133368,"source_url":"https:\/\/recordtours.pt\/wp-content\/uploads\/2024\/02\/tours-galeria-lisboa-03-980x653.webp"},"et-pb-image--responsive--phone":{"file":"tours-galeria-lisboa-03-480x320.webp","width":480,"height":320,"mime-type":"image\/webp","filesize":37980,"source_url":"https:\/\/recordtours.pt\/wp-content\/uploads\/2024\/02\/tours-galeria-lisboa-03-480x320.webp"}}},"alt_text":"","url":"","target":""},{"id":3339,"title":"","caption":"","full_image_url":"https:\/\/recordtours.pt\/wp-content\/uploads\/2024\/02\/tours-galeria-lisboa-04.webp","thumbnail_image_url":"https:\/\/recordtours.pt\/wp-content\/uploads\/2024\/02\/tours-galeria-lisboa-04-150x150.webp","large_srcset":"https:\/\/recordtours.pt\/wp-content\/uploads\/2024\/02\/tours-galeria-lisboa-04-1024x683.webp 1024w, https:\/\/recordtours.pt\/wp-content\/uploads\/2024\/02\/tours-galeria-lisboa-04-980x653.webp 980w, https:\/\/recordtours.pt\/wp-content\/uploads\/2024\/02\/tours-galeria-lisboa-04-480x320.webp 480w","medium_srcset":false,"media_details":{"width":1200,"height":800,"sizes":{"medium":{"file":"tours-galeria-lisboa-04-300x200.webp","width":300,"height":200,"mime-type":"image\/webp","filesize":11936,"source_url":"https:\/\/recordtours.pt\/wp-content\/uploads\/2024\/02\/tours-galeria-lisboa-04-300x200.webp"},"large":{"file":"tours-galeria-lisboa-04-1024x683.webp","width":1024,"height":683,"mime-type":"image\/webp","filesize":86308,"source_url":"https:\/\/recordtours.pt\/wp-content\/uploads\/2024\/02\/tours-galeria-lisboa-04-1024x683.webp"},"thumbnail":{"file":"tours-galeria-lisboa-04-150x150.webp","width":150,"height":150,"mime-type":"image\/webp","filesize":5344,"source_url":"https:\/\/recordtours.pt\/wp-content\/uploads\/2024\/02\/tours-galeria-lisboa-04-150x150.webp"},"medium_large":{"file":"tours-galeria-lisboa-04-768x512.webp","width":768,"height":512,"mime-type":"image\/webp","filesize":54524,"source_url":"https:\/\/recordtours.pt\/wp-content\/uploads\/2024\/02\/tours-galeria-lisboa-04-768x512.webp"},"et-pb-post-main-image":{"file":"tours-galeria-lisboa-04-400x250.webp","width":400,"height":250,"mime-type":"image\/webp","filesize":17370,"source_url":"https:\/\/recordtours.pt\/wp-content\/uploads\/2024\/02\/tours-galeria-lisboa-04-400x250.webp"},"et-pb-post-main-image-fullwidth":{"file":"tours-galeria-lisboa-04-1080x675.webp","width":1080,"height":675,"mime-type":"image\/webp","filesize":86362,"source_url":"https:\/\/recordtours.pt\/wp-content\/uploads\/2024\/02\/tours-galeria-lisboa-04-1080x675.webp"},"et-pb-portfolio-image":{"file":"tours-galeria-lisboa-04-400x284.webp","width":400,"height":284,"mime-type":"image\/webp","filesize":19936,"source_url":"https:\/\/recordtours.pt\/wp-content\/uploads\/2024\/02\/tours-galeria-lisboa-04-400x284.webp"},"et-pb-portfolio-module-image":{"file":"tours-galeria-lisboa-04-510x382.webp","width":510,"height":382,"mime-type":"image\/webp","filesize":31290,"source_url":"https:\/\/recordtours.pt\/wp-content\/uploads\/2024\/02\/tours-galeria-lisboa-04-510x382.webp"},"et-pb-portfolio-image-single":{"file":"tours-galeria-lisboa-04-1080x720.webp","width":1080,"height":720,"mime-type":"image\/webp","filesize":92898,"source_url":"https:\/\/recordtours.pt\/wp-content\/uploads\/2024\/02\/tours-galeria-lisboa-04-1080x720.webp"},"et-pb-gallery-module-image-portrait":{"file":"tours-galeria-lisboa-04-400x516.webp","width":400,"height":516,"mime-type":"image\/webp","filesize":30702,"source_url":"https:\/\/recordtours.pt\/wp-content\/uploads\/2024\/02\/tours-galeria-lisboa-04-400x516.webp"},"et-pb-image--responsive--tablet":{"file":"tours-galeria-lisboa-04-980x653.webp","width":980,"height":653,"mime-type":"image\/webp","filesize":80808,"source_url":"https:\/\/recordtours.pt\/wp-content\/uploads\/2024\/02\/tours-galeria-lisboa-04-980x653.webp"},"et-pb-image--responsive--phone":{"file":"tours-galeria-lisboa-04-480x320.webp","width":480,"height":320,"mime-type":"image\/webp","filesize":24674,"source_url":"https:\/\/recordtours.pt\/wp-content\/uploads\/2024\/02\/tours-galeria-lisboa-04-480x320.webp"}}},"alt_text":"","url":"","target":""}]]}},"_links":{"self":[{"href":"https:\/\/recordtours.pt\/de\/wp-json\/wp\/v2\/posts\/3335","targetHints":{"allow":["GET"]}}],"collection":[{"href":"https:\/\/recordtours.pt\/de\/wp-json\/wp\/v2\/posts"}],"about":[{"href":"https:\/\/recordtours.pt\/de\/wp-json\/wp\/v2\/types\/post"}],"author":[{"embeddable":true,"href":"https:\/\/recordtours.pt\/de\/wp-json\/wp\/v2\/users\/3"}],"replies":[{"embeddable":true,"href":"https:\/\/recordtours.pt\/de\/wp-json\/wp\/v2\/comments?post=3335"}],"version-history":[{"count":0,"href":"https:\/\/recordtours.pt\/de\/wp-json\/wp\/v2\/posts\/3335\/revisions"}],"wp:featuredmedia":[{"embeddable":true,"href":"https:\/\/recordtours.pt\/de\/wp-json\/wp\/v2\/media\/3340"}],"wp:attachment":[{"href":"https:\/\/recordtours.pt\/de\/wp-json\/wp\/v2\/media?parent=3335"}],"wp:term":[{"taxonomy":"category","embeddable":true,"href":"https:\/\/recordtours.pt\/de\/wp-json\/wp\/v2\/categories?post=3335"},{"taxonomy":"post_tag","embeddable":true,"href":"https:\/\/recordtours.pt\/de\/wp-json\/wp\/v2\/tags?post=3335"}],"curies":[{"name":"wp","href":"https:\/\/api.w.org\/{rel}","templated":true}]}}