{"id":3405,"date":"2024-04-08T11:39:42","date_gmt":"2024-04-08T11:39:42","guid":{"rendered":"https:\/\/recordtours.pt\/tagestour-durch-fatima-und-obidos\/"},"modified":"2024-06-24T11:53:10","modified_gmt":"2024-06-24T11:53:10","slug":"tagestour-durch-fatima-und-obidos","status":"publish","type":"post","link":"https:\/\/recordtours.pt\/de\/tagestour-durch-fatima-und-obidos\/","title":{"rendered":"Tagestour durch F\u00e1tima und \u00d3bidos"},"content":{"rendered":"<p>Die Tour beginnt in Lissabon nach F\u00e1tima, wo Sie das ber\u00fchmte Heiligtum besuchen. Es ist eines der gr\u00f6\u00dften Wallfahrtszentren der Welt, das um den Ort herum gebaut wurde, an dem 1917 die Jungfrau Maria drei Hirten erschien. Nach dem Besuch der Basilika, in der die drei Seher begraben sind, der Erscheinungskapelle und der modernen Kirche der Heiligsten Dreifaltigkeit haben wir etwas Freizeit, um zu beten oder an der Feier der Messe teilzunehmen (optional).<br \/>\nEin Tag, der der Spiritualit\u00e4t und dem Mittelalter gewidmet ist. Wir beginnen mit Fatima, einem der wichtigsten Heiligt\u00fcmer Europas und seinem Heiligtum, in dem sich eines der gr\u00f6\u00dften Pilgerzentren der Welt befindet.<\/p>\n<p>Von hier aus fahren wir nach \u00d3bidos, einem charmanten mittelalterlichen Dorf innerhalb der Mauern, wo wir die M\u00f6glichkeit haben, den typischen Lik\u00f6r der Region zu probieren: den &#8222;Ginga&#8220;, der in einem Schokoladenbecher serviert wird. \u00d3bidos ist das beste Beispiel f\u00fcr die mittelalterliche Stadt Portugals. Wenn wir die Mauern der mittelalterlichen Burg betreten, reisen wir in die Vergangenheit zur\u00fcck.<\/p>\n<div class='et-learn-more clearfix'>\n\t\t\t\t\t<h3 class='heading-more'>Was ist inbegriffen<span class='et_learnmore_arrow'><span><\/span><\/span><\/h3>\n\t\t\t\t\t<div class='learn-more-content'><div>\n<div>\n<ul>\n<li>Klimatisiertes Fahrzeug<\/li>\n<li>Wi-Fi an Bord<\/li>\n<li>Mineralwasser<\/li>\n<li>Unfall- und Haftpflichtversicherung<\/li>\n<li>Alle Steuern inbegriffen<\/li>\n<li>Eintritt &#8211; Basilika Unserer Lieben Frau von Fatima<\/li>\n<\/ul>\n<\/div>\n<div>\n<div><strong>Nicht im Ticket enthalten<\/strong><\/div>\n<ul>\n<li>Verpflegung und Unterkunft f\u00fcr Kunden<\/li>\n<li>Eintrittskarten<\/li>\n<\/ul>\n<\/div>\n<\/div><\/div>\n\t\t\t\t<\/div> <div class='et-learn-more clearfix'>\n\t\t\t\t\t<h3 class='heading-more'>Was Zu Erwarten Ist<span class='et_learnmore_arrow'><span><\/span><\/span><\/h3>\n\t\t\t\t\t<div class='learn-more-content'><strong>Reiseroute<\/strong><\/p>\n<p>Dies ist eine normale Reiseroute f\u00fcr dieses Produkt<\/p>\n<p><strong>Halteplatz: <\/strong>Basilika Seiner Lieben Frau von Fatima, Cova de Iria, Our\u00e9m Portugal<\/p>\n<p>Das Heiligtum von Fatima, das von der katholischen Kirche offiziell als Heiligtum Unserer Lieben Frau vom Rosenkranz von Fatima bezeichnet wird, ist ein Marienheiligtum, das Unserer Lieben Frau von Fatima gewidmet ist und sich an der Stelle von Cova da Iria in der Stadt Fatima, Gemeinde Our\u00e9m, in Portugal befindet.<\/p>\n<p>Das Heiligtum von Fatima ist par excellence ein Ort der christlichen Wallfahrt und der katholischen Fr\u00f6mmigkeit, der die Erinnerung an die Ereignisse bewahrt, die zu seiner Gr\u00fcndung gef\u00fchrt haben, n\u00e4mlich die Erscheinungen Unserer Lieben Frau an die drei Hirtenkinder L\u00facia dos Santos, Francisco und Jacinta Marto im Jahr 1917. Seine Gr\u00f6\u00dfe und Relevanz aus religi\u00f6ser Sicht ist seit langem einvernehmlich anerkannt, national und international. Nach dem ausdr\u00fccklichen Willen des Heiligen Apostolischen Stuhls handelt es sich um ein Nationalheiligtum. Es ist auch eines der wichtigsten Marienheiligt\u00fcmer der Welt, das der katholischen Kirche geh\u00f6rt.<\/p>\n<p>Dauer: 2 Stunden<\/p>\n<p><strong>Halteplatz: <\/strong>F\u00e1tima, F\u00e1tima, Bezirk Santar\u00e9m, Zentralportugal<\/p>\n<p>F\u00e1tima ist eine Stadt in Zentralportugal, in der sich das Heiligtum von F\u00e1tima, ein katholischer Wallfahrtsort, befindet. Die Erscheinungskapelle markiert die Stelle, an der die Jungfrau Maria 1917 erschienen sein soll. Weitere heilige St\u00e4tten sind die Basilika Unserer Lieben Frau vom Rosenkranz mit ihren goldenen Engeln und die moderne Kirche der Heiligen Dreifaltigkeit<\/p>\n<p>Dauer: 2 Stunden<\/p>\n<p><strong>Halteplatz: <\/strong>Obidos Village, Obidos Portugal<\/p>\n<p>Das mittelalterliche Dorf \u00d3bidos ist eines der malerischsten und am besten erhaltenen in Portugal.<\/p>\n<p>Ausreichend nahe an der Hauptstadt und auf einem hohen Punkt nahe der Atlantikk\u00fcste gelegen, hatte \u00d3bidos eine strategische Bedeutung f\u00fcr das Gebiet. Die Stadt, die bereits vor der Ankunft der R\u00f6mer auf der Iberischen Halbinsel besetzt war, wurde von dem Moment an, als sie von der k\u00f6niglichen Familie ausgew\u00e4hlt wurde, wohlhabender. Seit K\u00f6nig Dinis es seiner Frau Isabel im achtzehnten Jahrhundert geschenkt hat. Im dreizehnten Jahrhundert geh\u00f6rte es dem Haus der K\u00f6niginnen, das es in den verschiedenen Dynastien beg\u00fcnstigte und bereicherte. Das ist einer der Hauptgr\u00fcnde, warum es in dieser kleinen Stadt so viele Kirchen gibt.<\/p>\n<p>Dauer:2 Stunden<\/p><\/div>\n\t\t\t\t<\/div> <div class='et-learn-more clearfix'>\n\t\t\t\t\t<h3 class='heading-more'>Abreise und R\u00fcckkehr<span class='et_learnmore_arrow'><span><\/span><\/span><\/h3>\n\t\t\t\t\t<div class='learn-more-content'><div>\n<ul>\n<li>\n<div>\n<div><strong>Beginn<\/strong>:<\/div>\n<\/div>\n<div>\n<ul>\n<li>\n<div>\n<div>Pra\u00e7a Marqu\u00eas de Pombal 8, 1250-160 Lissabon, Portugal<\/div>\n<div>Abholung vor dem Hotel Fenix, Marques de Pombal Platz<\/div>\n<\/div>\n<\/li>\n<\/ul>\n<\/div>\n<div>\n<div><strong>Ende<\/strong>: Diese Aktivit\u00e4t endet am Treffpunkt.<\/div>\n<\/div>\n<\/li>\n<\/ul>\n<\/div><\/div>\n\t\t\t\t<\/div> <div class='et-learn-more clearfix'>\n\t\t\t\t\t<h3 class='heading-more'>Zug\u00e4nglichkeit<span class='et_learnmore_arrow'><span><\/span><\/span><\/h3>\n\t\t\t\t\t<div class='learn-more-content'><div>\n<ul>\n<li>Nicht f\u00fcr Rollstuhlfahrer zug\u00e4nglich<\/li>\n<li>Kinderwagen zug\u00e4nglich<\/li>\n<li>In der N\u00e4he von \u00f6ffentlichen Verkehrsmitteln<\/li>\n<li>Kindersitze verf\u00fcgbar<\/li>\n<\/ul>\n<\/div>\n<div>\n<div>Wenn Sie Fragen zur Barrierefreiheit haben, helfen wir Ihnen gerne weiter. Rufen Sie einfach <a href=\"tel:+351932221333\">die Nummer (+351) 932 221 333<\/a> an<\/div>\n<\/div><\/div>\n\t\t\t\t<\/div> <div class='et-learn-more clearfix'>\n\t\t\t\t\t<h3 class='heading-more'>Zusatzinformation<span class='et_learnmore_arrow'><span><\/span><\/span><\/h3>\n\t\t\t\t\t<div class='learn-more-content'><div>\n<ul>\n<li>Die Best\u00e4tigung erhalten Sie zum Zeitpunkt der Buchung<\/li>\n<li>Die meisten Reisenden k\u00f6nnen teilnehmen<\/li>\n<li>Diese Tour\/Aktivit\u00e4t ist f\u00fcr h\u00f6chstens 8 Reisende geeignet.<\/li>\n<\/ul>\n<\/div><\/div>\n\t\t\t\t<\/div> <div class='et-learn-more clearfix'>\n\t\t\t\t\t<h3 class='heading-more'>Stornierungsbedingungen<span class='et_learnmore_arrow'><span><\/span><\/span><\/h3>\n\t\t\t\t\t<div class='learn-more-content'><div>F\u00fcr eine vollst\u00e4ndige R\u00fcckerstattung stornieren Sie innerhalb von 72 Stunden nach der Buchung Ihrer Tour.<\/div><\/div>\n\t\t\t\t<\/div> <div class='et-learn-more clearfix'>\n\t\t\t\t\t<h3 class='heading-more'>H\u00e4ufig gestellte Fragen<span class='et_learnmore_arrow'><span><\/span><\/span><\/h3>\n\t\t\t\t\t<div class='learn-more-content'><div>\n<div><strong>Welche Sehensw\u00fcrdigkeiten werde ich mit Tagestour nach F\u00e1tima und Obidos besuchen?<\/strong><\/div>\n<div>\n<div>\n<p>W\u00e4hrend dieses Erlebnisses besuchen Sie unter anderem:<\/p>\n<ul>\n<li><a href=\"https:\/\/www.tripadvisor.pt\/Attraction_Review-g664020-d4324279-Reviews-Basilica_de_Nossa_Senhora_de_Fatima-Ourem_Santarem_District_Central_Portugal.html\">Basilika Unserer Lieben Frau von Fatima<\/a><\/li>\n<\/ul>\n<\/div>\n<\/div>\n<\/div>\n<div>\n<hr>\n<\/div>\n<div>\n<div><strong>Wie viel kostet die Tagestour nach F\u00e1tima und Obidos?<\/strong><\/div>\n<div>\n<div>\n<p>Preis f\u00fcr F\u00e1tima und \u00d3bidos Tagestour ab 243,41 \u20ac.<\/p>\n<div>\n<hr>\n<\/div>\n<div>\n<div>\n<div><strong>Welches Unternehmen ist f\u00fcr die Tagestour nach F\u00e1tima und Obidos verantwortlich?<\/strong><\/div>\n<div>\n<div>\n<p>Tagestour durch F\u00e1tima und \u00d3bidos wird durchgef\u00fchrt von RecordTours.<\/p>\n<\/div>\n<\/div>\n<\/div>\n<\/div>\n<\/div>\n<\/div>\n<\/div><\/div>\n\t\t\t\t<\/div><div class='et-learn-more clearfix'>\n\t\t\t\t\t<h3 class='heading-more'>Hilfe<span class='et_learnmore_arrow'><span><\/span><\/span><\/h3>\n\t\t\t\t\t<div class='learn-more-content'><div>Wenn Sie Fragen zu dieser Tour haben oder Hilfe bei der Buchung ben\u00f6tigen, helfen wir Ihnen gerne weiter. Rufen Sie einfach <a href=\"tel:+351932221333\">die Nummer (+351) 932 221 333<\/a> an<\/div><\/div>\n\t\t\t\t<\/div><\/p>\n","protected":false},"excerpt":{"rendered":"<p>Die Tour beginnt in Lissabon nach F\u00e1tima, wo Sie das ber\u00fchmte Heiligtum besuchen. Ist&#8230;  <\/p>\n","protected":false},"author":3,"featured_media":3296,"comment_status":"closed","ping_status":"closed","sticky":false,"template":"","format":"standard","meta":{"_acf_changed":false,"_et_pb_use_builder":"","_et_pb_old_content":"","_et_gb_content_width":"","footnotes":""},"categories":[21,43],"tags":[],"class_list":["post-3405","post","type-post","status-publish","format-standard","has-post-thumbnail","hentry","category-touren","category-tagliche-touren"],"acf":{"photo_gallery":{"tours_galeria":[[{"id":3293,"title":"","caption":"","full_image_url":"https:\/\/recordtours.pt\/wp-content\/uploads\/2024\/02\/tours-galeria-fatima-01.webp","thumbnail_image_url":"https:\/\/recordtours.pt\/wp-content\/uploads\/2024\/02\/tours-galeria-fatima-01-150x150.webp","large_srcset":"https:\/\/recordtours.pt\/wp-content\/uploads\/2024\/02\/tours-galeria-fatima-01-1024x683.webp 1024w, https:\/\/recordtours.pt\/wp-content\/uploads\/2024\/02\/tours-galeria-fatima-01-980x653.webp 980w, https:\/\/recordtours.pt\/wp-content\/uploads\/2024\/02\/tours-galeria-fatima-01-480x320.webp 480w","medium_srcset":false,"media_details":{"width":1200,"height":800,"sizes":{"medium":{"file":"tours-galeria-fatima-01-300x200.webp","width":300,"height":200,"mime-type":"image\/webp","filesize":9012,"source_url":"https:\/\/recordtours.pt\/wp-content\/uploads\/2024\/02\/tours-galeria-fatima-01-300x200.webp"},"large":{"file":"tours-galeria-fatima-01-1024x683.webp","width":1024,"height":683,"mime-type":"image\/webp","filesize":72158,"source_url":"https:\/\/recordtours.pt\/wp-content\/uploads\/2024\/02\/tours-galeria-fatima-01-1024x683.webp"},"thumbnail":{"file":"tours-galeria-fatima-01-150x150.webp","width":150,"height":150,"mime-type":"image\/webp","filesize":4200,"source_url":"https:\/\/recordtours.pt\/wp-content\/uploads\/2024\/02\/tours-galeria-fatima-01-150x150.webp"},"medium_large":{"file":"tours-galeria-fatima-01-768x512.webp","width":768,"height":512,"mime-type":"image\/webp","filesize":43350,"source_url":"https:\/\/recordtours.pt\/wp-content\/uploads\/2024\/02\/tours-galeria-fatima-01-768x512.webp"},"et-pb-post-main-image":{"file":"tours-galeria-fatima-01-400x250.webp","width":400,"height":250,"mime-type":"image\/webp","filesize":13070,"source_url":"https:\/\/recordtours.pt\/wp-content\/uploads\/2024\/02\/tours-galeria-fatima-01-400x250.webp"},"et-pb-post-main-image-fullwidth":{"file":"tours-galeria-fatima-01-1080x675.webp","width":1080,"height":675,"mime-type":"image\/webp","filesize":75362,"source_url":"https:\/\/recordtours.pt\/wp-content\/uploads\/2024\/02\/tours-galeria-fatima-01-1080x675.webp"},"et-pb-portfolio-image":{"file":"tours-galeria-fatima-01-400x284.webp","width":400,"height":284,"mime-type":"image\/webp","filesize":14612,"source_url":"https:\/\/recordtours.pt\/wp-content\/uploads\/2024\/02\/tours-galeria-fatima-01-400x284.webp"},"et-pb-portfolio-module-image":{"file":"tours-galeria-fatima-01-510x382.webp","width":510,"height":382,"mime-type":"image\/webp","filesize":23458,"source_url":"https:\/\/recordtours.pt\/wp-content\/uploads\/2024\/02\/tours-galeria-fatima-01-510x382.webp"},"et-pb-portfolio-image-single":{"file":"tours-galeria-fatima-01-1080x720.webp","width":1080,"height":720,"mime-type":"image\/webp","filesize":79220,"source_url":"https:\/\/recordtours.pt\/wp-content\/uploads\/2024\/02\/tours-galeria-fatima-01-1080x720.webp"},"et-pb-gallery-module-image-portrait":{"file":"tours-galeria-fatima-01-400x516.webp","width":400,"height":516,"mime-type":"image\/webp","filesize":26544,"source_url":"https:\/\/recordtours.pt\/wp-content\/uploads\/2024\/02\/tours-galeria-fatima-01-400x516.webp"},"et-pb-image--responsive--tablet":{"file":"tours-galeria-fatima-01-980x653.webp","width":980,"height":653,"mime-type":"image\/webp","filesize":67396,"source_url":"https:\/\/recordtours.pt\/wp-content\/uploads\/2024\/02\/tours-galeria-fatima-01-980x653.webp"},"et-pb-image--responsive--phone":{"file":"tours-galeria-fatima-01-480x320.webp","width":480,"height":320,"mime-type":"image\/webp","filesize":18410,"source_url":"https:\/\/recordtours.pt\/wp-content\/uploads\/2024\/02\/tours-galeria-fatima-01-480x320.webp"}}},"alt_text":"","url":"","target":""},{"id":3584,"title":"","caption":"","full_image_url":"https:\/\/recordtours.pt\/wp-content\/uploads\/2024\/04\/tours-galeria-obidos-nazare-02.webp","thumbnail_image_url":"https:\/\/recordtours.pt\/wp-content\/uploads\/2024\/04\/tours-galeria-obidos-nazare-02-150x150.webp","large_srcset":"https:\/\/recordtours.pt\/wp-content\/uploads\/2024\/04\/tours-galeria-obidos-nazare-02-1024x683.webp 1024w, https:\/\/recordtours.pt\/wp-content\/uploads\/2024\/04\/tours-galeria-obidos-nazare-02-980x653.webp 980w, https:\/\/recordtours.pt\/wp-content\/uploads\/2024\/04\/tours-galeria-obidos-nazare-02-480x320.webp 480w","medium_srcset":false,"media_details":{"width":1200,"height":800,"sizes":{"medium":{"file":"tours-galeria-obidos-nazare-02-300x200.webp","width":300,"height":200,"mime-type":"image\/webp","filesize":20600,"source_url":"https:\/\/recordtours.pt\/wp-content\/uploads\/2024\/04\/tours-galeria-obidos-nazare-02-300x200.webp"},"large":{"file":"tours-galeria-obidos-nazare-02-1024x683.webp","width":1024,"height":683,"mime-type":"image\/webp","filesize":183960,"source_url":"https:\/\/recordtours.pt\/wp-content\/uploads\/2024\/04\/tours-galeria-obidos-nazare-02-1024x683.webp"},"thumbnail":{"file":"tours-galeria-obidos-nazare-02-150x150.webp","width":150,"height":150,"mime-type":"image\/webp","filesize":8592,"source_url":"https:\/\/recordtours.pt\/wp-content\/uploads\/2024\/04\/tours-galeria-obidos-nazare-02-150x150.webp"},"medium_large":{"file":"tours-galeria-obidos-nazare-02-768x512.webp","width":768,"height":512,"mime-type":"image\/webp","filesize":111558,"source_url":"https:\/\/recordtours.pt\/wp-content\/uploads\/2024\/04\/tours-galeria-obidos-nazare-02-768x512.webp"},"et-pb-post-main-image":{"file":"tours-galeria-obidos-nazare-02-400x250.webp","width":400,"height":250,"mime-type":"image\/webp","filesize":32014,"source_url":"https:\/\/recordtours.pt\/wp-content\/uploads\/2024\/04\/tours-galeria-obidos-nazare-02-400x250.webp"},"et-pb-post-main-image-fullwidth":{"file":"tours-galeria-obidos-nazare-02-1080x675.webp","width":1080,"height":675,"mime-type":"image\/webp","filesize":193504,"source_url":"https:\/\/recordtours.pt\/wp-content\/uploads\/2024\/04\/tours-galeria-obidos-nazare-02-1080x675.webp"},"et-pb-portfolio-image":{"file":"tours-galeria-obidos-nazare-02-400x284.webp","width":400,"height":284,"mime-type":"image\/webp","filesize":35976,"source_url":"https:\/\/recordtours.pt\/wp-content\/uploads\/2024\/04\/tours-galeria-obidos-nazare-02-400x284.webp"},"et-pb-portfolio-module-image":{"file":"tours-galeria-obidos-nazare-02-510x382.webp","width":510,"height":382,"mime-type":"image\/webp","filesize":59114,"source_url":"https:\/\/recordtours.pt\/wp-content\/uploads\/2024\/04\/tours-galeria-obidos-nazare-02-510x382.webp"},"et-pb-portfolio-image-single":{"file":"tours-galeria-obidos-nazare-02-1080x720.webp","width":1080,"height":720,"mime-type":"image\/webp","filesize":201202,"source_url":"https:\/\/recordtours.pt\/wp-content\/uploads\/2024\/04\/tours-galeria-obidos-nazare-02-1080x720.webp"},"et-pb-gallery-module-image-portrait":{"file":"tours-galeria-obidos-nazare-02-400x516.webp","width":400,"height":516,"mime-type":"image\/webp","filesize":61916,"source_url":"https:\/\/recordtours.pt\/wp-content\/uploads\/2024\/04\/tours-galeria-obidos-nazare-02-400x516.webp"},"et-pb-image--responsive--tablet":{"file":"tours-galeria-obidos-nazare-02-980x653.webp","width":980,"height":653,"mime-type":"image\/webp","filesize":171246,"source_url":"https:\/\/recordtours.pt\/wp-content\/uploads\/2024\/04\/tours-galeria-obidos-nazare-02-980x653.webp"},"et-pb-image--responsive--phone":{"file":"tours-galeria-obidos-nazare-02-480x320.webp","width":480,"height":320,"mime-type":"image\/webp","filesize":47538,"source_url":"https:\/\/recordtours.pt\/wp-content\/uploads\/2024\/04\/tours-galeria-obidos-nazare-02-480x320.webp"}}},"alt_text":"","url":"","target":""},{"id":3585,"title":"","caption":"","full_image_url":"https:\/\/recordtours.pt\/wp-content\/uploads\/2024\/04\/tours-galeria-obidos-nazare-03.webp","thumbnail_image_url":"https:\/\/recordtours.pt\/wp-content\/uploads\/2024\/04\/tours-galeria-obidos-nazare-03-150x150.webp","large_srcset":"https:\/\/recordtours.pt\/wp-content\/uploads\/2024\/04\/tours-galeria-obidos-nazare-03-1024x683.webp 1024w, https:\/\/recordtours.pt\/wp-content\/uploads\/2024\/04\/tours-galeria-obidos-nazare-03-980x653.webp 980w, https:\/\/recordtours.pt\/wp-content\/uploads\/2024\/04\/tours-galeria-obidos-nazare-03-480x320.webp 480w","medium_srcset":false,"media_details":{"width":1200,"height":800,"sizes":{"medium":{"file":"tours-galeria-obidos-nazare-03-300x200.webp","width":300,"height":200,"mime-type":"image\/webp","filesize":14708,"source_url":"https:\/\/recordtours.pt\/wp-content\/uploads\/2024\/04\/tours-galeria-obidos-nazare-03-300x200.webp"},"large":{"file":"tours-galeria-obidos-nazare-03-1024x683.webp","width":1024,"height":683,"mime-type":"image\/webp","filesize":125616,"source_url":"https:\/\/recordtours.pt\/wp-content\/uploads\/2024\/04\/tours-galeria-obidos-nazare-03-1024x683.webp"},"thumbnail":{"file":"tours-galeria-obidos-nazare-03-150x150.webp","width":150,"height":150,"mime-type":"image\/webp","filesize":6594,"source_url":"https:\/\/recordtours.pt\/wp-content\/uploads\/2024\/04\/tours-galeria-obidos-nazare-03-150x150.webp"},"medium_large":{"file":"tours-galeria-obidos-nazare-03-768x512.webp","width":768,"height":512,"mime-type":"image\/webp","filesize":75134,"source_url":"https:\/\/recordtours.pt\/wp-content\/uploads\/2024\/04\/tours-galeria-obidos-nazare-03-768x512.webp"},"et-pb-post-main-image":{"file":"tours-galeria-obidos-nazare-03-400x250.webp","width":400,"height":250,"mime-type":"image\/webp","filesize":22910,"source_url":"https:\/\/recordtours.pt\/wp-content\/uploads\/2024\/04\/tours-galeria-obidos-nazare-03-400x250.webp"},"et-pb-post-main-image-fullwidth":{"file":"tours-galeria-obidos-nazare-03-1080x675.webp","width":1080,"height":675,"mime-type":"image\/webp","filesize":134662,"source_url":"https:\/\/recordtours.pt\/wp-content\/uploads\/2024\/04\/tours-galeria-obidos-nazare-03-1080x675.webp"},"et-pb-portfolio-image":{"file":"tours-galeria-obidos-nazare-03-400x284.webp","width":400,"height":284,"mime-type":"image\/webp","filesize":25562,"source_url":"https:\/\/recordtours.pt\/wp-content\/uploads\/2024\/04\/tours-galeria-obidos-nazare-03-400x284.webp"},"et-pb-portfolio-module-image":{"file":"tours-galeria-obidos-nazare-03-510x382.webp","width":510,"height":382,"mime-type":"image\/webp","filesize":41584,"source_url":"https:\/\/recordtours.pt\/wp-content\/uploads\/2024\/04\/tours-galeria-obidos-nazare-03-510x382.webp"},"et-pb-portfolio-image-single":{"file":"tours-galeria-obidos-nazare-03-1080x720.webp","width":1080,"height":720,"mime-type":"image\/webp","filesize":136990,"source_url":"https:\/\/recordtours.pt\/wp-content\/uploads\/2024\/04\/tours-galeria-obidos-nazare-03-1080x720.webp"},"et-pb-gallery-module-image-portrait":{"file":"tours-galeria-obidos-nazare-03-400x516.webp","width":400,"height":516,"mime-type":"image\/webp","filesize":45722,"source_url":"https:\/\/recordtours.pt\/wp-content\/uploads\/2024\/04\/tours-galeria-obidos-nazare-03-400x516.webp"},"et-pb-image--responsive--tablet":{"file":"tours-galeria-obidos-nazare-03-980x653.webp","width":980,"height":653,"mime-type":"image\/webp","filesize":116810,"source_url":"https:\/\/recordtours.pt\/wp-content\/uploads\/2024\/04\/tours-galeria-obidos-nazare-03-980x653.webp"},"et-pb-image--responsive--phone":{"file":"tours-galeria-obidos-nazare-03-480x320.webp","width":480,"height":320,"mime-type":"image\/webp","filesize":32386,"source_url":"https:\/\/recordtours.pt\/wp-content\/uploads\/2024\/04\/tours-galeria-obidos-nazare-03-480x320.webp"}}},"alt_text":"","url":"","target":""}]]}},"_links":{"self":[{"href":"https:\/\/recordtours.pt\/de\/wp-json\/wp\/v2\/posts\/3405","targetHints":{"allow":["GET"]}}],"collection":[{"href":"https:\/\/recordtours.pt\/de\/wp-json\/wp\/v2\/posts"}],"about":[{"href":"https:\/\/recordtours.pt\/de\/wp-json\/wp\/v2\/types\/post"}],"author":[{"embeddable":true,"href":"https:\/\/recordtours.pt\/de\/wp-json\/wp\/v2\/users\/3"}],"replies":[{"embeddable":true,"href":"https:\/\/recordtours.pt\/de\/wp-json\/wp\/v2\/comments?post=3405"}],"version-history":[{"count":0,"href":"https:\/\/recordtours.pt\/de\/wp-json\/wp\/v2\/posts\/3405\/revisions"}],"wp:featuredmedia":[{"embeddable":true,"href":"https:\/\/recordtours.pt\/de\/wp-json\/wp\/v2\/media\/3296"}],"wp:attachment":[{"href":"https:\/\/recordtours.pt\/de\/wp-json\/wp\/v2\/media?parent=3405"}],"wp:term":[{"taxonomy":"category","embeddable":true,"href":"https:\/\/recordtours.pt\/de\/wp-json\/wp\/v2\/categories?post=3405"},{"taxonomy":"post_tag","embeddable":true,"href":"https:\/\/recordtours.pt\/de\/wp-json\/wp\/v2\/tags?post=3405"}],"curies":[{"name":"wp","href":"https:\/\/api.w.org\/{rel}","templated":true}]}}