{"id":3425,"date":"2024-04-08T11:52:07","date_gmt":"2024-04-08T11:52:07","guid":{"rendered":"https:\/\/recordtours.pt\/private-tour-durch-porto-ab-lissabon\/"},"modified":"2024-06-24T11:53:17","modified_gmt":"2024-06-24T11:53:17","slug":"private-tour-durch-porto-ab-lissabon","status":"publish","type":"post","link":"https:\/\/recordtours.pt\/de\/private-tour-durch-porto-ab-lissabon\/","title":{"rendered":"Private Tour durch Porto ab Lissabon"},"content":{"rendered":"<p>Ihre Tour beginnt mit der Abholung am Morgen, wenn Sie in einen privaten, klimatisierten Van steigen, der f\u00fcr die n\u00f6rdliche Stadt Porto bestimmt ist. Begeben Sie sich nach der Reise auf eine malerische Fahrt zu den wichtigsten Sehensw\u00fcrdigkeiten der Stadt, darunter die Cl\u00e9rigos-Kirche und der Glockenturm, die Buchhandlung Lello und der Bahnhof S\u00e3o Bento.<\/p>\n<p>Nach dem Mittagessen (auf eigene Kosten) \u00fcberqueren Sie den Fluss Douro \u00fcber die Br\u00fccke Dom Luis I., eine Br\u00fccke, die von einem Sch\u00fcler von Gustave Eiffel entworfen wurde. Machen Sie dann eine Tour durch Vila Nova de Gaia, wo Sie einen der h\u00f6chsten Punkte der Stadt besuchen.<\/p>\n<p>Entspannen Sie sich und genie\u00dfen Sie eine private Tour in Ihrem eigenen Tempo in einem Luxusauto, das exklusiv f\u00fcr Sie bestimmt ist.<\/p>\n<p>Volle Unterst\u00fctzung durch einen Fahrer\/Guide, der immer zur Verf\u00fcgung steht, um Ihre Bed\u00fcrfnisse zu erf\u00fcllen<\/p>\n<div class='et-learn-more clearfix'>\n\t\t\t\t\t<h3 class='heading-more'>Was ist inbegriffen<span class='et_learnmore_arrow'><span><\/span><\/span><\/h3>\n\t\t\t\t\t<div class='learn-more-content'><div>\n<ul>\n<li>Klimatisiertes Fahrzeug<\/li>\n<li>Wi-Fi an Bord<\/li>\n<li>Privater Transport<\/li>\n<li>Mineralwasser<\/li>\n<li>Eintritt &#8211; Bolh\u00e3o Markt<\/li>\n<\/ul>\n<\/div>\n<div>\n<div><strong>Nicht im Ticket enthalten<\/strong><\/div>\n<ul>\n<li>Mittagessen<\/li>\n<li>Tipps<\/li>\n<li>Eintritt &#8211; Douro Bootsfahrt<\/li>\n<li>Eintritt &#8211; Weinprobe<\/li>\n<li>Eintritt &#8211; Carmo Church<\/li>\n<li>Eintritt &#8211; Fluss Douro<\/li>\n<li>Eintritt &#8211; Sandeman Cellars<\/li>\n<\/ul>\n<\/div><\/div>\n\t\t\t\t<\/div> <div class='et-learn-more clearfix'>\n\t\t\t\t\t<h3 class='heading-more'>Was Zu Erwarten Ist<span class='et_learnmore_arrow'><span><\/span><\/span><\/h3>\n\t\t\t\t\t<div class='learn-more-content'><strong>Reiseroute<\/strong><\/p>\n<p>Dies ist eine normale Reiseroute f\u00fcr dieses Produkt<\/p>\n<p><strong>Halteplatz: <\/strong>Mercado do Bolh\u00e3o, Rua Formosa, Porto 4000-214 Portugal<\/p>\n<p>Der Bolh\u00e3o-Markt ist haupts\u00e4chlich frischen Produkten gewidmet, insbesondere Lebensmitteln. Die Verk\u00e4ufer sind in verschiedene spezialisierte Abteilungen unterteilt, n\u00e4mlich: Fischh\u00e4ndler, Metzger, Gem\u00fcse und Blumen. Au\u00dferhalb des Geb\u00e4udes gibt es Gesch\u00e4fte anderer Art, wie Kleidung, Cafeteria, Parf\u00fcms, Stoffe usw<\/p>\n<p>Dauer: 30 Minuten<\/p>\n<p><strong>Halteplatz: <\/strong>Cl\u00e9rigos Tower, Rua S\u00e3o Filipe Neri, Porto 4050-546 Portugal<\/p>\n<p>Die Kirche und der Turm von Cl\u00e9rigos sind ein bemerkenswertes architektonisches Ensemble in der Stadt Porto, Portugal, und gelten als das Postkartenmotiv dieser Stadt. Der Komplex befindet sich am oberen Ende der Rua dos Cl\u00e9rigos, zwischen den Stra\u00dfen S\u00e3o Filipe N\u00e9ri und Assun\u00e7\u00e3o.<\/p>\n<p>Dauer: 30 Minuten<\/p>\n<p><strong>Halteplatz: <\/strong>Livraria Lello, Rua das Carmelitas 144 Vit\u00f3ria, Porto 4050-161 Portugal<\/p>\n<p>Die Livraria Lello befindet sich in der Rua das Carmelitas Nr. 144 im historischen Zentrum der Stadt Porto, Portugal. Die Livraria Lello, die als Denkmal von \u00f6ffentlichem Interesse eingestuft ist und gerade dabei ist, ein Nationaldenkmal zu werden, bewahrt die urspr\u00fcngliche Sch\u00f6nheit ihres Geb\u00e4udes<\/p>\n<p><strong>Halteplatz: <\/strong>Igreja do Carmo, Rua Carmo, Porto 4050-164 Portugal<\/p>\n<p>Die Carmo-Kirche oder Kirche des ehrw\u00fcrdigen Dritten Ordens Unserer Lieben Frau vom Berge Karmel befindet sich an der Kreuzung zwischen Pra\u00e7a de Carlos Alberto und Rua do Carmo, in der N\u00e4he der Kirche und des Turms von Cl\u00e9rigos, in der portugiesischen Pfarrei Vit\u00f3ria, Stadt Porto.<\/p>\n<p>Dauer: 1 Stunde<\/p>\n<p><strong>Halteplatz:<\/strong> Karmeliterkirche, Rua Carmo Vit\u00f3ria, Porto 4050-164 Portugal<\/p>\n<p>Die Kirche der Karmelitinnen oder Kirche der Unbeschuhten Karmelitinnen befindet sich in der Pfarrei Vit\u00f3ria in der Stadt Porto, Portugal. Der Bau begann 1616 und wurde 1628 abgeschlossen. Die Innenausstattung wurde erst 1650 fertiggestellt<\/p>\n<p>Dauer: 1 Stunde<\/p>\n<p><strong>Halteplatz: <\/strong>Kathedrale von Porto (Se Catedral), S\/N0 Terreiro Se 3 Centro Hist\u00f3rico, Porto 4050-573 Portugal<\/p>\n<p>Die Kathedrale von Porto, die sich im Herzen des historischen Zentrums der Stadt Porto befindet, ist eines der wichtigsten und \u00e4ltesten Denkm\u00e4ler Portugals.<\/p>\n<p>Dauer: 1 Stunde<\/p>\n<p><strong>Halteplatz:<\/strong> Ponte de Dom Luis I, Pte. Luiz I, Porto Portugal<\/p>\n<p>Die Br\u00fccke D. Lu\u00eds I ist eine Br\u00fccke aus Metallkonstruktion mit zwei Decks, die zwischen 1881 und 1886 erbaut wurde und die St\u00e4dte Porto und Vila Nova de Gaia verbindet, die durch den Fluss Douro in Portugal getrennt sind<\/p>\n<p>Dauer: 1 Stunde<\/p>\n<p><strong>Halteplatz:<\/strong> Cais De Gaia, Av. de Ramos Pinto, Vila Nova de Gaia 4400-261 Portugal<\/p>\n<p>Cais de Gaia hat sich heute in ein angenehmes Touristengebiet mit sch\u00f6nen Terrassen, Restaurants und Bars mit Blick auf das historische Viertel der Stadt Porto verwandelt.<\/p>\n<p>Dies ist eine der historischen St\u00e4tten dieser Stadt, die sich dank des ber\u00fchmten Portweins entwickelt hat, da sich hier jahrhundertelang der Flusshafen befand, von dem aus verschiedene Waren exportiert und importiert wurden.<\/p>\n<p>Dauer: 3 Stunden<\/p>\n<p><strong>Halteplatz:<\/strong> Fluss Douro, Porto Portugal<\/p>\n<p>Segeln Sie in einem typischen Rabelo-Boot entlang der Ufer von Porto und Vila Nova de Gaia und entdecken Sie die Sch\u00f6nheit des Flusses Douro. Mit attraktiven Preisen und einer Dauer von 50 Minuten wurde die Br\u00fcckenfahrt zur beliebtesten Bootstour im Jahr 2019<\/p>\n<p>Dauer: 1 Stunde<\/p>\n<p><strong>Halteplatz:<\/strong> Sandeman Cellars, Largo Miguel Bombarda, 47, Vila Nova de Gaia 4400-222 Portugal<\/p>\n<p>Wir schlie\u00dfen mit einer Verkostung und der M\u00f6glichkeit ab, durch unseren Laden mit der besten Auswahl an C\u00e1lem Portweinen zu gehen<\/p>\n<p>Dauer: 1 Stunde<\/p><\/div>\n\t\t\t\t<\/div> <div class='et-learn-more clearfix'>\n\t\t\t\t\t<h3 class='heading-more'>Abreise und R\u00fcckkehr<span class='et_learnmore_arrow'><span><\/span><\/span><\/h3>\n\t\t\t\t\t<div class='learn-more-content'><div>\n<ul>\n<li>\n<div>\n<div><strong>Beginn<\/strong>:<\/div>\n<\/div>\n<div>\n<ul>\n<li>\n<div>\n<div>\n<p>Pra\u00e7a Marqu\u00eas de Pombal 8, 1250-160 Lissabon, Portugal\nTreffpunkt vor dem Hotel Fenix, Marques de Pombal Platz<\/p>\n<p>Wir bieten einen Transport von jedem Hotel in der Umgebung von Lissabon an<\/p>\n<\/div>\n<\/div>\n<\/li>\n<\/ul>\n<\/div>\n<div>\n<div><strong>Ende<\/strong>: Diese Aktivit\u00e4t endet am Treffpunkt.<\/div>\n<\/div>\n<\/li>\n<\/ul>\n<\/div><\/div>\n\t\t\t\t<\/div> <div class='et-learn-more clearfix'>\n\t\t\t\t\t<h3 class='heading-more'>Zug\u00e4nglichkeit<span class='et_learnmore_arrow'><span><\/span><\/span><\/h3>\n\t\t\t\t\t<div class='learn-more-content'><div>\n<ul>\n<li>Rollstuhlgerecht<\/li>\n<li>Kinderwagen zug\u00e4nglich<\/li>\n<li>In der N\u00e4he von \u00f6ffentlichen Verkehrsmitteln<\/li>\n<li>Kindersitze verf\u00fcgbar<\/li>\n<li>Die Transporte sind rollstuhlgerecht<\/li>\n<li>Einrichtungen f\u00fcr Rollstuhlfahrer zug\u00e4nglich<\/li>\n<\/ul>\n<\/div>\n<div>\n<div>Wenn Sie Fragen zur Barrierefreiheit haben, helfen wir Ihnen gerne weiter. Rufen Sie einfach <a href=\"tel:+351932221333\">die Nummer (+351) 932 221 333<\/a> an<\/div>\n<\/div><\/div>\n\t\t\t\t<\/div> <div class='et-learn-more clearfix'>\n\t\t\t\t\t<h3 class='heading-more'>Zusatzinformation<span class='et_learnmore_arrow'><span><\/span><\/span><\/h3>\n\t\t\t\t\t<div class='learn-more-content'><div>\n<ul>\n<li>Die Best\u00e4tigung erhalten Sie zum Zeitpunkt der Buchung<\/li>\n<li>Die meisten Reisenden k\u00f6nnen teilnehmen<\/li>\n<li>Dies ist eine private Aktivit\u00e4t\/Tour. Nur Ihre Gruppe nimmt teil<\/li>\n<\/ul>\n<\/div><\/div>\n\t\t\t\t<\/div> <div class='et-learn-more clearfix'>\n\t\t\t\t\t<h3 class='heading-more'>Stornierungsbedingungen<span class='et_learnmore_arrow'><span><\/span><\/span><\/h3>\n\t\t\t\t\t<div class='learn-more-content'><div>F\u00fcr eine vollst\u00e4ndige R\u00fcckerstattung stornieren Sie innerhalb von 72 Stunden nach der Buchung Ihrer Tour.<\/div><\/div>\n\t\t\t\t<\/div> <div class='et-learn-more clearfix'>\n\t\t\t\t\t<h3 class='heading-more'>H\u00e4ufig gestellte Fragen<span class='et_learnmore_arrow'><span><\/span><\/span><\/h3>\n\t\t\t\t\t<div class='learn-more-content'><div>\n<div><strong>Welche Sehensw\u00fcrdigkeiten werde ich mit Private Porto Tour ab Lissabon besuchen?<\/strong><\/div>\n<div>\n<div>\n<p>W\u00e4hrend dieses Erlebnisses besuchen Sie unter anderem:<\/p>\n<ul>\n<li><a href=\"https:\/\/www.tripadvisor.pt\/Attraction_Review-g189180-d2403032-Reviews-Mercado_do_Bolhao-Porto_Porto_District_Northern_Portugal.html\">Bolh\u00e3o-Markt<\/a><\/li>\n<li><a href=\"https:\/\/www.tripadvisor.pt\/Attraction_Review-g580268-d243633-Reviews-Sandeman_Cellars-Vila_Nova_de_Gaia_Porto_District_Northern_Portugal.html\">Sandeman-Keller<\/a><\/li>\n<li><a href=\"https:\/\/www.tripadvisor.pt\/Attraction_Review-g189180-d243635-Reviews-Porto_Cathedral_Se_Catedral-Porto_Porto_District_Northern_Portugal.html\">Kathedrale von Porto<\/a><\/li>\n<li><a href=\"https:\/\/www.tripadvisor.pt\/Attraction_Review-g189180-d243637-Reviews-Torre_dos_Clerigos-Porto_Porto_District_Northern_Portugal.html\">Cl\u00e9rigos-Turm<\/a><\/li>\n<li><a href=\"https:\/\/www.tripadvisor.pt\/Attraction_Review-g189180-d636456-Reviews-Ponte_de_Dom_Luis_I-Porto_Porto_District_Northern_Portugal.html\">Dom Lu\u00eds I. Br\u00fccke<\/a><\/li>\n<\/ul>\n<\/div>\n<\/div>\n<\/div>\n<div>\n<hr>\n<\/div>\n<div>\n<div><strong>Wie viel kostet eine private Porto-Tour ab Lissabon?<\/strong><\/div>\n<div>\n<div>Preis f\u00fcr Private Tour in Porto ab Lissabon ab 417,15 \u20ac<\/div>\n<\/div>\n<\/div>\n<div>\n<hr>\n<\/div>\n<div>\n<div><strong>Welches Unternehmen ist f\u00fcr Private Porto Tour ab Lissabon verantwortlich?<\/strong><\/div>\n<div>\n<div>Private Porto-Tour ab Lissabon wird durchgef\u00fchrt von RecordTours.<\/div>\n<\/div>\n<\/div><\/div>\n\t\t\t\t<\/div><div class='et-learn-more clearfix'>\n\t\t\t\t\t<h3 class='heading-more'>Hilfe<span class='et_learnmore_arrow'><span><\/span><\/span><\/h3>\n\t\t\t\t\t<div class='learn-more-content'><div>Wenn Sie Fragen zu dieser Tour haben oder Hilfe bei der Buchung ben\u00f6tigen, helfen wir Ihnen gerne weiter. Rufen Sie einfach <a href=\"tel:+351932221333\">die Nummer (+351) 932 221 333<\/a> an<\/div><\/div>\n\t\t\t\t<\/div><\/p>\n","protected":false},"excerpt":{"rendered":"<p>Ihre Tour beginnt mit der Abholung am Morgen, wenn Sie in eine Abholung von &#8230;  <\/p>\n","protected":false},"author":3,"featured_media":3429,"comment_status":"closed","ping_status":"closed","sticky":false,"template":"","format":"standard","meta":{"_acf_changed":false,"_et_pb_use_builder":"","_et_pb_old_content":"","_et_gb_content_width":"","footnotes":""},"categories":[21,43],"tags":[],"class_list":["post-3425","post","type-post","status-publish","format-standard","has-post-thumbnail","hentry","category-touren","category-tagliche-touren"],"acf":{"photo_gallery":{"tours_galeria":[[{"id":3428,"title":"","caption":"","full_image_url":"https:\/\/recordtours.pt\/wp-content\/uploads\/2024\/04\/tours-galeria-porto-01.webp","thumbnail_image_url":"https:\/\/recordtours.pt\/wp-content\/uploads\/2024\/04\/tours-galeria-porto-01-150x150.webp","large_srcset":"https:\/\/recordtours.pt\/wp-content\/uploads\/2024\/04\/tours-galeria-porto-01-1024x683.webp 1024w, https:\/\/recordtours.pt\/wp-content\/uploads\/2024\/04\/tours-galeria-porto-01-980x653.webp 980w, https:\/\/recordtours.pt\/wp-content\/uploads\/2024\/04\/tours-galeria-porto-01-480x320.webp 480w","medium_srcset":false,"media_details":{"width":1200,"height":800,"sizes":{"medium":{"file":"tours-galeria-porto-01-300x200.webp","width":300,"height":200,"mime-type":"image\/webp","filesize":13512,"source_url":"https:\/\/recordtours.pt\/wp-content\/uploads\/2024\/04\/tours-galeria-porto-01-300x200.webp"},"large":{"file":"tours-galeria-porto-01-1024x683.webp","width":1024,"height":683,"mime-type":"image\/webp","filesize":125712,"source_url":"https:\/\/recordtours.pt\/wp-content\/uploads\/2024\/04\/tours-galeria-porto-01-1024x683.webp"},"thumbnail":{"file":"tours-galeria-porto-01-150x150.webp","width":150,"height":150,"mime-type":"image\/webp","filesize":5848,"source_url":"https:\/\/recordtours.pt\/wp-content\/uploads\/2024\/04\/tours-galeria-porto-01-150x150.webp"},"medium_large":{"file":"tours-galeria-porto-01-768x512.webp","width":768,"height":512,"mime-type":"image\/webp","filesize":74636,"source_url":"https:\/\/recordtours.pt\/wp-content\/uploads\/2024\/04\/tours-galeria-porto-01-768x512.webp"},"et-pb-post-main-image":{"file":"tours-galeria-porto-01-400x250.webp","width":400,"height":250,"mime-type":"image\/webp","filesize":20894,"source_url":"https:\/\/recordtours.pt\/wp-content\/uploads\/2024\/04\/tours-galeria-porto-01-400x250.webp"},"et-pb-post-main-image-fullwidth":{"file":"tours-galeria-porto-01-1080x675.webp","width":1080,"height":675,"mime-type":"image\/webp","filesize":132648,"source_url":"https:\/\/recordtours.pt\/wp-content\/uploads\/2024\/04\/tours-galeria-porto-01-1080x675.webp"},"et-pb-portfolio-image":{"file":"tours-galeria-porto-01-400x284.webp","width":400,"height":284,"mime-type":"image\/webp","filesize":23600,"source_url":"https:\/\/recordtours.pt\/wp-content\/uploads\/2024\/04\/tours-galeria-porto-01-400x284.webp"},"et-pb-portfolio-module-image":{"file":"tours-galeria-porto-01-510x382.webp","width":510,"height":382,"mime-type":"image\/webp","filesize":39126,"source_url":"https:\/\/recordtours.pt\/wp-content\/uploads\/2024\/04\/tours-galeria-porto-01-510x382.webp"},"et-pb-portfolio-image-single":{"file":"tours-galeria-porto-01-1080x720.webp","width":1080,"height":720,"mime-type":"image\/webp","filesize":137552,"source_url":"https:\/\/recordtours.pt\/wp-content\/uploads\/2024\/04\/tours-galeria-porto-01-1080x720.webp"},"et-pb-gallery-module-image-portrait":{"file":"tours-galeria-porto-01-400x516.webp","width":400,"height":516,"mime-type":"image\/webp","filesize":46596,"source_url":"https:\/\/recordtours.pt\/wp-content\/uploads\/2024\/04\/tours-galeria-porto-01-400x516.webp"},"et-pb-image--responsive--tablet":{"file":"tours-galeria-porto-01-980x653.webp","width":980,"height":653,"mime-type":"image\/webp","filesize":116198,"source_url":"https:\/\/recordtours.pt\/wp-content\/uploads\/2024\/04\/tours-galeria-porto-01-980x653.webp"},"et-pb-image--responsive--phone":{"file":"tours-galeria-porto-01-480x320.webp","width":480,"height":320,"mime-type":"image\/webp","filesize":30398,"source_url":"https:\/\/recordtours.pt\/wp-content\/uploads\/2024\/04\/tours-galeria-porto-01-480x320.webp"}}},"alt_text":"","url":"","target":""},{"id":3426,"title":"","caption":"","full_image_url":"https:\/\/recordtours.pt\/wp-content\/uploads\/2024\/04\/tours-galeria-porto-02.webp","thumbnail_image_url":"https:\/\/recordtours.pt\/wp-content\/uploads\/2024\/04\/tours-galeria-porto-02-150x150.webp","large_srcset":"https:\/\/recordtours.pt\/wp-content\/uploads\/2024\/04\/tours-galeria-porto-02-1024x683.webp 1024w, https:\/\/recordtours.pt\/wp-content\/uploads\/2024\/04\/tours-galeria-porto-02-980x653.webp 980w, https:\/\/recordtours.pt\/wp-content\/uploads\/2024\/04\/tours-galeria-porto-02-480x320.webp 480w","medium_srcset":false,"media_details":{"width":1200,"height":800,"sizes":{"medium":{"file":"tours-galeria-porto-02-300x200.webp","width":300,"height":200,"mime-type":"image\/webp","filesize":18746,"source_url":"https:\/\/recordtours.pt\/wp-content\/uploads\/2024\/04\/tours-galeria-porto-02-300x200.webp"},"large":{"file":"tours-galeria-porto-02-1024x683.webp","width":1024,"height":683,"mime-type":"image\/webp","filesize":157946,"source_url":"https:\/\/recordtours.pt\/wp-content\/uploads\/2024\/04\/tours-galeria-porto-02-1024x683.webp"},"thumbnail":{"file":"tours-galeria-porto-02-150x150.webp","width":150,"height":150,"mime-type":"image\/webp","filesize":8886,"source_url":"https:\/\/recordtours.pt\/wp-content\/uploads\/2024\/04\/tours-galeria-porto-02-150x150.webp"},"medium_large":{"file":"tours-galeria-porto-02-768x512.webp","width":768,"height":512,"mime-type":"image\/webp","filesize":94858,"source_url":"https:\/\/recordtours.pt\/wp-content\/uploads\/2024\/04\/tours-galeria-porto-02-768x512.webp"},"et-pb-post-main-image":{"file":"tours-galeria-porto-02-400x250.webp","width":400,"height":250,"mime-type":"image\/webp","filesize":29350,"source_url":"https:\/\/recordtours.pt\/wp-content\/uploads\/2024\/04\/tours-galeria-porto-02-400x250.webp"},"et-pb-post-main-image-fullwidth":{"file":"tours-galeria-porto-02-1080x675.webp","width":1080,"height":675,"mime-type":"image\/webp","filesize":165924,"source_url":"https:\/\/recordtours.pt\/wp-content\/uploads\/2024\/04\/tours-galeria-porto-02-1080x675.webp"},"et-pb-portfolio-image":{"file":"tours-galeria-porto-02-400x284.webp","width":400,"height":284,"mime-type":"image\/webp","filesize":32472,"source_url":"https:\/\/recordtours.pt\/wp-content\/uploads\/2024\/04\/tours-galeria-porto-02-400x284.webp"},"et-pb-portfolio-module-image":{"file":"tours-galeria-porto-02-510x382.webp","width":510,"height":382,"mime-type":"image\/webp","filesize":53782,"source_url":"https:\/\/recordtours.pt\/wp-content\/uploads\/2024\/04\/tours-galeria-porto-02-510x382.webp"},"et-pb-portfolio-image-single":{"file":"tours-galeria-porto-02-1080x720.webp","width":1080,"height":720,"mime-type":"image\/webp","filesize":171068,"source_url":"https:\/\/recordtours.pt\/wp-content\/uploads\/2024\/04\/tours-galeria-porto-02-1080x720.webp"},"et-pb-gallery-module-image-portrait":{"file":"tours-galeria-porto-02-400x516.webp","width":400,"height":516,"mime-type":"image\/webp","filesize":55462,"source_url":"https:\/\/recordtours.pt\/wp-content\/uploads\/2024\/04\/tours-galeria-porto-02-400x516.webp"},"et-pb-image--responsive--tablet":{"file":"tours-galeria-porto-02-980x653.webp","width":980,"height":653,"mime-type":"image\/webp","filesize":147184,"source_url":"https:\/\/recordtours.pt\/wp-content\/uploads\/2024\/04\/tours-galeria-porto-02-980x653.webp"},"et-pb-image--responsive--phone":{"file":"tours-galeria-porto-02-480x320.webp","width":480,"height":320,"mime-type":"image\/webp","filesize":41740,"source_url":"https:\/\/recordtours.pt\/wp-content\/uploads\/2024\/04\/tours-galeria-porto-02-480x320.webp"}}},"alt_text":"","url":"","target":""},{"id":3427,"title":"","caption":"","full_image_url":"https:\/\/recordtours.pt\/wp-content\/uploads\/2024\/04\/tours-galeria-porto-03.webp","thumbnail_image_url":"https:\/\/recordtours.pt\/wp-content\/uploads\/2024\/04\/tours-galeria-porto-03-150x150.webp","large_srcset":"https:\/\/recordtours.pt\/wp-content\/uploads\/2024\/04\/tours-galeria-porto-03-1024x683.webp 1024w, https:\/\/recordtours.pt\/wp-content\/uploads\/2024\/04\/tours-galeria-porto-03-980x653.webp 980w, https:\/\/recordtours.pt\/wp-content\/uploads\/2024\/04\/tours-galeria-porto-03-480x320.webp 480w","medium_srcset":false,"media_details":{"width":1200,"height":800,"sizes":{"medium":{"file":"tours-galeria-porto-03-300x200.webp","width":300,"height":200,"mime-type":"image\/webp","filesize":24432,"source_url":"https:\/\/recordtours.pt\/wp-content\/uploads\/2024\/04\/tours-galeria-porto-03-300x200.webp"},"large":{"file":"tours-galeria-porto-03-1024x683.webp","width":1024,"height":683,"mime-type":"image\/webp","filesize":207600,"source_url":"https:\/\/recordtours.pt\/wp-content\/uploads\/2024\/04\/tours-galeria-porto-03-1024x683.webp"},"thumbnail":{"file":"tours-galeria-porto-03-150x150.webp","width":150,"height":150,"mime-type":"image\/webp","filesize":9824,"source_url":"https:\/\/recordtours.pt\/wp-content\/uploads\/2024\/04\/tours-galeria-porto-03-150x150.webp"},"medium_large":{"file":"tours-galeria-porto-03-768x512.webp","width":768,"height":512,"mime-type":"image\/webp","filesize":123156,"source_url":"https:\/\/recordtours.pt\/wp-content\/uploads\/2024\/04\/tours-galeria-porto-03-768x512.webp"},"et-pb-post-main-image":{"file":"tours-galeria-porto-03-400x250.webp","width":400,"height":250,"mime-type":"image\/webp","filesize":37308,"source_url":"https:\/\/recordtours.pt\/wp-content\/uploads\/2024\/04\/tours-galeria-porto-03-400x250.webp"},"et-pb-post-main-image-fullwidth":{"file":"tours-galeria-porto-03-1080x675.webp","width":1080,"height":675,"mime-type":"image\/webp","filesize":214978,"source_url":"https:\/\/recordtours.pt\/wp-content\/uploads\/2024\/04\/tours-galeria-porto-03-1080x675.webp"},"et-pb-portfolio-image":{"file":"tours-galeria-porto-03-400x284.webp","width":400,"height":284,"mime-type":"image\/webp","filesize":41890,"source_url":"https:\/\/recordtours.pt\/wp-content\/uploads\/2024\/04\/tours-galeria-porto-03-400x284.webp"},"et-pb-portfolio-module-image":{"file":"tours-galeria-porto-03-510x382.webp","width":510,"height":382,"mime-type":"image\/webp","filesize":67340,"source_url":"https:\/\/recordtours.pt\/wp-content\/uploads\/2024\/04\/tours-galeria-porto-03-510x382.webp"},"et-pb-portfolio-image-single":{"file":"tours-galeria-porto-03-1080x720.webp","width":1080,"height":720,"mime-type":"image\/webp","filesize":226210,"source_url":"https:\/\/recordtours.pt\/wp-content\/uploads\/2024\/04\/tours-galeria-porto-03-1080x720.webp"},"et-pb-gallery-module-image-portrait":{"file":"tours-galeria-porto-03-400x516.webp","width":400,"height":516,"mime-type":"image\/webp","filesize":65974,"source_url":"https:\/\/recordtours.pt\/wp-content\/uploads\/2024\/04\/tours-galeria-porto-03-400x516.webp"},"et-pb-image--responsive--tablet":{"file":"tours-galeria-porto-03-980x653.webp","width":980,"height":653,"mime-type":"image\/webp","filesize":192890,"source_url":"https:\/\/recordtours.pt\/wp-content\/uploads\/2024\/04\/tours-galeria-porto-03-980x653.webp"},"et-pb-image--responsive--phone":{"file":"tours-galeria-porto-03-480x320.webp","width":480,"height":320,"mime-type":"image\/webp","filesize":53706,"source_url":"https:\/\/recordtours.pt\/wp-content\/uploads\/2024\/04\/tours-galeria-porto-03-480x320.webp"}}},"alt_text":"","url":"","target":""}]]}},"_links":{"self":[{"href":"https:\/\/recordtours.pt\/de\/wp-json\/wp\/v2\/posts\/3425","targetHints":{"allow":["GET"]}}],"collection":[{"href":"https:\/\/recordtours.pt\/de\/wp-json\/wp\/v2\/posts"}],"about":[{"href":"https:\/\/recordtours.pt\/de\/wp-json\/wp\/v2\/types\/post"}],"author":[{"embeddable":true,"href":"https:\/\/recordtours.pt\/de\/wp-json\/wp\/v2\/users\/3"}],"replies":[{"embeddable":true,"href":"https:\/\/recordtours.pt\/de\/wp-json\/wp\/v2\/comments?post=3425"}],"version-history":[{"count":0,"href":"https:\/\/recordtours.pt\/de\/wp-json\/wp\/v2\/posts\/3425\/revisions"}],"wp:featuredmedia":[{"embeddable":true,"href":"https:\/\/recordtours.pt\/de\/wp-json\/wp\/v2\/media\/3429"}],"wp:attachment":[{"href":"https:\/\/recordtours.pt\/de\/wp-json\/wp\/v2\/media?parent=3425"}],"wp:term":[{"taxonomy":"category","embeddable":true,"href":"https:\/\/recordtours.pt\/de\/wp-json\/wp\/v2\/categories?post=3425"},{"taxonomy":"post_tag","embeddable":true,"href":"https:\/\/recordtours.pt\/de\/wp-json\/wp\/v2\/tags?post=3425"}],"curies":[{"name":"wp","href":"https:\/\/api.w.org\/{rel}","templated":true}]}}