{"id":3457,"date":"2024-05-02T15:08:20","date_gmt":"2024-05-02T15:08:20","guid":{"rendered":"https:\/\/recordtours.pt\/tomar-und-mafra-kleingruppentour-ab-lissabon\/"},"modified":"2024-06-28T16:03:39","modified_gmt":"2024-06-28T16:03:39","slug":"tomar-und-mafra-kleingruppentour-ab-lissabon","status":"publish","type":"post","link":"https:\/\/recordtours.pt\/de\/tomar-und-mafra-kleingruppentour-ab-lissabon\/","title":{"rendered":"Tomar und Mafra Kleingruppentour ab Lissabon"},"content":{"rendered":"<p>Entfliehen Sie den ausgetretenen Pfaden und entdecken Sie eine Festung der Tempelritter und einen der gr\u00f6\u00dften k\u00f6niglichen Pal\u00e4ste Portugals. Lassen Sie sich in Tomar vom Christuskloster aus dem 12. Jahrhundert und seiner Beziehung zur portugiesischen Geschichte \u00fcberraschen. Zeit zur freien Verf\u00fcgung zum Mittagessen in der sch\u00f6nen Stadt Tomar. Erkunden Sie den riesigen K\u00f6nigspalast in Mafra mit seinen vielen R\u00e4umen und Geheimnissen.<\/p>\n<p>Kinder von 0 bis 7 Jahren sind kostenlos<\/p>\n<div class='et-learn-more clearfix'>\n\t\t\t\t\t<h3 class='heading-more'>Was ist inbegriffen<span class='et_learnmore_arrow'><span><\/span><\/span><\/h3>\n\t\t\t\t\t<div class='learn-more-content'><div>\n<ul>\n<li>Klimatisiertes Fahrzeug<\/li>\n<li>Wi-Fi an Bord<\/li>\n<li>Mineralwasser<\/li>\n<\/ul>\n<\/div>\n<div>\n<div><strong>Nicht im Ticket enthalten<\/strong><\/div>\n<ul>\n<li>Eintritt nicht inbegriffen: Christuskloster und Palast von Mafra<\/li>\n<li>Eintritt &#8211; Christuskloster<\/li>\n<li>Eintritt &#8211; Nationalpalast von Mafra<\/li>\n<\/ul>\n<\/div><\/div>\n\t\t\t\t<\/div> <div class='et-learn-more clearfix'>\n\t\t\t\t\t<h3 class='heading-more'>Was Zu Erwarten Ist<span class='et_learnmore_arrow'><span><\/span><\/span><\/h3>\n\t\t\t\t\t<div class='learn-more-content'><strong>Reiseroute<\/strong><\/p>\n<p>Dies ist eine normale Reiseroute f\u00fcr dieses Produkt<\/p>\n<p><strong>Haltestelle: <\/strong><span class=\"biGQs _P pZUbB KxBGd\"><b><\/b>Christuskloster, Kirche der Templerburg, Tomar 2300-000 Portugal<\/span><\/p>\n<p>Wir beginnen die Tour, indem wir durch das Ackerland von Ribatejo nach Norden nach Tomar fahren. In Tomar besuchen wir das Christuskloster, das urspr\u00fcnglich von den Tempelrittern erbaut wurde, und erkunden die Templerburg, den romanischen Rundgang, die manuelinische Kirche, das Renaissancekloster und die Klosteranlagen (Ticket inbegriffen). Wir erfahren, wie die Tempelritter den Christusorden ins Leben gerufen haben und wie dieser neue Orden im portugiesischen Zeitalter der Entdeckungen grundlegend wurde. Dieses Kloster geriet teilweise in Vergessenheit, bis es heute zum UNESCO-Weltkulturerbe geh\u00f6rt.<\/p>\n<p>Dauer: 2 Stunden<\/p>\n<p><strong>Halteplatz: <\/strong>Nabao River, Tomar 2300-000 Portugal<\/p>\n<p>Weiter geht es zum Mittagessen in der sch\u00f6nen Stadt Tomar, durch die der wundersch\u00f6ne Fluss Nab\u00e3o flie\u00dft. Nachdem wir etwas \u00fcber das j\u00fcdische Erbe der Stadt erfahren und die engen Gassen voller Geschichte erkundet haben, halten wir zur freien Verf\u00fcgung, um zu Mittag zu essen, wo Sie in einem der vielen Restaurants eine Mahlzeit mit traditioneller portugiesischer K\u00fcche genie\u00dfen k\u00f6nnen (Mahlzeit nicht im Preis inbegriffen).<\/p>\n<p>Dauer: 1 Stunde<\/p>\n<p><strong>Halteplatz: <\/strong>Pal\u00e1cio Nacional de Mafra, Terreiro D. Jo\u00e3o v, Mafra 2640-492 Portuga<\/p>\n<p>Nach dem Mittagessen steigen wir wieder ins Auto und fahren zur\u00fcck in die Stadt Mafra. Dort werden wir die Gr\u00f6\u00dfe des pr\u00e4chtigen Nationalpalastes von Mafra mit seiner 220 Meter hohen Fassade, 1200 Zimmern und 4700 T\u00fcren und Fenstern bestaunen. Wir haben Freizeit, um die vielen R\u00e4ume zu erkunden, ohne die Krankenstation und die gro\u00dfe Bibliothek mit ihrer Fleichkolonie zu verpassen, die die B\u00fccher vor sch\u00e4dlichen Insekten sch\u00fctzt. Erfahren Sie, wie der Palast eine wichtige Rolle beim Ende der portugiesischen Monarchie spielte. Wenn Sie Zeit haben, genie\u00dfen Sie eine traditionelle S\u00fc\u00dfigkeit in einer typischen Konditorei (nicht inbegriffen), bevor Sie nach Lissabon zur\u00fcckkehren.<\/p>\n<p>Dauer: 2 Stunden<\/p><\/div>\n\t\t\t\t<\/div> <div class='et-learn-more clearfix'>\n\t\t\t\t\t<h3 class='heading-more'>Abreise und R\u00fcckkehr<span class='et_learnmore_arrow'><span><\/span><\/span><\/h3>\n\t\t\t\t\t<div class='learn-more-content'><div>\n<ul>\n<li>\n<div>\n<div><strong>Beginn<\/strong>:<\/div>\n<\/div>\n<div>\n<ul>\n<li>\n<div>\n<div>\n<p>Pra\u00e7a Marqu\u00eas de Pombal 8, 1250-160 Lissabon, Portugal\nAbholung vor dem Hotel Fenix Marques de Pombal<\/p>\n<\/div>\n<\/div>\n<\/li>\n<\/ul>\n<\/div>\n<div>\n<div><strong>Ende<\/strong>: Diese Aktivit\u00e4t endet am Treffpunkt.<\/div>\n<\/div>\n<\/li>\n<\/ul>\n<\/div><\/div>\n\t\t\t\t<\/div> <div class='et-learn-more clearfix'>\n\t\t\t\t\t<h3 class='heading-more'>Zug\u00e4nglichkeit<span class='et_learnmore_arrow'><span><\/span><\/span><\/h3>\n\t\t\t\t\t<div class='learn-more-content'><div>\n<ul>\n<li>Nicht f\u00fcr Rollstuhlfahrer zug\u00e4nglich<\/li>\n<li>Kinderwagen zug\u00e4nglich<\/li>\n<li>In der N\u00e4he von \u00f6ffentlichen Verkehrsmitteln<\/li>\n<li>Kindersitze verf\u00fcgbar<\/li>\n<\/ul>\n<\/div>\n<div>\n<div>Wenn Sie Fragen zur Barrierefreiheit haben, helfen wir Ihnen gerne weiter. Rufen Sie einfach <a href=\"tel:+351932221333\">die Nummer (+351) 932 221 333<\/a> an<\/div>\n<\/div><\/div>\n\t\t\t\t<\/div> <div class='et-learn-more clearfix'>\n\t\t\t\t\t<h3 class='heading-more'>Zusatzinformation<span class='et_learnmore_arrow'><span><\/span><\/span><\/h3>\n\t\t\t\t\t<div class='learn-more-content'><div>\n<ul>\n<li>Die Best\u00e4tigung erhalten Sie zum Zeitpunkt der Buchung<\/li>\n<li>Die meisten Reisenden k\u00f6nnen teilnehmen<\/li>\n<li>Diese Tour\/Aktivit\u00e4t ist f\u00fcr h\u00f6chstens 8 Reisende geeignet.<\/li>\n<\/ul>\n<\/div><\/div>\n\t\t\t\t<\/div> <div class='et-learn-more clearfix'>\n\t\t\t\t\t<h3 class='heading-more'>Stornierungsbedingungen<span class='et_learnmore_arrow'><span><\/span><\/span><\/h3>\n\t\t\t\t\t<div class='learn-more-content'><div>F\u00fcr eine vollst\u00e4ndige R\u00fcckerstattung stornieren Sie innerhalb von 72 Stunden nach der Buchung Ihrer Tour.<\/div><\/div>\n\t\t\t\t<\/div> <div class='et-learn-more clearfix'>\n\t\t\t\t\t<h3 class='heading-more'>H\u00e4ufig gestellte Fragen<span class='et_learnmore_arrow'><span><\/span><\/span><\/h3>\n\t\t\t\t\t<div class='learn-more-content'><div>\n<div><strong>Welche Sehensw\u00fcrdigkeiten werde ich mit Tomar und Mafra Kleingruppentour ab Lissabon besuchen?<\/strong><\/div>\n<div>\n<div>\n<p>W\u00e4hrend dieses Erlebnisses besuchen Sie unter anderem:<\/p>\n<ul>\n<li><a href=\"https:\/\/www.tripadvisor.pt\/Attraction_Review-g189159-d536168-Reviews-Palacio_Nacional_de_Mafra-Mafra_Lisbon_District_Central_Portugal.html\">Nationalpalast von Mafra<\/a><\/li>\n<\/ul>\n<\/div>\n<\/div>\n<\/div>\n<div>\n<hr>\n<\/div>\n<div>\n<div><strong>Wie viel kostet Tomar und Mafra Kleingruppentour ab Lissabon?<\/strong><\/div>\n<div>\n<div>Preis f\u00fcr Kleingruppentour in Tomar und Mafra ab Lissabon ab 281,69 \u20ac.<\/div>\n<\/div>\n<\/div>\n<div>\n<hr>\n<\/div>\n<div>\n<div><strong>Welches Unternehmen ist verantwortlich f\u00fcr Tomar und Mafra Kleingruppentour ab Lissabon?<\/strong><\/div>\n<div>\n<div>Tomar und Mafra Kleingruppentour ab Lissabon wird durchgef\u00fchrt von RecordTours.<\/div>\n<\/div>\n<\/div><\/div>\n\t\t\t\t<\/div><div class='et-learn-more clearfix'>\n\t\t\t\t\t<h3 class='heading-more'>Hilfe<span class='et_learnmore_arrow'><span><\/span><\/span><\/h3>\n\t\t\t\t\t<div class='learn-more-content'><div>Wenn Sie Fragen zu dieser Tour haben oder Hilfe bei der Buchung ben\u00f6tigen, helfen wir Ihnen gerne weiter. Rufen Sie einfach <a href=\"tel:+351932221333\">die Nummer (+351) 932 221 333<\/a> an<\/div><\/div>\n\t\t\t\t<\/div><\/p>\n","protected":false},"excerpt":{"rendered":"<p>Entfliehen Sie den ausgetretenen Pfaden und entdecken Sie eine Festung der Tempelritter und&#8230;  <\/p>\n","protected":false},"author":3,"featured_media":3458,"comment_status":"closed","ping_status":"closed","sticky":false,"template":"","format":"standard","meta":{"_acf_changed":false,"_et_pb_use_builder":"","_et_pb_old_content":"","_et_gb_content_width":"","footnotes":""},"categories":[21,43],"tags":[],"class_list":["post-3457","post","type-post","status-publish","format-standard","has-post-thumbnail","hentry","category-touren","category-tagliche-touren"],"acf":{"photo_gallery":{"tours_galeria":[[{"id":3460,"title":"","caption":"","full_image_url":"https:\/\/recordtours.pt\/wp-content\/uploads\/2024\/05\/tours-galeria-tomar-01.webp","thumbnail_image_url":"https:\/\/recordtours.pt\/wp-content\/uploads\/2024\/05\/tours-galeria-tomar-01-150x150.webp","large_srcset":"https:\/\/recordtours.pt\/wp-content\/uploads\/2024\/05\/tours-galeria-tomar-01-1024x683.webp 1024w, https:\/\/recordtours.pt\/wp-content\/uploads\/2024\/05\/tours-galeria-tomar-01-980x653.webp 980w, https:\/\/recordtours.pt\/wp-content\/uploads\/2024\/05\/tours-galeria-tomar-01-480x320.webp 480w","medium_srcset":false,"media_details":{"width":1200,"height":800,"sizes":{"medium":{"file":"tours-galeria-tomar-01-300x200.webp","width":300,"height":200,"mime-type":"image\/webp","filesize":17834,"source_url":"https:\/\/recordtours.pt\/wp-content\/uploads\/2024\/05\/tours-galeria-tomar-01-300x200.webp"},"large":{"file":"tours-galeria-tomar-01-1024x683.webp","width":1024,"height":683,"mime-type":"image\/webp","filesize":182484,"source_url":"https:\/\/recordtours.pt\/wp-content\/uploads\/2024\/05\/tours-galeria-tomar-01-1024x683.webp"},"thumbnail":{"file":"tours-galeria-tomar-01-150x150.webp","width":150,"height":150,"mime-type":"image\/webp","filesize":7408,"source_url":"https:\/\/recordtours.pt\/wp-content\/uploads\/2024\/05\/tours-galeria-tomar-01-150x150.webp"},"medium_large":{"file":"tours-galeria-tomar-01-768x512.webp","width":768,"height":512,"mime-type":"image\/webp","filesize":106432,"source_url":"https:\/\/recordtours.pt\/wp-content\/uploads\/2024\/05\/tours-galeria-tomar-01-768x512.webp"},"et-pb-post-main-image":{"file":"tours-galeria-tomar-01-400x250.webp","width":400,"height":250,"mime-type":"image\/webp","filesize":28774,"source_url":"https:\/\/recordtours.pt\/wp-content\/uploads\/2024\/05\/tours-galeria-tomar-01-400x250.webp"},"et-pb-post-main-image-fullwidth":{"file":"tours-galeria-tomar-01-1080x675.webp","width":1080,"height":675,"mime-type":"image\/webp","filesize":192716,"source_url":"https:\/\/recordtours.pt\/wp-content\/uploads\/2024\/05\/tours-galeria-tomar-01-1080x675.webp"},"et-pb-portfolio-image":{"file":"tours-galeria-tomar-01-400x284.webp","width":400,"height":284,"mime-type":"image\/webp","filesize":31976,"source_url":"https:\/\/recordtours.pt\/wp-content\/uploads\/2024\/05\/tours-galeria-tomar-01-400x284.webp"},"et-pb-portfolio-module-image":{"file":"tours-galeria-tomar-01-510x382.webp","width":510,"height":382,"mime-type":"image\/webp","filesize":55018,"source_url":"https:\/\/recordtours.pt\/wp-content\/uploads\/2024\/05\/tours-galeria-tomar-01-510x382.webp"},"et-pb-portfolio-image-single":{"file":"tours-galeria-tomar-01-1080x720.webp","width":1080,"height":720,"mime-type":"image\/webp","filesize":200882,"source_url":"https:\/\/recordtours.pt\/wp-content\/uploads\/2024\/05\/tours-galeria-tomar-01-1080x720.webp"},"et-pb-gallery-module-image-portrait":{"file":"tours-galeria-tomar-01-400x516.webp","width":400,"height":516,"mime-type":"image\/webp","filesize":60312,"source_url":"https:\/\/recordtours.pt\/wp-content\/uploads\/2024\/05\/tours-galeria-tomar-01-400x516.webp"},"et-pb-image--responsive--tablet":{"file":"tours-galeria-tomar-01-980x653.webp","width":980,"height":653,"mime-type":"image\/webp","filesize":168992,"source_url":"https:\/\/recordtours.pt\/wp-content\/uploads\/2024\/05\/tours-galeria-tomar-01-980x653.webp"},"et-pb-image--responsive--phone":{"file":"tours-galeria-tomar-01-480x320.webp","width":480,"height":320,"mime-type":"image\/webp","filesize":41870,"source_url":"https:\/\/recordtours.pt\/wp-content\/uploads\/2024\/05\/tours-galeria-tomar-01-480x320.webp"}}},"alt_text":"","url":"","target":""},{"id":3564,"title":"","caption":"","full_image_url":"https:\/\/recordtours.pt\/wp-content\/uploads\/2024\/04\/tours-galeria-almourol-tomar-02.webp","thumbnail_image_url":"https:\/\/recordtours.pt\/wp-content\/uploads\/2024\/04\/tours-galeria-almourol-tomar-02-150x150.webp","large_srcset":"https:\/\/recordtours.pt\/wp-content\/uploads\/2024\/04\/tours-galeria-almourol-tomar-02-1024x683.webp 1024w, https:\/\/recordtours.pt\/wp-content\/uploads\/2024\/04\/tours-galeria-almourol-tomar-02-980x653.webp 980w, https:\/\/recordtours.pt\/wp-content\/uploads\/2024\/04\/tours-galeria-almourol-tomar-02-480x320.webp 480w","medium_srcset":false,"media_details":{"width":1200,"height":800,"sizes":{"medium":{"file":"tours-galeria-almourol-tomar-02-300x200.webp","width":300,"height":200,"mime-type":"image\/webp","filesize":14618,"source_url":"https:\/\/recordtours.pt\/wp-content\/uploads\/2024\/04\/tours-galeria-almourol-tomar-02-300x200.webp"},"large":{"file":"tours-galeria-almourol-tomar-02-1024x683.webp","width":1024,"height":683,"mime-type":"image\/webp","filesize":153714,"source_url":"https:\/\/recordtours.pt\/wp-content\/uploads\/2024\/04\/tours-galeria-almourol-tomar-02-1024x683.webp"},"thumbnail":{"file":"tours-galeria-almourol-tomar-02-150x150.webp","width":150,"height":150,"mime-type":"image\/webp","filesize":5694,"source_url":"https:\/\/recordtours.pt\/wp-content\/uploads\/2024\/04\/tours-galeria-almourol-tomar-02-150x150.webp"},"medium_large":{"file":"tours-galeria-almourol-tomar-02-768x512.webp","width":768,"height":512,"mime-type":"image\/webp","filesize":88364,"source_url":"https:\/\/recordtours.pt\/wp-content\/uploads\/2024\/04\/tours-galeria-almourol-tomar-02-768x512.webp"},"et-pb-post-main-image":{"file":"tours-galeria-almourol-tomar-02-400x250.webp","width":400,"height":250,"mime-type":"image\/webp","filesize":23278,"source_url":"https:\/\/recordtours.pt\/wp-content\/uploads\/2024\/04\/tours-galeria-almourol-tomar-02-400x250.webp"},"et-pb-post-main-image-fullwidth":{"file":"tours-galeria-almourol-tomar-02-1080x675.webp","width":1080,"height":675,"mime-type":"image\/webp","filesize":162676,"source_url":"https:\/\/recordtours.pt\/wp-content\/uploads\/2024\/04\/tours-galeria-almourol-tomar-02-1080x675.webp"},"et-pb-portfolio-image":{"file":"tours-galeria-almourol-tomar-02-400x284.webp","width":400,"height":284,"mime-type":"image\/webp","filesize":25038,"source_url":"https:\/\/recordtours.pt\/wp-content\/uploads\/2024\/04\/tours-galeria-almourol-tomar-02-400x284.webp"},"et-pb-portfolio-module-image":{"file":"tours-galeria-almourol-tomar-02-510x382.webp","width":510,"height":382,"mime-type":"image\/webp","filesize":42230,"source_url":"https:\/\/recordtours.pt\/wp-content\/uploads\/2024\/04\/tours-galeria-almourol-tomar-02-510x382.webp"},"et-pb-portfolio-image-single":{"file":"tours-galeria-almourol-tomar-02-1080x720.webp","width":1080,"height":720,"mime-type":"image\/webp","filesize":166984,"source_url":"https:\/\/recordtours.pt\/wp-content\/uploads\/2024\/04\/tours-galeria-almourol-tomar-02-1080x720.webp"},"et-pb-gallery-module-image-portrait":{"file":"tours-galeria-almourol-tomar-02-400x516.webp","width":400,"height":516,"mime-type":"image\/webp","filesize":48796,"source_url":"https:\/\/recordtours.pt\/wp-content\/uploads\/2024\/04\/tours-galeria-almourol-tomar-02-400x516.webp"},"et-pb-image--responsive--tablet":{"file":"tours-galeria-almourol-tomar-02-980x653.webp","width":980,"height":653,"mime-type":"image\/webp","filesize":142268,"source_url":"https:\/\/recordtours.pt\/wp-content\/uploads\/2024\/04\/tours-galeria-almourol-tomar-02-980x653.webp"},"et-pb-image--responsive--phone":{"file":"tours-galeria-almourol-tomar-02-480x320.webp","width":480,"height":320,"mime-type":"image\/webp","filesize":34178,"source_url":"https:\/\/recordtours.pt\/wp-content\/uploads\/2024\/04\/tours-galeria-almourol-tomar-02-480x320.webp"}}},"alt_text":"","url":"","target":""},{"id":3459,"title":"","caption":"","full_image_url":"https:\/\/recordtours.pt\/wp-content\/uploads\/2024\/05\/tours-galeria-tomar-02.webp","thumbnail_image_url":"https:\/\/recordtours.pt\/wp-content\/uploads\/2024\/05\/tours-galeria-tomar-02-150x150.webp","large_srcset":"https:\/\/recordtours.pt\/wp-content\/uploads\/2024\/05\/tours-galeria-tomar-02-1024x683.webp 1024w, https:\/\/recordtours.pt\/wp-content\/uploads\/2024\/05\/tours-galeria-tomar-02-980x653.webp 980w, https:\/\/recordtours.pt\/wp-content\/uploads\/2024\/05\/tours-galeria-tomar-02-480x320.webp 480w","medium_srcset":false,"media_details":{"width":1200,"height":800,"sizes":{"medium":{"file":"tours-galeria-tomar-02-300x200.webp","width":300,"height":200,"mime-type":"image\/webp","filesize":12076,"source_url":"https:\/\/recordtours.pt\/wp-content\/uploads\/2024\/05\/tours-galeria-tomar-02-300x200.webp"},"large":{"file":"tours-galeria-tomar-02-1024x683.webp","width":1024,"height":683,"mime-type":"image\/webp","filesize":90288,"source_url":"https:\/\/recordtours.pt\/wp-content\/uploads\/2024\/05\/tours-galeria-tomar-02-1024x683.webp"},"thumbnail":{"file":"tours-galeria-tomar-02-150x150.webp","width":150,"height":150,"mime-type":"image\/webp","filesize":5416,"source_url":"https:\/\/recordtours.pt\/wp-content\/uploads\/2024\/05\/tours-galeria-tomar-02-150x150.webp"},"medium_large":{"file":"tours-galeria-tomar-02-768x512.webp","width":768,"height":512,"mime-type":"image\/webp","filesize":55940,"source_url":"https:\/\/recordtours.pt\/wp-content\/uploads\/2024\/05\/tours-galeria-tomar-02-768x512.webp"},"et-pb-post-main-image":{"file":"tours-galeria-tomar-02-400x250.webp","width":400,"height":250,"mime-type":"image\/webp","filesize":17666,"source_url":"https:\/\/recordtours.pt\/wp-content\/uploads\/2024\/05\/tours-galeria-tomar-02-400x250.webp"},"et-pb-post-main-image-fullwidth":{"file":"tours-galeria-tomar-02-1080x675.webp","width":1080,"height":675,"mime-type":"image\/webp","filesize":92992,"source_url":"https:\/\/recordtours.pt\/wp-content\/uploads\/2024\/05\/tours-galeria-tomar-02-1080x675.webp"},"et-pb-portfolio-image":{"file":"tours-galeria-tomar-02-400x284.webp","width":400,"height":284,"mime-type":"image\/webp","filesize":19318,"source_url":"https:\/\/recordtours.pt\/wp-content\/uploads\/2024\/05\/tours-galeria-tomar-02-400x284.webp"},"et-pb-portfolio-module-image":{"file":"tours-galeria-tomar-02-510x382.webp","width":510,"height":382,"mime-type":"image\/webp","filesize":31214,"source_url":"https:\/\/recordtours.pt\/wp-content\/uploads\/2024\/05\/tours-galeria-tomar-02-510x382.webp"},"et-pb-portfolio-image-single":{"file":"tours-galeria-tomar-02-1080x720.webp","width":1080,"height":720,"mime-type":"image\/webp","filesize":97656,"source_url":"https:\/\/recordtours.pt\/wp-content\/uploads\/2024\/05\/tours-galeria-tomar-02-1080x720.webp"},"et-pb-gallery-module-image-portrait":{"file":"tours-galeria-tomar-02-400x516.webp","width":400,"height":516,"mime-type":"image\/webp","filesize":32040,"source_url":"https:\/\/recordtours.pt\/wp-content\/uploads\/2024\/05\/tours-galeria-tomar-02-400x516.webp"},"et-pb-image--responsive--tablet":{"file":"tours-galeria-tomar-02-980x653.webp","width":980,"height":653,"mime-type":"image\/webp","filesize":83884,"source_url":"https:\/\/recordtours.pt\/wp-content\/uploads\/2024\/05\/tours-galeria-tomar-02-980x653.webp"},"et-pb-image--responsive--phone":{"file":"tours-galeria-tomar-02-480x320.webp","width":480,"height":320,"mime-type":"image\/webp","filesize":25094,"source_url":"https:\/\/recordtours.pt\/wp-content\/uploads\/2024\/05\/tours-galeria-tomar-02-480x320.webp"}}},"alt_text":"","url":"","target":""}]]}},"_links":{"self":[{"href":"https:\/\/recordtours.pt\/de\/wp-json\/wp\/v2\/posts\/3457","targetHints":{"allow":["GET"]}}],"collection":[{"href":"https:\/\/recordtours.pt\/de\/wp-json\/wp\/v2\/posts"}],"about":[{"href":"https:\/\/recordtours.pt\/de\/wp-json\/wp\/v2\/types\/post"}],"author":[{"embeddable":true,"href":"https:\/\/recordtours.pt\/de\/wp-json\/wp\/v2\/users\/3"}],"replies":[{"embeddable":true,"href":"https:\/\/recordtours.pt\/de\/wp-json\/wp\/v2\/comments?post=3457"}],"version-history":[{"count":0,"href":"https:\/\/recordtours.pt\/de\/wp-json\/wp\/v2\/posts\/3457\/revisions"}],"wp:featuredmedia":[{"embeddable":true,"href":"https:\/\/recordtours.pt\/de\/wp-json\/wp\/v2\/media\/3458"}],"wp:attachment":[{"href":"https:\/\/recordtours.pt\/de\/wp-json\/wp\/v2\/media?parent=3457"}],"wp:term":[{"taxonomy":"category","embeddable":true,"href":"https:\/\/recordtours.pt\/de\/wp-json\/wp\/v2\/categories?post=3457"},{"taxonomy":"post_tag","embeddable":true,"href":"https:\/\/recordtours.pt\/de\/wp-json\/wp\/v2\/tags?post=3457"}],"curies":[{"name":"wp","href":"https:\/\/api.w.org\/{rel}","templated":true}]}}