{"id":3470,"date":"2024-04-08T11:11:02","date_gmt":"2024-04-08T11:11:02","guid":{"rendered":"https:\/\/recordtours.pt\/tagesausflug-in-kleiner-gruppe-nach-evora\/"},"modified":"2024-06-24T11:53:10","modified_gmt":"2024-06-24T11:53:10","slug":"tagesausflug-in-kleiner-gruppe-nach-evora","status":"publish","type":"post","link":"https:\/\/recordtours.pt\/de\/tagesausflug-in-kleiner-gruppe-nach-evora\/","title":{"rendered":"Tagesausflug in kleiner Gruppe nach \u00c9vora"},"content":{"rendered":"<p>Kommen Sie und entdecken Sie die wundersch\u00f6ne Stadt \u00c9vora, die zum UNESCO-Weltkulturerbe geh\u00f6rt. Von Lissabon aus \u00fcberqueren Sie die Vasco da Gama-Br\u00fccke.<\/p>\n<p>Verbringen Sie auf dieser Tour den Tag damit, die besten Sehensw\u00fcrdigkeiten von \u00c9vora zu bewundern: die Kathedrale, die Kirche S\u00e3o Francisco und den Giraldo-Platz. Besuchen Sie auch die Knochenkapelle &#8222;Ticket nicht inbegriffen&#8220;.<\/p>\n<p>Sie haben freie Zeit, um in Ihrem eigenen Tempo zu erkunden. Diese Gruppentour mit maximal acht Personen stellt sicher, dass Sie von Ihrem Reiseleiter pers\u00f6nlich betreut werden.<\/p>\n<div class='et-learn-more clearfix'>\n\t\t\t\t\t<h3 class='heading-more'>Was ist inbegriffen<span class='et_learnmore_arrow'><span><\/span><\/span><\/h3>\n\t\t\t\t\t<div class='learn-more-content'><div>\n<div>\n<ul>\n<li>Klimatisiertes Fahrzeug<\/li>\n<li>Wi-Fi an Bord<\/li>\n<li>Privater Transport<\/li>\n<li>Mineralwasser<\/li>\n<\/ul>\n<\/div>\n<div>\n<div><strong>Nicht im Ticket enthalten<\/strong><\/div>\n<ul>\n<li>Fr\u00fchst\u00fcck<\/li>\n<li>Mittagessen<\/li>\n<li>Abendessen<\/li>\n<li>Eintritt &#8211; Kapelle der Knochen (\u00c9vora)<\/li>\n<\/ul>\n<\/div>\n<\/div><\/div>\n\t\t\t\t<\/div> <div class='et-learn-more clearfix'>\n\t\t\t\t\t<h3 class='heading-more'>Was Zu Erwarten Ist<span class='et_learnmore_arrow'><span><\/span><\/span><\/h3>\n\t\t\t\t\t<div class='learn-more-content'><strong>Reiseroute<\/strong><\/p>\n<p>Dies ist eine normale Reiseroute f\u00fcr dieses Produkt<\/p>\n<p><strong>Halteplatz: <\/strong>R\u00f6mischer Tempel von Evora (Tempel der Diana), Largo do Conde de Vila Flor 4 Centro Hist\u00f3rico, Evora 7000-804 Portugal<\/p>\n<p>Der r\u00f6mische Tempel von \u00c9vora, f\u00e4lschlicherweise als Tempel der Diana bekannt, befindet sich in der Stadt \u00c9vora, Portugal; Es ist Teil des historischen Zentrums der Stadt, das von der UNESCO zum Weltkulturerbe erkl\u00e4rt wurde. Der r\u00f6mische Tempel ist von der DGPC als Nationaldenkmal eingestuft. Es ist eines der ber\u00fchmtesten Wahrzeichen der Stadt und eines der bedeutendsten Symbole der r\u00f6mischen Pr\u00e4senz auf portugiesischem Territorium.<\/p>\n<p>Dauer: 30 Minuten<\/p>\n<p><strong>Halteplatz: <\/strong>Pra\u00e7a do Giraldo, S\/N0 Centro Hist\u00f3rico, \u00c9vora 7000-508 Portugal<\/p>\n<p>Verlieben Sie sich in die Geschichte des wundersch\u00f6nen Giraldo-Platzes in \u00c9vora. Treten Sie auf den B\u00fcrgersteig und setzen Sie sich auf eine Terrasse. Alle Wege f\u00fchren zum Pra\u00e7a do Giraldo.<\/p>\n<p>Dauer: 30 Minuten<\/p>\n<p><strong>Halteplatz: <\/strong>Knochenkapelle, Pra\u00e7a 1 de Maio, \u00c9vora 7000-650 Portugal<\/p>\n<p>Die Knochenkapelle ist eines der bekanntesten Denkm\u00e4ler in \u00c9vora, Portugal. Es befindet sich in der Kirche von San Francisco. Es wurde im siebzehnten Jahrhundert auf Initiative von drei Franziskanerm\u00f6nchen erbaut, die im Geist der Zeit (religi\u00f6se Gegenreformation, gem\u00e4\u00df den Normen des Konzils von Trient) die Botschaft von der Verg\u00e4nglichkeit des Lebens vermitteln wollten, wie aus dem ber\u00fchmten Schild am Eingang hervorgeht: &#8222;Wir Knochen, die f\u00fcr euch da sind, warten&#8220;. Abgesehen von der spirituellen Frage gab es auch ein physisches Problem, n\u00e4mlich; in der Region \u00c9vora gab es zweiundvierzig Klosterfriedh\u00f6fe, die zu viel Platz einnahmen, und strategische Orte, die viele f\u00fcr andere Zwecke nutzen wollten. Also beschlossen sie, die Skelette aus der Erde zu entfernen und sie zum Bau und zur Dekoration der Kapelle zu verwenden.<\/p>\n<p>Dauer: 1 Stunde<\/p>\n<p><strong>Halteplatz: <\/strong>Kathedrale von \u00c9vora, Largo do Marques de Marialva Centro Hist\u00f3rico, Evora 7000-809 Portugal<\/p>\n<p>Die Basilika Unserer Lieben Frau von der Himmelfahrt, besser bekannt als Kathedrale von \u00c9vora oder einfach Kathedrale von \u00c9vora, wurde zwar 1186 begonnen und 1204 geweiht, aber erst 1250 fertiggestellt. Es handelt sich um ein Monument, das durch den \u00dcbergang vom romanischen zum gotischen Stil gekennzeichnet ist und durch drei majest\u00e4tische Schiffe gekennzeichnet ist. Im f\u00fcnfzehnten und sechzehnten Jahrhundert erhielt die Kathedrale wichtige Verbesserungen, aus dieser Zeit stammen der hohe Chor, die Kanzel, das Baptisterium und der Bogen der Kapelle Nossa Senhora da Piedade, auch bekannt als Kapelle von Espor\u00e3o, ein seltenes Beispiel f\u00fcr hybride platereske Architektur aus dem Jahr 1529.<\/p>\n<p>Dauer: 30 Minuten<\/p><\/div>\n\t\t\t\t<\/div> <div class='et-learn-more clearfix'>\n\t\t\t\t\t<h3 class='heading-more'>Abreise und R\u00fcckkehr<span class='et_learnmore_arrow'><span><\/span><\/span><\/h3>\n\t\t\t\t\t<div class='learn-more-content'><div>\n<ul>\n<li>\n<div>\n<div><strong>Beginn<\/strong>:<\/div>\n<\/div>\n<div>\n<ul>\n<li>\n<div>\n<div>Pra\u00e7a Marqu\u00eas de Pombal 8, 1250-160 Lissabon, Portugal<\/div>\n<div>Abholung vor dem Hotel Fenix, Marques de Pombal Platz<\/div>\n<\/div>\n<\/li>\n<\/ul>\n<\/div>\n<div>\n<div><strong>Ende<\/strong>: Diese Aktivit\u00e4t endet am Treffpunkt.<\/div>\n<\/div>\n<\/li>\n<\/ul>\n<\/div><\/div>\n\t\t\t\t<\/div> <div class='et-learn-more clearfix'>\n\t\t\t\t\t<h3 class='heading-more'>Zug\u00e4nglichkeit<span class='et_learnmore_arrow'><span><\/span><\/span><\/h3>\n\t\t\t\t\t<div class='learn-more-content'><div>\n<ul>\n<li>Nicht f\u00fcr Rollstuhlfahrer zug\u00e4nglich<\/li>\n<li>In der N\u00e4he von \u00f6ffentlichen Verkehrsmitteln<\/li>\n<li>Kindersitze verf\u00fcgbar<\/li>\n<\/ul>\n<\/div>\n<div>\n<div>Wenn Sie Fragen zur Barrierefreiheit haben, helfen wir Ihnen gerne weiter. Rufen Sie einfach <a href=\"tel:+351932221333\">die Nummer (+351) 932 221 333<\/a> an<\/div>\n<\/div><\/div>\n\t\t\t\t<\/div> <div class='et-learn-more clearfix'>\n\t\t\t\t\t<h3 class='heading-more'>Zusatzinformation<span class='et_learnmore_arrow'><span><\/span><\/span><\/h3>\n\t\t\t\t\t<div class='learn-more-content'><div>\n<ul>\n<li>Die Best\u00e4tigung erhalten Sie zum Zeitpunkt der Buchung<\/li>\n<li>Die meisten Reisenden k\u00f6nnen teilnehmen<\/li>\n<li>Dieses Erlebnis findet nur bei gutem Wetter statt. Bei einer Stornierung aufgrund widriger Wetterbedingungen wird Ihnen ein anderes Datum oder eine vollst\u00e4ndige R\u00fcckerstattung angeboten<\/li>\n<li>F\u00fcr dieses Erlebnis ist eine Mindestanzahl von Reisenden erforderlich. Wenn es storniert wird, weil die Mindestanzahl nicht erreicht wird, wird Ihnen ein anderes Datum\/Erlebnis oder eine vollst\u00e4ndige R\u00fcckerstattung angeboten<\/li>\n<li>Dies ist eine private Aktivit\u00e4t\/Tour. Nur Ihre Gruppe nimmt teil<\/li>\n<\/ul>\n<\/div><\/div>\n\t\t\t\t<\/div> <div class='et-learn-more clearfix'>\n\t\t\t\t\t<h3 class='heading-more'>Stornierungsbedingungen<span class='et_learnmore_arrow'><span><\/span><\/span><\/h3>\n\t\t\t\t\t<div class='learn-more-content'><div>F\u00fcr eine vollst\u00e4ndige R\u00fcckerstattung stornieren Sie innerhalb von 72 Stunden nach der Buchung Ihrer Tour.<\/div><\/div>\n\t\t\t\t<\/div> <div class='et-learn-more clearfix'>\n\t\t\t\t\t<h3 class='heading-more'>H\u00e4ufig gestellte Fragen<span class='et_learnmore_arrow'><span><\/span><\/span><\/h3>\n\t\t\t\t\t<div class='learn-more-content'><div>\n<div><strong>Welche Sehensw\u00fcrdigkeiten werde ich mit Tagesausflug in kleiner Gruppe nach \u00c9vora besuchen?<\/strong><\/div>\n<div>\n<div>\n<p>W\u00e4hrend dieses Erlebnisses besuchen Sie unter anderem:<\/p>\n<ul>\n<li><a href=\"https:\/\/www.tripadvisor.pt\/Attraction_Review-g189106-d196207-Reviews-Templo_Romano_de_Evora_Templo_de_Diana-Evora_Evora_District_Alentejo.html\">R\u00f6mischer Tempel von \u00c9vora (Tempel der Diana)<\/a><\/li>\n<li><a href=\"https:\/\/www.tripadvisor.pt\/Attraction_Review-g189106-d196208-Reviews-Capela_dos_Ossos-Evora_Evora_District_Alentejo.html\">Kapelle der Knochen (\u00c9vora)<\/a><\/li>\n<li><a href=\"https:\/\/www.tripadvisor.pt\/Attraction_Review-g189106-d196209-Reviews-Praca_do_Giraldo-Evora_Evora_District_Alentejo.html\">Giraldo-Platz (\u00c9vora)<\/a><\/li>\n<\/ul>\n<\/div>\n<\/div>\n<\/div>\n<div>\n<hr>\n<\/div>\n<div>\n<div><strong>Wie viel kostet ein Tagesausflug in kleiner Gruppe nach \u00c9vora?<\/strong><\/div>\n<div>\n<div>\n<p>Preis f\u00fcr einen Tagesausflug in kleiner Gruppe nach \u00c9vora ab 153,94 \u20ac.<\/p>\n<div>\n<hr>\n<\/div>\n<div>\n<div><strong>Welches Unternehmen ist f\u00fcr den Tagesausflug in kleiner Gruppe nach \u00c9vora verantwortlich?<\/strong><\/div>\n<div>\n<div>Tagesausflug in kleiner Gruppe nach Evora wird durchgef\u00fchrt von RecordTours.<\/div>\n<\/div>\n<\/div>\n<\/div>\n<\/div>\n<\/div><\/div>\n\t\t\t\t<\/div><div class='et-learn-more clearfix'>\n\t\t\t\t\t<h3 class='heading-more'>Hilfe<span class='et_learnmore_arrow'><span><\/span><\/span><\/h3>\n\t\t\t\t\t<div class='learn-more-content'><div>Wenn Sie Fragen zu dieser Tour haben oder Hilfe bei der Buchung ben\u00f6tigen, helfen wir Ihnen gerne weiter. Rufen Sie einfach <a href=\"tel:+351932221333\">die Nummer (+351) 932 221 333<\/a> an<\/div><\/div>\n\t\t\t\t<\/div><\/p>\n","protected":false},"excerpt":{"rendered":"<p>Kommen Sie und entdecken Sie die wundersch\u00f6ne Stadt \u00c9vora, die zum UNESCO-Weltkulturerbe geh\u00f6rt. Von Lissabon aus \u00fcberqueren Sie&#8230;  <\/p>\n","protected":false},"author":3,"featured_media":3471,"comment_status":"closed","ping_status":"closed","sticky":false,"template":"","format":"standard","meta":{"_acf_changed":false,"_et_pb_use_builder":"","_et_pb_old_content":"","_et_gb_content_width":"","footnotes":""},"categories":[21,43],"tags":[],"class_list":["post-3470","post","type-post","status-publish","format-standard","has-post-thumbnail","hentry","category-touren","category-tagliche-touren"],"acf":{"photo_gallery":{"tours_galeria":[[{"id":3746,"title":"","caption":"","full_image_url":"https:\/\/recordtours.pt\/wp-content\/uploads\/2024\/03\/tours-galeria-algarve2-02.webp","thumbnail_image_url":"https:\/\/recordtours.pt\/wp-content\/uploads\/2024\/03\/tours-galeria-algarve2-02-150x150.webp","large_srcset":"https:\/\/recordtours.pt\/wp-content\/uploads\/2024\/03\/tours-galeria-algarve2-02-1024x683.webp 1024w, https:\/\/recordtours.pt\/wp-content\/uploads\/2024\/03\/tours-galeria-algarve2-02-980x653.webp 980w, https:\/\/recordtours.pt\/wp-content\/uploads\/2024\/03\/tours-galeria-algarve2-02-480x320.webp 480w","medium_srcset":false,"media_details":{"width":1200,"height":800,"sizes":{"medium":{"file":"tours-galeria-algarve2-02-300x200.webp","width":300,"height":200,"mime-type":"image\/webp","filesize":12336,"source_url":"https:\/\/recordtours.pt\/wp-content\/uploads\/2024\/03\/tours-galeria-algarve2-02-300x200.webp"},"large":{"file":"tours-galeria-algarve2-02-1024x683.webp","width":1024,"height":683,"mime-type":"image\/webp","filesize":122762,"source_url":"https:\/\/recordtours.pt\/wp-content\/uploads\/2024\/03\/tours-galeria-algarve2-02-1024x683.webp"},"thumbnail":{"file":"tours-galeria-algarve2-02-150x150.webp","width":150,"height":150,"mime-type":"image\/webp","filesize":5416,"source_url":"https:\/\/recordtours.pt\/wp-content\/uploads\/2024\/03\/tours-galeria-algarve2-02-150x150.webp"},"medium_large":{"file":"tours-galeria-algarve2-02-768x512.webp","width":768,"height":512,"mime-type":"image\/webp","filesize":70660,"source_url":"https:\/\/recordtours.pt\/wp-content\/uploads\/2024\/03\/tours-galeria-algarve2-02-768x512.webp"},"et-pb-post-main-image":{"file":"tours-galeria-algarve2-02-400x250.webp","width":400,"height":250,"mime-type":"image\/webp","filesize":18962,"source_url":"https:\/\/recordtours.pt\/wp-content\/uploads\/2024\/03\/tours-galeria-algarve2-02-400x250.webp"},"et-pb-post-main-image-fullwidth":{"file":"tours-galeria-algarve2-02-1080x675.webp","width":1080,"height":675,"mime-type":"image\/webp","filesize":127722,"source_url":"https:\/\/recordtours.pt\/wp-content\/uploads\/2024\/03\/tours-galeria-algarve2-02-1080x675.webp"},"et-pb-portfolio-image":{"file":"tours-galeria-algarve2-02-400x284.webp","width":400,"height":284,"mime-type":"image\/webp","filesize":21658,"source_url":"https:\/\/recordtours.pt\/wp-content\/uploads\/2024\/03\/tours-galeria-algarve2-02-400x284.webp"},"et-pb-portfolio-module-image":{"file":"tours-galeria-algarve2-02-510x382.webp","width":510,"height":382,"mime-type":"image\/webp","filesize":36426,"source_url":"https:\/\/recordtours.pt\/wp-content\/uploads\/2024\/03\/tours-galeria-algarve2-02-510x382.webp"},"et-pb-portfolio-image-single":{"file":"tours-galeria-algarve2-02-1080x720.webp","width":1080,"height":720,"mime-type":"image\/webp","filesize":133614,"source_url":"https:\/\/recordtours.pt\/wp-content\/uploads\/2024\/03\/tours-galeria-algarve2-02-1080x720.webp"},"et-pb-gallery-module-image-portrait":{"file":"tours-galeria-algarve2-02-400x516.webp","width":400,"height":516,"mime-type":"image\/webp","filesize":43862,"source_url":"https:\/\/recordtours.pt\/wp-content\/uploads\/2024\/03\/tours-galeria-algarve2-02-400x516.webp"},"et-pb-image--responsive--tablet":{"file":"tours-galeria-algarve2-02-980x653.webp","width":980,"height":653,"mime-type":"image\/webp","filesize":113306,"source_url":"https:\/\/recordtours.pt\/wp-content\/uploads\/2024\/03\/tours-galeria-algarve2-02-980x653.webp"},"et-pb-image--responsive--phone":{"file":"tours-galeria-algarve2-02-480x320.webp","width":480,"height":320,"mime-type":"image\/webp","filesize":27856,"source_url":"https:\/\/recordtours.pt\/wp-content\/uploads\/2024\/03\/tours-galeria-algarve2-02-480x320.webp"}}},"alt_text":"","url":"","target":""},{"id":3472,"title":"","caption":"","full_image_url":"https:\/\/recordtours.pt\/wp-content\/uploads\/2024\/04\/tours-galeria-evora-01.webp","thumbnail_image_url":"https:\/\/recordtours.pt\/wp-content\/uploads\/2024\/04\/tours-galeria-evora-01-150x150.webp","large_srcset":"https:\/\/recordtours.pt\/wp-content\/uploads\/2024\/04\/tours-galeria-evora-01-1024x683.webp 1024w, https:\/\/recordtours.pt\/wp-content\/uploads\/2024\/04\/tours-galeria-evora-01-980x653.webp 980w, https:\/\/recordtours.pt\/wp-content\/uploads\/2024\/04\/tours-galeria-evora-01-480x320.webp 480w","medium_srcset":false,"media_details":{"width":1200,"height":800,"sizes":{"medium":{"file":"tours-galeria-evora-01-300x200.webp","width":300,"height":200,"mime-type":"image\/webp","filesize":12408,"source_url":"https:\/\/recordtours.pt\/wp-content\/uploads\/2024\/04\/tours-galeria-evora-01-300x200.webp"},"large":{"file":"tours-galeria-evora-01-1024x683.webp","width":1024,"height":683,"mime-type":"image\/webp","filesize":113038,"source_url":"https:\/\/recordtours.pt\/wp-content\/uploads\/2024\/04\/tours-galeria-evora-01-1024x683.webp"},"thumbnail":{"file":"tours-galeria-evora-01-150x150.webp","width":150,"height":150,"mime-type":"image\/webp","filesize":5202,"source_url":"https:\/\/recordtours.pt\/wp-content\/uploads\/2024\/04\/tours-galeria-evora-01-150x150.webp"},"medium_large":{"file":"tours-galeria-evora-01-768x512.webp","width":768,"height":512,"mime-type":"image\/webp","filesize":68266,"source_url":"https:\/\/recordtours.pt\/wp-content\/uploads\/2024\/04\/tours-galeria-evora-01-768x512.webp"},"et-pb-post-main-image":{"file":"tours-galeria-evora-01-400x250.webp","width":400,"height":250,"mime-type":"image\/webp","filesize":19432,"source_url":"https:\/\/recordtours.pt\/wp-content\/uploads\/2024\/04\/tours-galeria-evora-01-400x250.webp"},"et-pb-post-main-image-fullwidth":{"file":"tours-galeria-evora-01-1080x675.webp","width":1080,"height":675,"mime-type":"image\/webp","filesize":117432,"source_url":"https:\/\/recordtours.pt\/wp-content\/uploads\/2024\/04\/tours-galeria-evora-01-1080x675.webp"},"et-pb-portfolio-image":{"file":"tours-galeria-evora-01-400x284.webp","width":400,"height":284,"mime-type":"image\/webp","filesize":21728,"source_url":"https:\/\/recordtours.pt\/wp-content\/uploads\/2024\/04\/tours-galeria-evora-01-400x284.webp"},"et-pb-portfolio-module-image":{"file":"tours-galeria-evora-01-510x382.webp","width":510,"height":382,"mime-type":"image\/webp","filesize":35444,"source_url":"https:\/\/recordtours.pt\/wp-content\/uploads\/2024\/04\/tours-galeria-evora-01-510x382.webp"},"et-pb-portfolio-image-single":{"file":"tours-galeria-evora-01-1080x720.webp","width":1080,"height":720,"mime-type":"image\/webp","filesize":123364,"source_url":"https:\/\/recordtours.pt\/wp-content\/uploads\/2024\/04\/tours-galeria-evora-01-1080x720.webp"},"et-pb-gallery-module-image-portrait":{"file":"tours-galeria-evora-01-400x516.webp","width":400,"height":516,"mime-type":"image\/webp","filesize":42752,"source_url":"https:\/\/recordtours.pt\/wp-content\/uploads\/2024\/04\/tours-galeria-evora-01-400x516.webp"},"et-pb-image--responsive--tablet":{"file":"tours-galeria-evora-01-980x653.webp","width":980,"height":653,"mime-type":"image\/webp","filesize":104462,"source_url":"https:\/\/recordtours.pt\/wp-content\/uploads\/2024\/04\/tours-galeria-evora-01-980x653.webp"},"et-pb-image--responsive--phone":{"file":"tours-galeria-evora-01-480x320.webp","width":480,"height":320,"mime-type":"image\/webp","filesize":27644,"source_url":"https:\/\/recordtours.pt\/wp-content\/uploads\/2024\/04\/tours-galeria-evora-01-480x320.webp"}}},"alt_text":"","url":"","target":""},{"id":3473,"title":"","caption":"","full_image_url":"https:\/\/recordtours.pt\/wp-content\/uploads\/2024\/04\/tours-galeria-evora-02.webp","thumbnail_image_url":"https:\/\/recordtours.pt\/wp-content\/uploads\/2024\/04\/tours-galeria-evora-02-150x150.webp","large_srcset":"https:\/\/recordtours.pt\/wp-content\/uploads\/2024\/04\/tours-galeria-evora-02-1024x683.webp 1024w, https:\/\/recordtours.pt\/wp-content\/uploads\/2024\/04\/tours-galeria-evora-02-980x653.webp 980w, https:\/\/recordtours.pt\/wp-content\/uploads\/2024\/04\/tours-galeria-evora-02-480x320.webp 480w","medium_srcset":false,"media_details":{"width":1200,"height":800,"sizes":{"medium":{"file":"tours-galeria-evora-02-300x200.webp","width":300,"height":200,"mime-type":"image\/webp","filesize":14684,"source_url":"https:\/\/recordtours.pt\/wp-content\/uploads\/2024\/04\/tours-galeria-evora-02-300x200.webp"},"large":{"file":"tours-galeria-evora-02-1024x683.webp","width":1024,"height":683,"mime-type":"image\/webp","filesize":111212,"source_url":"https:\/\/recordtours.pt\/wp-content\/uploads\/2024\/04\/tours-galeria-evora-02-1024x683.webp"},"thumbnail":{"file":"tours-galeria-evora-02-150x150.webp","width":150,"height":150,"mime-type":"image\/webp","filesize":5900,"source_url":"https:\/\/recordtours.pt\/wp-content\/uploads\/2024\/04\/tours-galeria-evora-02-150x150.webp"},"medium_large":{"file":"tours-galeria-evora-02-768x512.webp","width":768,"height":512,"mime-type":"image\/webp","filesize":70390,"source_url":"https:\/\/recordtours.pt\/wp-content\/uploads\/2024\/04\/tours-galeria-evora-02-768x512.webp"},"et-pb-post-main-image":{"file":"tours-galeria-evora-02-400x250.webp","width":400,"height":250,"mime-type":"image\/webp","filesize":22004,"source_url":"https:\/\/recordtours.pt\/wp-content\/uploads\/2024\/04\/tours-galeria-evora-02-400x250.webp"},"et-pb-post-main-image-fullwidth":{"file":"tours-galeria-evora-02-1080x675.webp","width":1080,"height":675,"mime-type":"image\/webp","filesize":114840,"source_url":"https:\/\/recordtours.pt\/wp-content\/uploads\/2024\/04\/tours-galeria-evora-02-1080x675.webp"},"et-pb-portfolio-image":{"file":"tours-galeria-evora-02-400x284.webp","width":400,"height":284,"mime-type":"image\/webp","filesize":23900,"source_url":"https:\/\/recordtours.pt\/wp-content\/uploads\/2024\/04\/tours-galeria-evora-02-400x284.webp"},"et-pb-portfolio-module-image":{"file":"tours-galeria-evora-02-510x382.webp","width":510,"height":382,"mime-type":"image\/webp","filesize":37850,"source_url":"https:\/\/recordtours.pt\/wp-content\/uploads\/2024\/04\/tours-galeria-evora-02-510x382.webp"},"et-pb-portfolio-image-single":{"file":"tours-galeria-evora-02-1080x720.webp","width":1080,"height":720,"mime-type":"image\/webp","filesize":120166,"source_url":"https:\/\/recordtours.pt\/wp-content\/uploads\/2024\/04\/tours-galeria-evora-02-1080x720.webp"},"et-pb-gallery-module-image-portrait":{"file":"tours-galeria-evora-02-400x516.webp","width":400,"height":516,"mime-type":"image\/webp","filesize":35232,"source_url":"https:\/\/recordtours.pt\/wp-content\/uploads\/2024\/04\/tours-galeria-evora-02-400x516.webp"},"et-pb-image--responsive--tablet":{"file":"tours-galeria-evora-02-980x653.webp","width":980,"height":653,"mime-type":"image\/webp","filesize":103926,"source_url":"https:\/\/recordtours.pt\/wp-content\/uploads\/2024\/04\/tours-galeria-evora-02-980x653.webp"},"et-pb-image--responsive--phone":{"file":"tours-galeria-evora-02-480x320.webp","width":480,"height":320,"mime-type":"image\/webp","filesize":31160,"source_url":"https:\/\/recordtours.pt\/wp-content\/uploads\/2024\/04\/tours-galeria-evora-02-480x320.webp"}}},"alt_text":"","url":"","target":""},{"id":3474,"title":"","caption":"","full_image_url":"https:\/\/recordtours.pt\/wp-content\/uploads\/2024\/04\/tours-galeria-evora-03.webp","thumbnail_image_url":"https:\/\/recordtours.pt\/wp-content\/uploads\/2024\/04\/tours-galeria-evora-03-150x150.webp","large_srcset":"https:\/\/recordtours.pt\/wp-content\/uploads\/2024\/04\/tours-galeria-evora-03-1024x683.webp 1024w, https:\/\/recordtours.pt\/wp-content\/uploads\/2024\/04\/tours-galeria-evora-03-980x653.webp 980w, https:\/\/recordtours.pt\/wp-content\/uploads\/2024\/04\/tours-galeria-evora-03-480x320.webp 480w","medium_srcset":false,"media_details":{"width":1200,"height":800,"sizes":{"medium":{"file":"tours-galeria-evora-03-300x200.webp","width":300,"height":200,"mime-type":"image\/webp","filesize":16200,"source_url":"https:\/\/recordtours.pt\/wp-content\/uploads\/2024\/04\/tours-galeria-evora-03-300x200.webp"},"large":{"file":"tours-galeria-evora-03-1024x683.webp","width":1024,"height":683,"mime-type":"image\/webp","filesize":126434,"source_url":"https:\/\/recordtours.pt\/wp-content\/uploads\/2024\/04\/tours-galeria-evora-03-1024x683.webp"},"thumbnail":{"file":"tours-galeria-evora-03-150x150.webp","width":150,"height":150,"mime-type":"image\/webp","filesize":6114,"source_url":"https:\/\/recordtours.pt\/wp-content\/uploads\/2024\/04\/tours-galeria-evora-03-150x150.webp"},"medium_large":{"file":"tours-galeria-evora-03-768x512.webp","width":768,"height":512,"mime-type":"image\/webp","filesize":78318,"source_url":"https:\/\/recordtours.pt\/wp-content\/uploads\/2024\/04\/tours-galeria-evora-03-768x512.webp"},"et-pb-post-main-image":{"file":"tours-galeria-evora-03-400x250.webp","width":400,"height":250,"mime-type":"image\/webp","filesize":24306,"source_url":"https:\/\/recordtours.pt\/wp-content\/uploads\/2024\/04\/tours-galeria-evora-03-400x250.webp"},"et-pb-post-main-image-fullwidth":{"file":"tours-galeria-evora-03-1080x675.webp","width":1080,"height":675,"mime-type":"image\/webp","filesize":127734,"source_url":"https:\/\/recordtours.pt\/wp-content\/uploads\/2024\/04\/tours-galeria-evora-03-1080x675.webp"},"et-pb-portfolio-image":{"file":"tours-galeria-evora-03-400x284.webp","width":400,"height":284,"mime-type":"image\/webp","filesize":26676,"source_url":"https:\/\/recordtours.pt\/wp-content\/uploads\/2024\/04\/tours-galeria-evora-03-400x284.webp"},"et-pb-portfolio-module-image":{"file":"tours-galeria-evora-03-510x382.webp","width":510,"height":382,"mime-type":"image\/webp","filesize":41790,"source_url":"https:\/\/recordtours.pt\/wp-content\/uploads\/2024\/04\/tours-galeria-evora-03-510x382.webp"},"et-pb-portfolio-image-single":{"file":"tours-galeria-evora-03-1080x720.webp","width":1080,"height":720,"mime-type":"image\/webp","filesize":135976,"source_url":"https:\/\/recordtours.pt\/wp-content\/uploads\/2024\/04\/tours-galeria-evora-03-1080x720.webp"},"et-pb-gallery-module-image-portrait":{"file":"tours-galeria-evora-03-400x516.webp","width":400,"height":516,"mime-type":"image\/webp","filesize":37348,"source_url":"https:\/\/recordtours.pt\/wp-content\/uploads\/2024\/04\/tours-galeria-evora-03-400x516.webp"},"et-pb-image--responsive--tablet":{"file":"tours-galeria-evora-03-980x653.webp","width":980,"height":653,"mime-type":"image\/webp","filesize":118638,"source_url":"https:\/\/recordtours.pt\/wp-content\/uploads\/2024\/04\/tours-galeria-evora-03-980x653.webp"},"et-pb-image--responsive--phone":{"file":"tours-galeria-evora-03-480x320.webp","width":480,"height":320,"mime-type":"image\/webp","filesize":35066,"source_url":"https:\/\/recordtours.pt\/wp-content\/uploads\/2024\/04\/tours-galeria-evora-03-480x320.webp"}}},"alt_text":"","url":"","target":""}]]}},"_links":{"self":[{"href":"https:\/\/recordtours.pt\/de\/wp-json\/wp\/v2\/posts\/3470","targetHints":{"allow":["GET"]}}],"collection":[{"href":"https:\/\/recordtours.pt\/de\/wp-json\/wp\/v2\/posts"}],"about":[{"href":"https:\/\/recordtours.pt\/de\/wp-json\/wp\/v2\/types\/post"}],"author":[{"embeddable":true,"href":"https:\/\/recordtours.pt\/de\/wp-json\/wp\/v2\/users\/3"}],"replies":[{"embeddable":true,"href":"https:\/\/recordtours.pt\/de\/wp-json\/wp\/v2\/comments?post=3470"}],"version-history":[{"count":0,"href":"https:\/\/recordtours.pt\/de\/wp-json\/wp\/v2\/posts\/3470\/revisions"}],"wp:featuredmedia":[{"embeddable":true,"href":"https:\/\/recordtours.pt\/de\/wp-json\/wp\/v2\/media\/3471"}],"wp:attachment":[{"href":"https:\/\/recordtours.pt\/de\/wp-json\/wp\/v2\/media?parent=3470"}],"wp:term":[{"taxonomy":"category","embeddable":true,"href":"https:\/\/recordtours.pt\/de\/wp-json\/wp\/v2\/categories?post=3470"},{"taxonomy":"post_tag","embeddable":true,"href":"https:\/\/recordtours.pt\/de\/wp-json\/wp\/v2\/tags?post=3470"}],"curies":[{"name":"wp","href":"https:\/\/api.w.org\/{rel}","templated":true}]}}