{"id":3524,"date":"2024-03-05T14:50:48","date_gmt":"2024-03-05T14:50:48","guid":{"rendered":"https:\/\/recordtours.pt\/2-taegige-private-algarve-tour-ab-lissabon\/"},"modified":"2024-06-24T11:53:56","modified_gmt":"2024-06-24T11:53:56","slug":"2-taegige-private-algarve-tour-ab-lissabon","status":"publish","type":"post","link":"https:\/\/recordtours.pt\/de\/2-taegige-private-algarve-tour-ab-lissabon\/","title":{"rendered":"2-t\u00e4gige private Algarve-Tour ab Lissabon"},"content":{"rendered":"<p>Zweit\u00e4gige private Tour an der Algarve ab Lissabon, perfekt f\u00fcr Sie, wenn Sie die Algarve-Region besuchen m\u00f6chten, aber nicht genau wissen, wo oder wie. Die Algarve ist eine portugiesische Region mit etwa 200 km von Ost nach West, in diesen zwei Tagen empfehlen wir Ihnen, einige der wichtigsten Orte unter ihnen zu besuchen; Faro, Albufeira, Lagos und Sagres, immer mit der historischen Begleitung jedes Ortes und mit den wichtigsten Kuriosit\u00e4ten, kann diese private Tour immer noch an Ihre Interessen oder Neugier angepasst werden.<\/p>\n<div class='et-learn-more clearfix'>\n\t\t\t\t\t<h3 class='heading-more'>Was ist inbegriffen<span class='et_learnmore_arrow'><span><\/span><\/span><\/h3>\n\t\t\t\t\t<div class='learn-more-content'><div>\n<ul>\n<li>Klimatisiertes Fahrzeug<\/li>\n<li>Wi-Fi an Bord<\/li>\n<li>Privater Transport<\/li>\n<\/ul>\n<\/div><\/div>\n\t\t\t\t<\/div> <div class='et-learn-more clearfix'>\n\t\t\t\t\t<h3 class='heading-more'>Abreise und R\u00fcckkehr<span class='et_learnmore_arrow'><span><\/span><\/span><\/h3>\n\t\t\t\t\t<div class='learn-more-content'><div>\n<ul>\n<li><strong>Start<\/strong>: Mehrere Abholorte verf\u00fcgbar.<\/li>\n<li><i class=\"fa-icon\" style=\"font-size: 1em;\">\uf236<\/i> <strong>Abholservice vom Hotel verf\u00fcgbar<\/strong>\nW\u00e4hrend der Zahlung k\u00f6nnen Sie aus der Liste der enthaltenen Hotels ausw\u00e4hlen.<\/li>\n<li><i class=\"fa-icon\" style=\"font-size: 1em;\">\uf21a<\/i> <strong>Hafenabholservice verf\u00fcgbar<\/strong>\nW\u00e4hrend der Zahlung k\u00f6nnen Sie aus der Liste der enthaltenen Ports ausw\u00e4hlen.<\/li>\n<li><strong>Ende<\/strong>: Diese Aktivit\u00e4t endet am Treffpunkt.<\/li>\n<\/ul>\n<\/div><\/div>\n\t\t\t\t<\/div> <div class='et-learn-more clearfix'>\n\t\t\t\t\t<h3 class='heading-more'>Zug\u00e4nglichkeit<span class='et_learnmore_arrow'><span><\/span><\/span><\/h3>\n\t\t\t\t\t<div class='learn-more-content'><div>\n<ul>\n<li>Nicht f\u00fcr Rollstuhlfahrer zug\u00e4nglich<\/li>\n<li>In der N\u00e4he von \u00f6ffentlichen Verkehrsmitteln<\/li>\n<li>Kindersitze verf\u00fcgbar<\/li>\n<\/ul>\n<\/div>\n<div>\n<div>Wenn Sie Fragen zur Barrierefreiheit haben, helfen wir Ihnen gerne weiter. Rufen Sie einfach <a href=\"tel:+351932221333\">die Nummer (+351) 932 221 333<\/a> an<\/div>\n<\/div><\/div>\n\t\t\t\t<\/div> <div class='et-learn-more clearfix'>\n\t\t\t\t\t<h3 class='heading-more'>Zusatzinformation<span class='et_learnmore_arrow'><span><\/span><\/span><\/h3>\n\t\t\t\t\t<div class='learn-more-content'><div>\n<ul>\n<li>Die Best\u00e4tigung erhalten Sie zum Zeitpunkt der Buchung<\/li>\n<li>Die meisten Reisenden k\u00f6nnen teilnehmen<\/li>\n<li>Dies ist eine private Aktivit\u00e4t\/Tour. Nur Ihre Gruppe nimmt teil<\/li>\n<\/ul>\n<\/div><\/div>\n\t\t\t\t<\/div> <div class='et-learn-more clearfix'>\n\t\t\t\t\t<h3 class='heading-more'>Stornierungsbedingungen<span class='et_learnmore_arrow'><span><\/span><\/span><\/h3>\n\t\t\t\t\t<div class='learn-more-content'><div>F\u00fcr eine vollst\u00e4ndige R\u00fcckerstattung stornieren Sie innerhalb von 72 Stunden nach der Buchung Ihrer Tour.<\/div><\/div>\n\t\t\t\t<\/div> <div class='et-learn-more clearfix'>\n\t\t\t\t\t<h3 class='heading-more'>H\u00e4ufig gestellte Fragen<span class='et_learnmore_arrow'><span><\/span><\/span><\/h3>\n\t\t\t\t\t<div class='learn-more-content'><div>\n<div><strong>Welche Sehensw\u00fcrdigkeiten werde ich mit 2-t\u00e4giger privater Algarve-Tour ab Lissabon besuchen?<\/strong><\/div>\n<div>\n<div>\n<p>W\u00e4hrend dieses Erlebnisses besuchen Sie unter anderem:<\/p>\n<ul>\n<li><a href=\"https:\/\/www.tripadvisor.pt\/Attraction_Review-g189112-d671971-Reviews-Centro_Historico_de_Albufeira-Albufeira_Faro_District_Algarve.html\">Historisches Zentrum von Albufeira<\/a><\/li>\n<li><a href=\"https:\/\/www.tripadvisor.pt\/Attraction_Review-g189116-d1102424-Reviews-Old_Town_Faro-Faro_Faro_District_Algarve.html\">Altstadt<\/a><\/li>\n<li><a href=\"https:\/\/www.tripadvisor.pt\/Attraction_Review-g189121-d4701589-Reviews-Cape_Saint_Vincent-Sagres_Faro_District_Algarve.html\">Cabo de San Vicente<\/a><\/li>\n<\/ul>\n<\/div>\n<\/div>\n<\/div>\n<div>\n<hr>\n<\/div>\n<div>\n<div><strong>Wie viel kostet eine 2-t\u00e4gige private Algarve-Tour ab Lissabon?<\/strong><\/div>\n<div>\n<div>Preis f\u00fcr 2 Tage Private Tour an der Algarve ab Lissabon ab 799,89 \u20ac.<\/div>\n<\/div>\n<\/div>\n<div>\n<hr>\n<\/div>\n<div>\n<div><strong>Welches Unternehmen ist f\u00fcr die Algarve 2-t\u00e4gige Privattour ab Lissabon verantwortlich?<\/strong><\/div>\n<div>\n<div>2-t\u00e4gige private Algarve-Tour ab Lissabon wird durchgef\u00fchrt von RecordTours.<\/div>\n<\/div>\n<\/div><\/div>\n\t\t\t\t<\/div><div class='et-learn-more clearfix'>\n\t\t\t\t\t<h3 class='heading-more'>Hilfe<span class='et_learnmore_arrow'><span><\/span><\/span><\/h3>\n\t\t\t\t\t<div class='learn-more-content'><div>Wenn Sie Fragen zu dieser Tour haben oder Hilfe bei der Buchung ben\u00f6tigen, helfen wir Ihnen gerne weiter. Rufen Sie einfach <a href=\"tel:+351932221333\">die Nummer (+351) 932 221 333<\/a> an<\/div><\/div>\n\t\t\t\t<\/div><\/p>\n","protected":false},"excerpt":{"rendered":"<p>Zweit\u00e4gige private Tour an der Algarve ab Lissabon, perfekt f\u00fcr Sie, die die Algarve-Region besuchen m\u00f6chten, aber &#8230;  <\/p>\n","protected":false},"author":3,"featured_media":3525,"comment_status":"closed","ping_status":"closed","sticky":false,"template":"","format":"standard","meta":{"_acf_changed":false,"_et_pb_use_builder":"","_et_pb_old_content":"","_et_gb_content_width":"","footnotes":""},"categories":[21,47],"tags":[],"class_list":["post-3524","post","type-post","status-publish","format-standard","has-post-thumbnail","hentry","category-touren","category-mehrtagige-reiserouten"],"acf":{"photo_gallery":{"tours_galeria":[[{"id":3526,"title":"","caption":"","full_image_url":"https:\/\/recordtours.pt\/wp-content\/uploads\/2024\/03\/tours-galeria-algarve-01.webp","thumbnail_image_url":"https:\/\/recordtours.pt\/wp-content\/uploads\/2024\/03\/tours-galeria-algarve-01-150x150.webp","large_srcset":"https:\/\/recordtours.pt\/wp-content\/uploads\/2024\/03\/tours-galeria-algarve-01-1024x683.webp 1024w, https:\/\/recordtours.pt\/wp-content\/uploads\/2024\/03\/tours-galeria-algarve-01-980x653.webp 980w, https:\/\/recordtours.pt\/wp-content\/uploads\/2024\/03\/tours-galeria-algarve-01-480x320.webp 480w","medium_srcset":false,"media_details":{"width":1200,"height":800,"sizes":{"medium":{"file":"tours-galeria-algarve-01-300x200.webp","width":300,"height":200,"mime-type":"image\/webp","filesize":18506,"source_url":"https:\/\/recordtours.pt\/wp-content\/uploads\/2024\/03\/tours-galeria-algarve-01-300x200.webp"},"large":{"file":"tours-galeria-algarve-01-1024x683.webp","width":1024,"height":683,"mime-type":"image\/webp","filesize":185208,"source_url":"https:\/\/recordtours.pt\/wp-content\/uploads\/2024\/03\/tours-galeria-algarve-01-1024x683.webp"},"thumbnail":{"file":"tours-galeria-algarve-01-150x150.webp","width":150,"height":150,"mime-type":"image\/webp","filesize":7166,"source_url":"https:\/\/recordtours.pt\/wp-content\/uploads\/2024\/03\/tours-galeria-algarve-01-150x150.webp"},"medium_large":{"file":"tours-galeria-algarve-01-768x512.webp","width":768,"height":512,"mime-type":"image\/webp","filesize":104798,"source_url":"https:\/\/recordtours.pt\/wp-content\/uploads\/2024\/03\/tours-galeria-algarve-01-768x512.webp"},"et-pb-post-main-image":{"file":"tours-galeria-algarve-01-400x250.webp","width":400,"height":250,"mime-type":"image\/webp","filesize":29322,"source_url":"https:\/\/recordtours.pt\/wp-content\/uploads\/2024\/03\/tours-galeria-algarve-01-400x250.webp"},"et-pb-post-main-image-fullwidth":{"file":"tours-galeria-algarve-01-1080x675.webp","width":1080,"height":675,"mime-type":"image\/webp","filesize":195986,"source_url":"https:\/\/recordtours.pt\/wp-content\/uploads\/2024\/03\/tours-galeria-algarve-01-1080x675.webp"},"et-pb-portfolio-image":{"file":"tours-galeria-algarve-01-400x284.webp","width":400,"height":284,"mime-type":"image\/webp","filesize":32472,"source_url":"https:\/\/recordtours.pt\/wp-content\/uploads\/2024\/03\/tours-galeria-algarve-01-400x284.webp"},"et-pb-portfolio-module-image":{"file":"tours-galeria-algarve-01-510x382.webp","width":510,"height":382,"mime-type":"image\/webp","filesize":53440,"source_url":"https:\/\/recordtours.pt\/wp-content\/uploads\/2024\/03\/tours-galeria-algarve-01-510x382.webp"},"et-pb-portfolio-image-single":{"file":"tours-galeria-algarve-01-1080x720.webp","width":1080,"height":720,"mime-type":"image\/webp","filesize":204164,"source_url":"https:\/\/recordtours.pt\/wp-content\/uploads\/2024\/03\/tours-galeria-algarve-01-1080x720.webp"},"et-pb-gallery-module-image-portrait":{"file":"tours-galeria-algarve-01-400x516.webp","width":400,"height":516,"mime-type":"image\/webp","filesize":53686,"source_url":"https:\/\/recordtours.pt\/wp-content\/uploads\/2024\/03\/tours-galeria-algarve-01-400x516.webp"},"et-pb-image--responsive--tablet":{"file":"tours-galeria-algarve-01-980x653.webp","width":980,"height":653,"mime-type":"image\/webp","filesize":170706,"source_url":"https:\/\/recordtours.pt\/wp-content\/uploads\/2024\/03\/tours-galeria-algarve-01-980x653.webp"},"et-pb-image--responsive--phone":{"file":"tours-galeria-algarve-01-480x320.webp","width":480,"height":320,"mime-type":"image\/webp","filesize":42202,"source_url":"https:\/\/recordtours.pt\/wp-content\/uploads\/2024\/03\/tours-galeria-algarve-01-480x320.webp"}}},"alt_text":"","url":"","target":""},{"id":3527,"title":"","caption":"","full_image_url":"https:\/\/recordtours.pt\/wp-content\/uploads\/2024\/03\/tours-galeria-algarve-02.webp","thumbnail_image_url":"https:\/\/recordtours.pt\/wp-content\/uploads\/2024\/03\/tours-galeria-algarve-02-150x150.webp","large_srcset":"https:\/\/recordtours.pt\/wp-content\/uploads\/2024\/03\/tours-galeria-algarve-02-1024x683.webp 1024w, https:\/\/recordtours.pt\/wp-content\/uploads\/2024\/03\/tours-galeria-algarve-02-980x653.webp 980w, https:\/\/recordtours.pt\/wp-content\/uploads\/2024\/03\/tours-galeria-algarve-02-480x320.webp 480w","medium_srcset":false,"media_details":{"width":1200,"height":800,"sizes":{"medium":{"file":"tours-galeria-algarve-02-300x200.webp","width":300,"height":200,"mime-type":"image\/webp","filesize":19696,"source_url":"https:\/\/recordtours.pt\/wp-content\/uploads\/2024\/03\/tours-galeria-algarve-02-300x200.webp"},"large":{"file":"tours-galeria-algarve-02-1024x683.webp","width":1024,"height":683,"mime-type":"image\/webp","filesize":110232,"source_url":"https:\/\/recordtours.pt\/wp-content\/uploads\/2024\/03\/tours-galeria-algarve-02-1024x683.webp"},"thumbnail":{"file":"tours-galeria-algarve-02-150x150.webp","width":150,"height":150,"mime-type":"image\/webp","filesize":8798,"source_url":"https:\/\/recordtours.pt\/wp-content\/uploads\/2024\/03\/tours-galeria-algarve-02-150x150.webp"},"medium_large":{"file":"tours-galeria-algarve-02-768x512.webp","width":768,"height":512,"mime-type":"image\/webp","filesize":75988,"source_url":"https:\/\/recordtours.pt\/wp-content\/uploads\/2024\/03\/tours-galeria-algarve-02-768x512.webp"},"et-pb-post-main-image":{"file":"tours-galeria-algarve-02-400x250.webp","width":400,"height":250,"mime-type":"image\/webp","filesize":28990,"source_url":"https:\/\/recordtours.pt\/wp-content\/uploads\/2024\/03\/tours-galeria-algarve-02-400x250.webp"},"et-pb-post-main-image-fullwidth":{"file":"tours-galeria-algarve-02-1080x675.webp","width":1080,"height":675,"mime-type":"image\/webp","filesize":112080,"source_url":"https:\/\/recordtours.pt\/wp-content\/uploads\/2024\/03\/tours-galeria-algarve-02-1080x675.webp"},"et-pb-portfolio-image":{"file":"tours-galeria-algarve-02-400x284.webp","width":400,"height":284,"mime-type":"image\/webp","filesize":31410,"source_url":"https:\/\/recordtours.pt\/wp-content\/uploads\/2024\/03\/tours-galeria-algarve-02-400x284.webp"},"et-pb-portfolio-module-image":{"file":"tours-galeria-algarve-02-510x382.webp","width":510,"height":382,"mime-type":"image\/webp","filesize":46836,"source_url":"https:\/\/recordtours.pt\/wp-content\/uploads\/2024\/03\/tours-galeria-algarve-02-510x382.webp"},"et-pb-portfolio-image-single":{"file":"tours-galeria-algarve-02-1080x720.webp","width":1080,"height":720,"mime-type":"image\/webp","filesize":115826,"source_url":"https:\/\/recordtours.pt\/wp-content\/uploads\/2024\/03\/tours-galeria-algarve-02-1080x720.webp"},"et-pb-gallery-module-image-portrait":{"file":"tours-galeria-algarve-02-400x516.webp","width":400,"height":516,"mime-type":"image\/webp","filesize":44442,"source_url":"https:\/\/recordtours.pt\/wp-content\/uploads\/2024\/03\/tours-galeria-algarve-02-400x516.webp"},"et-pb-image--responsive--tablet":{"file":"tours-galeria-algarve-02-980x653.webp","width":980,"height":653,"mime-type":"image\/webp","filesize":104244,"source_url":"https:\/\/recordtours.pt\/wp-content\/uploads\/2024\/03\/tours-galeria-algarve-02-980x653.webp"},"et-pb-image--responsive--phone":{"file":"tours-galeria-algarve-02-480x320.webp","width":480,"height":320,"mime-type":"image\/webp","filesize":39170,"source_url":"https:\/\/recordtours.pt\/wp-content\/uploads\/2024\/03\/tours-galeria-algarve-02-480x320.webp"}}},"alt_text":"","url":"","target":""},{"id":3528,"title":"","caption":"","full_image_url":"https:\/\/recordtours.pt\/wp-content\/uploads\/2024\/03\/tours-galeria-algarve-03.webp","thumbnail_image_url":"https:\/\/recordtours.pt\/wp-content\/uploads\/2024\/03\/tours-galeria-algarve-03-150x150.webp","large_srcset":"https:\/\/recordtours.pt\/wp-content\/uploads\/2024\/03\/tours-galeria-algarve-03-1024x683.webp 1024w, https:\/\/recordtours.pt\/wp-content\/uploads\/2024\/03\/tours-galeria-algarve-03-980x653.webp 980w, https:\/\/recordtours.pt\/wp-content\/uploads\/2024\/03\/tours-galeria-algarve-03-480x320.webp 480w","medium_srcset":false,"media_details":{"width":1200,"height":800,"sizes":{"medium":{"file":"tours-galeria-algarve-03-300x200.webp","width":300,"height":200,"mime-type":"image\/webp","filesize":17572,"source_url":"https:\/\/recordtours.pt\/wp-content\/uploads\/2024\/03\/tours-galeria-algarve-03-300x200.webp"},"large":{"file":"tours-galeria-algarve-03-1024x683.webp","width":1024,"height":683,"mime-type":"image\/webp","filesize":150976,"source_url":"https:\/\/recordtours.pt\/wp-content\/uploads\/2024\/03\/tours-galeria-algarve-03-1024x683.webp"},"thumbnail":{"file":"tours-galeria-algarve-03-150x150.webp","width":150,"height":150,"mime-type":"image\/webp","filesize":7410,"source_url":"https:\/\/recordtours.pt\/wp-content\/uploads\/2024\/03\/tours-galeria-algarve-03-150x150.webp"},"medium_large":{"file":"tours-galeria-algarve-03-768x512.webp","width":768,"height":512,"mime-type":"image\/webp","filesize":92054,"source_url":"https:\/\/recordtours.pt\/wp-content\/uploads\/2024\/03\/tours-galeria-algarve-03-768x512.webp"},"et-pb-post-main-image":{"file":"tours-galeria-algarve-03-400x250.webp","width":400,"height":250,"mime-type":"image\/webp","filesize":27180,"source_url":"https:\/\/recordtours.pt\/wp-content\/uploads\/2024\/03\/tours-galeria-algarve-03-400x250.webp"},"et-pb-post-main-image-fullwidth":{"file":"tours-galeria-algarve-03-1080x675.webp","width":1080,"height":675,"mime-type":"image\/webp","filesize":159462,"source_url":"https:\/\/recordtours.pt\/wp-content\/uploads\/2024\/03\/tours-galeria-algarve-03-1080x675.webp"},"et-pb-portfolio-image":{"file":"tours-galeria-algarve-03-400x284.webp","width":400,"height":284,"mime-type":"image\/webp","filesize":30214,"source_url":"https:\/\/recordtours.pt\/wp-content\/uploads\/2024\/03\/tours-galeria-algarve-03-400x284.webp"},"et-pb-portfolio-module-image":{"file":"tours-galeria-algarve-03-510x382.webp","width":510,"height":382,"mime-type":"image\/webp","filesize":49152,"source_url":"https:\/\/recordtours.pt\/wp-content\/uploads\/2024\/03\/tours-galeria-algarve-03-510x382.webp"},"et-pb-portfolio-image-single":{"file":"tours-galeria-algarve-03-1080x720.webp","width":1080,"height":720,"mime-type":"image\/webp","filesize":165110,"source_url":"https:\/\/recordtours.pt\/wp-content\/uploads\/2024\/03\/tours-galeria-algarve-03-1080x720.webp"},"et-pb-gallery-module-image-portrait":{"file":"tours-galeria-algarve-03-400x516.webp","width":400,"height":516,"mime-type":"image\/webp","filesize":49746,"source_url":"https:\/\/recordtours.pt\/wp-content\/uploads\/2024\/03\/tours-galeria-algarve-03-400x516.webp"},"et-pb-image--responsive--tablet":{"file":"tours-galeria-algarve-03-980x653.webp","width":980,"height":653,"mime-type":"image\/webp","filesize":140828,"source_url":"https:\/\/recordtours.pt\/wp-content\/uploads\/2024\/03\/tours-galeria-algarve-03-980x653.webp"},"et-pb-image--responsive--phone":{"file":"tours-galeria-algarve-03-480x320.webp","width":480,"height":320,"mime-type":"image\/webp","filesize":39106,"source_url":"https:\/\/recordtours.pt\/wp-content\/uploads\/2024\/03\/tours-galeria-algarve-03-480x320.webp"}}},"alt_text":"","url":"","target":""},{"id":3530,"title":"","caption":"","full_image_url":"https:\/\/recordtours.pt\/wp-content\/uploads\/2024\/03\/tours-galeria-algarve-05.webp","thumbnail_image_url":"https:\/\/recordtours.pt\/wp-content\/uploads\/2024\/03\/tours-galeria-algarve-05-150x150.webp","large_srcset":"https:\/\/recordtours.pt\/wp-content\/uploads\/2024\/03\/tours-galeria-algarve-05-1024x683.webp 1024w, https:\/\/recordtours.pt\/wp-content\/uploads\/2024\/03\/tours-galeria-algarve-05-980x653.webp 980w, https:\/\/recordtours.pt\/wp-content\/uploads\/2024\/03\/tours-galeria-algarve-05-480x320.webp 480w","medium_srcset":false,"media_details":{"width":1200,"height":800,"sizes":{"medium":{"file":"tours-galeria-algarve-05-300x200.webp","width":300,"height":200,"mime-type":"image\/webp","filesize":14248,"source_url":"https:\/\/recordtours.pt\/wp-content\/uploads\/2024\/03\/tours-galeria-algarve-05-300x200.webp"},"large":{"file":"tours-galeria-algarve-05-1024x683.webp","width":1024,"height":683,"mime-type":"image\/webp","filesize":123522,"source_url":"https:\/\/recordtours.pt\/wp-content\/uploads\/2024\/03\/tours-galeria-algarve-05-1024x683.webp"},"thumbnail":{"file":"tours-galeria-algarve-05-150x150.webp","width":150,"height":150,"mime-type":"image\/webp","filesize":5682,"source_url":"https:\/\/recordtours.pt\/wp-content\/uploads\/2024\/03\/tours-galeria-algarve-05-150x150.webp"},"medium_large":{"file":"tours-galeria-algarve-05-768x512.webp","width":768,"height":512,"mime-type":"image\/webp","filesize":75250,"source_url":"https:\/\/recordtours.pt\/wp-content\/uploads\/2024\/03\/tours-galeria-algarve-05-768x512.webp"},"et-pb-post-main-image":{"file":"tours-galeria-algarve-05-400x250.webp","width":400,"height":250,"mime-type":"image\/webp","filesize":22124,"source_url":"https:\/\/recordtours.pt\/wp-content\/uploads\/2024\/03\/tours-galeria-algarve-05-400x250.webp"},"et-pb-post-main-image-fullwidth":{"file":"tours-galeria-algarve-05-1080x675.webp","width":1080,"height":675,"mime-type":"image\/webp","filesize":130012,"source_url":"https:\/\/recordtours.pt\/wp-content\/uploads\/2024\/03\/tours-galeria-algarve-05-1080x675.webp"},"et-pb-portfolio-image":{"file":"tours-galeria-algarve-05-400x284.webp","width":400,"height":284,"mime-type":"image\/webp","filesize":24064,"source_url":"https:\/\/recordtours.pt\/wp-content\/uploads\/2024\/03\/tours-galeria-algarve-05-400x284.webp"},"et-pb-portfolio-module-image":{"file":"tours-galeria-algarve-05-510x382.webp","width":510,"height":382,"mime-type":"image\/webp","filesize":39186,"source_url":"https:\/\/recordtours.pt\/wp-content\/uploads\/2024\/03\/tours-galeria-algarve-05-510x382.webp"},"et-pb-portfolio-image-single":{"file":"tours-galeria-algarve-05-1080x720.webp","width":1080,"height":720,"mime-type":"image\/webp","filesize":134706,"source_url":"https:\/\/recordtours.pt\/wp-content\/uploads\/2024\/03\/tours-galeria-algarve-05-1080x720.webp"},"et-pb-gallery-module-image-portrait":{"file":"tours-galeria-algarve-05-400x516.webp","width":400,"height":516,"mime-type":"image\/webp","filesize":37966,"source_url":"https:\/\/recordtours.pt\/wp-content\/uploads\/2024\/03\/tours-galeria-algarve-05-400x516.webp"},"et-pb-image--responsive--tablet":{"file":"tours-galeria-algarve-05-980x653.webp","width":980,"height":653,"mime-type":"image\/webp","filesize":115086,"source_url":"https:\/\/recordtours.pt\/wp-content\/uploads\/2024\/03\/tours-galeria-algarve-05-980x653.webp"},"et-pb-image--responsive--phone":{"file":"tours-galeria-algarve-05-480x320.webp","width":480,"height":320,"mime-type":"image\/webp","filesize":31908,"source_url":"https:\/\/recordtours.pt\/wp-content\/uploads\/2024\/03\/tours-galeria-algarve-05-480x320.webp"}}},"alt_text":"","url":"","target":""}]]}},"_links":{"self":[{"href":"https:\/\/recordtours.pt\/de\/wp-json\/wp\/v2\/posts\/3524","targetHints":{"allow":["GET"]}}],"collection":[{"href":"https:\/\/recordtours.pt\/de\/wp-json\/wp\/v2\/posts"}],"about":[{"href":"https:\/\/recordtours.pt\/de\/wp-json\/wp\/v2\/types\/post"}],"author":[{"embeddable":true,"href":"https:\/\/recordtours.pt\/de\/wp-json\/wp\/v2\/users\/3"}],"replies":[{"embeddable":true,"href":"https:\/\/recordtours.pt\/de\/wp-json\/wp\/v2\/comments?post=3524"}],"version-history":[{"count":0,"href":"https:\/\/recordtours.pt\/de\/wp-json\/wp\/v2\/posts\/3524\/revisions"}],"wp:featuredmedia":[{"embeddable":true,"href":"https:\/\/recordtours.pt\/de\/wp-json\/wp\/v2\/media\/3525"}],"wp:attachment":[{"href":"https:\/\/recordtours.pt\/de\/wp-json\/wp\/v2\/media?parent=3524"}],"wp:term":[{"taxonomy":"category","embeddable":true,"href":"https:\/\/recordtours.pt\/de\/wp-json\/wp\/v2\/categories?post=3524"},{"taxonomy":"post_tag","embeddable":true,"href":"https:\/\/recordtours.pt\/de\/wp-json\/wp\/v2\/tags?post=3524"}],"curies":[{"name":"wp","href":"https:\/\/api.w.org\/{rel}","templated":true}]}}