{"id":3548,"date":"2024-03-05T14:52:44","date_gmt":"2024-03-05T14:52:44","guid":{"rendered":"https:\/\/recordtours.pt\/7-taegige-private-tour-in-kleiner-gruppe-durch-portugal-ab-lissabon\/"},"modified":"2024-06-24T11:53:50","modified_gmt":"2024-06-24T11:53:50","slug":"7-taegige-private-tour-in-kleiner-gruppe-durch-portugal-ab-lissabon","status":"publish","type":"post","link":"https:\/\/recordtours.pt\/de\/7-taegige-private-tour-in-kleiner-gruppe-durch-portugal-ab-lissabon\/","title":{"rendered":"7-t\u00e4gige private Tour in kleiner Gruppe durch Portugal ab Lissabon"},"content":{"rendered":"<p>Verbringen Sie eine Woche damit, St\u00e4dte und D\u00f6rfer zu besuchen, die Zentralportugal w\u00e4hrend dieser siebent\u00e4gigen privaten Tour f\u00fcllen. Sie \u00fcbernachten jede Nacht in Lissabon oder Porto, wodurch Sie Ihr Gep\u00e4ck weniger oft tragen m\u00fcssen. Besuchen Sie die historischen St\u00e4tten von Sintra, Faro und Coimbra. Genie\u00dfen Sie den lokalen Wein in Porto und im Douro-Tal. Bewundern Sie die Sch\u00f6nheit der portugiesischen Landschaft, w\u00e4hrend Sie freien Eintritt zu den meisten Sehensw\u00fcrdigkeiten jeder Stadt erhalten. Unterkunft und Verpflegung sind in dieser Tour nicht enthalten.<\/p>\n<div class='et-learn-more clearfix'>\n\t\t\t\t\t<h3 class='heading-more'>Was ist inbegriffen<span class='et_learnmore_arrow'><span><\/span><\/span><\/h3>\n\t\t\t\t\t<div class='learn-more-content'><div>\n<ul>\n<li>Klimatisiertes Fahrzeug<\/li>\n<li>Privater Transport<\/li>\n<li>Wi-Fi an Bord<\/li>\n<\/ul>\n<\/div>\n<div>\n<div><strong>Nicht im Ticket enthalten<\/strong><\/div>\n<ul>\n<li>Eintritt &#8211; St. George&#8217;s Castle<\/li>\n<li>Eintritt &#8211; Bel\u00e9m-Turm<\/li>\n<li>Eintritt &#8211; Bel\u00e9m Palace<\/li>\n<li>Eintritt &#8211; Nationalpalast von Sintra<\/li>\n<li>Eintritt \u2013 Universit\u00e4t Coimbra<\/li>\n<li>Eintritt &#8211; Livraria Lello<\/li>\n<li>Eintritt &#8211; Churchill&#8217;s<\/li>\n<li>Eintritt &#8211; Quinta do Seixo &#8211; Sandeman<\/li>\n<li>Eintritt &#8211; Historisches Zentrum von \u00c9vora<\/li>\n<li>Eintritt &#8211; Kapelle der Knochen (\u00c9vora)<\/li>\n<li>Eintritt &#8211; K\u00f6nigliche Kirche des Heiligen Franziskus<\/li>\n<\/ul>\n<\/div><\/div>\n\t\t\t\t<\/div> <div class='et-learn-more clearfix'>\n\t\t\t\t\t<h3 class='heading-more'>Abreise und R\u00fcckkehr<span class='et_learnmore_arrow'><span><\/span><\/span><\/h3>\n\t\t\t\t\t<div class='learn-more-content'><div>\n<ul>\n<li>\n<div>\n<div><strong>Beginn<\/strong>:<\/div>\n<\/div>\n<div>\n<ul>\n<li>\n<div>\n<div>Pra\u00e7a Marqu\u00eas de Pombal 8, 1250-160 Lissabon, Portugal<\/div>\n<div>Abholung vor dem Hotel Fenix, Marques de Pombal Square<\/div>\n<\/div>\n<\/li>\n<\/ul>\n<\/div>\n<div>\n<div><strong>Ende<\/strong>: Diese Aktivit\u00e4t endet am Treffpunkt.<\/div>\n<\/div>\n<\/li>\n<\/ul>\n<\/div><\/div>\n\t\t\t\t<\/div> <div class='et-learn-more clearfix'>\n\t\t\t\t\t<h3 class='heading-more'>Zug\u00e4nglichkeit<span class='et_learnmore_arrow'><span><\/span><\/span><\/h3>\n\t\t\t\t\t<div class='learn-more-content'><div>\n<ul>\n<li>Nicht f\u00fcr Rollstuhlfahrer zug\u00e4nglich<\/li>\n<li>In der N\u00e4he von \u00f6ffentlichen Verkehrsmitteln<\/li>\n<li>Kindersitze verf\u00fcgbar<\/li>\n<\/ul>\n<\/div>\n<div>\n<div>Wenn Sie Fragen zur Barrierefreiheit haben, helfen wir Ihnen gerne weiter. Rufen Sie einfach <a href=\"tel:+351932221333\">die Nummer (+351) 932 221 333<\/a> an<\/div>\n<\/div><\/div>\n\t\t\t\t<\/div> <div class='et-learn-more clearfix'>\n\t\t\t\t\t<h3 class='heading-more'>Zusatzinformation<span class='et_learnmore_arrow'><span><\/span><\/span><\/h3>\n\t\t\t\t\t<div class='learn-more-content'><div>\n<ul>\n<li>Die Best\u00e4tigung erhalten Sie zum Zeitpunkt der Buchung<\/li>\n<li>Die meisten Reisenden k\u00f6nnen teilnehmen<\/li>\n<li>Dies ist eine private Aktivit\u00e4t\/Tour. Nur Ihre Gruppe nimmt teil<\/li>\n<\/ul>\n<\/div><\/div>\n\t\t\t\t<\/div> <div class='et-learn-more clearfix'>\n\t\t\t\t\t<h3 class='heading-more'>Stornierungsbedingungen<span class='et_learnmore_arrow'><span><\/span><\/span><\/h3>\n\t\t\t\t\t<div class='learn-more-content'><div>F\u00fcr eine vollst\u00e4ndige R\u00fcckerstattung stornieren Sie innerhalb von 72 Stunden nach der Buchung Ihrer Tour.<\/div><\/div>\n\t\t\t\t<\/div> <div class='et-learn-more clearfix'>\n\t\t\t\t\t<h3 class='heading-more'>H\u00e4ufig gestellte Fragen<span class='et_learnmore_arrow'><span><\/span><\/span><\/h3>\n\t\t\t\t\t<div class='learn-more-content'><div>\n<div><strong>Welche Sehensw\u00fcrdigkeiten werde ich mit 7-t\u00e4gige private Tour in kleiner Gruppe durch Portugal ab Lissabon besuchen?<\/strong><\/div>\n<div>\n<div>\n<p>W\u00e4hrend dieses Erlebnisses besuchen Sie unter anderem:<\/p>\n<ul>\n<li><a href=\"https:\/\/www.tripadvisor.pt\/Attraction_Review-g189158-d195107-Reviews-Castelo_de_S_Jorge-Lisbon_Lisbon_District_Central_Portugal.html\">St. George&#8217;s Castle<\/a><\/li>\n<li><a href=\"https:\/\/www.tripadvisor.pt\/Attraction_Review-g189158-d195314-Reviews-Cidade_Baixa-Lisbon_Lisbon_District_Central_Portugal.html\">Unterstadt<\/a><\/li>\n<li><a href=\"https:\/\/www.tripadvisor.pt\/Attraction_Review-g189158-d195649-Reviews-Alfama-Lisbon_Lisbon_District_Central_Portugal.html\">Alfama<\/a><\/li>\n<li><a href=\"https:\/\/www.tripadvisor.pt\/Attraction_Review-g189106-d196208-Reviews-Capela_dos_Ossos-Evora_Evora_District_Alentejo.html\">Kapelle der Knochen (\u00c9vora)<\/a><\/li>\n<li><a href=\"https:\/\/www.tripadvisor.pt\/Attraction_Review-g189157-d196723-Reviews-Basilica_de_Nossa_Senhora_do_Rosario_de_Fatima-Fatima_Santarem_District_Central_Po.html\">Basilika Unserer Lieben Frau vom Rosenkranz von Fatima<\/a><\/li>\n<\/ul>\n<\/div>\n<\/div>\n<\/div>\n<div>\n<hr>\n<\/div>\n<div>\n<div><strong>Wie viel kostet eine 7-t\u00e4gige private Tour in kleiner Gruppe durch Portugal ab Lissabon?<\/strong><\/div>\n<div>\n<div>Preis f\u00fcr 7 Tage Private Kleingruppentour in Portugal ab Lissabon ab 1.421,62 \u20ac.<\/div>\n<\/div>\n<\/div>\n<div>\n<hr>\n<\/div>\n<div>\n<div><strong>Welches Unternehmen ist f\u00fcr die 7-t\u00e4gige Portugal Kleingruppen-Privattour ab Lissabon verantwortlich?<\/strong><\/div>\n<div>\n<div>7-t\u00e4gige private Tour in kleiner Gruppe durch Portugal ab Lissabon wird durchgef\u00fchrt von RecordTours.<\/div>\n<\/div>\n<\/div><\/div>\n\t\t\t\t<\/div><div class='et-learn-more clearfix'>\n\t\t\t\t\t<h3 class='heading-more'>Hilfe<span class='et_learnmore_arrow'><span><\/span><\/span><\/h3>\n\t\t\t\t\t<div class='learn-more-content'><div>Wenn Sie Fragen zu dieser Tour haben oder Hilfe bei der Buchung ben\u00f6tigen, helfen wir Ihnen gerne weiter. Rufen Sie einfach <a href=\"tel:+351932221333\">die Nummer (+351) 932 221 333<\/a> an<\/div><\/div>\n\t\t\t\t<\/div><\/p>\n","protected":false},"excerpt":{"rendered":"<p>Sieben Tage private Tour in Portugal ab Lissabon Die perfekte Reiseroute f\u00fcr diejenigen, die den Norden und das Zentrum Portugals besuchen m\u00f6chten&#8230;  <\/p>\n","protected":false},"author":3,"featured_media":3552,"comment_status":"closed","ping_status":"closed","sticky":false,"template":"","format":"standard","meta":{"_acf_changed":false,"_et_pb_use_builder":"","_et_pb_old_content":"","_et_gb_content_width":"","footnotes":""},"categories":[21,47],"tags":[],"class_list":["post-3548","post","type-post","status-publish","format-standard","has-post-thumbnail","hentry","category-touren","category-mehrtagige-reiserouten"],"acf":{"photo_gallery":{"tours_galeria":[[{"id":3551,"title":"","caption":"","full_image_url":"https:\/\/recordtours.pt\/wp-content\/uploads\/2024\/03\/tours-galeria-portugal-02.webp","thumbnail_image_url":"https:\/\/recordtours.pt\/wp-content\/uploads\/2024\/03\/tours-galeria-portugal-02-150x150.webp","large_srcset":"https:\/\/recordtours.pt\/wp-content\/uploads\/2024\/03\/tours-galeria-portugal-02-1024x683.webp 1024w, https:\/\/recordtours.pt\/wp-content\/uploads\/2024\/03\/tours-galeria-portugal-02-980x653.webp 980w, https:\/\/recordtours.pt\/wp-content\/uploads\/2024\/03\/tours-galeria-portugal-02-480x320.webp 480w","medium_srcset":false,"media_details":{"width":1200,"height":800,"sizes":{"medium":{"file":"tours-galeria-portugal-02-300x200.webp","width":300,"height":200,"mime-type":"image\/webp","filesize":19624,"source_url":"https:\/\/recordtours.pt\/wp-content\/uploads\/2024\/03\/tours-galeria-portugal-02-300x200.webp"},"large":{"file":"tours-galeria-portugal-02-1024x683.webp","width":1024,"height":683,"mime-type":"image\/webp","filesize":237256,"source_url":"https:\/\/recordtours.pt\/wp-content\/uploads\/2024\/03\/tours-galeria-portugal-02-1024x683.webp"},"thumbnail":{"file":"tours-galeria-portugal-02-150x150.webp","width":150,"height":150,"mime-type":"image\/webp","filesize":7680,"source_url":"https:\/\/recordtours.pt\/wp-content\/uploads\/2024\/03\/tours-galeria-portugal-02-150x150.webp"},"medium_large":{"file":"tours-galeria-portugal-02-768x512.webp","width":768,"height":512,"mime-type":"image\/webp","filesize":131646,"source_url":"https:\/\/recordtours.pt\/wp-content\/uploads\/2024\/03\/tours-galeria-portugal-02-768x512.webp"},"et-pb-post-main-image":{"file":"tours-galeria-portugal-02-400x250.webp","width":400,"height":250,"mime-type":"image\/webp","filesize":31958,"source_url":"https:\/\/recordtours.pt\/wp-content\/uploads\/2024\/03\/tours-galeria-portugal-02-400x250.webp"},"et-pb-post-main-image-fullwidth":{"file":"tours-galeria-portugal-02-1080x675.webp","width":1080,"height":675,"mime-type":"image\/webp","filesize":252056,"source_url":"https:\/\/recordtours.pt\/wp-content\/uploads\/2024\/03\/tours-galeria-portugal-02-1080x675.webp"},"et-pb-portfolio-image":{"file":"tours-galeria-portugal-02-400x284.webp","width":400,"height":284,"mime-type":"image\/webp","filesize":36288,"source_url":"https:\/\/recordtours.pt\/wp-content\/uploads\/2024\/03\/tours-galeria-portugal-02-400x284.webp"},"et-pb-portfolio-module-image":{"file":"tours-galeria-portugal-02-510x382.webp","width":510,"height":382,"mime-type":"image\/webp","filesize":64424,"source_url":"https:\/\/recordtours.pt\/wp-content\/uploads\/2024\/03\/tours-galeria-portugal-02-510x382.webp"},"et-pb-portfolio-image-single":{"file":"tours-galeria-portugal-02-1080x720.webp","width":1080,"height":720,"mime-type":"image\/webp","filesize":261148,"source_url":"https:\/\/recordtours.pt\/wp-content\/uploads\/2024\/03\/tours-galeria-portugal-02-1080x720.webp"},"et-pb-gallery-module-image-portrait":{"file":"tours-galeria-portugal-02-400x516.webp","width":400,"height":516,"mime-type":"image\/webp","filesize":68842,"source_url":"https:\/\/recordtours.pt\/wp-content\/uploads\/2024\/03\/tours-galeria-portugal-02-400x516.webp"},"et-pb-image--responsive--tablet":{"file":"tours-galeria-portugal-02-980x653.webp","width":980,"height":653,"mime-type":"image\/webp","filesize":213722,"source_url":"https:\/\/recordtours.pt\/wp-content\/uploads\/2024\/03\/tours-galeria-portugal-02-980x653.webp"},"et-pb-image--responsive--phone":{"file":"tours-galeria-portugal-02-480x320.webp","width":480,"height":320,"mime-type":"image\/webp","filesize":49138,"source_url":"https:\/\/recordtours.pt\/wp-content\/uploads\/2024\/03\/tours-galeria-portugal-02-480x320.webp"}}},"alt_text":"","url":"","target":""},{"id":3550,"title":"","caption":"","full_image_url":"https:\/\/recordtours.pt\/wp-content\/uploads\/2024\/03\/tours-galeria-portugal-01.webp","thumbnail_image_url":"https:\/\/recordtours.pt\/wp-content\/uploads\/2024\/03\/tours-galeria-portugal-01-150x150.webp","large_srcset":"https:\/\/recordtours.pt\/wp-content\/uploads\/2024\/03\/tours-galeria-portugal-01-1024x683.webp 1024w, https:\/\/recordtours.pt\/wp-content\/uploads\/2024\/03\/tours-galeria-portugal-01-980x653.webp 980w, https:\/\/recordtours.pt\/wp-content\/uploads\/2024\/03\/tours-galeria-portugal-01-480x320.webp 480w","medium_srcset":false,"media_details":{"width":1200,"height":800,"sizes":{"medium":{"file":"tours-galeria-portugal-01-300x200.webp","width":300,"height":200,"mime-type":"image\/webp","filesize":17046,"source_url":"https:\/\/recordtours.pt\/wp-content\/uploads\/2024\/03\/tours-galeria-portugal-01-300x200.webp"},"large":{"file":"tours-galeria-portugal-01-1024x683.webp","width":1024,"height":683,"mime-type":"image\/webp","filesize":133068,"source_url":"https:\/\/recordtours.pt\/wp-content\/uploads\/2024\/03\/tours-galeria-portugal-01-1024x683.webp"},"thumbnail":{"file":"tours-galeria-portugal-01-150x150.webp","width":150,"height":150,"mime-type":"image\/webp","filesize":7064,"source_url":"https:\/\/recordtours.pt\/wp-content\/uploads\/2024\/03\/tours-galeria-portugal-01-150x150.webp"},"medium_large":{"file":"tours-galeria-portugal-01-768x512.webp","width":768,"height":512,"mime-type":"image\/webp","filesize":83676,"source_url":"https:\/\/recordtours.pt\/wp-content\/uploads\/2024\/03\/tours-galeria-portugal-01-768x512.webp"},"et-pb-post-main-image":{"file":"tours-galeria-portugal-01-400x250.webp","width":400,"height":250,"mime-type":"image\/webp","filesize":26836,"source_url":"https:\/\/recordtours.pt\/wp-content\/uploads\/2024\/03\/tours-galeria-portugal-01-400x250.webp"},"et-pb-post-main-image-fullwidth":{"file":"tours-galeria-portugal-01-1080x675.webp","width":1080,"height":675,"mime-type":"image\/webp","filesize":138368,"source_url":"https:\/\/recordtours.pt\/wp-content\/uploads\/2024\/03\/tours-galeria-portugal-01-1080x675.webp"},"et-pb-portfolio-image":{"file":"tours-galeria-portugal-01-400x284.webp","width":400,"height":284,"mime-type":"image\/webp","filesize":29492,"source_url":"https:\/\/recordtours.pt\/wp-content\/uploads\/2024\/03\/tours-galeria-portugal-01-400x284.webp"},"et-pb-portfolio-module-image":{"file":"tours-galeria-portugal-01-510x382.webp","width":510,"height":382,"mime-type":"image\/webp","filesize":45930,"source_url":"https:\/\/recordtours.pt\/wp-content\/uploads\/2024\/03\/tours-galeria-portugal-01-510x382.webp"},"et-pb-portfolio-image-single":{"file":"tours-galeria-portugal-01-1080x720.webp","width":1080,"height":720,"mime-type":"image\/webp","filesize":139814,"source_url":"https:\/\/recordtours.pt\/wp-content\/uploads\/2024\/03\/tours-galeria-portugal-01-1080x720.webp"},"et-pb-gallery-module-image-portrait":{"file":"tours-galeria-portugal-01-400x516.webp","width":400,"height":516,"mime-type":"image\/webp","filesize":46278,"source_url":"https:\/\/recordtours.pt\/wp-content\/uploads\/2024\/03\/tours-galeria-portugal-01-400x516.webp"},"et-pb-image--responsive--tablet":{"file":"tours-galeria-portugal-01-980x653.webp","width":980,"height":653,"mime-type":"image\/webp","filesize":124908,"source_url":"https:\/\/recordtours.pt\/wp-content\/uploads\/2024\/03\/tours-galeria-portugal-01-980x653.webp"},"et-pb-image--responsive--phone":{"file":"tours-galeria-portugal-01-480x320.webp","width":480,"height":320,"mime-type":"image\/webp","filesize":38114,"source_url":"https:\/\/recordtours.pt\/wp-content\/uploads\/2024\/03\/tours-galeria-portugal-01-480x320.webp"}}},"alt_text":"","url":"","target":""},{"id":3549,"title":"","caption":"","full_image_url":"https:\/\/recordtours.pt\/wp-content\/uploads\/2024\/03\/tours-galeria-portugal-03.webp","thumbnail_image_url":"https:\/\/recordtours.pt\/wp-content\/uploads\/2024\/03\/tours-galeria-portugal-03-150x150.webp","large_srcset":"https:\/\/recordtours.pt\/wp-content\/uploads\/2024\/03\/tours-galeria-portugal-03-1024x683.webp 1024w, https:\/\/recordtours.pt\/wp-content\/uploads\/2024\/03\/tours-galeria-portugal-03-980x653.webp 980w, https:\/\/recordtours.pt\/wp-content\/uploads\/2024\/03\/tours-galeria-portugal-03-480x320.webp 480w","medium_srcset":false,"media_details":{"width":1200,"height":800,"sizes":{"medium":{"file":"tours-galeria-portugal-03-300x200.webp","width":300,"height":200,"mime-type":"image\/webp","filesize":12358,"source_url":"https:\/\/recordtours.pt\/wp-content\/uploads\/2024\/03\/tours-galeria-portugal-03-300x200.webp"},"large":{"file":"tours-galeria-portugal-03-1024x683.webp","width":1024,"height":683,"mime-type":"image\/webp","filesize":101344,"source_url":"https:\/\/recordtours.pt\/wp-content\/uploads\/2024\/03\/tours-galeria-portugal-03-1024x683.webp"},"thumbnail":{"file":"tours-galeria-portugal-03-150x150.webp","width":150,"height":150,"mime-type":"image\/webp","filesize":5962,"source_url":"https:\/\/recordtours.pt\/wp-content\/uploads\/2024\/03\/tours-galeria-portugal-03-150x150.webp"},"medium_large":{"file":"tours-galeria-portugal-03-768x512.webp","width":768,"height":512,"mime-type":"image\/webp","filesize":61892,"source_url":"https:\/\/recordtours.pt\/wp-content\/uploads\/2024\/03\/tours-galeria-portugal-03-768x512.webp"},"et-pb-post-main-image":{"file":"tours-galeria-portugal-03-400x250.webp","width":400,"height":250,"mime-type":"image\/webp","filesize":18610,"source_url":"https:\/\/recordtours.pt\/wp-content\/uploads\/2024\/03\/tours-galeria-portugal-03-400x250.webp"},"et-pb-post-main-image-fullwidth":{"file":"tours-galeria-portugal-03-1080x675.webp","width":1080,"height":675,"mime-type":"image\/webp","filesize":102098,"source_url":"https:\/\/recordtours.pt\/wp-content\/uploads\/2024\/03\/tours-galeria-portugal-03-1080x675.webp"},"et-pb-portfolio-image":{"file":"tours-galeria-portugal-03-400x284.webp","width":400,"height":284,"mime-type":"image\/webp","filesize":21424,"source_url":"https:\/\/recordtours.pt\/wp-content\/uploads\/2024\/03\/tours-galeria-portugal-03-400x284.webp"},"et-pb-portfolio-module-image":{"file":"tours-galeria-portugal-03-510x382.webp","width":510,"height":382,"mime-type":"image\/webp","filesize":34872,"source_url":"https:\/\/recordtours.pt\/wp-content\/uploads\/2024\/03\/tours-galeria-portugal-03-510x382.webp"},"et-pb-portfolio-image-single":{"file":"tours-galeria-portugal-03-1080x720.webp","width":1080,"height":720,"mime-type":"image\/webp","filesize":113158,"source_url":"https:\/\/recordtours.pt\/wp-content\/uploads\/2024\/03\/tours-galeria-portugal-03-1080x720.webp"},"et-pb-gallery-module-image-portrait":{"file":"tours-galeria-portugal-03-400x516.webp","width":400,"height":516,"mime-type":"image\/webp","filesize":42276,"source_url":"https:\/\/recordtours.pt\/wp-content\/uploads\/2024\/03\/tours-galeria-portugal-03-400x516.webp"},"et-pb-image--responsive--tablet":{"file":"tours-galeria-portugal-03-980x653.webp","width":980,"height":653,"mime-type":"image\/webp","filesize":96296,"source_url":"https:\/\/recordtours.pt\/wp-content\/uploads\/2024\/03\/tours-galeria-portugal-03-980x653.webp"},"et-pb-image--responsive--phone":{"file":"tours-galeria-portugal-03-480x320.webp","width":480,"height":320,"mime-type":"image\/webp","filesize":27022,"source_url":"https:\/\/recordtours.pt\/wp-content\/uploads\/2024\/03\/tours-galeria-portugal-03-480x320.webp"}}},"alt_text":"","url":"","target":""},{"id":3258,"title":"","caption":"","full_image_url":"https:\/\/recordtours.pt\/wp-content\/uploads\/2024\/02\/tours-galeria-sintra-01.webp","thumbnail_image_url":"https:\/\/recordtours.pt\/wp-content\/uploads\/2024\/02\/tours-galeria-sintra-01-150x150.webp","large_srcset":"https:\/\/recordtours.pt\/wp-content\/uploads\/2024\/02\/tours-galeria-sintra-01-1024x683.webp 1024w, https:\/\/recordtours.pt\/wp-content\/uploads\/2024\/02\/tours-galeria-sintra-01-980x653.webp 980w, https:\/\/recordtours.pt\/wp-content\/uploads\/2024\/02\/tours-galeria-sintra-01-480x320.webp 480w","medium_srcset":false,"media_details":{"width":1200,"height":800,"sizes":{"medium":{"file":"tours-galeria-sintra-01-300x200.webp","width":300,"height":200,"mime-type":"image\/webp","filesize":17086,"source_url":"https:\/\/recordtours.pt\/wp-content\/uploads\/2024\/02\/tours-galeria-sintra-01-300x200.webp"},"large":{"file":"tours-galeria-sintra-01-1024x683.webp","width":1024,"height":683,"mime-type":"image\/webp","filesize":151994,"source_url":"https:\/\/recordtours.pt\/wp-content\/uploads\/2024\/02\/tours-galeria-sintra-01-1024x683.webp"},"thumbnail":{"file":"tours-galeria-sintra-01-150x150.webp","width":150,"height":150,"mime-type":"image\/webp","filesize":7220,"source_url":"https:\/\/recordtours.pt\/wp-content\/uploads\/2024\/02\/tours-galeria-sintra-01-150x150.webp"},"medium_large":{"file":"tours-galeria-sintra-01-768x512.webp","width":768,"height":512,"mime-type":"image\/webp","filesize":92212,"source_url":"https:\/\/recordtours.pt\/wp-content\/uploads\/2024\/02\/tours-galeria-sintra-01-768x512.webp"},"et-pb-post-main-image":{"file":"tours-galeria-sintra-01-400x250.webp","width":400,"height":250,"mime-type":"image\/webp","filesize":26442,"source_url":"https:\/\/recordtours.pt\/wp-content\/uploads\/2024\/02\/tours-galeria-sintra-01-400x250.webp"},"et-pb-post-main-image-fullwidth":{"file":"tours-galeria-sintra-01-1080x675.webp","width":1080,"height":675,"mime-type":"image\/webp","filesize":157128,"source_url":"https:\/\/recordtours.pt\/wp-content\/uploads\/2024\/02\/tours-galeria-sintra-01-1080x675.webp"},"et-pb-portfolio-image":{"file":"tours-galeria-sintra-01-400x284.webp","width":400,"height":284,"mime-type":"image\/webp","filesize":30090,"source_url":"https:\/\/recordtours.pt\/wp-content\/uploads\/2024\/02\/tours-galeria-sintra-01-400x284.webp"},"et-pb-portfolio-module-image":{"file":"tours-galeria-sintra-01-510x382.webp","width":510,"height":382,"mime-type":"image\/webp","filesize":50206,"source_url":"https:\/\/recordtours.pt\/wp-content\/uploads\/2024\/02\/tours-galeria-sintra-01-510x382.webp"},"et-pb-portfolio-image-single":{"file":"tours-galeria-sintra-01-1080x720.webp","width":1080,"height":720,"mime-type":"image\/webp","filesize":163832,"source_url":"https:\/\/recordtours.pt\/wp-content\/uploads\/2024\/02\/tours-galeria-sintra-01-1080x720.webp"},"et-pb-gallery-module-image-portrait":{"file":"tours-galeria-sintra-01-400x516.webp","width":400,"height":516,"mime-type":"image\/webp","filesize":51486,"source_url":"https:\/\/recordtours.pt\/wp-content\/uploads\/2024\/02\/tours-galeria-sintra-01-400x516.webp"},"et-pb-image--responsive--tablet":{"file":"tours-galeria-sintra-01-980x653.webp","width":980,"height":653,"mime-type":"image\/webp","filesize":141164,"source_url":"https:\/\/recordtours.pt\/wp-content\/uploads\/2024\/02\/tours-galeria-sintra-01-980x653.webp"},"et-pb-image--responsive--phone":{"file":"tours-galeria-sintra-01-480x320.webp","width":480,"height":320,"mime-type":"image\/webp","filesize":39444,"source_url":"https:\/\/recordtours.pt\/wp-content\/uploads\/2024\/02\/tours-galeria-sintra-01-480x320.webp"}}},"alt_text":"","url":"","target":""}]]}},"_links":{"self":[{"href":"https:\/\/recordtours.pt\/de\/wp-json\/wp\/v2\/posts\/3548","targetHints":{"allow":["GET"]}}],"collection":[{"href":"https:\/\/recordtours.pt\/de\/wp-json\/wp\/v2\/posts"}],"about":[{"href":"https:\/\/recordtours.pt\/de\/wp-json\/wp\/v2\/types\/post"}],"author":[{"embeddable":true,"href":"https:\/\/recordtours.pt\/de\/wp-json\/wp\/v2\/users\/3"}],"replies":[{"embeddable":true,"href":"https:\/\/recordtours.pt\/de\/wp-json\/wp\/v2\/comments?post=3548"}],"version-history":[{"count":0,"href":"https:\/\/recordtours.pt\/de\/wp-json\/wp\/v2\/posts\/3548\/revisions"}],"wp:featuredmedia":[{"embeddable":true,"href":"https:\/\/recordtours.pt\/de\/wp-json\/wp\/v2\/media\/3552"}],"wp:attachment":[{"href":"https:\/\/recordtours.pt\/de\/wp-json\/wp\/v2\/media?parent=3548"}],"wp:term":[{"taxonomy":"category","embeddable":true,"href":"https:\/\/recordtours.pt\/de\/wp-json\/wp\/v2\/categories?post=3548"},{"taxonomy":"post_tag","embeddable":true,"href":"https:\/\/recordtours.pt\/de\/wp-json\/wp\/v2\/tags?post=3548"}],"curies":[{"name":"wp","href":"https:\/\/api.w.org\/{rel}","templated":true}]}}