{"id":3583,"date":"2024-04-08T10:50:04","date_gmt":"2024-04-08T10:50:04","guid":{"rendered":"https:\/\/recordtours.pt\/tagesausflug-nach-obidos-nazare-fatima-und-batalha\/"},"modified":"2024-06-28T16:02:08","modified_gmt":"2024-06-28T16:02:08","slug":"tagesausflug-nach-obidos-nazare-fatima-und-batalha","status":"publish","type":"post","link":"https:\/\/recordtours.pt\/de\/tagesausflug-nach-obidos-nazare-fatima-und-batalha\/","title":{"rendered":"Tagesausflug nach \u00d3bidos, Nazar\u00e9, F\u00e1tima und Batalha"},"content":{"rendered":"<p>Machen Sie einen faszinierenden Tagesausflug von Lissabon zu den St\u00e4dten \u00d3bidos, Nazar\u00e9, F\u00e1tima und Batalha. Erkunden Sie tags\u00fcber das mittelalterliche Dorf \u00d3bidos und erfahren Sie von Ihrem Reiseleiter interessante Fakten. Genie\u00dfen Sie ein Mittagessen (falls Option gew\u00e4hlt) im malerischen Fischerdorf Nazar\u00e9. Besuchen Sie die Kl\u00f6ster Alcoba\u00e7a und Batalha, die zum UNESCO-Weltkulturerbe geh\u00f6ren. Genie\u00dfen Sie die freie Zeit in F\u00e1tima, um das Heiligtum von F\u00e1tima zu besuchen. Auf dem R\u00fcckweg nach Lissabon genie\u00dfen Sie die bezaubernde Landschaft Portugals.<\/p>\n<p>Genie\u00dfen Sie einen ganzen Tagesausflug von Lissabon zu den portugiesischen St\u00e4dten \u00d3bidos, Nazar\u00e9, Fatima und Batalha. Erkunden Sie am Morgen das charmante mittelalterliche Dorf \u00d3bidos und erfahren Sie mit Ihrem Reiseleiter interessante Fakten. G\u00f6nnen Sie sich ein Mittagessen (wenn Sie diese Option w\u00e4hlen) im malerischen Fischerdorf Nazar\u00e9. Besuchen Sie die Kl\u00f6ster Alcoba\u00e7a und Batalha, die zum UNESCO-Weltkulturerbe geh\u00f6ren. Und genie\u00dfen Sie die freie Zeit in Fatima, um das Heiligtum zu besuchen. Auf dem R\u00fcckweg nach Lissabon genie\u00dfen Sie Portugal.<\/p>\n<div class='et-learn-more clearfix'>\n\t\t\t\t\t<h3 class='heading-more'>Was ist inbegriffen<span class='et_learnmore_arrow'><span><\/span><\/span><\/h3>\n\t\t\t\t\t<div class='learn-more-content'><div>\n<ul>\n<li>Mineralwasser<\/li>\n<li>Klimatisiertes Fahrzeug<\/li>\n<li>Wi-Fi an Bord<\/li>\n<li>Privater Transport<\/li>\n<\/ul>\n<\/div>\n<div>\n<div><strong>Nicht im Ticket enthalten<\/strong><\/div>\n<ul>\n<li> Fr\u00fchst\u00fcck<\/li>\n<li>Mittagessen<\/li>\n<li>Abendessen<\/li>\n<li>Eintritt &#8211; Leuchtturm Nazare<\/li>\n<\/ul>\n<\/div><\/div>\n\t\t\t\t<\/div> <div class='et-learn-more clearfix'>\n\t\t\t\t\t<h3 class='heading-more'>Was Zu Erwarten Ist<span class='et_learnmore_arrow'><span><\/span><\/span><\/h3>\n\t\t\t\t\t<div class='learn-more-content'><strong>Reiseroute<\/strong><\/p>\n<p>Dies ist eine normale Reiseroute f\u00fcr dieses Produkt<\/p>\n<p><strong>Halteplatz: <\/strong>Basilika Unserer Lieben Frau vom Rosenkranz von Fatima, Rua de Rainha Santa Isabel 26, Fatima 2495-424 Portugal<\/p>\n<p>Das Heiligtum von Fatima, das von der katholischen Kirche offiziell als Heiligtum Unserer Lieben Frau vom Rosenkranz von Fatima bezeichnet wird, ist ein Marienheiligtum, das Unserer Lieben Frau von Fatima gewidmet ist und sich an der Stelle von Cova da Iria in der Stadt Fatima, Gemeinde Our\u00e9m, in Portugal befindet.<\/p>\n<p>Das Heiligtum von Fatima ist par excellence ein Ort der christlichen Wallfahrt und der katholischen Fr\u00f6mmigkeit, der die Erinnerung an die Ereignisse bewahrt, die zu seiner Gr\u00fcndung gef\u00fchrt haben, n\u00e4mlich die Erscheinungen Unserer Lieben Frau an die drei Hirtenkinder L\u00facia dos Santos, Francisco und Jacinta Marto im Jahr 1917. Seine Gr\u00f6\u00dfe und Relevanz aus religi\u00f6ser Sicht ist seit langem einvernehmlich anerkannt, national und international. Nach dem ausdr\u00fccklichen Willen des Heiligen Apostolischen Stuhls handelt es sich um ein Nationalheiligtum. Es ist auch eines der wichtigsten Marienheiligt\u00fcmer der Welt, das der katholischen Kirche geh\u00f6rt, und das gr\u00f6\u00dfte internationale Ziel f\u00fcr religi\u00f6sen Tourismus, das j\u00e4hrlich etwa sechs Millionen Besucher empf\u00e4ngt. Er wurde mit drei p\u00e4pstlichen goldenen Rosen geehrt und von den P\u00e4psten Paul VI. (1967), Johannes Paul II. (1982, 1991 und 2000), Benedikt XVI. (2010) und Franziskus (2017) besucht.<\/p>\n<p>Dauer: 2 Stunden<\/p>\n<p><strong>Halteplatz: <\/strong>Kirche Unserer Lieben Frau vom Rosenkranz von Fatima, Av. Marques de Tomar Avenidas Novas, Lissabon 1050-154 Portugal<\/p>\n<p>Das Heiligtum von Fatima, das von der katholischen Kirche offiziell als Heiligtum Unserer Lieben Frau vom Rosenkranz von Fatima bezeichnet wird, ist ein Marienheiligtum, das Unserer Lieben Frau von Fatima gewidmet ist und sich an der Stelle von Cova da Iria in der Stadt Fatima, Gemeinde Our\u00e9m, in Portugal befindet.<\/p>\n<p>Das Heiligtum von Fatima ist par excellence ein Ort der christlichen Wallfahrt und der katholischen Fr\u00f6mmigkeit, der die Erinnerung an die Ereignisse bewahrt, die zu seiner Gr\u00fcndung gef\u00fchrt haben, n\u00e4mlich die Erscheinungen Unserer Lieben Frau an die drei Hirtenkinder L\u00facia dos Santos, Francisco und Jacinta Marto im Jahr 1917. Seine Gr\u00f6\u00dfe und Relevanz aus religi\u00f6ser Sicht ist seit langem einvernehmlich anerkannt, national und international. Nach dem ausdr\u00fccklichen Willen des Heiligen Apostolischen Stuhls handelt es sich um ein Nationalheiligtum. Es ist auch eines der wichtigsten Marienheiligt\u00fcmer der Welt, das der katholischen Kirche geh\u00f6rt, und das gr\u00f6\u00dfte internationale Ziel f\u00fcr religi\u00f6sen Tourismus, das j\u00e4hrlich etwa sechs Millionen Besucher empf\u00e4ngt. Er wurde mit drei p\u00e4pstlichen goldenen Rosen geehrt und von den P\u00e4psten Paul VI. (1967), Johannes Paul II. (1982, 1991 und 2000), Benedikt XVI. (2010) und Franziskus (2017) besucht.<\/p>\n<p>Dauer: 2 Stunden<\/p>\n<p><strong>Halteplatz: <\/strong>Kloster Batalha, Largo Infante Dom Henrique 2440, Batalha 2440-484 Portugal<\/p>\n<p>Das Kloster Santa Maria da Vit\u00f3ria (besser bekannt als das Kloster von Batalha) ist ein Kloster im Dorf Batalha in der Region Centro in der Provinz Beira Litoral in Portugal, das 1386 von K\u00f6nig Johann I. von Portugal[2] als Dankesch\u00f6n an die Jungfrau Maria f\u00fcr den Sieg \u00fcber die kastilischen Rivalen in der Schlacht von Aljubarrota erbaut wurde. Dieses Kloster des Ordens des Heiligen Dominikus wurde \u00fcber zwei Jahrhunderte bis etwa 1563 w\u00e4hrend der Herrschaft von sieben K\u00f6nigen von Portugal erbaut, obwohl bereits seit 1388 die ersten Dominikanerbr\u00fcder dort lebten. Als Beispiel der portugiesischen sp\u00e4tgotischen Architektur oder des manuelinischen Stils wird es von der UNESCO zum Weltkulturerbe erkl\u00e4rt und am 7. Juli 2007 zu einem der sieben Weltwunder Portugals gew\u00e4hlt. In Portugal ist es seit 1910 immer noch vom IPPAR als Nationaldenkmal eingestuft. Seit 2016 hat es den Status eines Nationalen Pantheons.<\/p>\n<p>Dauer: 2 Stunden<\/p>\n<p><strong>Halteplatz: <\/strong>Nazaret &#8211; Kunsthandwerk und Designerdesign, Pra\u00e7a Manuel Arriaga 20, Nazar\u00e9 2450-160 Portugal<\/p>\n<p>Nazar\u00e9 ist ein portugiesisches Dorf im Distrikt Leiria, dem Sitz der gleichnamigen Gemeinde mit etwa 10.300 Einwohnern. Das Hotel liegt in der Provinz Extremadura, Teil der Interkommunalen Gemeinschaft des Westens, in der Region Centro.<\/p>\n<p>Das Dorf ist Sitz einer kleinen Gemeinde mit einer Fl\u00e4che von 82,43 km\u00b2 und 15.158 Einwohnern (2011), die in 3 Gemeinden unterteilt ist. [4] Die Gemeinde ist im Norden, Osten und S\u00fcden von der Gemeinde Alcoba\u00e7a umgeben und grenzt im Westen an den Atlantischen Ozean.<\/p>\n<p>Der heutige Stadtraum der Stadt vereint drei alte D\u00f6rfer, Pederneira, S\u00edtio da Nazar\u00e9 und Praia da Nazar\u00e9, und neue Viertel aus der zweiten H\u00e4lfte des zwanzigsten Jahrhunderts, wie Urbisol oder Rio Novo, die durch die nat\u00fcrliche Ausdehnung der drei primitiven Kerne entstanden sind. (P.D.M., 1997).<\/p>\n<p>Dauer: 2 Stunden<\/p>\n<p><strong>Halteplatz: <\/strong>Leuchtturm von Nazareth, Estr. do Farol, Nazar\u00e9 2450-065 Portugal<\/p>\n<p>Der Leuchtturm von Nazar\u00e9 ist ein portugiesischer Leuchtturm, der sich in der Festung von S\u00e3o Miguel Arcanjo in der Region Nazar\u00e9 West befindet. Es handelt sich um eine runde, leuchtend rote, eiserne Laterne mit einem Dienstbalkon, die an der Wand des Forts angebracht ist. Das Licht ist zwei Sekunden an und eine Sekunde aus. Der Leuchtturm, der sich in der Festung von S\u00e3o Miguel Arcanjo befindet, ist seit 1978 als Eigentum von \u00f6ffentlichem Interesse klassifiziert.<\/p>\n<p>Dauer: 2 Stunden<\/p><\/div>\n\t\t\t\t<\/div> <div class='et-learn-more clearfix'>\n\t\t\t\t\t<h3 class='heading-more'>Abreise und R\u00fcckkehr<span class='et_learnmore_arrow'><span><\/span><\/span><\/h3>\n\t\t\t\t\t<div class='learn-more-content'><div>\n<ul>\n<li>\n<div>\n<div><strong>Beginn<\/strong>:<\/div>\n<\/div>\n<div>\n<ul>\n<li>\n<div>\n<div>Pra\u00e7a Marqu\u00eas de Pombal 8, 1250-160 Lissabon, Portugal<\/div>\n<div>Abholung vor dem Hotel Fenix, Marques de Pombal Platz<\/div>\n<\/div>\n<\/li>\n<\/ul>\n<\/div>\n<div>\n<div><strong>Ende<\/strong>: Diese Aktivit\u00e4t endet am Treffpunkt.<\/div>\n<\/div>\n<\/li>\n<\/ul>\n<\/div><\/div>\n\t\t\t\t<\/div> <div class='et-learn-more clearfix'>\n\t\t\t\t\t<h3 class='heading-more'>Zug\u00e4nglichkeit<span class='et_learnmore_arrow'><span><\/span><\/span><\/h3>\n\t\t\t\t\t<div class='learn-more-content'><div>\n<ul>\n<li>Nicht f\u00fcr Rollstuhlfahrer zug\u00e4nglich<\/li>\n<li>In der N\u00e4he von \u00f6ffentlichen Verkehrsmitteln<\/li>\n<li>Kindersitze verf\u00fcgbar<\/li>\n<\/ul>\n<\/div>\n<div>\n<div>Wenn Sie Fragen zur Barrierefreiheit haben, helfen wir Ihnen gerne weiter. Rufen Sie einfach <a href=\"tel:+351932221333\">die Nummer (+351) 932 221 333<\/a> an<\/div>\n<\/div><\/div>\n\t\t\t\t<\/div> <div class='et-learn-more clearfix'>\n\t\t\t\t\t<h3 class='heading-more'>Zusatzinformation<span class='et_learnmore_arrow'><span><\/span><\/span><\/h3>\n\t\t\t\t\t<div class='learn-more-content'><div>\n<ul>\n<li>Die Best\u00e4tigung erhalten Sie zum Zeitpunkt der Buchung<\/li>\n<li>Die meisten Reisenden k\u00f6nnen teilnehmen<\/li>\n<li>Dieses Erlebnis findet nur bei gutem Wetter statt. Bei einer Stornierung aufgrund widriger Wetterbedingungen wird Ihnen ein anderes Datum oder eine vollst\u00e4ndige R\u00fcckerstattung angeboten<\/li>\n<li>F\u00fcr dieses Erlebnis ist eine Mindestanzahl von Reisenden erforderlich. Wenn es storniert wird, weil die Mindestanzahl nicht erreicht wird, wird Ihnen ein anderes Datum\/Erlebnis oder eine vollst\u00e4ndige R\u00fcckerstattung angeboten<\/li>\n<li>Dies ist eine private Aktivit\u00e4t\/Tour. Nur Ihre Gruppe nimmt teil<\/li>\n<\/ul>\n<\/div><\/div>\n\t\t\t\t<\/div> <div class='et-learn-more clearfix'>\n\t\t\t\t\t<h3 class='heading-more'>Stornierungsbedingungen<span class='et_learnmore_arrow'><span><\/span><\/span><\/h3>\n\t\t\t\t\t<div class='learn-more-content'><div>F\u00fcr eine vollst\u00e4ndige R\u00fcckerstattung stornieren Sie innerhalb von 72 Stunden nach der Buchung Ihrer Tour.<\/div><\/div>\n\t\t\t\t<\/div> <div class='et-learn-more clearfix'>\n\t\t\t\t\t<h3 class='heading-more'>H\u00e4ufig gestellte Fragen<span class='et_learnmore_arrow'><span><\/span><\/span><\/h3>\n\t\t\t\t\t<div class='learn-more-content'><div>\n<div><strong>Welche Sehensw\u00fcrdigkeiten werde ich mit Sintra, Cascais und Pena Palace Tour ab Lissabon besuchen?<\/strong><\/div>\n<div>\n<div>\n<p>W\u00e4hrend dieses Erlebnisses besuchen Sie unter anderem:<\/p>\n<ul>\n<li><a href=\"https:\/\/www.tripadvisor.pt\/Attraction_Review-g189157-d196723-Reviews-Basilica_de_Nossa_Senhora_do_Rosario_de_Fatima-Fatima_Santarem_District_Central_Po.html\">Basilika Unserer Lieben Frau vom Rosenkranz von Fatima<\/a><\/li>\n<li><a href=\"https:\/\/www.tripadvisor.pt\/Attraction_Review-g189152-d3906304-Reviews-Batalha_Monastery-Batalha_Leiria_District_Central_Portugal.html\">Kloster Batalha<\/a><\/li>\n<li><a href=\"https:\/\/www.tripadvisor.pt\/Attraction_Review-g315902-d8769974-Reviews-Nazaret_Artesanato_e_design_de_Autor-Nazare_Leiria_District_Central_Portugal.html\">Nazaret &#8211; Kunsthandwerk und Signature Design<\/a><\/li>\n<li><a href=\"https:\/\/www.tripadvisor.pt\/Attraction_Review-g189158-d10060270-Reviews-Church_of_Nossa_Senhora_do_Rosario_de_Fatima-Lisbon_Lisbon_District_Central_Port.html\">Kirche Unserer Lieben Frau vom Rosenkranz von Fatima<\/a><\/li>\n<li><a href=\"https:\/\/www.tripadvisor.pt\/Attraction_Review-g315902-d19738254-Reviews-Farol_de_Nazare-Nazare_Leiria_District_Central_Portugal.html\">Leuchtturm von Nazar\u00e9<\/a><\/li>\n<\/ul>\n<\/div>\n<\/div>\n<\/div>\n<div>\n<hr>\n<\/div>\n<div>\n<div><strong>Wie viel kostet ein Tagesausflug nach Obidos, Nazar\u00e9, F\u00e1tima und Batalha?<\/strong><\/div>\n<div>\n<div>Preis f\u00fcr Tagesausflug nach \u00d3bidos, Nazar\u00e9, F\u00e1tima und Batalha ab 100,73 \u20ac.<\/div>\n<\/div>\n<\/div>\n<div>\n<hr>\n<\/div>\n<div>\n<div><strong>Welches Unternehmen ist f\u00fcr den Tagesausflug nach \u00d3bidos, Nazar\u00e9, F\u00e1tima und Batalha verantwortlich?<\/strong><\/div>\n<div>\n<div>Tagesausfl\u00fcge nach \u00d3bidos, Nazar\u00e9, F\u00e1tima und Batalha geh\u00f6ren zu RecordTours.<\/div>\n<\/div>\n<\/div><\/div>\n\t\t\t\t<\/div><div class='et-learn-more clearfix'>\n\t\t\t\t\t<h3 class='heading-more'>Hilfe<span class='et_learnmore_arrow'><span><\/span><\/span><\/h3>\n\t\t\t\t\t<div class='learn-more-content'><div>Wenn Sie Fragen zu dieser Tour haben oder Hilfe bei der Buchung ben\u00f6tigen, helfen wir Ihnen gerne weiter. Rufen Sie einfach <a href=\"tel:+351932221333\">die Nummer (+351) 932 221 333<\/a> an<\/div><\/div>\n\t\t\t\t<\/div><\/p>\n","protected":false},"excerpt":{"rendered":"<p>Machen Sie einen faszinierenden Tagesausflug von Lissabon zu den St\u00e4dten \u00d3bidos, Nazar\u00e9, F\u00e1tima und Batalha. Tags\u00fcber k\u00f6nnen Sie&#8230;  <\/p>\n","protected":false},"author":3,"featured_media":3575,"comment_status":"closed","ping_status":"closed","sticky":false,"template":"","format":"standard","meta":{"_acf_changed":false,"_et_pb_use_builder":"","_et_pb_old_content":"","_et_gb_content_width":"","footnotes":""},"categories":[21,43],"tags":[],"class_list":["post-3583","post","type-post","status-publish","format-standard","has-post-thumbnail","hentry","category-touren","category-tagliche-touren"],"acf":{"photo_gallery":{"tours_galeria":[[{"id":3575,"title":"","caption":"","full_image_url":"https:\/\/recordtours.pt\/wp-content\/uploads\/2024\/04\/tours-galeria-obidos-nazare-01.webp","thumbnail_image_url":"https:\/\/recordtours.pt\/wp-content\/uploads\/2024\/04\/tours-galeria-obidos-nazare-01-150x150.webp","large_srcset":"https:\/\/recordtours.pt\/wp-content\/uploads\/2024\/04\/tours-galeria-obidos-nazare-01-1024x683.webp 1024w, https:\/\/recordtours.pt\/wp-content\/uploads\/2024\/04\/tours-galeria-obidos-nazare-01-980x653.webp 980w, https:\/\/recordtours.pt\/wp-content\/uploads\/2024\/04\/tours-galeria-obidos-nazare-01-480x320.webp 480w","medium_srcset":false,"media_details":{"width":1200,"height":800,"sizes":{"medium":{"file":"tours-galeria-obidos-nazare-01-300x200.webp","width":300,"height":200,"mime-type":"image\/webp","filesize":14754,"source_url":"https:\/\/recordtours.pt\/wp-content\/uploads\/2024\/04\/tours-galeria-obidos-nazare-01-300x200.webp"},"large":{"file":"tours-galeria-obidos-nazare-01-1024x683.webp","width":1024,"height":683,"mime-type":"image\/webp","filesize":110878,"source_url":"https:\/\/recordtours.pt\/wp-content\/uploads\/2024\/04\/tours-galeria-obidos-nazare-01-1024x683.webp"},"thumbnail":{"file":"tours-galeria-obidos-nazare-01-150x150.webp","width":150,"height":150,"mime-type":"image\/webp","filesize":6598,"source_url":"https:\/\/recordtours.pt\/wp-content\/uploads\/2024\/04\/tours-galeria-obidos-nazare-01-150x150.webp"},"medium_large":{"file":"tours-galeria-obidos-nazare-01-768x512.webp","width":768,"height":512,"mime-type":"image\/webp","filesize":71110,"source_url":"https:\/\/recordtours.pt\/wp-content\/uploads\/2024\/04\/tours-galeria-obidos-nazare-01-768x512.webp"},"et-pb-post-main-image":{"file":"tours-galeria-obidos-nazare-01-400x250.webp","width":400,"height":250,"mime-type":"image\/webp","filesize":20814,"source_url":"https:\/\/recordtours.pt\/wp-content\/uploads\/2024\/04\/tours-galeria-obidos-nazare-01-400x250.webp"},"et-pb-post-main-image-fullwidth":{"file":"tours-galeria-obidos-nazare-01-1080x675.webp","width":1080,"height":675,"mime-type":"image\/webp","filesize":106558,"source_url":"https:\/\/recordtours.pt\/wp-content\/uploads\/2024\/04\/tours-galeria-obidos-nazare-01-1080x675.webp"},"et-pb-portfolio-image":{"file":"tours-galeria-obidos-nazare-01-400x284.webp","width":400,"height":284,"mime-type":"image\/webp","filesize":24478,"source_url":"https:\/\/recordtours.pt\/wp-content\/uploads\/2024\/04\/tours-galeria-obidos-nazare-01-400x284.webp"},"et-pb-portfolio-module-image":{"file":"tours-galeria-obidos-nazare-01-510x382.webp","width":510,"height":382,"mime-type":"image\/webp","filesize":39488,"source_url":"https:\/\/recordtours.pt\/wp-content\/uploads\/2024\/04\/tours-galeria-obidos-nazare-01-510x382.webp"},"et-pb-portfolio-image-single":{"file":"tours-galeria-obidos-nazare-01-1080x720.webp","width":1080,"height":720,"mime-type":"image\/webp","filesize":120158,"source_url":"https:\/\/recordtours.pt\/wp-content\/uploads\/2024\/04\/tours-galeria-obidos-nazare-01-1080x720.webp"},"et-pb-gallery-module-image-portrait":{"file":"tours-galeria-obidos-nazare-01-400x516.webp","width":400,"height":516,"mime-type":"image\/webp","filesize":40010,"source_url":"https:\/\/recordtours.pt\/wp-content\/uploads\/2024\/04\/tours-galeria-obidos-nazare-01-400x516.webp"},"et-pb-image--responsive--tablet":{"file":"tours-galeria-obidos-nazare-01-980x653.webp","width":980,"height":653,"mime-type":"image\/webp","filesize":103708,"source_url":"https:\/\/recordtours.pt\/wp-content\/uploads\/2024\/04\/tours-galeria-obidos-nazare-01-980x653.webp"},"et-pb-image--responsive--phone":{"file":"tours-galeria-obidos-nazare-01-480x320.webp","width":480,"height":320,"mime-type":"image\/webp","filesize":31698,"source_url":"https:\/\/recordtours.pt\/wp-content\/uploads\/2024\/04\/tours-galeria-obidos-nazare-01-480x320.webp"}}},"alt_text":"","url":"","target":""},{"id":3584,"title":"","caption":"","full_image_url":"https:\/\/recordtours.pt\/wp-content\/uploads\/2024\/04\/tours-galeria-obidos-nazare-02.webp","thumbnail_image_url":"https:\/\/recordtours.pt\/wp-content\/uploads\/2024\/04\/tours-galeria-obidos-nazare-02-150x150.webp","large_srcset":"https:\/\/recordtours.pt\/wp-content\/uploads\/2024\/04\/tours-galeria-obidos-nazare-02-1024x683.webp 1024w, https:\/\/recordtours.pt\/wp-content\/uploads\/2024\/04\/tours-galeria-obidos-nazare-02-980x653.webp 980w, https:\/\/recordtours.pt\/wp-content\/uploads\/2024\/04\/tours-galeria-obidos-nazare-02-480x320.webp 480w","medium_srcset":false,"media_details":{"width":1200,"height":800,"sizes":{"medium":{"file":"tours-galeria-obidos-nazare-02-300x200.webp","width":300,"height":200,"mime-type":"image\/webp","filesize":20600,"source_url":"https:\/\/recordtours.pt\/wp-content\/uploads\/2024\/04\/tours-galeria-obidos-nazare-02-300x200.webp"},"large":{"file":"tours-galeria-obidos-nazare-02-1024x683.webp","width":1024,"height":683,"mime-type":"image\/webp","filesize":183960,"source_url":"https:\/\/recordtours.pt\/wp-content\/uploads\/2024\/04\/tours-galeria-obidos-nazare-02-1024x683.webp"},"thumbnail":{"file":"tours-galeria-obidos-nazare-02-150x150.webp","width":150,"height":150,"mime-type":"image\/webp","filesize":8592,"source_url":"https:\/\/recordtours.pt\/wp-content\/uploads\/2024\/04\/tours-galeria-obidos-nazare-02-150x150.webp"},"medium_large":{"file":"tours-galeria-obidos-nazare-02-768x512.webp","width":768,"height":512,"mime-type":"image\/webp","filesize":111558,"source_url":"https:\/\/recordtours.pt\/wp-content\/uploads\/2024\/04\/tours-galeria-obidos-nazare-02-768x512.webp"},"et-pb-post-main-image":{"file":"tours-galeria-obidos-nazare-02-400x250.webp","width":400,"height":250,"mime-type":"image\/webp","filesize":32014,"source_url":"https:\/\/recordtours.pt\/wp-content\/uploads\/2024\/04\/tours-galeria-obidos-nazare-02-400x250.webp"},"et-pb-post-main-image-fullwidth":{"file":"tours-galeria-obidos-nazare-02-1080x675.webp","width":1080,"height":675,"mime-type":"image\/webp","filesize":193504,"source_url":"https:\/\/recordtours.pt\/wp-content\/uploads\/2024\/04\/tours-galeria-obidos-nazare-02-1080x675.webp"},"et-pb-portfolio-image":{"file":"tours-galeria-obidos-nazare-02-400x284.webp","width":400,"height":284,"mime-type":"image\/webp","filesize":35976,"source_url":"https:\/\/recordtours.pt\/wp-content\/uploads\/2024\/04\/tours-galeria-obidos-nazare-02-400x284.webp"},"et-pb-portfolio-module-image":{"file":"tours-galeria-obidos-nazare-02-510x382.webp","width":510,"height":382,"mime-type":"image\/webp","filesize":59114,"source_url":"https:\/\/recordtours.pt\/wp-content\/uploads\/2024\/04\/tours-galeria-obidos-nazare-02-510x382.webp"},"et-pb-portfolio-image-single":{"file":"tours-galeria-obidos-nazare-02-1080x720.webp","width":1080,"height":720,"mime-type":"image\/webp","filesize":201202,"source_url":"https:\/\/recordtours.pt\/wp-content\/uploads\/2024\/04\/tours-galeria-obidos-nazare-02-1080x720.webp"},"et-pb-gallery-module-image-portrait":{"file":"tours-galeria-obidos-nazare-02-400x516.webp","width":400,"height":516,"mime-type":"image\/webp","filesize":61916,"source_url":"https:\/\/recordtours.pt\/wp-content\/uploads\/2024\/04\/tours-galeria-obidos-nazare-02-400x516.webp"},"et-pb-image--responsive--tablet":{"file":"tours-galeria-obidos-nazare-02-980x653.webp","width":980,"height":653,"mime-type":"image\/webp","filesize":171246,"source_url":"https:\/\/recordtours.pt\/wp-content\/uploads\/2024\/04\/tours-galeria-obidos-nazare-02-980x653.webp"},"et-pb-image--responsive--phone":{"file":"tours-galeria-obidos-nazare-02-480x320.webp","width":480,"height":320,"mime-type":"image\/webp","filesize":47538,"source_url":"https:\/\/recordtours.pt\/wp-content\/uploads\/2024\/04\/tours-galeria-obidos-nazare-02-480x320.webp"}}},"alt_text":"","url":"","target":""},{"id":3585,"title":"","caption":"","full_image_url":"https:\/\/recordtours.pt\/wp-content\/uploads\/2024\/04\/tours-galeria-obidos-nazare-03.webp","thumbnail_image_url":"https:\/\/recordtours.pt\/wp-content\/uploads\/2024\/04\/tours-galeria-obidos-nazare-03-150x150.webp","large_srcset":"https:\/\/recordtours.pt\/wp-content\/uploads\/2024\/04\/tours-galeria-obidos-nazare-03-1024x683.webp 1024w, https:\/\/recordtours.pt\/wp-content\/uploads\/2024\/04\/tours-galeria-obidos-nazare-03-980x653.webp 980w, https:\/\/recordtours.pt\/wp-content\/uploads\/2024\/04\/tours-galeria-obidos-nazare-03-480x320.webp 480w","medium_srcset":false,"media_details":{"width":1200,"height":800,"sizes":{"medium":{"file":"tours-galeria-obidos-nazare-03-300x200.webp","width":300,"height":200,"mime-type":"image\/webp","filesize":14708,"source_url":"https:\/\/recordtours.pt\/wp-content\/uploads\/2024\/04\/tours-galeria-obidos-nazare-03-300x200.webp"},"large":{"file":"tours-galeria-obidos-nazare-03-1024x683.webp","width":1024,"height":683,"mime-type":"image\/webp","filesize":125616,"source_url":"https:\/\/recordtours.pt\/wp-content\/uploads\/2024\/04\/tours-galeria-obidos-nazare-03-1024x683.webp"},"thumbnail":{"file":"tours-galeria-obidos-nazare-03-150x150.webp","width":150,"height":150,"mime-type":"image\/webp","filesize":6594,"source_url":"https:\/\/recordtours.pt\/wp-content\/uploads\/2024\/04\/tours-galeria-obidos-nazare-03-150x150.webp"},"medium_large":{"file":"tours-galeria-obidos-nazare-03-768x512.webp","width":768,"height":512,"mime-type":"image\/webp","filesize":75134,"source_url":"https:\/\/recordtours.pt\/wp-content\/uploads\/2024\/04\/tours-galeria-obidos-nazare-03-768x512.webp"},"et-pb-post-main-image":{"file":"tours-galeria-obidos-nazare-03-400x250.webp","width":400,"height":250,"mime-type":"image\/webp","filesize":22910,"source_url":"https:\/\/recordtours.pt\/wp-content\/uploads\/2024\/04\/tours-galeria-obidos-nazare-03-400x250.webp"},"et-pb-post-main-image-fullwidth":{"file":"tours-galeria-obidos-nazare-03-1080x675.webp","width":1080,"height":675,"mime-type":"image\/webp","filesize":134662,"source_url":"https:\/\/recordtours.pt\/wp-content\/uploads\/2024\/04\/tours-galeria-obidos-nazare-03-1080x675.webp"},"et-pb-portfolio-image":{"file":"tours-galeria-obidos-nazare-03-400x284.webp","width":400,"height":284,"mime-type":"image\/webp","filesize":25562,"source_url":"https:\/\/recordtours.pt\/wp-content\/uploads\/2024\/04\/tours-galeria-obidos-nazare-03-400x284.webp"},"et-pb-portfolio-module-image":{"file":"tours-galeria-obidos-nazare-03-510x382.webp","width":510,"height":382,"mime-type":"image\/webp","filesize":41584,"source_url":"https:\/\/recordtours.pt\/wp-content\/uploads\/2024\/04\/tours-galeria-obidos-nazare-03-510x382.webp"},"et-pb-portfolio-image-single":{"file":"tours-galeria-obidos-nazare-03-1080x720.webp","width":1080,"height":720,"mime-type":"image\/webp","filesize":136990,"source_url":"https:\/\/recordtours.pt\/wp-content\/uploads\/2024\/04\/tours-galeria-obidos-nazare-03-1080x720.webp"},"et-pb-gallery-module-image-portrait":{"file":"tours-galeria-obidos-nazare-03-400x516.webp","width":400,"height":516,"mime-type":"image\/webp","filesize":45722,"source_url":"https:\/\/recordtours.pt\/wp-content\/uploads\/2024\/04\/tours-galeria-obidos-nazare-03-400x516.webp"},"et-pb-image--responsive--tablet":{"file":"tours-galeria-obidos-nazare-03-980x653.webp","width":980,"height":653,"mime-type":"image\/webp","filesize":116810,"source_url":"https:\/\/recordtours.pt\/wp-content\/uploads\/2024\/04\/tours-galeria-obidos-nazare-03-980x653.webp"},"et-pb-image--responsive--phone":{"file":"tours-galeria-obidos-nazare-03-480x320.webp","width":480,"height":320,"mime-type":"image\/webp","filesize":32386,"source_url":"https:\/\/recordtours.pt\/wp-content\/uploads\/2024\/04\/tours-galeria-obidos-nazare-03-480x320.webp"}}},"alt_text":"","url":"","target":""}]]}},"_links":{"self":[{"href":"https:\/\/recordtours.pt\/de\/wp-json\/wp\/v2\/posts\/3583","targetHints":{"allow":["GET"]}}],"collection":[{"href":"https:\/\/recordtours.pt\/de\/wp-json\/wp\/v2\/posts"}],"about":[{"href":"https:\/\/recordtours.pt\/de\/wp-json\/wp\/v2\/types\/post"}],"author":[{"embeddable":true,"href":"https:\/\/recordtours.pt\/de\/wp-json\/wp\/v2\/users\/3"}],"replies":[{"embeddable":true,"href":"https:\/\/recordtours.pt\/de\/wp-json\/wp\/v2\/comments?post=3583"}],"version-history":[{"count":0,"href":"https:\/\/recordtours.pt\/de\/wp-json\/wp\/v2\/posts\/3583\/revisions"}],"wp:featuredmedia":[{"embeddable":true,"href":"https:\/\/recordtours.pt\/de\/wp-json\/wp\/v2\/media\/3575"}],"wp:attachment":[{"href":"https:\/\/recordtours.pt\/de\/wp-json\/wp\/v2\/media?parent=3583"}],"wp:term":[{"taxonomy":"category","embeddable":true,"href":"https:\/\/recordtours.pt\/de\/wp-json\/wp\/v2\/categories?post=3583"},{"taxonomy":"post_tag","embeddable":true,"href":"https:\/\/recordtours.pt\/de\/wp-json\/wp\/v2\/tags?post=3583"}],"curies":[{"name":"wp","href":"https:\/\/api.w.org\/{rel}","templated":true}]}}