{"id":3744,"date":"2024-03-05T14:52:53","date_gmt":"2024-03-05T14:52:53","guid":{"rendered":"https:\/\/recordtours.pt\/3-taegige-private-tour-in-kleiner-gruppe-an-der-algarve-ab-lissabon\/"},"modified":"2024-06-24T11:53:50","modified_gmt":"2024-06-24T11:53:50","slug":"3-taegige-private-tour-in-kleiner-gruppe-an-der-algarve-ab-lissabon","status":"publish","type":"post","link":"https:\/\/recordtours.pt\/de\/3-taegige-private-tour-in-kleiner-gruppe-an-der-algarve-ab-lissabon\/","title":{"rendered":"3-t\u00e4gige private Tour in kleiner Gruppe an der Algarve ab Lissabon"},"content":{"rendered":"<p>Dreit\u00e4gige private Tour an der Algarve ab Lissabon, eine spezielle Reiseroute f\u00fcr Sie und Ihre Familie, die ein paar Tage an der Algarve genie\u00dfen und diese wundersch\u00f6ne Region besuchen m\u00f6chten, die f\u00fcr ihre Str\u00e4nde, Golfpl\u00e4tze, Gastronomie, aber auch f\u00fcr ihr atemberaubendes Klima ber\u00fchmt ist.<\/p>\n<p>Kommen Sie und entdecken Sie die Algarve, einen Ort mit viel Geschichte, der Sie einl\u00e4dt, ihn besser kennenzulernen, beginnend und endend in Lissabon.<\/p>\n<div class='et-learn-more clearfix'>\n\t\t\t\t\t<h3 class='heading-more'>Was ist inbegriffen<span class='et_learnmore_arrow'><span><\/span><\/span><\/h3>\n\t\t\t\t\t<div class='learn-more-content'><div>\n<ul>\n<li>Klimatisiertes Fahrzeug<\/li>\n<li>Privater Transport<\/li>\n<li>Wi-Fi an Bord<\/li>\n<\/ul>\n<\/div>\n<div>\n<div><strong>Nicht im Ticket enthalten<\/strong><\/div>\n<ul>\n<li>Eintritt &#8211; Kapelle der Knochen (\u00c9vora)<\/li>\n<li>Eintritt &#8211; Nationalheiligtum Christk\u00f6nig<\/li>\n<\/ul>\n<\/div><\/div>\n\t\t\t\t<\/div> <div class='et-learn-more clearfix'>\n\t\t\t\t\t<h3 class='heading-more'>Abreise und R\u00fcckkehr<span class='et_learnmore_arrow'><span><\/span><\/span><\/h3>\n\t\t\t\t\t<div class='learn-more-content'><div>\n<ul>\n<li>\n<div>\n<div><strong>Beginn<\/strong>:<\/div>\n<\/div>\n<div>\n<ul>\n<li>\n<div>\n<div>Pra\u00e7a Marqu\u00eas de Pombal 8, 1250-160 Lissabon, Portugal<\/div>\n<div>Abholung vor dem Hotel Fenix, Marques de Pombal Square<\/div>\n<\/div>\n<\/li>\n<\/ul>\n<\/div>\n<div>\n<div><strong>Ende<\/strong>: Diese Aktivit\u00e4t endet am Treffpunkt.<\/div>\n<\/div>\n<\/li>\n<\/ul>\n<\/div><\/div>\n\t\t\t\t<\/div> <div class='et-learn-more clearfix'>\n\t\t\t\t\t<h3 class='heading-more'>Zug\u00e4nglichkeit<span class='et_learnmore_arrow'><span><\/span><\/span><\/h3>\n\t\t\t\t\t<div class='learn-more-content'><div>\n<ul>\n<li>Nicht f\u00fcr Rollstuhlfahrer zug\u00e4nglich<\/li>\n<li>In der N\u00e4he von \u00f6ffentlichen Verkehrsmitteln<\/li>\n<li>Kindersitze verf\u00fcgbar<\/li>\n<\/ul>\n<\/div>\n<div>\n<div>Wenn Sie Fragen zur Barrierefreiheit haben, helfen wir Ihnen gerne weiter. Rufen Sie einfach <a href=\"tel:+351932221333\">die Nummer (+351) 932 221 333<\/a> an<\/div>\n<\/div><\/div>\n\t\t\t\t<\/div> <div class='et-learn-more clearfix'>\n\t\t\t\t\t<h3 class='heading-more'>Zusatzinformation<span class='et_learnmore_arrow'><span><\/span><\/span><\/h3>\n\t\t\t\t\t<div class='learn-more-content'><div>\n<ul>\n<li>Die Best\u00e4tigung erhalten Sie zum Zeitpunkt der Buchung<\/li>\n<li>Die meisten Reisenden k\u00f6nnen teilnehmen<\/li>\n<li>Dies ist eine private Aktivit\u00e4t\/Tour. Nur Ihre Gruppe nimmt teil<\/li>\n<\/ul>\n<\/div><\/div>\n\t\t\t\t<\/div> <div class='et-learn-more clearfix'>\n\t\t\t\t\t<h3 class='heading-more'>Stornierungsbedingungen<span class='et_learnmore_arrow'><span><\/span><\/span><\/h3>\n\t\t\t\t\t<div class='learn-more-content'><div>F\u00fcr eine vollst\u00e4ndige R\u00fcckerstattung stornieren Sie innerhalb von 72 Stunden nach der Buchung Ihrer Tour.<\/div><\/div>\n\t\t\t\t<\/div> <div class='et-learn-more clearfix'>\n\t\t\t\t\t<h3 class='heading-more'>H\u00e4ufig gestellte Fragen<span class='et_learnmore_arrow'><span><\/span><\/span><\/h3>\n\t\t\t\t\t<div class='learn-more-content'><div>\n<div><strong>Welche Sehensw\u00fcrdigkeiten werde ich mit 3 Tage Private Tour in kleiner Gruppe an der Algarve ab Lissabon besuchen?<\/strong><\/div>\n<div>\n<div>\n<p>W\u00e4hrend dieses Erlebnisses besuchen Sie unter anderem:<\/p>\n<ul>\n<li><a href=\"https:\/\/www.tripadvisor.pt\/Attraction_Review-g189106-d196208-Reviews-Capela_dos_Ossos-Evora_Evora_District_Alentejo.html\">Kapelle der Knochen (\u00c9vora)<\/a><\/li>\n<li><a href=\"https:\/\/www.tripadvisor.pt\/Attraction_Review-g1022768-d1871724-Reviews-Santuario_Nacional_de_Cristo_Rei-Almada_Setubal_District_Alentejo.html\">Nationalheiligtum Christk\u00f6nig<\/a><\/li>\n<li><a href=\"https:\/\/www.tripadvisor.pt\/Attraction_Review-g227946-d3869907-Reviews-Castelo_de_Sesimbra-Sesimbra_Setubal_District_Alentejo.html\">Schloss Sesimbra<\/a><\/li>\n<li><a href=\"https:\/\/www.tripadvisor.pt\/Attraction_Review-g189121-d4701589-Reviews-Cape_Saint_Vincent-Sagres_Faro_District_Algarve.html\">Cabo de San Vicente<\/a><\/li>\n<li><a href=\"https:\/\/www.tripadvisor.pt\/Attraction_Review-g189121-d6889768-Reviews-Fortaleza_de_Sagres-Sagres_Faro_District_Algarve.html\">Festung von Sagres<\/a><\/li>\n<\/ul>\n<\/div>\n<\/div>\n<\/div>\n<div>\n<hr>\n<\/div>\n<div>\n<div><strong>Wie viel kostet eine 3-t\u00e4gige private Algarve-Tour in kleiner Gruppe ab Lissabon?<\/strong><\/div>\n<div>\n<div>Preis f\u00fcr 3 Tage Private Tour in kleiner Gruppe an der Algarve ab Lissabon ab 1 002,17 \u20ac.<\/div>\n<\/div>\n<\/div>\n<div>\n<hr>\n<\/div>\n<div>\n<div><strong>Welches Unternehmen ist verantwortlich f\u00fcr Private Small Group 3 Tage Algarve Tour ab Lissabon?<\/strong><\/div>\n<div>\n<div>\n<p>Private 3-t\u00e4gige Algarve-Tour in kleiner Gruppe ab Lissabon wird durchgef\u00fchrt von RecordTours.<\/p>\n<div>\n<hr>\n<\/div>\n<div>\n<div><strong>Wie viel Zeit ben\u00f6tige ich f\u00fcr eine 3-t\u00e4gige private Kleingruppentour an der Algarve ab Lissabon?<\/strong><\/div>\n<div>\n<div>Im Durchschnitt dauert diese Erfahrung etwa 3 Tage.<\/div>\n<\/div>\n<\/div>\n<\/div>\n<\/div>\n<\/div><\/div>\n\t\t\t\t<\/div><div class='et-learn-more clearfix'>\n\t\t\t\t\t<h3 class='heading-more'>Hilfe<span class='et_learnmore_arrow'><span><\/span><\/span><\/h3>\n\t\t\t\t\t<div class='learn-more-content'><div>Wenn Sie Fragen zu dieser Tour haben oder Hilfe bei der Buchung ben\u00f6tigen, helfen wir Ihnen gerne weiter. Rufen Sie einfach <a href=\"tel:+351932221333\">die Nummer (+351) 932 221 333<\/a> an<\/div><\/div>\n\t\t\t\t<\/div><\/p>\n","protected":false},"excerpt":{"rendered":"<p>Dreit\u00e4gige private Algarve-Tour ab Lissabon, eine spezielle Reiseroute f\u00fcr Sie und Ihre Familie, die&#8230;  <\/p>\n","protected":false},"author":3,"featured_media":3745,"comment_status":"closed","ping_status":"closed","sticky":false,"template":"","format":"standard","meta":{"_acf_changed":false,"_et_pb_use_builder":"","_et_pb_old_content":"","_et_gb_content_width":"","footnotes":""},"categories":[21,47],"tags":[],"class_list":["post-3744","post","type-post","status-publish","format-standard","has-post-thumbnail","hentry","category-touren","category-mehrtagige-reiserouten"],"acf":{"photo_gallery":{"tours_galeria":[[{"id":3748,"title":"","caption":"","full_image_url":"https:\/\/recordtours.pt\/wp-content\/uploads\/2024\/03\/tours-galeria-algarve2-03.webp","thumbnail_image_url":"https:\/\/recordtours.pt\/wp-content\/uploads\/2024\/03\/tours-galeria-algarve2-03-150x150.webp","large_srcset":"https:\/\/recordtours.pt\/wp-content\/uploads\/2024\/03\/tours-galeria-algarve2-03-1024x683.webp 1024w, https:\/\/recordtours.pt\/wp-content\/uploads\/2024\/03\/tours-galeria-algarve2-03-980x653.webp 980w, https:\/\/recordtours.pt\/wp-content\/uploads\/2024\/03\/tours-galeria-algarve2-03-480x320.webp 480w","medium_srcset":false,"media_details":{"width":1200,"height":800,"sizes":{"medium":{"file":"tours-galeria-algarve2-03-300x200.webp","width":300,"height":200,"mime-type":"image\/webp","filesize":20344,"source_url":"https:\/\/recordtours.pt\/wp-content\/uploads\/2024\/03\/tours-galeria-algarve2-03-300x200.webp"},"large":{"file":"tours-galeria-algarve2-03-1024x683.webp","width":1024,"height":683,"mime-type":"image\/webp","filesize":218858,"source_url":"https:\/\/recordtours.pt\/wp-content\/uploads\/2024\/03\/tours-galeria-algarve2-03-1024x683.webp"},"thumbnail":{"file":"tours-galeria-algarve2-03-150x150.webp","width":150,"height":150,"mime-type":"image\/webp","filesize":8178,"source_url":"https:\/\/recordtours.pt\/wp-content\/uploads\/2024\/03\/tours-galeria-algarve2-03-150x150.webp"},"medium_large":{"file":"tours-galeria-algarve2-03-768x512.webp","width":768,"height":512,"mime-type":"image\/webp","filesize":125694,"source_url":"https:\/\/recordtours.pt\/wp-content\/uploads\/2024\/03\/tours-galeria-algarve2-03-768x512.webp"},"et-pb-post-main-image":{"file":"tours-galeria-algarve2-03-400x250.webp","width":400,"height":250,"mime-type":"image\/webp","filesize":32058,"source_url":"https:\/\/recordtours.pt\/wp-content\/uploads\/2024\/03\/tours-galeria-algarve2-03-400x250.webp"},"et-pb-post-main-image-fullwidth":{"file":"tours-galeria-algarve2-03-1080x675.webp","width":1080,"height":675,"mime-type":"image\/webp","filesize":232912,"source_url":"https:\/\/recordtours.pt\/wp-content\/uploads\/2024\/03\/tours-galeria-algarve2-03-1080x675.webp"},"et-pb-portfolio-image":{"file":"tours-galeria-algarve2-03-400x284.webp","width":400,"height":284,"mime-type":"image\/webp","filesize":36256,"source_url":"https:\/\/recordtours.pt\/wp-content\/uploads\/2024\/03\/tours-galeria-algarve2-03-400x284.webp"},"et-pb-portfolio-module-image":{"file":"tours-galeria-algarve2-03-510x382.webp","width":510,"height":382,"mime-type":"image\/webp","filesize":62814,"source_url":"https:\/\/recordtours.pt\/wp-content\/uploads\/2024\/03\/tours-galeria-algarve2-03-510x382.webp"},"et-pb-portfolio-image-single":{"file":"tours-galeria-algarve2-03-1080x720.webp","width":1080,"height":720,"mime-type":"image\/webp","filesize":241376,"source_url":"https:\/\/recordtours.pt\/wp-content\/uploads\/2024\/03\/tours-galeria-algarve2-03-1080x720.webp"},"et-pb-gallery-module-image-portrait":{"file":"tours-galeria-algarve2-03-400x516.webp","width":400,"height":516,"mime-type":"image\/webp","filesize":69110,"source_url":"https:\/\/recordtours.pt\/wp-content\/uploads\/2024\/03\/tours-galeria-algarve2-03-400x516.webp"},"et-pb-image--responsive--tablet":{"file":"tours-galeria-algarve2-03-980x653.webp","width":980,"height":653,"mime-type":"image\/webp","filesize":201848,"source_url":"https:\/\/recordtours.pt\/wp-content\/uploads\/2024\/03\/tours-galeria-algarve2-03-980x653.webp"},"et-pb-image--responsive--phone":{"file":"tours-galeria-algarve2-03-480x320.webp","width":480,"height":320,"mime-type":"image\/webp","filesize":48018,"source_url":"https:\/\/recordtours.pt\/wp-content\/uploads\/2024\/03\/tours-galeria-algarve2-03-480x320.webp"}}},"alt_text":"","url":"","target":""},{"id":3747,"title":"","caption":"","full_image_url":"https:\/\/recordtours.pt\/wp-content\/uploads\/2024\/03\/tours-galeria-algarve2-01.webp","thumbnail_image_url":"https:\/\/recordtours.pt\/wp-content\/uploads\/2024\/03\/tours-galeria-algarve2-01-150x150.webp","large_srcset":"https:\/\/recordtours.pt\/wp-content\/uploads\/2024\/03\/tours-galeria-algarve2-01-1024x683.webp 1024w, https:\/\/recordtours.pt\/wp-content\/uploads\/2024\/03\/tours-galeria-algarve2-01-980x653.webp 980w, https:\/\/recordtours.pt\/wp-content\/uploads\/2024\/03\/tours-galeria-algarve2-01-480x320.webp 480w","medium_srcset":false,"media_details":{"width":1200,"height":800,"sizes":{"medium":{"file":"tours-galeria-algarve2-01-300x200.webp","width":300,"height":200,"mime-type":"image\/webp","filesize":14802,"source_url":"https:\/\/recordtours.pt\/wp-content\/uploads\/2024\/03\/tours-galeria-algarve2-01-300x200.webp"},"large":{"file":"tours-galeria-algarve2-01-1024x683.webp","width":1024,"height":683,"mime-type":"image\/webp","filesize":121724,"source_url":"https:\/\/recordtours.pt\/wp-content\/uploads\/2024\/03\/tours-galeria-algarve2-01-1024x683.webp"},"thumbnail":{"file":"tours-galeria-algarve2-01-150x150.webp","width":150,"height":150,"mime-type":"image\/webp","filesize":6006,"source_url":"https:\/\/recordtours.pt\/wp-content\/uploads\/2024\/03\/tours-galeria-algarve2-01-150x150.webp"},"medium_large":{"file":"tours-galeria-algarve2-01-768x512.webp","width":768,"height":512,"mime-type":"image\/webp","filesize":77684,"source_url":"https:\/\/recordtours.pt\/wp-content\/uploads\/2024\/03\/tours-galeria-algarve2-01-768x512.webp"},"et-pb-post-main-image":{"file":"tours-galeria-algarve2-01-400x250.webp","width":400,"height":250,"mime-type":"image\/webp","filesize":22812,"source_url":"https:\/\/recordtours.pt\/wp-content\/uploads\/2024\/03\/tours-galeria-algarve2-01-400x250.webp"},"et-pb-post-main-image-fullwidth":{"file":"tours-galeria-algarve2-01-1080x675.webp","width":1080,"height":675,"mime-type":"image\/webp","filesize":126478,"source_url":"https:\/\/recordtours.pt\/wp-content\/uploads\/2024\/03\/tours-galeria-algarve2-01-1080x675.webp"},"et-pb-portfolio-image":{"file":"tours-galeria-algarve2-01-400x284.webp","width":400,"height":284,"mime-type":"image\/webp","filesize":25552,"source_url":"https:\/\/recordtours.pt\/wp-content\/uploads\/2024\/03\/tours-galeria-algarve2-01-400x284.webp"},"et-pb-portfolio-module-image":{"file":"tours-galeria-algarve2-01-510x382.webp","width":510,"height":382,"mime-type":"image\/webp","filesize":42412,"source_url":"https:\/\/recordtours.pt\/wp-content\/uploads\/2024\/03\/tours-galeria-algarve2-01-510x382.webp"},"et-pb-portfolio-image-single":{"file":"tours-galeria-algarve2-01-1080x720.webp","width":1080,"height":720,"mime-type":"image\/webp","filesize":130334,"source_url":"https:\/\/recordtours.pt\/wp-content\/uploads\/2024\/03\/tours-galeria-algarve2-01-1080x720.webp"},"et-pb-gallery-module-image-portrait":{"file":"tours-galeria-algarve2-01-400x516.webp","width":400,"height":516,"mime-type":"image\/webp","filesize":45260,"source_url":"https:\/\/recordtours.pt\/wp-content\/uploads\/2024\/03\/tours-galeria-algarve2-01-400x516.webp"},"et-pb-image--responsive--tablet":{"file":"tours-galeria-algarve2-01-980x653.webp","width":980,"height":653,"mime-type":"image\/webp","filesize":114694,"source_url":"https:\/\/recordtours.pt\/wp-content\/uploads\/2024\/03\/tours-galeria-algarve2-01-980x653.webp"},"et-pb-image--responsive--phone":{"file":"tours-galeria-algarve2-01-480x320.webp","width":480,"height":320,"mime-type":"image\/webp","filesize":34104,"source_url":"https:\/\/recordtours.pt\/wp-content\/uploads\/2024\/03\/tours-galeria-algarve2-01-480x320.webp"}}},"alt_text":"","url":"","target":""},{"id":3746,"title":"","caption":"","full_image_url":"https:\/\/recordtours.pt\/wp-content\/uploads\/2024\/03\/tours-galeria-algarve2-02.webp","thumbnail_image_url":"https:\/\/recordtours.pt\/wp-content\/uploads\/2024\/03\/tours-galeria-algarve2-02-150x150.webp","large_srcset":"https:\/\/recordtours.pt\/wp-content\/uploads\/2024\/03\/tours-galeria-algarve2-02-1024x683.webp 1024w, https:\/\/recordtours.pt\/wp-content\/uploads\/2024\/03\/tours-galeria-algarve2-02-980x653.webp 980w, https:\/\/recordtours.pt\/wp-content\/uploads\/2024\/03\/tours-galeria-algarve2-02-480x320.webp 480w","medium_srcset":false,"media_details":{"width":1200,"height":800,"sizes":{"medium":{"file":"tours-galeria-algarve2-02-300x200.webp","width":300,"height":200,"mime-type":"image\/webp","filesize":12336,"source_url":"https:\/\/recordtours.pt\/wp-content\/uploads\/2024\/03\/tours-galeria-algarve2-02-300x200.webp"},"large":{"file":"tours-galeria-algarve2-02-1024x683.webp","width":1024,"height":683,"mime-type":"image\/webp","filesize":122762,"source_url":"https:\/\/recordtours.pt\/wp-content\/uploads\/2024\/03\/tours-galeria-algarve2-02-1024x683.webp"},"thumbnail":{"file":"tours-galeria-algarve2-02-150x150.webp","width":150,"height":150,"mime-type":"image\/webp","filesize":5416,"source_url":"https:\/\/recordtours.pt\/wp-content\/uploads\/2024\/03\/tours-galeria-algarve2-02-150x150.webp"},"medium_large":{"file":"tours-galeria-algarve2-02-768x512.webp","width":768,"height":512,"mime-type":"image\/webp","filesize":70660,"source_url":"https:\/\/recordtours.pt\/wp-content\/uploads\/2024\/03\/tours-galeria-algarve2-02-768x512.webp"},"et-pb-post-main-image":{"file":"tours-galeria-algarve2-02-400x250.webp","width":400,"height":250,"mime-type":"image\/webp","filesize":18962,"source_url":"https:\/\/recordtours.pt\/wp-content\/uploads\/2024\/03\/tours-galeria-algarve2-02-400x250.webp"},"et-pb-post-main-image-fullwidth":{"file":"tours-galeria-algarve2-02-1080x675.webp","width":1080,"height":675,"mime-type":"image\/webp","filesize":127722,"source_url":"https:\/\/recordtours.pt\/wp-content\/uploads\/2024\/03\/tours-galeria-algarve2-02-1080x675.webp"},"et-pb-portfolio-image":{"file":"tours-galeria-algarve2-02-400x284.webp","width":400,"height":284,"mime-type":"image\/webp","filesize":21658,"source_url":"https:\/\/recordtours.pt\/wp-content\/uploads\/2024\/03\/tours-galeria-algarve2-02-400x284.webp"},"et-pb-portfolio-module-image":{"file":"tours-galeria-algarve2-02-510x382.webp","width":510,"height":382,"mime-type":"image\/webp","filesize":36426,"source_url":"https:\/\/recordtours.pt\/wp-content\/uploads\/2024\/03\/tours-galeria-algarve2-02-510x382.webp"},"et-pb-portfolio-image-single":{"file":"tours-galeria-algarve2-02-1080x720.webp","width":1080,"height":720,"mime-type":"image\/webp","filesize":133614,"source_url":"https:\/\/recordtours.pt\/wp-content\/uploads\/2024\/03\/tours-galeria-algarve2-02-1080x720.webp"},"et-pb-gallery-module-image-portrait":{"file":"tours-galeria-algarve2-02-400x516.webp","width":400,"height":516,"mime-type":"image\/webp","filesize":43862,"source_url":"https:\/\/recordtours.pt\/wp-content\/uploads\/2024\/03\/tours-galeria-algarve2-02-400x516.webp"},"et-pb-image--responsive--tablet":{"file":"tours-galeria-algarve2-02-980x653.webp","width":980,"height":653,"mime-type":"image\/webp","filesize":113306,"source_url":"https:\/\/recordtours.pt\/wp-content\/uploads\/2024\/03\/tours-galeria-algarve2-02-980x653.webp"},"et-pb-image--responsive--phone":{"file":"tours-galeria-algarve2-02-480x320.webp","width":480,"height":320,"mime-type":"image\/webp","filesize":27856,"source_url":"https:\/\/recordtours.pt\/wp-content\/uploads\/2024\/03\/tours-galeria-algarve2-02-480x320.webp"}}},"alt_text":"","url":"","target":""}]]}},"_links":{"self":[{"href":"https:\/\/recordtours.pt\/de\/wp-json\/wp\/v2\/posts\/3744","targetHints":{"allow":["GET"]}}],"collection":[{"href":"https:\/\/recordtours.pt\/de\/wp-json\/wp\/v2\/posts"}],"about":[{"href":"https:\/\/recordtours.pt\/de\/wp-json\/wp\/v2\/types\/post"}],"author":[{"embeddable":true,"href":"https:\/\/recordtours.pt\/de\/wp-json\/wp\/v2\/users\/3"}],"replies":[{"embeddable":true,"href":"https:\/\/recordtours.pt\/de\/wp-json\/wp\/v2\/comments?post=3744"}],"version-history":[{"count":0,"href":"https:\/\/recordtours.pt\/de\/wp-json\/wp\/v2\/posts\/3744\/revisions"}],"wp:featuredmedia":[{"embeddable":true,"href":"https:\/\/recordtours.pt\/de\/wp-json\/wp\/v2\/media\/3745"}],"wp:attachment":[{"href":"https:\/\/recordtours.pt\/de\/wp-json\/wp\/v2\/media?parent=3744"}],"wp:term":[{"taxonomy":"category","embeddable":true,"href":"https:\/\/recordtours.pt\/de\/wp-json\/wp\/v2\/categories?post=3744"},{"taxonomy":"post_tag","embeddable":true,"href":"https:\/\/recordtours.pt\/de\/wp-json\/wp\/v2\/tags?post=3744"}],"curies":[{"name":"wp","href":"https:\/\/api.w.org\/{rel}","templated":true}]}}