{"id":3403,"date":"2024-04-08T11:39:42","date_gmt":"2024-04-08T11:39:42","guid":{"rendered":"https:\/\/recordtours.pt\/day-tour-of-fatima-and-obidos\/"},"modified":"2024-06-24T11:53:10","modified_gmt":"2024-06-24T11:53:10","slug":"day-tour-of-fatima-and-obidos","status":"publish","type":"post","link":"https:\/\/recordtours.pt\/en\/day-tour-of-fatima-and-obidos\/","title":{"rendered":"Day tour of F\u00e1tima and \u00d3bidos"},"content":{"rendered":"<p>The tour starts in Lisbon to F\u00e1tima where you will visit the famous Sanctuary. It is one of the largest pilgrimage centers in the world, built around the place where, in 1917, the Virgin Mary appeared to three shepherds. After visiting the Basilica where the three visionaries are buried, the chapel of the apparitions and the modern Church of the Most Holy Trinity, we will have some free time to pray or attend the celebration of mass (optional).<br \/>\nA day dedicated to spirituality and medieval times. We start with Fatima, one of the most important shrines in Europe and its sanctuary, home to one of the largest pilgrimage centers in the world.<\/p>\n<p>From here we will depart for \u00d3bidos, a charming medieval village inside the walls, where we will have the opportunity to taste the typical liquor of the region: the &#8220;Ginga&#8221; served in a chocolate cup. \u00d3bidos is the best example of the medieval city in Portugal. As we enter its walls of the Medieval Castle, we go back in time.<\/p>\n<div class='et-learn-more clearfix'>\n\t\t\t\t\t<h3 class='heading-more'>What&#039;s included<span class='et_learnmore_arrow'><span><\/span><\/span><\/h3>\n\t\t\t\t\t<div class='learn-more-content'><div>\n<div>\n<ul>\n<li>Air-conditioned vehicle<\/li>\n<li>Wi-Fi on board<\/li>\n<li>Mineral water<\/li>\n<li>Accident &amp; Liability Insurance<\/li>\n<li>All taxes included<\/li>\n<li>Entry\/Admission &#8211; Basilica of Our Lady of Fatima<\/li>\n<\/ul>\n<\/div>\n<div>\n<div><strong>What&#8217;s not included<\/strong><\/div>\n<ul>\n<li>Meals and lodging for customers<\/li>\n<li>Entrance tickets<\/li>\n<\/ul>\n<\/div>\n<\/div><\/div>\n\t\t\t\t<\/div> <div class='et-learn-more clearfix'>\n\t\t\t\t\t<h3 class='heading-more'>What To Expect<span class='et_learnmore_arrow'><span><\/span><\/span><\/h3>\n\t\t\t\t\t<div class='learn-more-content'><strong>Itinerary<\/strong><\/p>\n<p>This is a normal itinerary for this product<\/p>\n<p><strong>Stopping Place: <\/strong>Basilica of Our Lady of Fatima, Cova de Iria, Our\u00e9m Portugal<\/p>\n<p>The Shrine of Fatima, formally titled by the Catholic Church as the Shrine of Our Lady of the Rosary of Fatima, is a Marian shrine dedicated to Our Lady of Fatima, located in the place of Cova da Iria, in the city of Fatima, municipality of Our\u00e9m, in Portugal.<\/p>\n<p>The Shrine of Fatima is, par excellence, a place of Christian pilgrimage and Catholic devotion, preserving the memory of the events that led to its foundation, namely the apparitions of Our Lady to the three shepherd children \u2013 L\u00facia dos Santos, Francisco and Jacinta Marto \u2013 in 1917. Its magnitude and relevance from a religious point of view has long been consensually recognized, nationally and internationally. By the express will of the Holy Apostolic See, this is a National Shrine. It is also one of the most important Marian shrines in the world belonging to the Catholic Church.<\/p>\n<p>Duration: 2 hours<\/p>\n<p><strong>Stopping Place: <\/strong>F\u00e1tima, F\u00e1tima, Santar\u00e9m District, Central Portugal<\/p>\n<p>F\u00e1tima is a city in central Portugal that is home to the Sanctuary of F\u00e1tima, a Catholic pilgrimage site. The Chapel of the Apparitions marks the spot where the Virgin Mary allegedly appeared in 1917. Other sacred sites include the Basilica of Our Lady of the Rosary, with its golden angels, and the modern Church of the Holy Trinity<\/p>\n<p>Duration: 2 hours<\/p>\n<p><strong>Stopping Place: <\/strong>Obidos Village, Obidos Portugal<\/p>\n<p>The medieval village of \u00d3bidos is one of the most picturesque and well-preserved in Portugal.<\/p>\n<p>Sufficiently close to the capital and located at a high point, close to the Atlantic coast, \u00d3bidos had a strategic importance in the territory. Already occupied before the Romans arrived in the Iberian Peninsula, the town became more prosperous from the moment it was chosen by the royal family. Since King Dinis offered it to his wife Isabel in the eighteenth century. In the thirteenth century, it belonged to the House of Queens who, throughout the various dynasties, benefited and enriched it. It is one of the main reasons why so many churches are found in this small town.<\/p>\n<p>Duration:2 hours<\/p><\/div>\n\t\t\t\t<\/div> <div class='et-learn-more clearfix'>\n\t\t\t\t\t<h3 class='heading-more'>Departure and Return<span class='et_learnmore_arrow'><span><\/span><\/span><\/h3>\n\t\t\t\t\t<div class='learn-more-content'><div>\n<ul>\n<li>\n<div>\n<div><strong>Start<\/strong>:<\/div>\n<\/div>\n<div>\n<ul>\n<li>\n<div>\n<div>Pra\u00e7a Marqu\u00eas de Pombal 8, 1250-160 Lisbon, Portugal<\/div>\n<div>Pick-up in front of Hotel Fenix, Marques de Pombal Square<\/div>\n<\/div>\n<\/li>\n<\/ul>\n<\/div>\n<div>\n<div><strong>End<\/strong>: This activity ends at the meeting point.<\/div>\n<\/div>\n<\/li>\n<\/ul>\n<\/div><\/div>\n\t\t\t\t<\/div> <div class='et-learn-more clearfix'>\n\t\t\t\t\t<h3 class='heading-more'>Accessibility<span class='et_learnmore_arrow'><span><\/span><\/span><\/h3>\n\t\t\t\t\t<div class='learn-more-content'><div>\n<ul>\n<li>Not wheelchair accessible<\/li>\n<li>Stroller accessible<\/li>\n<li>Close to public transport<\/li>\n<li>Infant seats available<\/li>\n<\/ul>\n<\/div>\n<div>\n<div>If you have questions about accessibility, we&#8217;re happy to help. Just call <a href=\"tel:+351932221333\">the number (+351) 932 221 333<\/a><\/div>\n<\/div><\/div>\n\t\t\t\t<\/div> <div class='et-learn-more clearfix'>\n\t\t\t\t\t<h3 class='heading-more'>Additional Information<span class='et_learnmore_arrow'><span><\/span><\/span><\/h3>\n\t\t\t\t\t<div class='learn-more-content'><div>\n<ul>\n<li>Confirmation will be received at time of booking<\/li>\n<li>Most travellers can participate<\/li>\n<li>This tour\/activity will have a maximum of 8 travelers<\/li>\n<\/ul>\n<\/div><\/div>\n\t\t\t\t<\/div> <div class='et-learn-more clearfix'>\n\t\t\t\t\t<h3 class='heading-more'>Cancellation Policy<span class='et_learnmore_arrow'><span><\/span><\/span><\/h3>\n\t\t\t\t\t<div class='learn-more-content'><div>For a full refund, cancel within 72 hours of booking your tour.<\/div><\/div>\n\t\t\t\t<\/div> <div class='et-learn-more clearfix'>\n\t\t\t\t\t<h3 class='heading-more'>Faq<span class='et_learnmore_arrow'><span><\/span><\/span><\/h3>\n\t\t\t\t\t<div class='learn-more-content'><div>\n<div><strong>Which attractions will I visit with F\u00e1tima and Obidos Day Tour?<\/strong><\/div>\n<div>\n<div>\n<p>During this experience, places you will visit include:<\/p>\n<ul>\n<li><a href=\"https:\/\/www.tripadvisor.pt\/Attraction_Review-g664020-d4324279-Reviews-Basilica_de_Nossa_Senhora_de_Fatima-Ourem_Santarem_District_Central_Portugal.html\">Basilica of Our Lady of Fatima<\/a><\/li>\n<\/ul>\n<\/div>\n<\/div>\n<\/div>\n<div>\n<hr>\n<\/div>\n<div>\n<div><strong>How much is F\u00e1tima and Obidos Day Tour?<\/strong><\/div>\n<div>\n<div>\n<p>Price for F\u00e1tima and \u00d3bidos Day Tour from 243,41 \u20ac.<\/p>\n<div>\n<hr>\n<\/div>\n<div>\n<div>\n<div><strong>Which company is responsible for F\u00e1tima and Obidos Day Tour?<\/strong><\/div>\n<div>\n<div>\n<p>Day tour of F\u00e1tima and \u00d3bidos is hosted by RecordTours.<\/p>\n<\/div>\n<\/div>\n<\/div>\n<\/div>\n<\/div>\n<\/div>\n<\/div><\/div>\n\t\t\t\t<\/div><div class='et-learn-more clearfix'>\n\t\t\t\t\t<h3 class='heading-more'>Help<span class='et_learnmore_arrow'><span><\/span><\/span><\/h3>\n\t\t\t\t\t<div class='learn-more-content'><div>If you have questions about this tour or need help booking, we are happy to help. Just call <a href=\"tel:+351932221333\">the number (+351) 932 221 333<\/a><\/div><\/div>\n\t\t\t\t<\/div><\/p>\n","protected":false},"excerpt":{"rendered":"<p>The tour starts in Lisbon to F\u00e1tima where you will visit the famous Sanctuary. Is&#8230;  <\/p>\n","protected":false},"author":3,"featured_media":149,"comment_status":"closed","ping_status":"closed","sticky":false,"template":"","format":"standard","meta":{"_acf_changed":false,"_et_pb_use_builder":"","_et_pb_old_content":"","_et_gb_content_width":"","footnotes":""},"categories":[1,42],"tags":[],"class_list":["post-3403","post","type-post","status-publish","format-standard","has-post-thumbnail","hentry","category-all","category-daily-tours"],"acf":{"photo_gallery":{"tours_galeria":[[{"id":2347,"title":"tours-galeria-fatima-01","caption":"","full_image_url":"https:\/\/recordtours.pt\/wp-content\/uploads\/2024\/02\/tours-galeria-fatima-01.webp","thumbnail_image_url":"https:\/\/recordtours.pt\/wp-content\/uploads\/2024\/02\/tours-galeria-fatima-01-150x150.webp","large_srcset":"https:\/\/recordtours.pt\/wp-content\/uploads\/2024\/02\/tours-galeria-fatima-01-1024x683.webp 1024w, https:\/\/recordtours.pt\/wp-content\/uploads\/2024\/02\/tours-galeria-fatima-01-980x653.webp 980w, https:\/\/recordtours.pt\/wp-content\/uploads\/2024\/02\/tours-galeria-fatima-01-480x320.webp 480w","medium_srcset":false,"media_details":{"width":1200,"height":800,"sizes":{"medium":{"file":"tours-galeria-fatima-01-300x200.webp","width":300,"height":200,"mime-type":"image\/webp","filesize":9012,"source_url":"https:\/\/recordtours.pt\/wp-content\/uploads\/2024\/02\/tours-galeria-fatima-01-300x200.webp"},"large":{"file":"tours-galeria-fatima-01-1024x683.webp","width":1024,"height":683,"mime-type":"image\/webp","filesize":72158,"source_url":"https:\/\/recordtours.pt\/wp-content\/uploads\/2024\/02\/tours-galeria-fatima-01-1024x683.webp"},"thumbnail":{"file":"tours-galeria-fatima-01-150x150.webp","width":150,"height":150,"mime-type":"image\/webp","filesize":4200,"source_url":"https:\/\/recordtours.pt\/wp-content\/uploads\/2024\/02\/tours-galeria-fatima-01-150x150.webp"},"medium_large":{"file":"tours-galeria-fatima-01-768x512.webp","width":768,"height":512,"mime-type":"image\/webp","filesize":43350,"source_url":"https:\/\/recordtours.pt\/wp-content\/uploads\/2024\/02\/tours-galeria-fatima-01-768x512.webp"},"et-pb-post-main-image":{"file":"tours-galeria-fatima-01-400x250.webp","width":400,"height":250,"mime-type":"image\/webp","filesize":13070,"source_url":"https:\/\/recordtours.pt\/wp-content\/uploads\/2024\/02\/tours-galeria-fatima-01-400x250.webp"},"et-pb-post-main-image-fullwidth":{"file":"tours-galeria-fatima-01-1080x675.webp","width":1080,"height":675,"mime-type":"image\/webp","filesize":75362,"source_url":"https:\/\/recordtours.pt\/wp-content\/uploads\/2024\/02\/tours-galeria-fatima-01-1080x675.webp"},"et-pb-portfolio-image":{"file":"tours-galeria-fatima-01-400x284.webp","width":400,"height":284,"mime-type":"image\/webp","filesize":14612,"source_url":"https:\/\/recordtours.pt\/wp-content\/uploads\/2024\/02\/tours-galeria-fatima-01-400x284.webp"},"et-pb-portfolio-module-image":{"file":"tours-galeria-fatima-01-510x382.webp","width":510,"height":382,"mime-type":"image\/webp","filesize":23458,"source_url":"https:\/\/recordtours.pt\/wp-content\/uploads\/2024\/02\/tours-galeria-fatima-01-510x382.webp"},"et-pb-portfolio-image-single":{"file":"tours-galeria-fatima-01-1080x720.webp","width":1080,"height":720,"mime-type":"image\/webp","filesize":79220,"source_url":"https:\/\/recordtours.pt\/wp-content\/uploads\/2024\/02\/tours-galeria-fatima-01-1080x720.webp"},"et-pb-gallery-module-image-portrait":{"file":"tours-galeria-fatima-01-400x516.webp","width":400,"height":516,"mime-type":"image\/webp","filesize":26544,"source_url":"https:\/\/recordtours.pt\/wp-content\/uploads\/2024\/02\/tours-galeria-fatima-01-400x516.webp"},"et-pb-image--responsive--tablet":{"file":"tours-galeria-fatima-01-980x653.webp","width":980,"height":653,"mime-type":"image\/webp","filesize":67396,"source_url":"https:\/\/recordtours.pt\/wp-content\/uploads\/2024\/02\/tours-galeria-fatima-01-980x653.webp"},"et-pb-image--responsive--phone":{"file":"tours-galeria-fatima-01-480x320.webp","width":480,"height":320,"mime-type":"image\/webp","filesize":18410,"source_url":"https:\/\/recordtours.pt\/wp-content\/uploads\/2024\/02\/tours-galeria-fatima-01-480x320.webp"}}},"alt_text":"","url":"","target":""},{"id":2769,"title":"tours-galeria-obidos-nazare-02","caption":"","full_image_url":"https:\/\/recordtours.pt\/wp-content\/uploads\/2024\/04\/tours-galeria-obidos-nazare-02.webp","thumbnail_image_url":"https:\/\/recordtours.pt\/wp-content\/uploads\/2024\/04\/tours-galeria-obidos-nazare-02-150x150.webp","large_srcset":"https:\/\/recordtours.pt\/wp-content\/uploads\/2024\/04\/tours-galeria-obidos-nazare-02-1024x683.webp 1024w, https:\/\/recordtours.pt\/wp-content\/uploads\/2024\/04\/tours-galeria-obidos-nazare-02-980x653.webp 980w, https:\/\/recordtours.pt\/wp-content\/uploads\/2024\/04\/tours-galeria-obidos-nazare-02-480x320.webp 480w","medium_srcset":false,"media_details":{"width":1200,"height":800,"sizes":{"medium":{"file":"tours-galeria-obidos-nazare-02-300x200.webp","width":300,"height":200,"mime-type":"image\/webp","filesize":20600,"source_url":"https:\/\/recordtours.pt\/wp-content\/uploads\/2024\/04\/tours-galeria-obidos-nazare-02-300x200.webp"},"large":{"file":"tours-galeria-obidos-nazare-02-1024x683.webp","width":1024,"height":683,"mime-type":"image\/webp","filesize":183960,"source_url":"https:\/\/recordtours.pt\/wp-content\/uploads\/2024\/04\/tours-galeria-obidos-nazare-02-1024x683.webp"},"thumbnail":{"file":"tours-galeria-obidos-nazare-02-150x150.webp","width":150,"height":150,"mime-type":"image\/webp","filesize":8592,"source_url":"https:\/\/recordtours.pt\/wp-content\/uploads\/2024\/04\/tours-galeria-obidos-nazare-02-150x150.webp"},"medium_large":{"file":"tours-galeria-obidos-nazare-02-768x512.webp","width":768,"height":512,"mime-type":"image\/webp","filesize":111558,"source_url":"https:\/\/recordtours.pt\/wp-content\/uploads\/2024\/04\/tours-galeria-obidos-nazare-02-768x512.webp"},"et-pb-post-main-image":{"file":"tours-galeria-obidos-nazare-02-400x250.webp","width":400,"height":250,"mime-type":"image\/webp","filesize":32014,"source_url":"https:\/\/recordtours.pt\/wp-content\/uploads\/2024\/04\/tours-galeria-obidos-nazare-02-400x250.webp"},"et-pb-post-main-image-fullwidth":{"file":"tours-galeria-obidos-nazare-02-1080x675.webp","width":1080,"height":675,"mime-type":"image\/webp","filesize":193504,"source_url":"https:\/\/recordtours.pt\/wp-content\/uploads\/2024\/04\/tours-galeria-obidos-nazare-02-1080x675.webp"},"et-pb-portfolio-image":{"file":"tours-galeria-obidos-nazare-02-400x284.webp","width":400,"height":284,"mime-type":"image\/webp","filesize":35976,"source_url":"https:\/\/recordtours.pt\/wp-content\/uploads\/2024\/04\/tours-galeria-obidos-nazare-02-400x284.webp"},"et-pb-portfolio-module-image":{"file":"tours-galeria-obidos-nazare-02-510x382.webp","width":510,"height":382,"mime-type":"image\/webp","filesize":59114,"source_url":"https:\/\/recordtours.pt\/wp-content\/uploads\/2024\/04\/tours-galeria-obidos-nazare-02-510x382.webp"},"et-pb-portfolio-image-single":{"file":"tours-galeria-obidos-nazare-02-1080x720.webp","width":1080,"height":720,"mime-type":"image\/webp","filesize":201202,"source_url":"https:\/\/recordtours.pt\/wp-content\/uploads\/2024\/04\/tours-galeria-obidos-nazare-02-1080x720.webp"},"et-pb-gallery-module-image-portrait":{"file":"tours-galeria-obidos-nazare-02-400x516.webp","width":400,"height":516,"mime-type":"image\/webp","filesize":61916,"source_url":"https:\/\/recordtours.pt\/wp-content\/uploads\/2024\/04\/tours-galeria-obidos-nazare-02-400x516.webp"},"et-pb-image--responsive--tablet":{"file":"tours-galeria-obidos-nazare-02-980x653.webp","width":980,"height":653,"mime-type":"image\/webp","filesize":171246,"source_url":"https:\/\/recordtours.pt\/wp-content\/uploads\/2024\/04\/tours-galeria-obidos-nazare-02-980x653.webp"},"et-pb-image--responsive--phone":{"file":"tours-galeria-obidos-nazare-02-480x320.webp","width":480,"height":320,"mime-type":"image\/webp","filesize":47538,"source_url":"https:\/\/recordtours.pt\/wp-content\/uploads\/2024\/04\/tours-galeria-obidos-nazare-02-480x320.webp"}}},"alt_text":"","url":"","target":""},{"id":2771,"title":"tours-galeria-obidos-nazare-03","caption":"","full_image_url":"https:\/\/recordtours.pt\/wp-content\/uploads\/2024\/04\/tours-galeria-obidos-nazare-03.webp","thumbnail_image_url":"https:\/\/recordtours.pt\/wp-content\/uploads\/2024\/04\/tours-galeria-obidos-nazare-03-150x150.webp","large_srcset":"https:\/\/recordtours.pt\/wp-content\/uploads\/2024\/04\/tours-galeria-obidos-nazare-03-1024x683.webp 1024w, https:\/\/recordtours.pt\/wp-content\/uploads\/2024\/04\/tours-galeria-obidos-nazare-03-980x653.webp 980w, https:\/\/recordtours.pt\/wp-content\/uploads\/2024\/04\/tours-galeria-obidos-nazare-03-480x320.webp 480w","medium_srcset":false,"media_details":{"width":1200,"height":800,"sizes":{"medium":{"file":"tours-galeria-obidos-nazare-03-300x200.webp","width":300,"height":200,"mime-type":"image\/webp","filesize":14708,"source_url":"https:\/\/recordtours.pt\/wp-content\/uploads\/2024\/04\/tours-galeria-obidos-nazare-03-300x200.webp"},"large":{"file":"tours-galeria-obidos-nazare-03-1024x683.webp","width":1024,"height":683,"mime-type":"image\/webp","filesize":125616,"source_url":"https:\/\/recordtours.pt\/wp-content\/uploads\/2024\/04\/tours-galeria-obidos-nazare-03-1024x683.webp"},"thumbnail":{"file":"tours-galeria-obidos-nazare-03-150x150.webp","width":150,"height":150,"mime-type":"image\/webp","filesize":6594,"source_url":"https:\/\/recordtours.pt\/wp-content\/uploads\/2024\/04\/tours-galeria-obidos-nazare-03-150x150.webp"},"medium_large":{"file":"tours-galeria-obidos-nazare-03-768x512.webp","width":768,"height":512,"mime-type":"image\/webp","filesize":75134,"source_url":"https:\/\/recordtours.pt\/wp-content\/uploads\/2024\/04\/tours-galeria-obidos-nazare-03-768x512.webp"},"et-pb-post-main-image":{"file":"tours-galeria-obidos-nazare-03-400x250.webp","width":400,"height":250,"mime-type":"image\/webp","filesize":22910,"source_url":"https:\/\/recordtours.pt\/wp-content\/uploads\/2024\/04\/tours-galeria-obidos-nazare-03-400x250.webp"},"et-pb-post-main-image-fullwidth":{"file":"tours-galeria-obidos-nazare-03-1080x675.webp","width":1080,"height":675,"mime-type":"image\/webp","filesize":134662,"source_url":"https:\/\/recordtours.pt\/wp-content\/uploads\/2024\/04\/tours-galeria-obidos-nazare-03-1080x675.webp"},"et-pb-portfolio-image":{"file":"tours-galeria-obidos-nazare-03-400x284.webp","width":400,"height":284,"mime-type":"image\/webp","filesize":25562,"source_url":"https:\/\/recordtours.pt\/wp-content\/uploads\/2024\/04\/tours-galeria-obidos-nazare-03-400x284.webp"},"et-pb-portfolio-module-image":{"file":"tours-galeria-obidos-nazare-03-510x382.webp","width":510,"height":382,"mime-type":"image\/webp","filesize":41584,"source_url":"https:\/\/recordtours.pt\/wp-content\/uploads\/2024\/04\/tours-galeria-obidos-nazare-03-510x382.webp"},"et-pb-portfolio-image-single":{"file":"tours-galeria-obidos-nazare-03-1080x720.webp","width":1080,"height":720,"mime-type":"image\/webp","filesize":136990,"source_url":"https:\/\/recordtours.pt\/wp-content\/uploads\/2024\/04\/tours-galeria-obidos-nazare-03-1080x720.webp"},"et-pb-gallery-module-image-portrait":{"file":"tours-galeria-obidos-nazare-03-400x516.webp","width":400,"height":516,"mime-type":"image\/webp","filesize":45722,"source_url":"https:\/\/recordtours.pt\/wp-content\/uploads\/2024\/04\/tours-galeria-obidos-nazare-03-400x516.webp"},"et-pb-image--responsive--tablet":{"file":"tours-galeria-obidos-nazare-03-980x653.webp","width":980,"height":653,"mime-type":"image\/webp","filesize":116810,"source_url":"https:\/\/recordtours.pt\/wp-content\/uploads\/2024\/04\/tours-galeria-obidos-nazare-03-980x653.webp"},"et-pb-image--responsive--phone":{"file":"tours-galeria-obidos-nazare-03-480x320.webp","width":480,"height":320,"mime-type":"image\/webp","filesize":32386,"source_url":"https:\/\/recordtours.pt\/wp-content\/uploads\/2024\/04\/tours-galeria-obidos-nazare-03-480x320.webp"}}},"alt_text":"","url":"","target":""}]]}},"_links":{"self":[{"href":"https:\/\/recordtours.pt\/en\/wp-json\/wp\/v2\/posts\/3403","targetHints":{"allow":["GET"]}}],"collection":[{"href":"https:\/\/recordtours.pt\/en\/wp-json\/wp\/v2\/posts"}],"about":[{"href":"https:\/\/recordtours.pt\/en\/wp-json\/wp\/v2\/types\/post"}],"author":[{"embeddable":true,"href":"https:\/\/recordtours.pt\/en\/wp-json\/wp\/v2\/users\/3"}],"replies":[{"embeddable":true,"href":"https:\/\/recordtours.pt\/en\/wp-json\/wp\/v2\/comments?post=3403"}],"version-history":[{"count":0,"href":"https:\/\/recordtours.pt\/en\/wp-json\/wp\/v2\/posts\/3403\/revisions"}],"wp:featuredmedia":[{"embeddable":true,"href":"https:\/\/recordtours.pt\/en\/wp-json\/wp\/v2\/media\/149"}],"wp:attachment":[{"href":"https:\/\/recordtours.pt\/en\/wp-json\/wp\/v2\/media?parent=3403"}],"wp:term":[{"taxonomy":"category","embeddable":true,"href":"https:\/\/recordtours.pt\/en\/wp-json\/wp\/v2\/categories?post=3403"},{"taxonomy":"post_tag","embeddable":true,"href":"https:\/\/recordtours.pt\/en\/wp-json\/wp\/v2\/tags?post=3403"}],"curies":[{"name":"wp","href":"https:\/\/api.w.org\/{rel}","templated":true}]}}