{"id":3423,"date":"2024-04-08T11:52:07","date_gmt":"2024-04-08T11:52:07","guid":{"rendered":"https:\/\/recordtours.pt\/private-tour-of-porto-from-lisbon\/"},"modified":"2024-06-24T11:53:16","modified_gmt":"2024-06-24T11:53:16","slug":"private-tour-of-porto-from-lisbon","status":"publish","type":"post","link":"https:\/\/recordtours.pt\/en\/private-tour-of-porto-from-lisbon\/","title":{"rendered":"Private Tour of Porto from Lisbon"},"content":{"rendered":"<p>Your tour begins with pickup in the morning, when you board a private, air-conditioned Van destined for the northern city of Porto. After the trip, embark on a scenic drive through the city&#8217;s top sights, which include the Cl\u00e9rigos Church and Bell Tower, the Lello Bookstore, and the S\u00e3o Bento Train Station.<\/p>\n<p>After lunch (own expense), cross the Douro River via the Dom Luis I Bridge, a bridge designed by a student of Gustave Eiffel. Then, take a tour of Vila Nova de Gaia, where you will visit one of the highest points in the city.<\/p>\n<p>Relax and enjoy a private tour at your own pace in a luxury car exclusively for you.<\/p>\n<p>Full assistance from a driver\/guide who will always be available to meet your needs<\/p>\n<div class='et-learn-more clearfix'>\n\t\t\t\t\t<h3 class='heading-more'>What&#039;s included<span class='et_learnmore_arrow'><span><\/span><\/span><\/h3>\n\t\t\t\t\t<div class='learn-more-content'><div>\n<ul>\n<li>Air-conditioned vehicle<\/li>\n<li>Wi-Fi on board<\/li>\n<li>Private Transportation<\/li>\n<li>Mineral water<\/li>\n<li>Entry\/Admission &#8211; Bolh\u00e3o Market<\/li>\n<\/ul>\n<\/div>\n<div>\n<div><strong>What&#8217;s not included<\/strong><\/div>\n<ul>\n<li>Lunch<\/li>\n<li>Tips<\/li>\n<li>Entry \/ Admission &#8211; Douro River Boat Trip<\/li>\n<li>Entry\/Admission &#8211; Wine Tasting<\/li>\n<li>Entry\/Admission &#8211; Carmo Church<\/li>\n<li>Entry\/Admission &#8211; Douro River<\/li>\n<li>Entry\/Admission &#8211; Sandeman Cellars<\/li>\n<\/ul>\n<\/div><\/div>\n\t\t\t\t<\/div> <div class='et-learn-more clearfix'>\n\t\t\t\t\t<h3 class='heading-more'>What To Expect<span class='et_learnmore_arrow'><span><\/span><\/span><\/h3>\n\t\t\t\t\t<div class='learn-more-content'><strong>Itinerary<\/strong><\/p>\n<p>This is a normal itinerary for this product<\/p>\n<p><strong>Stopping Place: <\/strong>Mercado do Bolh\u00e3o, Rua Formosa, Porto 4000-214 Portugal<\/p>\n<p>The Bolh\u00e3o Market is mainly dedicated to fresh products, especially food. The vendors are divided into different specialized sections, namely: fishmongers, butchers, vegetables and florals. Outside the building there are shops of other varieties, such as clothing, cafeteria, perfumes, fabrics, etc<\/p>\n<p>Duration: 30 minutes<\/p>\n<p><strong>Stopping Place: <\/strong>Cl\u00e9rigos Tower, Rua S\u00e3o Filipe Neri, Porto 4050-546 Portugal<\/p>\n<p>The Cl\u00e9rigos Church and Tower is a remarkable architectural ensemble located in the city of Porto, Portugal, and is considered the postcard of that city. The complex is located at the top of Rua dos Cl\u00e9rigos, between the streets of S\u00e3o Filipe N\u00e9ri and Assun\u00e7\u00e3o.<\/p>\n<p>Duration: 30 minutes<\/p>\n<p><strong>Stopping Place: <\/strong>Livraria Lello, Rua das Carmelitas 144 Vit\u00f3ria, Porto 4050-161 Portugal<\/p>\n<p>Livraria Lello is located at number 144 of Rua das Carmelitas, in the Historic Centre of the city of Porto, Portugal. Classified as a Monument of Public Interest, and in the process of becoming a National Monument, Livraria Lello preserves the original beauty of its building<\/p>\n<p><strong>Stopping Place: <\/strong>Igreja do Carmo, Rua Carmo, Porto 4050-164 Portugal<\/p>\n<p>The Carmo Church or Church of the Venerable Third Order of Our Lady of Mount Carmel, is located at the intersection between Pra\u00e7a de Carlos Alberto and Rua do Carmo, near the Church and Tower of Cl\u00e9rigos, in the Portuguese parish of Vit\u00f3ria, city of Porto.<\/p>\n<p>Duration: 1 hour<\/p>\n<p><strong>Stopping Place:<\/strong> Carmelite Church, Rua Carmo Vit\u00f3ria, Porto 4050-164 Portugal<\/p>\n<p>The Church of the Carmelites or Church of the Discalced Carmelites is located in the parish of Vit\u00f3ria, in the city of Porto, Portugal. Construction began in 1616 and was completed in 1628. The interior decoration was only completed in 1650<\/p>\n<p>Duration: 1 hour<\/p>\n<p><strong>Stopping Place: <\/strong>Porto Cathedral (Se Catedral), S\/N0 Terreiro Se 3 Centro Hist\u00f3rico, Porto 4050-573 Portugal<\/p>\n<p>The Cathedral of Porto, located in the heart of the historic center of the city of Porto, is one of the main and oldest monuments in Portugal.<\/p>\n<p>Duration: 1 hour<\/p>\n<p><strong>Stopping Place:<\/strong> Ponte de Dom Luis I, Pte. Luiz I, Porto Portugal<\/p>\n<p>The D. Lu\u00eds I Bridge is a metal structure bridge with two decks, built between 1881 and 1886, connecting the cities of Porto and Vila Nova de Gaia separated by the Douro River, in Portugal<\/p>\n<p>Duration: 1 hour<\/p>\n<p><strong>Stopping Place:<\/strong> Cais De Gaia, Av. de Ramos Pinto, Vila Nova de Gaia 4400-261 Portugal<\/p>\n<p>Cais de Gaia is nowadays transformed into a pleasant tourist area with beautiful terraces, restaurants and bars, overlooking the historic area of the city of Porto.<\/p>\n<p>This is one of the historical sites of this city that developed thanks to the famous Port Wine, since for centuries this was the place where the river port was located from where various goods were exported and imported.<\/p>\n<p>Duration: 3 hours<\/p>\n<p><strong>Stopping Place:<\/strong> Douro River, Porto Portugal<\/p>\n<p>Sail along the banks of Porto and Vila Nova de Gaia in a typical Rabelo Boat and discover the beauty of the Douro River. With attractive prices and a duration of 50 minutes, the Bridges Cruise became the most popular boat tour in 2019<\/p>\n<p>Duration: 1 hour<\/p>\n<p><strong>Stopping Place:<\/strong> Sandeman Cellars, Largo Miguel Bombarda, 47, Vila Nova de Gaia 4400-222 Portugal<\/p>\n<p>We finish with a tasting and the opportunity to walk through our shop with the best selection of C\u00e1lem Port wines<\/p>\n<p>Duration: 1 hour<\/p><\/div>\n\t\t\t\t<\/div> <div class='et-learn-more clearfix'>\n\t\t\t\t\t<h3 class='heading-more'>Departure and Return<span class='et_learnmore_arrow'><span><\/span><\/span><\/h3>\n\t\t\t\t\t<div class='learn-more-content'><div>\n<ul>\n<li>\n<div>\n<div><strong>Start<\/strong>:<\/div>\n<\/div>\n<div>\n<ul>\n<li>\n<div>\n<div>\n<p>Pra\u00e7a Marqu\u00eas de Pombal 8, 1250-160 Lisbon, Portugal\nMeeting place in front of Hotel Fenix, Marques de Pombal Square<\/p>\n<p>We offer transportation from any Hotel in the Lisbon area<\/p>\n<\/div>\n<\/div>\n<\/li>\n<\/ul>\n<\/div>\n<div>\n<div><strong>End<\/strong>: This activity ends at the meeting point.<\/div>\n<\/div>\n<\/li>\n<\/ul>\n<\/div><\/div>\n\t\t\t\t<\/div> <div class='et-learn-more clearfix'>\n\t\t\t\t\t<h3 class='heading-more'>Accessibility<span class='et_learnmore_arrow'><span><\/span><\/span><\/h3>\n\t\t\t\t\t<div class='learn-more-content'><div>\n<ul>\n<li>Wheelchair accessible<\/li>\n<li>Stroller accessible<\/li>\n<li>Close to public transport<\/li>\n<li>Infant seats available<\/li>\n<li>Transports are wheelchair accessible<\/li>\n<li>Facilities accessible to people with wheelchairs<\/li>\n<\/ul>\n<\/div>\n<div>\n<div>If you have questions about accessibility, we&#8217;re happy to help. Just call <a href=\"tel:+351932221333\">the number (+351) 932 221 333<\/a><\/div>\n<\/div><\/div>\n\t\t\t\t<\/div> <div class='et-learn-more clearfix'>\n\t\t\t\t\t<h3 class='heading-more'>Additional Information<span class='et_learnmore_arrow'><span><\/span><\/span><\/h3>\n\t\t\t\t\t<div class='learn-more-content'><div>\n<ul>\n<li>Confirmation will be received at time of booking<\/li>\n<li>Most travellers can participate<\/li>\n<li>This is a private activity\/tour. Only your group will participate<\/li>\n<\/ul>\n<\/div><\/div>\n\t\t\t\t<\/div> <div class='et-learn-more clearfix'>\n\t\t\t\t\t<h3 class='heading-more'>Cancellation Policy<span class='et_learnmore_arrow'><span><\/span><\/span><\/h3>\n\t\t\t\t\t<div class='learn-more-content'><div>For a full refund, cancel within 72 hours of booking your tour.<\/div><\/div>\n\t\t\t\t<\/div> <div class='et-learn-more clearfix'>\n\t\t\t\t\t<h3 class='heading-more'>Faq<span class='et_learnmore_arrow'><span><\/span><\/span><\/h3>\n\t\t\t\t\t<div class='learn-more-content'><div>\n<div><strong>Which attractions will I visit with Private Porto Tour from Lisbon?<\/strong><\/div>\n<div>\n<div>\n<p>During this experience, places you will visit include:<\/p>\n<ul>\n<li><a href=\"https:\/\/www.tripadvisor.pt\/Attraction_Review-g189180-d2403032-Reviews-Mercado_do_Bolhao-Porto_Porto_District_Northern_Portugal.html\">Bolh\u00e3o Market<\/a><\/li>\n<li><a href=\"https:\/\/www.tripadvisor.pt\/Attraction_Review-g580268-d243633-Reviews-Sandeman_Cellars-Vila_Nova_de_Gaia_Porto_District_Northern_Portugal.html\">Sandeman Cellars<\/a><\/li>\n<li><a href=\"https:\/\/www.tripadvisor.pt\/Attraction_Review-g189180-d243635-Reviews-Porto_Cathedral_Se_Catedral-Porto_Porto_District_Northern_Portugal.html\">Porto Cathedral<\/a><\/li>\n<li><a href=\"https:\/\/www.tripadvisor.pt\/Attraction_Review-g189180-d243637-Reviews-Torre_dos_Clerigos-Porto_Porto_District_Northern_Portugal.html\">Cl\u00e9rigos Tower<\/a><\/li>\n<li><a href=\"https:\/\/www.tripadvisor.pt\/Attraction_Review-g189180-d636456-Reviews-Ponte_de_Dom_Luis_I-Porto_Porto_District_Northern_Portugal.html\">Dom Lu\u00eds I Bridge<\/a><\/li>\n<\/ul>\n<\/div>\n<\/div>\n<\/div>\n<div>\n<hr>\n<\/div>\n<div>\n<div><strong>How much is Private Porto Tour from Lisbon?<\/strong><\/div>\n<div>\n<div>Price for Private Tour in Porto from Lisbon from 417,15 \u20ac<\/div>\n<\/div>\n<\/div>\n<div>\n<hr>\n<\/div>\n<div>\n<div><strong>Which company is responsible for Private Porto Tour from Lisbon?<\/strong><\/div>\n<div>\n<div>Private Porto Tour from Lisbon is hosted by RecordTours.<\/div>\n<\/div>\n<\/div><\/div>\n\t\t\t\t<\/div><div class='et-learn-more clearfix'>\n\t\t\t\t\t<h3 class='heading-more'>Help<span class='et_learnmore_arrow'><span><\/span><\/span><\/h3>\n\t\t\t\t\t<div class='learn-more-content'><div>If you have questions about this tour or need help booking, we are happy to help. Just call <a href=\"tel:+351932221333\">the number (+351) 932 221 333<\/a><\/div><\/div>\n\t\t\t\t<\/div><\/p>\n","protected":false},"excerpt":{"rendered":"<p>Your tour begins with pickup in the morning, when you board a pickup from&#8230;  <\/p>\n","protected":false},"author":3,"featured_media":161,"comment_status":"closed","ping_status":"closed","sticky":false,"template":"","format":"standard","meta":{"_acf_changed":false,"_et_pb_use_builder":"","_et_pb_old_content":"","_et_gb_content_width":"","footnotes":""},"categories":[1,42],"tags":[],"class_list":["post-3423","post","type-post","status-publish","format-standard","has-post-thumbnail","hentry","category-all","category-daily-tours"],"acf":{"photo_gallery":{"tours_galeria":[[{"id":2780,"title":"tours-galeria-porto-01","caption":"","full_image_url":"https:\/\/recordtours.pt\/wp-content\/uploads\/2024\/04\/tours-galeria-porto-01.webp","thumbnail_image_url":"https:\/\/recordtours.pt\/wp-content\/uploads\/2024\/04\/tours-galeria-porto-01-150x150.webp","large_srcset":"https:\/\/recordtours.pt\/wp-content\/uploads\/2024\/04\/tours-galeria-porto-01-1024x683.webp 1024w, https:\/\/recordtours.pt\/wp-content\/uploads\/2024\/04\/tours-galeria-porto-01-980x653.webp 980w, https:\/\/recordtours.pt\/wp-content\/uploads\/2024\/04\/tours-galeria-porto-01-480x320.webp 480w","medium_srcset":false,"media_details":{"width":1200,"height":800,"sizes":{"medium":{"file":"tours-galeria-porto-01-300x200.webp","width":300,"height":200,"mime-type":"image\/webp","filesize":13512,"source_url":"https:\/\/recordtours.pt\/wp-content\/uploads\/2024\/04\/tours-galeria-porto-01-300x200.webp"},"large":{"file":"tours-galeria-porto-01-1024x683.webp","width":1024,"height":683,"mime-type":"image\/webp","filesize":125712,"source_url":"https:\/\/recordtours.pt\/wp-content\/uploads\/2024\/04\/tours-galeria-porto-01-1024x683.webp"},"thumbnail":{"file":"tours-galeria-porto-01-150x150.webp","width":150,"height":150,"mime-type":"image\/webp","filesize":5848,"source_url":"https:\/\/recordtours.pt\/wp-content\/uploads\/2024\/04\/tours-galeria-porto-01-150x150.webp"},"medium_large":{"file":"tours-galeria-porto-01-768x512.webp","width":768,"height":512,"mime-type":"image\/webp","filesize":74636,"source_url":"https:\/\/recordtours.pt\/wp-content\/uploads\/2024\/04\/tours-galeria-porto-01-768x512.webp"},"et-pb-post-main-image":{"file":"tours-galeria-porto-01-400x250.webp","width":400,"height":250,"mime-type":"image\/webp","filesize":20894,"source_url":"https:\/\/recordtours.pt\/wp-content\/uploads\/2024\/04\/tours-galeria-porto-01-400x250.webp"},"et-pb-post-main-image-fullwidth":{"file":"tours-galeria-porto-01-1080x675.webp","width":1080,"height":675,"mime-type":"image\/webp","filesize":132648,"source_url":"https:\/\/recordtours.pt\/wp-content\/uploads\/2024\/04\/tours-galeria-porto-01-1080x675.webp"},"et-pb-portfolio-image":{"file":"tours-galeria-porto-01-400x284.webp","width":400,"height":284,"mime-type":"image\/webp","filesize":23600,"source_url":"https:\/\/recordtours.pt\/wp-content\/uploads\/2024\/04\/tours-galeria-porto-01-400x284.webp"},"et-pb-portfolio-module-image":{"file":"tours-galeria-porto-01-510x382.webp","width":510,"height":382,"mime-type":"image\/webp","filesize":39126,"source_url":"https:\/\/recordtours.pt\/wp-content\/uploads\/2024\/04\/tours-galeria-porto-01-510x382.webp"},"et-pb-portfolio-image-single":{"file":"tours-galeria-porto-01-1080x720.webp","width":1080,"height":720,"mime-type":"image\/webp","filesize":137552,"source_url":"https:\/\/recordtours.pt\/wp-content\/uploads\/2024\/04\/tours-galeria-porto-01-1080x720.webp"},"et-pb-gallery-module-image-portrait":{"file":"tours-galeria-porto-01-400x516.webp","width":400,"height":516,"mime-type":"image\/webp","filesize":46596,"source_url":"https:\/\/recordtours.pt\/wp-content\/uploads\/2024\/04\/tours-galeria-porto-01-400x516.webp"},"et-pb-image--responsive--tablet":{"file":"tours-galeria-porto-01-980x653.webp","width":980,"height":653,"mime-type":"image\/webp","filesize":116198,"source_url":"https:\/\/recordtours.pt\/wp-content\/uploads\/2024\/04\/tours-galeria-porto-01-980x653.webp"},"et-pb-image--responsive--phone":{"file":"tours-galeria-porto-01-480x320.webp","width":480,"height":320,"mime-type":"image\/webp","filesize":30398,"source_url":"https:\/\/recordtours.pt\/wp-content\/uploads\/2024\/04\/tours-galeria-porto-01-480x320.webp"}}},"alt_text":"","url":"","target":""},{"id":2776,"title":"tours-galeria-porto-02","caption":"","full_image_url":"https:\/\/recordtours.pt\/wp-content\/uploads\/2024\/04\/tours-galeria-porto-02.webp","thumbnail_image_url":"https:\/\/recordtours.pt\/wp-content\/uploads\/2024\/04\/tours-galeria-porto-02-150x150.webp","large_srcset":"https:\/\/recordtours.pt\/wp-content\/uploads\/2024\/04\/tours-galeria-porto-02-1024x683.webp 1024w, https:\/\/recordtours.pt\/wp-content\/uploads\/2024\/04\/tours-galeria-porto-02-980x653.webp 980w, https:\/\/recordtours.pt\/wp-content\/uploads\/2024\/04\/tours-galeria-porto-02-480x320.webp 480w","medium_srcset":false,"media_details":{"width":1200,"height":800,"sizes":{"medium":{"file":"tours-galeria-porto-02-300x200.webp","width":300,"height":200,"mime-type":"image\/webp","filesize":18746,"source_url":"https:\/\/recordtours.pt\/wp-content\/uploads\/2024\/04\/tours-galeria-porto-02-300x200.webp"},"large":{"file":"tours-galeria-porto-02-1024x683.webp","width":1024,"height":683,"mime-type":"image\/webp","filesize":157946,"source_url":"https:\/\/recordtours.pt\/wp-content\/uploads\/2024\/04\/tours-galeria-porto-02-1024x683.webp"},"thumbnail":{"file":"tours-galeria-porto-02-150x150.webp","width":150,"height":150,"mime-type":"image\/webp","filesize":8886,"source_url":"https:\/\/recordtours.pt\/wp-content\/uploads\/2024\/04\/tours-galeria-porto-02-150x150.webp"},"medium_large":{"file":"tours-galeria-porto-02-768x512.webp","width":768,"height":512,"mime-type":"image\/webp","filesize":94858,"source_url":"https:\/\/recordtours.pt\/wp-content\/uploads\/2024\/04\/tours-galeria-porto-02-768x512.webp"},"et-pb-post-main-image":{"file":"tours-galeria-porto-02-400x250.webp","width":400,"height":250,"mime-type":"image\/webp","filesize":29350,"source_url":"https:\/\/recordtours.pt\/wp-content\/uploads\/2024\/04\/tours-galeria-porto-02-400x250.webp"},"et-pb-post-main-image-fullwidth":{"file":"tours-galeria-porto-02-1080x675.webp","width":1080,"height":675,"mime-type":"image\/webp","filesize":165924,"source_url":"https:\/\/recordtours.pt\/wp-content\/uploads\/2024\/04\/tours-galeria-porto-02-1080x675.webp"},"et-pb-portfolio-image":{"file":"tours-galeria-porto-02-400x284.webp","width":400,"height":284,"mime-type":"image\/webp","filesize":32472,"source_url":"https:\/\/recordtours.pt\/wp-content\/uploads\/2024\/04\/tours-galeria-porto-02-400x284.webp"},"et-pb-portfolio-module-image":{"file":"tours-galeria-porto-02-510x382.webp","width":510,"height":382,"mime-type":"image\/webp","filesize":53782,"source_url":"https:\/\/recordtours.pt\/wp-content\/uploads\/2024\/04\/tours-galeria-porto-02-510x382.webp"},"et-pb-portfolio-image-single":{"file":"tours-galeria-porto-02-1080x720.webp","width":1080,"height":720,"mime-type":"image\/webp","filesize":171068,"source_url":"https:\/\/recordtours.pt\/wp-content\/uploads\/2024\/04\/tours-galeria-porto-02-1080x720.webp"},"et-pb-gallery-module-image-portrait":{"file":"tours-galeria-porto-02-400x516.webp","width":400,"height":516,"mime-type":"image\/webp","filesize":55462,"source_url":"https:\/\/recordtours.pt\/wp-content\/uploads\/2024\/04\/tours-galeria-porto-02-400x516.webp"},"et-pb-image--responsive--tablet":{"file":"tours-galeria-porto-02-980x653.webp","width":980,"height":653,"mime-type":"image\/webp","filesize":147184,"source_url":"https:\/\/recordtours.pt\/wp-content\/uploads\/2024\/04\/tours-galeria-porto-02-980x653.webp"},"et-pb-image--responsive--phone":{"file":"tours-galeria-porto-02-480x320.webp","width":480,"height":320,"mime-type":"image\/webp","filesize":41740,"source_url":"https:\/\/recordtours.pt\/wp-content\/uploads\/2024\/04\/tours-galeria-porto-02-480x320.webp"}}},"alt_text":"","url":"","target":""},{"id":2778,"title":"tours-galeria-porto-03","caption":"","full_image_url":"https:\/\/recordtours.pt\/wp-content\/uploads\/2024\/04\/tours-galeria-porto-03.webp","thumbnail_image_url":"https:\/\/recordtours.pt\/wp-content\/uploads\/2024\/04\/tours-galeria-porto-03-150x150.webp","large_srcset":"https:\/\/recordtours.pt\/wp-content\/uploads\/2024\/04\/tours-galeria-porto-03-1024x683.webp 1024w, https:\/\/recordtours.pt\/wp-content\/uploads\/2024\/04\/tours-galeria-porto-03-980x653.webp 980w, https:\/\/recordtours.pt\/wp-content\/uploads\/2024\/04\/tours-galeria-porto-03-480x320.webp 480w","medium_srcset":false,"media_details":{"width":1200,"height":800,"sizes":{"medium":{"file":"tours-galeria-porto-03-300x200.webp","width":300,"height":200,"mime-type":"image\/webp","filesize":24432,"source_url":"https:\/\/recordtours.pt\/wp-content\/uploads\/2024\/04\/tours-galeria-porto-03-300x200.webp"},"large":{"file":"tours-galeria-porto-03-1024x683.webp","width":1024,"height":683,"mime-type":"image\/webp","filesize":207600,"source_url":"https:\/\/recordtours.pt\/wp-content\/uploads\/2024\/04\/tours-galeria-porto-03-1024x683.webp"},"thumbnail":{"file":"tours-galeria-porto-03-150x150.webp","width":150,"height":150,"mime-type":"image\/webp","filesize":9824,"source_url":"https:\/\/recordtours.pt\/wp-content\/uploads\/2024\/04\/tours-galeria-porto-03-150x150.webp"},"medium_large":{"file":"tours-galeria-porto-03-768x512.webp","width":768,"height":512,"mime-type":"image\/webp","filesize":123156,"source_url":"https:\/\/recordtours.pt\/wp-content\/uploads\/2024\/04\/tours-galeria-porto-03-768x512.webp"},"et-pb-post-main-image":{"file":"tours-galeria-porto-03-400x250.webp","width":400,"height":250,"mime-type":"image\/webp","filesize":37308,"source_url":"https:\/\/recordtours.pt\/wp-content\/uploads\/2024\/04\/tours-galeria-porto-03-400x250.webp"},"et-pb-post-main-image-fullwidth":{"file":"tours-galeria-porto-03-1080x675.webp","width":1080,"height":675,"mime-type":"image\/webp","filesize":214978,"source_url":"https:\/\/recordtours.pt\/wp-content\/uploads\/2024\/04\/tours-galeria-porto-03-1080x675.webp"},"et-pb-portfolio-image":{"file":"tours-galeria-porto-03-400x284.webp","width":400,"height":284,"mime-type":"image\/webp","filesize":41890,"source_url":"https:\/\/recordtours.pt\/wp-content\/uploads\/2024\/04\/tours-galeria-porto-03-400x284.webp"},"et-pb-portfolio-module-image":{"file":"tours-galeria-porto-03-510x382.webp","width":510,"height":382,"mime-type":"image\/webp","filesize":67340,"source_url":"https:\/\/recordtours.pt\/wp-content\/uploads\/2024\/04\/tours-galeria-porto-03-510x382.webp"},"et-pb-portfolio-image-single":{"file":"tours-galeria-porto-03-1080x720.webp","width":1080,"height":720,"mime-type":"image\/webp","filesize":226210,"source_url":"https:\/\/recordtours.pt\/wp-content\/uploads\/2024\/04\/tours-galeria-porto-03-1080x720.webp"},"et-pb-gallery-module-image-portrait":{"file":"tours-galeria-porto-03-400x516.webp","width":400,"height":516,"mime-type":"image\/webp","filesize":65974,"source_url":"https:\/\/recordtours.pt\/wp-content\/uploads\/2024\/04\/tours-galeria-porto-03-400x516.webp"},"et-pb-image--responsive--tablet":{"file":"tours-galeria-porto-03-980x653.webp","width":980,"height":653,"mime-type":"image\/webp","filesize":192890,"source_url":"https:\/\/recordtours.pt\/wp-content\/uploads\/2024\/04\/tours-galeria-porto-03-980x653.webp"},"et-pb-image--responsive--phone":{"file":"tours-galeria-porto-03-480x320.webp","width":480,"height":320,"mime-type":"image\/webp","filesize":53706,"source_url":"https:\/\/recordtours.pt\/wp-content\/uploads\/2024\/04\/tours-galeria-porto-03-480x320.webp"}}},"alt_text":"","url":"","target":""}]]}},"_links":{"self":[{"href":"https:\/\/recordtours.pt\/en\/wp-json\/wp\/v2\/posts\/3423","targetHints":{"allow":["GET"]}}],"collection":[{"href":"https:\/\/recordtours.pt\/en\/wp-json\/wp\/v2\/posts"}],"about":[{"href":"https:\/\/recordtours.pt\/en\/wp-json\/wp\/v2\/types\/post"}],"author":[{"embeddable":true,"href":"https:\/\/recordtours.pt\/en\/wp-json\/wp\/v2\/users\/3"}],"replies":[{"embeddable":true,"href":"https:\/\/recordtours.pt\/en\/wp-json\/wp\/v2\/comments?post=3423"}],"version-history":[{"count":0,"href":"https:\/\/recordtours.pt\/en\/wp-json\/wp\/v2\/posts\/3423\/revisions"}],"wp:featuredmedia":[{"embeddable":true,"href":"https:\/\/recordtours.pt\/en\/wp-json\/wp\/v2\/media\/161"}],"wp:attachment":[{"href":"https:\/\/recordtours.pt\/en\/wp-json\/wp\/v2\/media?parent=3423"}],"wp:term":[{"taxonomy":"category","embeddable":true,"href":"https:\/\/recordtours.pt\/en\/wp-json\/wp\/v2\/categories?post=3423"},{"taxonomy":"post_tag","embeddable":true,"href":"https:\/\/recordtours.pt\/en\/wp-json\/wp\/v2\/tags?post=3423"}],"curies":[{"name":"wp","href":"https:\/\/api.w.org\/{rel}","templated":true}]}}