{"id":3277,"date":"2024-02-27T10:43:48","date_gmt":"2024-02-27T10:43:48","guid":{"rendered":"https:\/\/recordtours.pt\/tour-de-un-dia-completo-en-grupos-pequenos-por-lisboa-el-recorrido-por-la-ciudad-mas-completo\/"},"modified":"2024-06-24T11:54:12","modified_gmt":"2024-06-24T11:54:12","slug":"tour-de-un-dia-completo-en-grupos-pequenos-por-lisboa-el-recorrido-por-la-ciudad-mas-completo","status":"publish","type":"post","link":"https:\/\/recordtours.pt\/es\/tour-de-un-dia-completo-en-grupos-pequenos-por-lisboa-el-recorrido-por-la-ciudad-mas-completo\/","title":{"rendered":"Tour de un d\u00eda completo en grupos peque\u00f1os por Lisboa: el recorrido por la ciudad m\u00e1s completo"},"content":{"rendered":"<p>Conozca Lisboa como un lugare\u00f1o con este tour de un d\u00eda completo para grupos peque\u00f1os. Re\u00fanase con su gu\u00eda para un recorrido tur\u00edstico por la ciudad con un enfoque en la cultura y la tradici\u00f3n. Explora el barrio de Alfama y aprende m\u00e1s sobre su historia. Visita varios barrios, como Baixa, Chiado y Alto, y pasea por las calles de Bel\u00e9m. Disfruta de tiempo libre para comprar a tu propio ritmo.<\/p>\n<div class='et-learn-more clearfix'>\n\t\t\t\t\t<h3 class='heading-more'>\u00bfQu\u00e9 est\u00e1 incluido?<span class='et_learnmore_arrow'><span><\/span><\/span><\/h3>\n\t\t\t\t\t<div class='learn-more-content'><div>\n<ul>\n<li>Entrada\/Admisi\u00f3n &#8211; Palacio da Pena<\/li>\n<li>Wi-Fi a bordo<\/li>\n<li>Transporte Privado<\/li>\n<\/ul>\n<\/div>\n<div>\n<div><strong>Lo que no est\u00e1 incluido<\/strong><\/div>\n<ul>\n<li>Entrada\/Admisi\u00f3n &#8211; Torre de Bel\u00e9m<\/li>\n<\/ul>\n<\/div><\/div>\n\t\t\t\t<\/div> <div class='et-learn-more clearfix'>\n\t\t\t\t\t<h3 class='heading-more'>\u00bfQu\u00e9 esperar?<span class='et_learnmore_arrow'><span><\/span><\/span><\/h3>\n\t\t\t\t\t<div class='learn-more-content'><strong>Itinerario<\/strong><\/p>\n<p>Este es un itinerario normal para este producto<\/p>\n<p><strong>Lugar de parada: <\/strong>Torre de Bel\u00e9m, Avenida Brasilia &#8211; Bel\u00e9m, Lisboa 1400-038 Portugal<\/p>\n<p>La Torre de Bel\u00e9m, oficialmente la Torre de S\u00e3o Vicente, se encuentra en la parroquia de Bel\u00e9m, municipio y distrito de Lisboa, Portugal. En la orilla derecha del r\u00edo Tajo, donde una vez estuvo la playa de Bel\u00e9m, originalmente estaba rodeada de aguas en todo su per\u00edmetro<\/p>\n<p>Duraci\u00f3n: 30 minutos<\/p>\n<p><strong>Lugar de parada: <\/strong>Catedral de Lisboa, Largo da S\u00e9, Lisboa 1100-585 Portugal<\/p>\n<p>La Catedral de Lisboa, o Iglesia de Santa Maria Maior, se encuentra en la ciudad del mismo nombre, en Portugal. Es la sede del Patriarcado de Lisboa y de la Parroquia de la Catedral. Su construcci\u00f3n se inici\u00f3 en la segunda mitad del siglo XII, tras la reincorporaci\u00f3n de la ciudad a los moriscos por D. Afonso Henriques, y hoy se presenta como una mezcla de estilos arquitect\u00f3nicos. Est\u00e1 clasificado como Monumento Nacional desde 1910.<\/p>\n<p>Duraci\u00f3n: 30 minutos<\/p>\n<p><strong>Lugar de parada: <\/strong>Monasterio de los Jer\u00f3nimos, Pra\u00e7a do Imp\u00e9rio Bel\u00e9m, Lisboa 1400-206 Portugal<\/p>\n<p>El Monasterio de los Jer\u00f3nimos o Monasterio de Santa Mar\u00eda de Bel\u00e9m es un monasterio portugu\u00e9s de la Orden de San Jer\u00f3nimo construido en el siglo XVI. Se encuentra en la parroquia de Bel\u00e9m, en la ciudad y municipio de Lisboa. Desde 2016 tiene la condici\u00f3n de Pante\u00f3n Nacional.<\/p>\n<p>Duraci\u00f3n: 30 minutos<\/p>\n<p><strong>Lugar de parada: <\/strong>Avenida Bras\u00edlia Bel\u00e9m, Lisboa 1400-038 Portugal<\/p>\n<p>El Monumento a los Descubrimientos se encuentra en la parroquia de Bel\u00e9m, en la ciudad y distrito de Lisboa, Portugal. El dise\u00f1o arquitect\u00f3nico es de Cottinelli Telmo y las esculturas son de Leopoldo de Almeida.<\/p>\n<p>Duraci\u00f3n: 30 minutos<\/p>\n<p><strong>Lugar de parada: <\/strong>Parque Eduardo VII, Av. Sidonio Pais, Lisboa 1070-051 Portugal<\/p>\n<p>El Parque Eduardo VII de Inglaterra es el parque m\u00e1s grande del centro de Lisboa, siendo com\u00fanmente conocido solo como Parque Eduardo VII. Situada en S\u00e3o Sebasti\u00e3o da Pedreira, actual parroquia de Avenidas Novas, fue nombrada en 1903 en honor a Eduardo VII del Reino Unido, que hab\u00eda visitado Lisboa el a\u00f1o anterior para reafirmar la alianza entre los dos pa\u00edses. Hasta entonces, se llamaba Parque de la Libertad.<\/p>\n<p>Duraci\u00f3n: 30 minutos<\/p>\n<p><strong>Lugar de parada: <\/strong>Plaza Rossio, Pra\u00e7a Dom Pedro IV, Lisboa 1100-026 Portugal<\/p>\n<p>Esta parte baja de la ciudad se llamaba Valverde, debido a un afluente del r\u00edo Tajo. El sucio caneiro de Rossio estaba cubierto en la Lisboa de cuatrocientos. Era una plaza irregularmente esbelta, pero siempre fue un gran espacio donde se celebraban ferias y mercados.<\/p>\n<p>Duraci\u00f3n: 30 minutos<\/p>\n<p><strong>Lugar de parada: <\/strong>Santuario Nacional de Cristo Rei, Praceta do Cristo Rei 27A No se encuentra en Lisboa sino en Almada, Almada 2800-058 Portugal<\/p>\n<p>El Santuario Nacional de Cristo Rey es un santuario y monumento religioso dedicado al Sagrado Coraz\u00f3n de Jes\u00fas ubicado en la parroquia de Pragal, en el municipio de Almada, en el \u00c1rea Metropolitana de Lisboa, Portugal.<\/p>\n<p>Duraci\u00f3n: 30 minutos<\/p>\n<p><strong>Lugar de parada: <\/strong>Miradouro das Portas do Sol, Largo das Portas do Sol Alfama, Lisboa 1100-411 Portugal<\/p>\n<p>Largo das Portas do Sol es una calle de la ciudad de Lisboa, que pertenece a la parroquia de Santa Maria Maior, en el barrio hist\u00f3rico de Alfama. Deriva su nombre de la antigua Porta do Sol, integrada en la cerca \u00e1rabe de Lisboa, que exist\u00eda en este lugar, arruinada en el terremoto de 1755.<\/p>\n<p>Duraci\u00f3n: 30 minutos<\/p><\/div>\n\t\t\t\t<\/div> <div class='et-learn-more clearfix'>\n\t\t\t\t\t<h3 class='heading-more'>Salida y regreso<span class='et_learnmore_arrow'><span><\/span><\/span><\/h3>\n\t\t\t\t\t<div class='learn-more-content'><div>\n<ul>\n<li>\n<div>\n<div><strong>Inicio<\/strong>:<\/div>\n<\/div>\n<div>\n<ul>\n<li>\n<div>\n<div>Pra\u00e7a Marqu\u00eas de Pombal 8, 1250-160 Lisboa, Portugal<\/div>\n<div>Recogida frente al Hotel F\u00e9nix, Plaza Marqu\u00e9s de Pombal<\/div>\n<\/div>\n<\/li>\n<\/ul>\n<\/div>\n<div>\n<div><strong>Fin<\/strong>: Esta actividad finaliza en el punto de encuentro.<\/div>\n<\/div>\n<\/li>\n<\/ul>\n<\/div><\/div>\n\t\t\t\t<\/div> <div class='et-learn-more clearfix'>\n\t\t\t\t\t<h3 class='heading-more'>Accesibilidad<span class='et_learnmore_arrow'><span><\/span><\/span><\/h3>\n\t\t\t\t\t<div class='learn-more-content'><div>\n<ul>\n<li>No es accesible en silla de ruedas<\/li>\n<li>Cerca del transporte p\u00fablico<\/li>\n<li>Asientos para beb\u00e9s disponibles<\/li>\n<\/ul>\n<\/div>\n<div>\n<div>Si tienes preguntas sobre accesibilidad, estaremos encantados de ayudarte. Solo tienes que llamar <a href=\"tel:+351932221333\">al n\u00famero (+351) 932 221 333<\/a><\/div>\n<\/div><\/div>\n\t\t\t\t<\/div> <div class='et-learn-more clearfix'>\n\t\t\t\t\t<h3 class='heading-more'>Informaci\u00f3n adicional<span class='et_learnmore_arrow'><span><\/span><\/span><\/h3>\n\t\t\t\t\t<div class='learn-more-content'><div>\n<ul>\n<li>La confirmaci\u00f3n se recibir\u00e1 en el momento de la reserva<\/li>\n<li>La mayor\u00eda de los viajeros pueden participar<\/li>\n<li>Esta experiencia requiere un n\u00famero m\u00ednimo de viajeros. Si se cancela porque no se alcanza el n\u00famero m\u00ednimo, se le ofrecer\u00e1 una fecha\/experiencia diferente o un reembolso completo<\/li>\n<li>Esta es una actividad\/tour privado. Solo participar\u00e1 tu grupo<\/li>\n<\/ul>\n<\/div><\/div>\n\t\t\t\t<\/div> <div class='et-learn-more clearfix'>\n\t\t\t\t\t<h3 class='heading-more'>Pol\u00edtica de cancelaci\u00f3n<span class='et_learnmore_arrow'><span><\/span><\/span><\/h3>\n\t\t\t\t\t<div class='learn-more-content'><div>Para obtener un reembolso completo, cancele dentro de las 72 horas posteriores a la reserva de su recorrido.<\/div><\/div>\n\t\t\t\t<\/div> <div class='et-learn-more clearfix'>\n\t\t\t\t\t<h3 class='heading-more'>Preguntas m\u00e1s frecuentes<span class='et_learnmore_arrow'><span><\/span><\/span><\/h3>\n\t\t\t\t\t<div class='learn-more-content'><div>\n<div><strong>\u00bfQu\u00e9 atracciones visitar\u00e9 con el tour de un d\u00eda completo en grupos peque\u00f1os de Lisboa: el recorrido m\u00e1s completo por la ciudad?<\/strong><\/div>\n<div>\n<div>\n<p>Durante esta experiencia, los lugares que visitar\u00e1s incluyen:<\/p>\n<ul>\n<li><a href=\"https:\/\/www.tripadvisor.pt\/Attraction_Review-g189158-d195318-Reviews-Mosteiro_dos_Jeronimos-Lisbon_Lisbon_District_Central_Portugal.html\">Monasterio de los Jer\u00f3nimos<\/a><\/li>\n<li><a href=\"https:\/\/www.tripadvisor.pt\/Attraction_Review-g189158-d195644-Reviews-Rossio_Square-Lisbon_Lisbon_District_Central_Portugal.html\">Plaza del Rossio<\/a><\/li>\n<li><a href=\"https:\/\/www.tripadvisor.pt\/Attraction_Review-g189158-d243620-Reviews-Padrao_dos_Descobrimentos-Lisbon_Lisbon_District_Central_Portugal.html\">Monumento a los Descubrimientos<\/a><\/li>\n<li><a href=\"https:\/\/www.tripadvisor.pt\/Attraction_Review-g189158-d524074-Reviews-Torre_de_Belem-Lisbon_Lisbon_District_Central_Portugal.html\">Torre de Bel\u00e9m<\/a><\/li>\n<li><a href=\"https:\/\/www.tripadvisor.pt\/Attraction_Review-g1022768-d1871724-Reviews-Santuario_Nacional_de_Cristo_Rei-Almada_Setubal_District_Alentejo.html\">Santuario Nacional de Cristo Rey<\/a><\/li>\n<\/ul>\n<\/div>\n<\/div>\n<\/div>\n<div>\n<hr>\n<\/div>\n<div>\n<div><strong>\u00bfCu\u00e1nto cuesta Tour de un d\u00eda completo en grupos peque\u00f1os por Lisboa: el recorrido m\u00e1s completo por la ciudad?<\/strong><\/div>\n<div>\n<div>Precio de la excursi\u00f3n de un d\u00eda completo en grupos peque\u00f1os a Lisboa: El recorrido por la ciudad m\u00e1s completo desde 101,26 \u20ac.<\/div>\n<\/div>\n<\/div>\n<div>\n<hr>\n<\/div>\n<div>\n<div><strong>\u00bfQu\u00e9 empresa es responsable de Lisbon Small-Group Full-Day Tour: The Most Complete City Tour?<\/strong><\/div>\n<div>\n<div>Tour de un d\u00eda completo en grupos peque\u00f1os por Lisboa: El recorrido por la ciudad m\u00e1s completo pertenece a RecordTours.<\/div>\n<div>\n<div>\n<hr>\n<\/div>\n<div>\n<div><strong>\u00bfCu\u00e1nto tiempo necesito para el tour de un d\u00eda completo en grupos peque\u00f1os de Lisboa: el recorrido m\u00e1s completo por la ciudad?<\/strong><\/div>\n<div>\n<div>En promedio, esta experiencia durar\u00e1 aproximadamente 5 horas.<\/div>\n<\/div>\n<\/div>\n<\/div>\n<\/div>\n<\/div><\/div>\n\t\t\t\t<\/div><div class='et-learn-more clearfix'>\n\t\t\t\t\t<h3 class='heading-more'>Ayuda<span class='et_learnmore_arrow'><span><\/span><\/span><\/h3>\n\t\t\t\t\t<div class='learn-more-content'><div>Si tiene preguntas sobre este tour o necesita ayuda para reservar, estaremos encantados de ayudarle. Solo tienes que llamar <a href=\"tel:+351932221333\">al n\u00famero (+351) 932 221 333<\/a><\/div><\/div>\n\t\t\t\t<\/div><\/p>\n","protected":false},"excerpt":{"rendered":"<p>Si est\u00e1 buscando experimentar Lisboa como un local, este tour de un d\u00eda completo para grupos peque\u00f1os est\u00e1 dise\u00f1ado para ayudarlo &#8230;<\/p>\n","protected":false},"author":3,"featured_media":3282,"comment_status":"closed","ping_status":"closed","sticky":false,"template":"","format":"standard","meta":{"_acf_changed":false,"_et_pb_use_builder":"","_et_pb_old_content":"","_et_gb_content_width":"","footnotes":""},"categories":[22,45],"tags":[],"class_list":["post-3277","post","type-post","status-publish","format-standard","has-post-thumbnail","hentry","category-tours","category-tours-diarios"],"acf":{"photo_gallery":{"tours_galeria":[[{"id":3278,"title":"","caption":"","full_image_url":"https:\/\/recordtours.pt\/wp-content\/uploads\/2024\/02\/tours-galeria-lisboa-01.webp","thumbnail_image_url":"https:\/\/recordtours.pt\/wp-content\/uploads\/2024\/02\/tours-galeria-lisboa-01-150x150.webp","large_srcset":"https:\/\/recordtours.pt\/wp-content\/uploads\/2024\/02\/tours-galeria-lisboa-01-1024x683.webp 1024w, https:\/\/recordtours.pt\/wp-content\/uploads\/2024\/02\/tours-galeria-lisboa-01-980x653.webp 980w, https:\/\/recordtours.pt\/wp-content\/uploads\/2024\/02\/tours-galeria-lisboa-01-480x320.webp 480w","medium_srcset":false,"media_details":{"width":1200,"height":800,"sizes":{"medium":{"file":"tours-galeria-lisboa-01-300x200.webp","width":300,"height":200,"mime-type":"image\/webp","filesize":10866,"source_url":"https:\/\/recordtours.pt\/wp-content\/uploads\/2024\/02\/tours-galeria-lisboa-01-300x200.webp"},"large":{"file":"tours-galeria-lisboa-01-1024x683.webp","width":1024,"height":683,"mime-type":"image\/webp","filesize":90104,"source_url":"https:\/\/recordtours.pt\/wp-content\/uploads\/2024\/02\/tours-galeria-lisboa-01-1024x683.webp"},"thumbnail":{"file":"tours-galeria-lisboa-01-150x150.webp","width":150,"height":150,"mime-type":"image\/webp","filesize":5954,"source_url":"https:\/\/recordtours.pt\/wp-content\/uploads\/2024\/02\/tours-galeria-lisboa-01-150x150.webp"},"medium_large":{"file":"tours-galeria-lisboa-01-768x512.webp","width":768,"height":512,"mime-type":"image\/webp","filesize":56010,"source_url":"https:\/\/recordtours.pt\/wp-content\/uploads\/2024\/02\/tours-galeria-lisboa-01-768x512.webp"},"et-pb-post-main-image":{"file":"tours-galeria-lisboa-01-400x250.webp","width":400,"height":250,"mime-type":"image\/webp","filesize":16358,"source_url":"https:\/\/recordtours.pt\/wp-content\/uploads\/2024\/02\/tours-galeria-lisboa-01-400x250.webp"},"et-pb-post-main-image-fullwidth":{"file":"tours-galeria-lisboa-01-1080x675.webp","width":1080,"height":675,"mime-type":"image\/webp","filesize":89824,"source_url":"https:\/\/recordtours.pt\/wp-content\/uploads\/2024\/02\/tours-galeria-lisboa-01-1080x675.webp"},"et-pb-portfolio-image":{"file":"tours-galeria-lisboa-01-400x284.webp","width":400,"height":284,"mime-type":"image\/webp","filesize":19426,"source_url":"https:\/\/recordtours.pt\/wp-content\/uploads\/2024\/02\/tours-galeria-lisboa-01-400x284.webp"},"et-pb-portfolio-module-image":{"file":"tours-galeria-lisboa-01-510x382.webp","width":510,"height":382,"mime-type":"image\/webp","filesize":33046,"source_url":"https:\/\/recordtours.pt\/wp-content\/uploads\/2024\/02\/tours-galeria-lisboa-01-510x382.webp"},"et-pb-portfolio-image-single":{"file":"tours-galeria-lisboa-01-1080x720.webp","width":1080,"height":720,"mime-type":"image\/webp","filesize":96128,"source_url":"https:\/\/recordtours.pt\/wp-content\/uploads\/2024\/02\/tours-galeria-lisboa-01-1080x720.webp"},"et-pb-gallery-module-image-portrait":{"file":"tours-galeria-lisboa-01-400x516.webp","width":400,"height":516,"mime-type":"image\/webp","filesize":45122,"source_url":"https:\/\/recordtours.pt\/wp-content\/uploads\/2024\/02\/tours-galeria-lisboa-01-400x516.webp"},"et-pb-image--responsive--tablet":{"file":"tours-galeria-lisboa-01-980x653.webp","width":980,"height":653,"mime-type":"image\/webp","filesize":83178,"source_url":"https:\/\/recordtours.pt\/wp-content\/uploads\/2024\/02\/tours-galeria-lisboa-01-980x653.webp"},"et-pb-image--responsive--phone":{"file":"tours-galeria-lisboa-01-480x320.webp","width":480,"height":320,"mime-type":"image\/webp","filesize":24186,"source_url":"https:\/\/recordtours.pt\/wp-content\/uploads\/2024\/02\/tours-galeria-lisboa-01-480x320.webp"}}},"alt_text":"","url":"","target":""},{"id":3279,"title":"","caption":"","full_image_url":"https:\/\/recordtours.pt\/wp-content\/uploads\/2024\/02\/tours-galeria-lisboa-02.webp","thumbnail_image_url":"https:\/\/recordtours.pt\/wp-content\/uploads\/2024\/02\/tours-galeria-lisboa-02-150x150.webp","large_srcset":"https:\/\/recordtours.pt\/wp-content\/uploads\/2024\/02\/tours-galeria-lisboa-02-1024x683.webp 1024w, https:\/\/recordtours.pt\/wp-content\/uploads\/2024\/02\/tours-galeria-lisboa-02-980x653.webp 980w, https:\/\/recordtours.pt\/wp-content\/uploads\/2024\/02\/tours-galeria-lisboa-02-480x320.webp 480w","medium_srcset":false,"media_details":{"width":1200,"height":800,"sizes":{"medium":{"file":"tours-galeria-lisboa-02-300x200.webp","width":300,"height":200,"mime-type":"image\/webp","filesize":14650,"source_url":"https:\/\/recordtours.pt\/wp-content\/uploads\/2024\/02\/tours-galeria-lisboa-02-300x200.webp"},"large":{"file":"tours-galeria-lisboa-02-1024x683.webp","width":1024,"height":683,"mime-type":"image\/webp","filesize":129564,"source_url":"https:\/\/recordtours.pt\/wp-content\/uploads\/2024\/02\/tours-galeria-lisboa-02-1024x683.webp"},"thumbnail":{"file":"tours-galeria-lisboa-02-150x150.webp","width":150,"height":150,"mime-type":"image\/webp","filesize":6474,"source_url":"https:\/\/recordtours.pt\/wp-content\/uploads\/2024\/02\/tours-galeria-lisboa-02-150x150.webp"},"medium_large":{"file":"tours-galeria-lisboa-02-768x512.webp","width":768,"height":512,"mime-type":"image\/webp","filesize":79256,"source_url":"https:\/\/recordtours.pt\/wp-content\/uploads\/2024\/02\/tours-galeria-lisboa-02-768x512.webp"},"et-pb-post-main-image":{"file":"tours-galeria-lisboa-02-400x250.webp","width":400,"height":250,"mime-type":"image\/webp","filesize":22936,"source_url":"https:\/\/recordtours.pt\/wp-content\/uploads\/2024\/02\/tours-galeria-lisboa-02-400x250.webp"},"et-pb-post-main-image-fullwidth":{"file":"tours-galeria-lisboa-02-1080x675.webp","width":1080,"height":675,"mime-type":"image\/webp","filesize":134556,"source_url":"https:\/\/recordtours.pt\/wp-content\/uploads\/2024\/02\/tours-galeria-lisboa-02-1080x675.webp"},"et-pb-portfolio-image":{"file":"tours-galeria-lisboa-02-400x284.webp","width":400,"height":284,"mime-type":"image\/webp","filesize":25784,"source_url":"https:\/\/recordtours.pt\/wp-content\/uploads\/2024\/02\/tours-galeria-lisboa-02-400x284.webp"},"et-pb-portfolio-module-image":{"file":"tours-galeria-lisboa-02-510x382.webp","width":510,"height":382,"mime-type":"image\/webp","filesize":42716,"source_url":"https:\/\/recordtours.pt\/wp-content\/uploads\/2024\/02\/tours-galeria-lisboa-02-510x382.webp"},"et-pb-portfolio-image-single":{"file":"tours-galeria-lisboa-02-1080x720.webp","width":1080,"height":720,"mime-type":"image\/webp","filesize":140596,"source_url":"https:\/\/recordtours.pt\/wp-content\/uploads\/2024\/02\/tours-galeria-lisboa-02-1080x720.webp"},"et-pb-gallery-module-image-portrait":{"file":"tours-galeria-lisboa-02-400x516.webp","width":400,"height":516,"mime-type":"image\/webp","filesize":43952,"source_url":"https:\/\/recordtours.pt\/wp-content\/uploads\/2024\/02\/tours-galeria-lisboa-02-400x516.webp"},"et-pb-image--responsive--tablet":{"file":"tours-galeria-lisboa-02-980x653.webp","width":980,"height":653,"mime-type":"image\/webp","filesize":120526,"source_url":"https:\/\/recordtours.pt\/wp-content\/uploads\/2024\/02\/tours-galeria-lisboa-02-980x653.webp"},"et-pb-image--responsive--phone":{"file":"tours-galeria-lisboa-02-480x320.webp","width":480,"height":320,"mime-type":"image\/webp","filesize":33732,"source_url":"https:\/\/recordtours.pt\/wp-content\/uploads\/2024\/02\/tours-galeria-lisboa-02-480x320.webp"}}},"alt_text":"","url":"","target":""},{"id":3280,"title":"","caption":"","full_image_url":"https:\/\/recordtours.pt\/wp-content\/uploads\/2024\/02\/tours-galeria-lisboa-03.webp","thumbnail_image_url":"https:\/\/recordtours.pt\/wp-content\/uploads\/2024\/02\/tours-galeria-lisboa-03-150x150.webp","large_srcset":"https:\/\/recordtours.pt\/wp-content\/uploads\/2024\/02\/tours-galeria-lisboa-03-1024x683.webp 1024w, https:\/\/recordtours.pt\/wp-content\/uploads\/2024\/02\/tours-galeria-lisboa-03-980x653.webp 980w, https:\/\/recordtours.pt\/wp-content\/uploads\/2024\/02\/tours-galeria-lisboa-03-480x320.webp 480w","medium_srcset":false,"media_details":{"width":1200,"height":800,"sizes":{"medium":{"file":"tours-galeria-lisboa-03-300x200.webp","width":300,"height":200,"mime-type":"image\/webp","filesize":16528,"source_url":"https:\/\/recordtours.pt\/wp-content\/uploads\/2024\/02\/tours-galeria-lisboa-03-300x200.webp"},"large":{"file":"tours-galeria-lisboa-03-1024x683.webp","width":1024,"height":683,"mime-type":"image\/webp","filesize":142532,"source_url":"https:\/\/recordtours.pt\/wp-content\/uploads\/2024\/02\/tours-galeria-lisboa-03-1024x683.webp"},"thumbnail":{"file":"tours-galeria-lisboa-03-150x150.webp","width":150,"height":150,"mime-type":"image\/webp","filesize":6776,"source_url":"https:\/\/recordtours.pt\/wp-content\/uploads\/2024\/02\/tours-galeria-lisboa-03-150x150.webp"},"medium_large":{"file":"tours-galeria-lisboa-03-768x512.webp","width":768,"height":512,"mime-type":"image\/webp","filesize":88198,"source_url":"https:\/\/recordtours.pt\/wp-content\/uploads\/2024\/02\/tours-galeria-lisboa-03-768x512.webp"},"et-pb-post-main-image":{"file":"tours-galeria-lisboa-03-400x250.webp","width":400,"height":250,"mime-type":"image\/webp","filesize":26074,"source_url":"https:\/\/recordtours.pt\/wp-content\/uploads\/2024\/02\/tours-galeria-lisboa-03-400x250.webp"},"et-pb-post-main-image-fullwidth":{"file":"tours-galeria-lisboa-03-1080x675.webp","width":1080,"height":675,"mime-type":"image\/webp","filesize":148800,"source_url":"https:\/\/recordtours.pt\/wp-content\/uploads\/2024\/02\/tours-galeria-lisboa-03-1080x675.webp"},"et-pb-portfolio-image":{"file":"tours-galeria-lisboa-03-400x284.webp","width":400,"height":284,"mime-type":"image\/webp","filesize":29050,"source_url":"https:\/\/recordtours.pt\/wp-content\/uploads\/2024\/02\/tours-galeria-lisboa-03-400x284.webp"},"et-pb-portfolio-module-image":{"file":"tours-galeria-lisboa-03-510x382.webp","width":510,"height":382,"mime-type":"image\/webp","filesize":47354,"source_url":"https:\/\/recordtours.pt\/wp-content\/uploads\/2024\/02\/tours-galeria-lisboa-03-510x382.webp"},"et-pb-portfolio-image-single":{"file":"tours-galeria-lisboa-03-1080x720.webp","width":1080,"height":720,"mime-type":"image\/webp","filesize":153952,"source_url":"https:\/\/recordtours.pt\/wp-content\/uploads\/2024\/02\/tours-galeria-lisboa-03-1080x720.webp"},"et-pb-gallery-module-image-portrait":{"file":"tours-galeria-lisboa-03-400x516.webp","width":400,"height":516,"mime-type":"image\/webp","filesize":50090,"source_url":"https:\/\/recordtours.pt\/wp-content\/uploads\/2024\/02\/tours-galeria-lisboa-03-400x516.webp"},"et-pb-image--responsive--tablet":{"file":"tours-galeria-lisboa-03-980x653.webp","width":980,"height":653,"mime-type":"image\/webp","filesize":133368,"source_url":"https:\/\/recordtours.pt\/wp-content\/uploads\/2024\/02\/tours-galeria-lisboa-03-980x653.webp"},"et-pb-image--responsive--phone":{"file":"tours-galeria-lisboa-03-480x320.webp","width":480,"height":320,"mime-type":"image\/webp","filesize":37980,"source_url":"https:\/\/recordtours.pt\/wp-content\/uploads\/2024\/02\/tours-galeria-lisboa-03-480x320.webp"}}},"alt_text":"","url":"","target":""},{"id":3281,"title":"","caption":"","full_image_url":"https:\/\/recordtours.pt\/wp-content\/uploads\/2024\/02\/tours-galeria-lisboa-04.webp","thumbnail_image_url":"https:\/\/recordtours.pt\/wp-content\/uploads\/2024\/02\/tours-galeria-lisboa-04-150x150.webp","large_srcset":"https:\/\/recordtours.pt\/wp-content\/uploads\/2024\/02\/tours-galeria-lisboa-04-1024x683.webp 1024w, https:\/\/recordtours.pt\/wp-content\/uploads\/2024\/02\/tours-galeria-lisboa-04-980x653.webp 980w, https:\/\/recordtours.pt\/wp-content\/uploads\/2024\/02\/tours-galeria-lisboa-04-480x320.webp 480w","medium_srcset":false,"media_details":{"width":1200,"height":800,"sizes":{"medium":{"file":"tours-galeria-lisboa-04-300x200.webp","width":300,"height":200,"mime-type":"image\/webp","filesize":11936,"source_url":"https:\/\/recordtours.pt\/wp-content\/uploads\/2024\/02\/tours-galeria-lisboa-04-300x200.webp"},"large":{"file":"tours-galeria-lisboa-04-1024x683.webp","width":1024,"height":683,"mime-type":"image\/webp","filesize":86308,"source_url":"https:\/\/recordtours.pt\/wp-content\/uploads\/2024\/02\/tours-galeria-lisboa-04-1024x683.webp"},"thumbnail":{"file":"tours-galeria-lisboa-04-150x150.webp","width":150,"height":150,"mime-type":"image\/webp","filesize":5344,"source_url":"https:\/\/recordtours.pt\/wp-content\/uploads\/2024\/02\/tours-galeria-lisboa-04-150x150.webp"},"medium_large":{"file":"tours-galeria-lisboa-04-768x512.webp","width":768,"height":512,"mime-type":"image\/webp","filesize":54524,"source_url":"https:\/\/recordtours.pt\/wp-content\/uploads\/2024\/02\/tours-galeria-lisboa-04-768x512.webp"},"et-pb-post-main-image":{"file":"tours-galeria-lisboa-04-400x250.webp","width":400,"height":250,"mime-type":"image\/webp","filesize":17370,"source_url":"https:\/\/recordtours.pt\/wp-content\/uploads\/2024\/02\/tours-galeria-lisboa-04-400x250.webp"},"et-pb-post-main-image-fullwidth":{"file":"tours-galeria-lisboa-04-1080x675.webp","width":1080,"height":675,"mime-type":"image\/webp","filesize":86362,"source_url":"https:\/\/recordtours.pt\/wp-content\/uploads\/2024\/02\/tours-galeria-lisboa-04-1080x675.webp"},"et-pb-portfolio-image":{"file":"tours-galeria-lisboa-04-400x284.webp","width":400,"height":284,"mime-type":"image\/webp","filesize":19936,"source_url":"https:\/\/recordtours.pt\/wp-content\/uploads\/2024\/02\/tours-galeria-lisboa-04-400x284.webp"},"et-pb-portfolio-module-image":{"file":"tours-galeria-lisboa-04-510x382.webp","width":510,"height":382,"mime-type":"image\/webp","filesize":31290,"source_url":"https:\/\/recordtours.pt\/wp-content\/uploads\/2024\/02\/tours-galeria-lisboa-04-510x382.webp"},"et-pb-portfolio-image-single":{"file":"tours-galeria-lisboa-04-1080x720.webp","width":1080,"height":720,"mime-type":"image\/webp","filesize":92898,"source_url":"https:\/\/recordtours.pt\/wp-content\/uploads\/2024\/02\/tours-galeria-lisboa-04-1080x720.webp"},"et-pb-gallery-module-image-portrait":{"file":"tours-galeria-lisboa-04-400x516.webp","width":400,"height":516,"mime-type":"image\/webp","filesize":30702,"source_url":"https:\/\/recordtours.pt\/wp-content\/uploads\/2024\/02\/tours-galeria-lisboa-04-400x516.webp"},"et-pb-image--responsive--tablet":{"file":"tours-galeria-lisboa-04-980x653.webp","width":980,"height":653,"mime-type":"image\/webp","filesize":80808,"source_url":"https:\/\/recordtours.pt\/wp-content\/uploads\/2024\/02\/tours-galeria-lisboa-04-980x653.webp"},"et-pb-image--responsive--phone":{"file":"tours-galeria-lisboa-04-480x320.webp","width":480,"height":320,"mime-type":"image\/webp","filesize":24674,"source_url":"https:\/\/recordtours.pt\/wp-content\/uploads\/2024\/02\/tours-galeria-lisboa-04-480x320.webp"}}},"alt_text":"","url":"","target":""}]]}},"_links":{"self":[{"href":"https:\/\/recordtours.pt\/es\/wp-json\/wp\/v2\/posts\/3277","targetHints":{"allow":["GET"]}}],"collection":[{"href":"https:\/\/recordtours.pt\/es\/wp-json\/wp\/v2\/posts"}],"about":[{"href":"https:\/\/recordtours.pt\/es\/wp-json\/wp\/v2\/types\/post"}],"author":[{"embeddable":true,"href":"https:\/\/recordtours.pt\/es\/wp-json\/wp\/v2\/users\/3"}],"replies":[{"embeddable":true,"href":"https:\/\/recordtours.pt\/es\/wp-json\/wp\/v2\/comments?post=3277"}],"version-history":[{"count":0,"href":"https:\/\/recordtours.pt\/es\/wp-json\/wp\/v2\/posts\/3277\/revisions"}],"wp:featuredmedia":[{"embeddable":true,"href":"https:\/\/recordtours.pt\/es\/wp-json\/wp\/v2\/media\/3282"}],"wp:attachment":[{"href":"https:\/\/recordtours.pt\/es\/wp-json\/wp\/v2\/media?parent=3277"}],"wp:term":[{"taxonomy":"category","embeddable":true,"href":"https:\/\/recordtours.pt\/es\/wp-json\/wp\/v2\/categories?post=3277"},{"taxonomy":"post_tag","embeddable":true,"href":"https:\/\/recordtours.pt\/es\/wp-json\/wp\/v2\/tags?post=3277"}],"curies":[{"name":"wp","href":"https:\/\/api.w.org\/{rel}","templated":true}]}}