{"id":3304,"date":"2024-02-27T12:21:52","date_gmt":"2024-02-27T12:21:52","guid":{"rendered":"https:\/\/recordtours.pt\/tour-de-medio-dia-en-grupos-pequenos-de-fatima-desde-lisboa\/"},"modified":"2024-06-24T11:54:17","modified_gmt":"2024-06-24T11:54:17","slug":"tour-de-medio-dia-en-grupos-pequenos-de-fatima-desde-lisboa","status":"publish","type":"post","link":"https:\/\/recordtours.pt\/es\/tour-de-medio-dia-en-grupos-pequenos-de-fatima-desde-lisboa\/","title":{"rendered":"Tour de medio d\u00eda en grupos peque\u00f1os de F\u00e1tima desde Lisboa"},"content":{"rendered":"<p>Visite la peque\u00f1a ciudad de F\u00e1tima y sus lugares religiosos en este tour de medio d\u00eda con transporte incluido desde Lisboa. En esta ciudad se encuentra el santuario donde se dice que la Virgen Mar\u00eda se apareci\u00f3 a tres ni\u00f1os en 1917. Explore el Santuario de F\u00e1tima, las bas\u00edlicas y los hogares de los ni\u00f1os con los comentarios de su gu\u00eda en un peque\u00f1o grupo de no m\u00e1s de ocho invitados para una experiencia \u00edntima.<\/p>\n<div class='et-learn-more clearfix'>\n\t\t\t\t\t<h3 class='heading-more'>\u00bfQu\u00e9 est\u00e1 incluido?<span class='et_learnmore_arrow'><span><\/span><\/span><\/h3>\n\t\t\t\t\t<div class='learn-more-content'><div>\n<ul>\n<li>Veh\u00edculo con aire acondicionado<\/li>\n<li>Transporte Privado<\/li>\n<li>Wi-Fi a bordo<\/li>\n<li>Agua mineral<\/li>\n<\/ul>\n<\/div>\n<div>\n<div><strong>Lo que no est\u00e1 incluido<\/strong><\/div>\n<ul>\n<li>Desayuno<\/li>\n<li>Almuerzo<\/li>\n<li>Cena<\/li>\n<\/ul>\n<\/div><\/div>\n\t\t\t\t<\/div> <div class='et-learn-more clearfix'>\n\t\t\t\t\t<h3 class='heading-more'>\u00bfQu\u00e9 esperar?<span class='et_learnmore_arrow'><span><\/span><\/span><\/h3>\n\t\t\t\t\t<div class='learn-more-content'><strong>Itinerario<\/strong><\/p>\n<p>Este es un itinerario normal para este producto<\/p>\n<p><strong>Lugar de parada: <\/strong>Bas\u00edlica de la Sant\u00edsima Trinidad, Av. por Dom Jos\u00e9 Alves Correia da Silva, F\u00e1tima 2496-908 Portugal<\/p>\n<p>La Bas\u00edlica de la Sant\u00edsima Trinidad es una bas\u00edlica menor situada en el lugar de Cova da Iria, en la parroquia y ciudad de F\u00e1tima. Se trata de una enorme iglesia dedicada a la Sant\u00edsima Trinidad, perteneciente al complejo del Santuario de F\u00e1tima, con 8.633 asientos y 40.000 m\u00b2 de superficie. El proyecto fue dise\u00f1ado por el arquitecto griego Alexandros Tombazis. Fue inaugurado el 12 de octubre de 2007 por el Secretario de Estado del Vaticano, el Cardenal Tarcisio Bertone, con motivo del 90 aniversario de las apariciones de la Virgen Mar\u00eda en F\u00e1tima.<\/p>\n<p>Duraci\u00f3n: 1 hora<\/p>\n<p><strong>Lugar de parada: <\/strong>Bas\u00edlica de Nuestra Se\u00f1ora del Rosario de F\u00e1tima, Rua de Rainha Santa Isabel 26, F\u00e1tima 2495-424 Portugal<\/p>\n<p>El Santuario de F\u00e1tima, formalmente titulado por la Iglesia Cat\u00f3lica como Santuario de Nuestra Se\u00f1ora del Rosario de F\u00e1tima, es un santuario mariano dedicado a Nuestra Se\u00f1ora de F\u00e1tima, ubicado en el lugar de Cova da Iria, en la ciudad de F\u00e1tima, municipio de Our\u00e9m, en Portugal.<\/p>\n<p>El Santuario de F\u00e1tima es, por excelencia, un lugar de peregrinaci\u00f3n cristiana y de devoci\u00f3n cat\u00f3lica, que conserva la memoria de los acontecimientos que llevaron a su fundaci\u00f3n, a saber, las apariciones de Nuestra Se\u00f1ora a los tres pastorcitos \u2013 Luc\u00eda dos Santos, Francisco y Jacinta Marto \u2013 en 1917. Su magnitud y relevancia desde el punto de vista religioso ha sido reconocida de manera consensuada desde hace mucho tiempo, a nivel nacional e internacional. Por voluntad expresa de la Santa Sede Apost\u00f3lica, se trata de un Santuario Nacional. Tambi\u00e9n es uno de los santuarios marianos m\u00e1s importantes del mundo perteneciente a la Iglesia Cat\u00f3lica y el mayor destino internacional de turismo religioso, recibiendo cerca de seis millones de visitantes al a\u00f1o. Fue honrado con tres rosas de oro papales y visitado por los papas Pablo VI (1967), Juan Pablo II (1982, 1991 y 2000), Benedicto XVI (2010) y Francisco (2017).<\/p>\n<p>Duraci\u00f3n: 1 hora<\/p><\/div>\n\t\t\t\t<\/div> <div class='et-learn-more clearfix'>\n\t\t\t\t\t<h3 class='heading-more'>Salida y regreso<span class='et_learnmore_arrow'><span><\/span><\/span><\/h3>\n\t\t\t\t\t<div class='learn-more-content'><div>\n<ul>\n<li>\n<div>\n<div><strong>Inicio<\/strong>:<\/div>\n<\/div>\n<div>\n<ul>\n<li>\n<div>\n<div>Pra\u00e7a Marqu\u00eas de Pombal 8, 1250-160 Lisboa, Portugal<\/div>\n<div>Recogida frente al Hotel F\u00e9nix, Plaza Marqu\u00e9s de Pombal<\/div>\n<\/div>\n<\/li>\n<\/ul>\n<\/div>\n<div>\n<div><strong>Fin<\/strong>: Esta actividad finaliza en el punto de encuentro.<\/div>\n<\/div>\n<\/li>\n<\/ul>\n<\/div><\/div>\n\t\t\t\t<\/div> <div class='et-learn-more clearfix'>\n\t\t\t\t\t<h3 class='heading-more'>Accesibilidad<span class='et_learnmore_arrow'><span><\/span><\/span><\/h3>\n\t\t\t\t\t<div class='learn-more-content'><div>\n<ul>\n<li>No es accesible en silla de ruedas<\/li>\n<li>Cochecito accesible<\/li>\n<li>Cerca del transporte p\u00fablico<\/li>\n<li>Asientos para beb\u00e9s disponibles<\/li>\n<\/ul>\n<\/div>\n<div>\n<div>Si tienes preguntas sobre accesibilidad, estaremos encantados de ayudarte. Solo tienes que llamar <a href=\"tel:+351932221333\">al n\u00famero (+351) 932 221 333<\/a><\/div>\n<\/div><\/div>\n\t\t\t\t<\/div> <div class='et-learn-more clearfix'>\n\t\t\t\t\t<h3 class='heading-more'>Informaci\u00f3n adicional<span class='et_learnmore_arrow'><span><\/span><\/span><\/h3>\n\t\t\t\t\t<div class='learn-more-content'><div>\n<ul>\n<li>La confirmaci\u00f3n se recibir\u00e1 en el momento de la reserva<\/li>\n<li>La mayor\u00eda de los viajeros pueden participar<\/li>\n<li>Esta experiencia solo se llevar\u00e1 a cabo si el clima acompa\u00f1a. Si cancela debido a condiciones clim\u00e1ticas adversas, se le ofrecer\u00e1 una fecha diferente o un reembolso completo<\/li>\n<li>Esta experiencia requiere un n\u00famero m\u00ednimo de viajeros. Si se cancela porque no se alcanza el n\u00famero m\u00ednimo, se le ofrecer\u00e1 una fecha\/experiencia diferente o un reembolso completo<\/li>\n<li>Esta es una actividad\/tour privado. Solo participar\u00e1 tu grupo<\/li>\n<\/ul>\n<\/div><\/div>\n\t\t\t\t<\/div> <div class='et-learn-more clearfix'>\n\t\t\t\t\t<h3 class='heading-more'>Pol\u00edtica de cancelaci\u00f3n<span class='et_learnmore_arrow'><span><\/span><\/span><\/h3>\n\t\t\t\t\t<div class='learn-more-content'><div>Para obtener un reembolso completo, cancele dentro de las 72 horas posteriores a la reserva de su recorrido.<\/div><\/div>\n\t\t\t\t<\/div> <div class='et-learn-more clearfix'>\n\t\t\t\t\t<h3 class='heading-more'>Preguntas m\u00e1s frecuentes<span class='et_learnmore_arrow'><span><\/span><\/span><\/h3>\n\t\t\t\t\t<div class='learn-more-content'><div>\n<div><strong>\u00bfQu\u00e9 atracciones visitar\u00e9 con la excursi\u00f3n de medio d\u00eda a F\u00e1tima en grupos peque\u00f1os desde Lisboa?<\/strong><\/div>\n<div>\n<div>\n<p>Durante esta experiencia, los lugares que visitar\u00e1s incluyen:<\/p>\n<ul>\n<li><a href=\"https:\/\/www.tripadvisor.pt\/Attraction_Review-g189157-d196723-Reviews-Basilica_de_Nossa_Senhora_do_Rosario_de_Fatima-Fatima_Santarem_District_Central_Po.html\">Bas\u00edlica de Nuestra Se\u00f1ora del Rosario de F\u00e1tima<\/a><\/li>\n<\/ul>\n<\/div>\n<\/div>\n<\/div>\n<div>\n<hr>\n<\/div>\n<div>\n<div><strong>\u00bfCu\u00e1nto cuesta Excursi\u00f3n de medio d\u00eda a F\u00e1tima en grupos peque\u00f1os desde Lisboa?<\/strong><\/div>\n<div>\n<div>Precio de la excursi\u00f3n de medio d\u00eda a F\u00e1tima en grupos peque\u00f1os desde Lisboa desde 101,53 \u20ac.<\/div>\n<\/div>\n<\/div>\n<div>\n<hr>\n<\/div>\n<div>\n<div><strong>\u00bfQu\u00e9 empresa es responsable de la excursi\u00f3n de medio d\u00eda a F\u00e1tima en grupos peque\u00f1os desde Lisboa?<\/strong><\/div>\n<div>\n<div>Excursi\u00f3n de medio d\u00eda a F\u00e1tima en grupos peque\u00f1os desde Lisboa es presentado por RecordTours.<\/div>\n<div>\n<div>\n<hr>\n<\/div>\n<div>\n<div><strong>\u00bfCu\u00e1nto tiempo necesito para la excursi\u00f3n de medio d\u00eda a F\u00e1tima en grupos peque\u00f1os desde Lisboa?<\/strong><\/div>\n<div>\n<div>En promedio, esta experiencia durar\u00e1 aproximadamente 5 horas.<\/div>\n<\/div>\n<\/div>\n<\/div>\n<\/div>\n<\/div><\/div>\n\t\t\t\t<\/div><div class='et-learn-more clearfix'>\n\t\t\t\t\t<h3 class='heading-more'>Ayuda<span class='et_learnmore_arrow'><span><\/span><\/span><\/h3>\n\t\t\t\t\t<div class='learn-more-content'><div>Si tiene preguntas sobre este tour o necesita ayuda para reservar, estaremos encantados de ayudarle. Solo tienes que llamar <a href=\"tel:+351932221333\">al n\u00famero (+351) 932 221 333<\/a><\/div><\/div>\n\t\t\t\t<\/div><\/p>\n","protected":false},"excerpt":{"rendered":"<p>Visite la peque\u00f1a ciudad de F\u00e1tima y sus lugares religiosos en este tour de medio d\u00eda con transporte incluido desde Lisboa&#8230;  <\/p>\n","protected":false},"author":3,"featured_media":3308,"comment_status":"closed","ping_status":"closed","sticky":false,"template":"","format":"standard","meta":{"_acf_changed":false,"_et_pb_use_builder":"","_et_pb_old_content":"","_et_gb_content_width":"","footnotes":""},"categories":[22,45],"tags":[],"class_list":["post-3304","post","type-post","status-publish","format-standard","has-post-thumbnail","hentry","category-tours","category-tours-diarios"],"acf":{"photo_gallery":{"tours_galeria":[[{"id":3305,"title":"","caption":"","full_image_url":"https:\/\/recordtours.pt\/wp-content\/uploads\/2024\/02\/tours-galeria-fatima-01.webp","thumbnail_image_url":"https:\/\/recordtours.pt\/wp-content\/uploads\/2024\/02\/tours-galeria-fatima-01-150x150.webp","large_srcset":"https:\/\/recordtours.pt\/wp-content\/uploads\/2024\/02\/tours-galeria-fatima-01-1024x683.webp 1024w, https:\/\/recordtours.pt\/wp-content\/uploads\/2024\/02\/tours-galeria-fatima-01-980x653.webp 980w, https:\/\/recordtours.pt\/wp-content\/uploads\/2024\/02\/tours-galeria-fatima-01-480x320.webp 480w","medium_srcset":false,"media_details":{"width":1200,"height":800,"sizes":{"medium":{"file":"tours-galeria-fatima-01-300x200.webp","width":300,"height":200,"mime-type":"image\/webp","filesize":9012,"source_url":"https:\/\/recordtours.pt\/wp-content\/uploads\/2024\/02\/tours-galeria-fatima-01-300x200.webp"},"large":{"file":"tours-galeria-fatima-01-1024x683.webp","width":1024,"height":683,"mime-type":"image\/webp","filesize":72158,"source_url":"https:\/\/recordtours.pt\/wp-content\/uploads\/2024\/02\/tours-galeria-fatima-01-1024x683.webp"},"thumbnail":{"file":"tours-galeria-fatima-01-150x150.webp","width":150,"height":150,"mime-type":"image\/webp","filesize":4200,"source_url":"https:\/\/recordtours.pt\/wp-content\/uploads\/2024\/02\/tours-galeria-fatima-01-150x150.webp"},"medium_large":{"file":"tours-galeria-fatima-01-768x512.webp","width":768,"height":512,"mime-type":"image\/webp","filesize":43350,"source_url":"https:\/\/recordtours.pt\/wp-content\/uploads\/2024\/02\/tours-galeria-fatima-01-768x512.webp"},"et-pb-post-main-image":{"file":"tours-galeria-fatima-01-400x250.webp","width":400,"height":250,"mime-type":"image\/webp","filesize":13070,"source_url":"https:\/\/recordtours.pt\/wp-content\/uploads\/2024\/02\/tours-galeria-fatima-01-400x250.webp"},"et-pb-post-main-image-fullwidth":{"file":"tours-galeria-fatima-01-1080x675.webp","width":1080,"height":675,"mime-type":"image\/webp","filesize":75362,"source_url":"https:\/\/recordtours.pt\/wp-content\/uploads\/2024\/02\/tours-galeria-fatima-01-1080x675.webp"},"et-pb-portfolio-image":{"file":"tours-galeria-fatima-01-400x284.webp","width":400,"height":284,"mime-type":"image\/webp","filesize":14612,"source_url":"https:\/\/recordtours.pt\/wp-content\/uploads\/2024\/02\/tours-galeria-fatima-01-400x284.webp"},"et-pb-portfolio-module-image":{"file":"tours-galeria-fatima-01-510x382.webp","width":510,"height":382,"mime-type":"image\/webp","filesize":23458,"source_url":"https:\/\/recordtours.pt\/wp-content\/uploads\/2024\/02\/tours-galeria-fatima-01-510x382.webp"},"et-pb-portfolio-image-single":{"file":"tours-galeria-fatima-01-1080x720.webp","width":1080,"height":720,"mime-type":"image\/webp","filesize":79220,"source_url":"https:\/\/recordtours.pt\/wp-content\/uploads\/2024\/02\/tours-galeria-fatima-01-1080x720.webp"},"et-pb-gallery-module-image-portrait":{"file":"tours-galeria-fatima-01-400x516.webp","width":400,"height":516,"mime-type":"image\/webp","filesize":26544,"source_url":"https:\/\/recordtours.pt\/wp-content\/uploads\/2024\/02\/tours-galeria-fatima-01-400x516.webp"},"et-pb-image--responsive--tablet":{"file":"tours-galeria-fatima-01-980x653.webp","width":980,"height":653,"mime-type":"image\/webp","filesize":67396,"source_url":"https:\/\/recordtours.pt\/wp-content\/uploads\/2024\/02\/tours-galeria-fatima-01-980x653.webp"},"et-pb-image--responsive--phone":{"file":"tours-galeria-fatima-01-480x320.webp","width":480,"height":320,"mime-type":"image\/webp","filesize":18410,"source_url":"https:\/\/recordtours.pt\/wp-content\/uploads\/2024\/02\/tours-galeria-fatima-01-480x320.webp"}}},"alt_text":"","url":"","target":""},{"id":3306,"title":"","caption":"","full_image_url":"https:\/\/recordtours.pt\/wp-content\/uploads\/2024\/02\/tours-galeria-fatima-002.webp","thumbnail_image_url":"https:\/\/recordtours.pt\/wp-content\/uploads\/2024\/02\/tours-galeria-fatima-002-150x150.webp","large_srcset":"https:\/\/recordtours.pt\/wp-content\/uploads\/2024\/02\/tours-galeria-fatima-002.webp 720w, https:\/\/recordtours.pt\/wp-content\/uploads\/2024\/02\/tours-galeria-fatima-002-480x320.webp 480w","medium_srcset":false,"media_details":{"width":720,"height":480,"sizes":{"medium":{"file":"tours-galeria-fatima-002-300x200.webp","width":300,"height":200,"mime-type":"image\/webp","filesize":13342,"source_url":"https:\/\/recordtours.pt\/wp-content\/uploads\/2024\/02\/tours-galeria-fatima-002-300x200.webp"},"thumbnail":{"file":"tours-galeria-fatima-002-150x150.webp","width":150,"height":150,"mime-type":"image\/webp","filesize":6084,"source_url":"https:\/\/recordtours.pt\/wp-content\/uploads\/2024\/02\/tours-galeria-fatima-002-150x150.webp"},"et-pb-post-main-image":{"file":"tours-galeria-fatima-002-400x250.webp","width":400,"height":250,"mime-type":"image\/webp","filesize":20616,"source_url":"https:\/\/recordtours.pt\/wp-content\/uploads\/2024\/02\/tours-galeria-fatima-002-400x250.webp"},"et-pb-portfolio-image":{"file":"tours-galeria-fatima-002-400x284.webp","width":400,"height":284,"mime-type":"image\/webp","filesize":22594,"source_url":"https:\/\/recordtours.pt\/wp-content\/uploads\/2024\/02\/tours-galeria-fatima-002-400x284.webp"},"et-pb-portfolio-module-image":{"file":"tours-galeria-fatima-002-510x382.webp","width":510,"height":382,"mime-type":"image\/webp","filesize":35318,"source_url":"https:\/\/recordtours.pt\/wp-content\/uploads\/2024\/02\/tours-galeria-fatima-002-510x382.webp"},"et-pb-gallery-module-image-portrait":{"file":"tours-galeria-fatima-002-400x480.webp","width":400,"height":480,"mime-type":"image\/webp","filesize":32862,"source_url":"https:\/\/recordtours.pt\/wp-content\/uploads\/2024\/02\/tours-galeria-fatima-002-400x480.webp"},"et-pb-image--responsive--phone":{"file":"tours-galeria-fatima-002-480x320.webp","width":480,"height":320,"mime-type":"image\/webp","filesize":28616,"source_url":"https:\/\/recordtours.pt\/wp-content\/uploads\/2024\/02\/tours-galeria-fatima-002-480x320.webp"}}},"alt_text":"","url":"","target":""},{"id":3307,"title":"","caption":"","full_image_url":"https:\/\/recordtours.pt\/wp-content\/uploads\/2024\/02\/tours-galeria-fatima-003.webp","thumbnail_image_url":"https:\/\/recordtours.pt\/wp-content\/uploads\/2024\/02\/tours-galeria-fatima-003-150x150.webp","large_srcset":"https:\/\/recordtours.pt\/wp-content\/uploads\/2024\/02\/tours-galeria-fatima-003.webp 720w, https:\/\/recordtours.pt\/wp-content\/uploads\/2024\/02\/tours-galeria-fatima-003-480x320.webp 480w","medium_srcset":false,"media_details":{"width":720,"height":480,"sizes":{"medium":{"file":"tours-galeria-fatima-003-300x200.webp","width":300,"height":200,"mime-type":"image\/webp","filesize":12750,"source_url":"https:\/\/recordtours.pt\/wp-content\/uploads\/2024\/02\/tours-galeria-fatima-003-300x200.webp"},"thumbnail":{"file":"tours-galeria-fatima-003-150x150.webp","width":150,"height":150,"mime-type":"image\/webp","filesize":6408,"source_url":"https:\/\/recordtours.pt\/wp-content\/uploads\/2024\/02\/tours-galeria-fatima-003-150x150.webp"},"et-pb-post-main-image":{"file":"tours-galeria-fatima-003-400x250.webp","width":400,"height":250,"mime-type":"image\/webp","filesize":19598,"source_url":"https:\/\/recordtours.pt\/wp-content\/uploads\/2024\/02\/tours-galeria-fatima-003-400x250.webp"},"et-pb-portfolio-image":{"file":"tours-galeria-fatima-003-400x284.webp","width":400,"height":284,"mime-type":"image\/webp","filesize":22292,"source_url":"https:\/\/recordtours.pt\/wp-content\/uploads\/2024\/02\/tours-galeria-fatima-003-400x284.webp"},"et-pb-portfolio-module-image":{"file":"tours-galeria-fatima-003-510x382.webp","width":510,"height":382,"mime-type":"image\/webp","filesize":35206,"source_url":"https:\/\/recordtours.pt\/wp-content\/uploads\/2024\/02\/tours-galeria-fatima-003-510x382.webp"},"et-pb-gallery-module-image-portrait":{"file":"tours-galeria-fatima-003-400x480.webp","width":400,"height":480,"mime-type":"image\/webp","filesize":36048,"source_url":"https:\/\/recordtours.pt\/wp-content\/uploads\/2024\/02\/tours-galeria-fatima-003-400x480.webp"},"et-pb-image--responsive--phone":{"file":"tours-galeria-fatima-003-480x320.webp","width":480,"height":320,"mime-type":"image\/webp","filesize":28176,"source_url":"https:\/\/recordtours.pt\/wp-content\/uploads\/2024\/02\/tours-galeria-fatima-003-480x320.webp"}}},"alt_text":"","url":"","target":""}]]}},"_links":{"self":[{"href":"https:\/\/recordtours.pt\/es\/wp-json\/wp\/v2\/posts\/3304","targetHints":{"allow":["GET"]}}],"collection":[{"href":"https:\/\/recordtours.pt\/es\/wp-json\/wp\/v2\/posts"}],"about":[{"href":"https:\/\/recordtours.pt\/es\/wp-json\/wp\/v2\/types\/post"}],"author":[{"embeddable":true,"href":"https:\/\/recordtours.pt\/es\/wp-json\/wp\/v2\/users\/3"}],"replies":[{"embeddable":true,"href":"https:\/\/recordtours.pt\/es\/wp-json\/wp\/v2\/comments?post=3304"}],"version-history":[{"count":0,"href":"https:\/\/recordtours.pt\/es\/wp-json\/wp\/v2\/posts\/3304\/revisions"}],"wp:featuredmedia":[{"embeddable":true,"href":"https:\/\/recordtours.pt\/es\/wp-json\/wp\/v2\/media\/3308"}],"wp:attachment":[{"href":"https:\/\/recordtours.pt\/es\/wp-json\/wp\/v2\/media?parent=3304"}],"wp:term":[{"taxonomy":"category","embeddable":true,"href":"https:\/\/recordtours.pt\/es\/wp-json\/wp\/v2\/categories?post=3304"},{"taxonomy":"post_tag","embeddable":true,"href":"https:\/\/recordtours.pt\/es\/wp-json\/wp\/v2\/tags?post=3304"}],"curies":[{"name":"wp","href":"https:\/\/api.w.org\/{rel}","templated":true}]}}