{"id":3362,"date":"2024-04-08T11:52:07","date_gmt":"2024-04-08T11:52:07","guid":{"rendered":"https:\/\/recordtours.pt\/tour-privado-de-oporto-desde-lisboa\/"},"modified":"2024-06-24T11:53:16","modified_gmt":"2024-06-24T11:53:16","slug":"tour-privado-de-oporto-desde-lisboa","status":"publish","type":"post","link":"https:\/\/recordtours.pt\/es\/tour-privado-de-oporto-desde-lisboa\/","title":{"rendered":"Tour privado de Oporto desde Lisboa"},"content":{"rendered":"<p>Su recorrido comienza con la recogida por la ma\u00f1ana, cuando aborda una camioneta privada con aire acondicionado con destino a la ciudad norte\u00f1a de Oporto. Despu\u00e9s del viaje, emb\u00e1rcate en un recorrido panor\u00e1mico por los principales lugares de inter\u00e9s de la ciudad, que incluyen la Iglesia y el Campanario de los Cl\u00e9rigos, la Librer\u00eda Lello y la estaci\u00f3n de tren de S\u00e3o Bento.<\/p>\n<p>Despu\u00e9s del almuerzo (por cuenta propia), cruce el r\u00edo Duero a trav\u00e9s del Puente Dom Luis I, un puente dise\u00f1ado por un alumno de Gustave Eiffel. Luego, haz un recorrido por Vila Nova de Gaia, donde visitar\u00e1s uno de los puntos m\u00e1s altos de la ciudad.<\/p>\n<p>Rel\u00e1jate y disfruta de un tour privado a tu ritmo en un coche de lujo exclusivo para ti.<\/p>\n<p>Asistencia completa de un conductor\/gu\u00eda que siempre estar\u00e1 disponible para satisfacer sus necesidades<\/p>\n<div class='et-learn-more clearfix'>\n\t\t\t\t\t<h3 class='heading-more'>\u00bfQu\u00e9 est\u00e1 incluido?<span class='et_learnmore_arrow'><span><\/span><\/span><\/h3>\n\t\t\t\t\t<div class='learn-more-content'><div>\n<ul>\n<li>Veh\u00edculo con aire acondicionado<\/li>\n<li>Wi-Fi a bordo<\/li>\n<li>Transporte Privado<\/li>\n<li>Agua mineral<\/li>\n<li>Entrada\/Admisi\u00f3n &#8211; Mercado de Bolh\u00e3o<\/li>\n<\/ul>\n<\/div>\n<div>\n<div><strong>Lo que no est\u00e1 incluido<\/strong><\/div>\n<ul>\n<li>Almuerzo<\/li>\n<li>Consejos<\/li>\n<li>Entrada \/ Admisi\u00f3n &#8211; Paseo en barco por el r\u00edo Duero<\/li>\n<li>Entrada\/Admisi\u00f3n &#8211; Cata de Vinos<\/li>\n<li>Entrada\/Admisi\u00f3n &#8211; Iglesia del Carmo<\/li>\n<li>Entrada\/Admisi\u00f3n &#8211; R\u00edo Duero<\/li>\n<li>Entrada\/Admisi\u00f3n &#8211; Sandeman Cellars<\/li>\n<\/ul>\n<\/div><\/div>\n\t\t\t\t<\/div> <div class='et-learn-more clearfix'>\n\t\t\t\t\t<h3 class='heading-more'>\u00bfQu\u00e9 esperar?<span class='et_learnmore_arrow'><span><\/span><\/span><\/h3>\n\t\t\t\t\t<div class='learn-more-content'><strong>Itinerario<\/strong><\/p>\n<p>Este es un itinerario normal para este producto<\/p>\n<p><strong>Lugar de parada: <\/strong>Mercado do Bolh\u00e3o, Rua Formosa, Oporto 4000-214 Portugal<\/p>\n<p>El Mercado de Bolh\u00e3o est\u00e1 dedicado principalmente a los productos frescos, especialmente a los alimentos. Los vendedores se dividen en diferentes secciones especializadas, a saber: pescader\u00edas, carnicer\u00edas, verduras y florales. En el exterior del edificio hay tiendas de otras variedades, como ropa, cafeter\u00eda, perfumer\u00eda, telas, etc<\/p>\n<p>Duraci\u00f3n: 30 minutos<\/p>\n<p><strong>Lugar de parada: <\/strong>Torre de los Cl\u00e9rigos, Rua S\u00e3o Filipe Neri, Oporto 4050-546 Portugal<\/p>\n<p>La Iglesia y Torre de los Cl\u00e9rigos es un notable conjunto arquitect\u00f3nico ubicado en la ciudad de Oporto, Portugal, y es considerada la postal de esa ciudad. El complejo est\u00e1 situado en la parte superior de la Rua dos Cl\u00e9rigos, entre las calles de S\u00e3o Filipe N\u00e9ri y Assun\u00e7\u00e3o.<\/p>\n<p>Duraci\u00f3n: 30 minutos<\/p>\n<p><strong>Lugar de parada: <\/strong>Livraria Lello, Rua das Carmelitas 144 Vit\u00f3ria, Oporto 4050-161 Portugal<\/p>\n<p>La Livraria Lello se encuentra en el n\u00famero 144 de la Rua das Carmelitas, en el Centro Hist\u00f3rico de la ciudad de Oporto, Portugal. Clasificada como Monumento de Inter\u00e9s P\u00fablico, y en proceso de convertirse en Monumento Nacional, la Librer\u00eda Lello conserva la belleza original de su edificio<\/p>\n<p><strong>Lugar de parada: <\/strong>Igreja do Carmo, Rua Carmo, Oporto 4050-164 Portugal<\/p>\n<p>La Iglesia del Carmo o Iglesia de la Venerable Tercera Orden de Nuestra Se\u00f1ora del Carmen, se encuentra en la intersecci\u00f3n entre la Pra\u00e7a de Carlos Alberto y la Rua do Carmo, cerca de la Iglesia y Torre de los Cl\u00e9rigos, en la parroquia portuguesa de Vit\u00f3ria, ciudad de Oporto.<\/p>\n<p>Duraci\u00f3n: 1 hora<\/p>\n<p><strong>Lugar de parada:<\/strong> Iglesia Carmelita, Rua Carmo Vit\u00f3ria, Oporto 4050-164 Portugal<\/p>\n<p>La Iglesia de los Carmelitas o Iglesia de los Carmelitas Descalzos se encuentra en la parroquia de Vit\u00f3ria, en la ciudad de Oporto, Portugal. La construcci\u00f3n comenz\u00f3 en 1616 y se termin\u00f3 en 1628. La decoraci\u00f3n interior no se complet\u00f3 hasta 1650<\/p>\n<p>Duraci\u00f3n: 1 hora<\/p>\n<p><strong>Lugar de parada: <\/strong>Catedral de Oporto (Se Catedral), S\/N0 Terreiro Se 3 Centro Hist\u00f3rico, Porto 4050-573 Portugal<\/p>\n<p>La Catedral de Oporto, situada en el coraz\u00f3n del centro hist\u00f3rico de la ciudad de Oporto, es uno de los principales y m\u00e1s antiguos monumentos de Portugal.<\/p>\n<p>Duraci\u00f3n: 1 hora<\/p>\n<p><strong>Lugar de parada:<\/strong> Ponte de Dom Luis I, Pte. Luiz I, Oporto Portugal<\/p>\n<p>El Puente D. Lu\u00eds I es un puente de estructura met\u00e1lica de dos tableros, construido entre 1881 y 1886, que conecta las ciudades de Oporto y Vila Nova de Gaia separadas por el r\u00edo Duero, en Portugal<\/p>\n<p>Duraci\u00f3n: 1 hora<\/p>\n<p><strong>Lugar de parada:<\/strong> Cais De Gaia, Av. de Ramos Pinto, Vila Nova de Gaia 4400-261 Portugal<\/p>\n<p>Cais de Gaia se transforma hoy en d\u00eda en una agradable zona tur\u00edstica con hermosas terrazas, restaurantes y bares, con vistas a la zona hist\u00f3rica de la ciudad de Oporto.<\/p>\n<p>Este es uno de los sitios hist\u00f3ricos de esta ciudad que se desarroll\u00f3 gracias al famoso Vino de Oporto, ya que durante siglos este fue el lugar donde se ubicaba el puerto fluvial desde donde se exportaban e importaban diversas mercanc\u00edas.<\/p>\n<p>Duraci\u00f3n: 3 horas<\/p>\n<p><strong>Lugar de parada:<\/strong> R\u00edo Duero, Oporto Portugal<\/p>\n<p>Navega por las orillas de Oporto y Vila Nova de Gaia en un t\u00edpico barco Rabelo y descubre la belleza del r\u00edo Duero. Con precios atractivos y una duraci\u00f3n de 50 minutos, el Crucero de los Puentes se convirti\u00f3 en el paseo en barco m\u00e1s popular en 2019<\/p>\n<p>Duraci\u00f3n: 1 hora<\/p>\n<p><strong>Lugar de parada:<\/strong> Sandeman Cellars, Largo Miguel Bombarda, 47, Vila Nova de Gaia 4400-222 Portugal<\/p>\n<p>Terminamos con una cata y la oportunidad de pasear por nuestra tienda con la mejor selecci\u00f3n de vinos de Oporto de C\u00e1lem<\/p>\n<p>Duraci\u00f3n: 1 hora<\/p><\/div>\n\t\t\t\t<\/div> <div class='et-learn-more clearfix'>\n\t\t\t\t\t<h3 class='heading-more'>Salida y regreso<span class='et_learnmore_arrow'><span><\/span><\/span><\/h3>\n\t\t\t\t\t<div class='learn-more-content'><div>\n<ul>\n<li>\n<div>\n<div><strong>Inicio<\/strong>:<\/div>\n<\/div>\n<div>\n<ul>\n<li>\n<div>\n<div>\n<p>Pra\u00e7a Marqu\u00eas de Pombal 8, 1250-160 Lisboa, Portugal\nLugar de encuentro frente al Hotel F\u00e9nix, Plaza Marqu\u00e9s de Pombal<\/p>\n<p>Ofrecemos transporte desde cualquier hotel en el \u00e1rea de Lisboa<\/p>\n<\/div>\n<\/div>\n<\/li>\n<\/ul>\n<\/div>\n<div>\n<div><strong>Fin<\/strong>: Esta actividad finaliza en el punto de encuentro.<\/div>\n<\/div>\n<\/li>\n<\/ul>\n<\/div><\/div>\n\t\t\t\t<\/div> <div class='et-learn-more clearfix'>\n\t\t\t\t\t<h3 class='heading-more'>Accesibilidad<span class='et_learnmore_arrow'><span><\/span><\/span><\/h3>\n\t\t\t\t\t<div class='learn-more-content'><div>\n<ul>\n<li>Accesible en silla de ruedas<\/li>\n<li>Cochecito accesible<\/li>\n<li>Cerca del transporte p\u00fablico<\/li>\n<li>Asientos para beb\u00e9s disponibles<\/li>\n<li>Los transportes son accesibles para sillas de ruedas<\/li>\n<li>Instalaciones accesibles para personas en silla de ruedas<\/li>\n<\/ul>\n<\/div>\n<div>\n<div>Si tienes preguntas sobre accesibilidad, estaremos encantados de ayudarte. Solo tienes que llamar <a href=\"tel:+351932221333\">al n\u00famero (+351) 932 221 333<\/a><\/div>\n<\/div><\/div>\n\t\t\t\t<\/div> <div class='et-learn-more clearfix'>\n\t\t\t\t\t<h3 class='heading-more'>Informaci\u00f3n adicional<span class='et_learnmore_arrow'><span><\/span><\/span><\/h3>\n\t\t\t\t\t<div class='learn-more-content'><div>\n<ul>\n<li>La confirmaci\u00f3n se recibir\u00e1 en el momento de la reserva<\/li>\n<li>La mayor\u00eda de los viajeros pueden participar<\/li>\n<li>Esta es una actividad\/tour privado. Solo participar\u00e1 tu grupo<\/li>\n<\/ul>\n<\/div><\/div>\n\t\t\t\t<\/div> <div class='et-learn-more clearfix'>\n\t\t\t\t\t<h3 class='heading-more'>Pol\u00edtica de cancelaci\u00f3n<span class='et_learnmore_arrow'><span><\/span><\/span><\/h3>\n\t\t\t\t\t<div class='learn-more-content'><div>Para obtener un reembolso completo, cancele dentro de las 72 horas posteriores a la reserva de su recorrido.<\/div><\/div>\n\t\t\t\t<\/div> <div class='et-learn-more clearfix'>\n\t\t\t\t\t<h3 class='heading-more'>Preguntas m\u00e1s frecuentes<span class='et_learnmore_arrow'><span><\/span><\/span><\/h3>\n\t\t\t\t\t<div class='learn-more-content'><div>\n<div><strong>\u00bfQu\u00e9 atracciones visitar\u00e9 con el Tour Privado de Oporto desde Lisboa?<\/strong><\/div>\n<div>\n<div>\n<p>Durante esta experiencia, los lugares que visitar\u00e1s incluyen:<\/p>\n<ul>\n<li><a href=\"https:\/\/www.tripadvisor.pt\/Attraction_Review-g189180-d2403032-Reviews-Mercado_do_Bolhao-Porto_Porto_District_Northern_Portugal.html\">Mercado de Bolh\u00e3o<\/a><\/li>\n<li><a href=\"https:\/\/www.tripadvisor.pt\/Attraction_Review-g580268-d243633-Reviews-Sandeman_Cellars-Vila_Nova_de_Gaia_Porto_District_Northern_Portugal.html\">Bodegas Sandeman<\/a><\/li>\n<li><a href=\"https:\/\/www.tripadvisor.pt\/Attraction_Review-g189180-d243635-Reviews-Porto_Cathedral_Se_Catedral-Porto_Porto_District_Northern_Portugal.html\">Catedral de Oporto<\/a><\/li>\n<li><a href=\"https:\/\/www.tripadvisor.pt\/Attraction_Review-g189180-d243637-Reviews-Torre_dos_Clerigos-Porto_Porto_District_Northern_Portugal.html\">Torre de los Cl\u00e9rigos<\/a><\/li>\n<li><a href=\"https:\/\/www.tripadvisor.pt\/Attraction_Review-g189180-d636456-Reviews-Ponte_de_Dom_Luis_I-Porto_Porto_District_Northern_Portugal.html\">Puente Dom Lu\u00eds I<\/a><\/li>\n<\/ul>\n<\/div>\n<\/div>\n<\/div>\n<div>\n<hr>\n<\/div>\n<div>\n<div><strong>\u00bfCu\u00e1nto cuesta Tour privado a Oporto desde Lisboa?<\/strong><\/div>\n<div>\n<div>Precio del Tour Privado en Oporto desde Lisboa desde 417,15 \u20ac<\/div>\n<\/div>\n<\/div>\n<div>\n<hr>\n<\/div>\n<div>\n<div><strong>\u00bfQu\u00e9 empresa es responsable del Tour privado de Oporto desde Lisboa?<\/strong><\/div>\n<div>\n<div>El tour privado de Oporto desde Lisboa es presentado por RecordTours.<\/div>\n<\/div>\n<\/div><\/div>\n\t\t\t\t<\/div><div class='et-learn-more clearfix'>\n\t\t\t\t\t<h3 class='heading-more'>Ayuda<span class='et_learnmore_arrow'><span><\/span><\/span><\/h3>\n\t\t\t\t\t<div class='learn-more-content'><div>Si tiene preguntas sobre este tour o necesita ayuda para reservar, estaremos encantados de ayudarle. Solo tienes que llamar <a href=\"tel:+351932221333\">al n\u00famero (+351) 932 221 333<\/a><\/div><\/div>\n\t\t\t\t<\/div><\/p>\n","protected":false},"excerpt":{"rendered":"<p>Su recorrido comienza con la recogida por la ma\u00f1ana, cuando aborda una recogida de&#8230;  <\/p>\n","protected":false},"author":3,"featured_media":3366,"comment_status":"closed","ping_status":"closed","sticky":false,"template":"","format":"standard","meta":{"_acf_changed":false,"_et_pb_use_builder":"","_et_pb_old_content":"","_et_gb_content_width":"","footnotes":""},"categories":[22,45],"tags":[],"class_list":["post-3362","post","type-post","status-publish","format-standard","has-post-thumbnail","hentry","category-tours","category-tours-diarios"],"acf":{"photo_gallery":{"tours_galeria":[[{"id":3365,"title":"","caption":"","full_image_url":"https:\/\/recordtours.pt\/wp-content\/uploads\/2024\/04\/tours-galeria-porto-01.webp","thumbnail_image_url":"https:\/\/recordtours.pt\/wp-content\/uploads\/2024\/04\/tours-galeria-porto-01-150x150.webp","large_srcset":"https:\/\/recordtours.pt\/wp-content\/uploads\/2024\/04\/tours-galeria-porto-01-1024x683.webp 1024w, https:\/\/recordtours.pt\/wp-content\/uploads\/2024\/04\/tours-galeria-porto-01-980x653.webp 980w, https:\/\/recordtours.pt\/wp-content\/uploads\/2024\/04\/tours-galeria-porto-01-480x320.webp 480w","medium_srcset":false,"media_details":{"width":1200,"height":800,"sizes":{"medium":{"file":"tours-galeria-porto-01-300x200.webp","width":300,"height":200,"mime-type":"image\/webp","filesize":13512,"source_url":"https:\/\/recordtours.pt\/wp-content\/uploads\/2024\/04\/tours-galeria-porto-01-300x200.webp"},"large":{"file":"tours-galeria-porto-01-1024x683.webp","width":1024,"height":683,"mime-type":"image\/webp","filesize":125712,"source_url":"https:\/\/recordtours.pt\/wp-content\/uploads\/2024\/04\/tours-galeria-porto-01-1024x683.webp"},"thumbnail":{"file":"tours-galeria-porto-01-150x150.webp","width":150,"height":150,"mime-type":"image\/webp","filesize":5848,"source_url":"https:\/\/recordtours.pt\/wp-content\/uploads\/2024\/04\/tours-galeria-porto-01-150x150.webp"},"medium_large":{"file":"tours-galeria-porto-01-768x512.webp","width":768,"height":512,"mime-type":"image\/webp","filesize":74636,"source_url":"https:\/\/recordtours.pt\/wp-content\/uploads\/2024\/04\/tours-galeria-porto-01-768x512.webp"},"et-pb-post-main-image":{"file":"tours-galeria-porto-01-400x250.webp","width":400,"height":250,"mime-type":"image\/webp","filesize":20894,"source_url":"https:\/\/recordtours.pt\/wp-content\/uploads\/2024\/04\/tours-galeria-porto-01-400x250.webp"},"et-pb-post-main-image-fullwidth":{"file":"tours-galeria-porto-01-1080x675.webp","width":1080,"height":675,"mime-type":"image\/webp","filesize":132648,"source_url":"https:\/\/recordtours.pt\/wp-content\/uploads\/2024\/04\/tours-galeria-porto-01-1080x675.webp"},"et-pb-portfolio-image":{"file":"tours-galeria-porto-01-400x284.webp","width":400,"height":284,"mime-type":"image\/webp","filesize":23600,"source_url":"https:\/\/recordtours.pt\/wp-content\/uploads\/2024\/04\/tours-galeria-porto-01-400x284.webp"},"et-pb-portfolio-module-image":{"file":"tours-galeria-porto-01-510x382.webp","width":510,"height":382,"mime-type":"image\/webp","filesize":39126,"source_url":"https:\/\/recordtours.pt\/wp-content\/uploads\/2024\/04\/tours-galeria-porto-01-510x382.webp"},"et-pb-portfolio-image-single":{"file":"tours-galeria-porto-01-1080x720.webp","width":1080,"height":720,"mime-type":"image\/webp","filesize":137552,"source_url":"https:\/\/recordtours.pt\/wp-content\/uploads\/2024\/04\/tours-galeria-porto-01-1080x720.webp"},"et-pb-gallery-module-image-portrait":{"file":"tours-galeria-porto-01-400x516.webp","width":400,"height":516,"mime-type":"image\/webp","filesize":46596,"source_url":"https:\/\/recordtours.pt\/wp-content\/uploads\/2024\/04\/tours-galeria-porto-01-400x516.webp"},"et-pb-image--responsive--tablet":{"file":"tours-galeria-porto-01-980x653.webp","width":980,"height":653,"mime-type":"image\/webp","filesize":116198,"source_url":"https:\/\/recordtours.pt\/wp-content\/uploads\/2024\/04\/tours-galeria-porto-01-980x653.webp"},"et-pb-image--responsive--phone":{"file":"tours-galeria-porto-01-480x320.webp","width":480,"height":320,"mime-type":"image\/webp","filesize":30398,"source_url":"https:\/\/recordtours.pt\/wp-content\/uploads\/2024\/04\/tours-galeria-porto-01-480x320.webp"}}},"alt_text":"","url":"","target":""},{"id":3363,"title":"","caption":"","full_image_url":"https:\/\/recordtours.pt\/wp-content\/uploads\/2024\/04\/tours-galeria-porto-02.webp","thumbnail_image_url":"https:\/\/recordtours.pt\/wp-content\/uploads\/2024\/04\/tours-galeria-porto-02-150x150.webp","large_srcset":"https:\/\/recordtours.pt\/wp-content\/uploads\/2024\/04\/tours-galeria-porto-02-1024x683.webp 1024w, https:\/\/recordtours.pt\/wp-content\/uploads\/2024\/04\/tours-galeria-porto-02-980x653.webp 980w, https:\/\/recordtours.pt\/wp-content\/uploads\/2024\/04\/tours-galeria-porto-02-480x320.webp 480w","medium_srcset":false,"media_details":{"width":1200,"height":800,"sizes":{"medium":{"file":"tours-galeria-porto-02-300x200.webp","width":300,"height":200,"mime-type":"image\/webp","filesize":18746,"source_url":"https:\/\/recordtours.pt\/wp-content\/uploads\/2024\/04\/tours-galeria-porto-02-300x200.webp"},"large":{"file":"tours-galeria-porto-02-1024x683.webp","width":1024,"height":683,"mime-type":"image\/webp","filesize":157946,"source_url":"https:\/\/recordtours.pt\/wp-content\/uploads\/2024\/04\/tours-galeria-porto-02-1024x683.webp"},"thumbnail":{"file":"tours-galeria-porto-02-150x150.webp","width":150,"height":150,"mime-type":"image\/webp","filesize":8886,"source_url":"https:\/\/recordtours.pt\/wp-content\/uploads\/2024\/04\/tours-galeria-porto-02-150x150.webp"},"medium_large":{"file":"tours-galeria-porto-02-768x512.webp","width":768,"height":512,"mime-type":"image\/webp","filesize":94858,"source_url":"https:\/\/recordtours.pt\/wp-content\/uploads\/2024\/04\/tours-galeria-porto-02-768x512.webp"},"et-pb-post-main-image":{"file":"tours-galeria-porto-02-400x250.webp","width":400,"height":250,"mime-type":"image\/webp","filesize":29350,"source_url":"https:\/\/recordtours.pt\/wp-content\/uploads\/2024\/04\/tours-galeria-porto-02-400x250.webp"},"et-pb-post-main-image-fullwidth":{"file":"tours-galeria-porto-02-1080x675.webp","width":1080,"height":675,"mime-type":"image\/webp","filesize":165924,"source_url":"https:\/\/recordtours.pt\/wp-content\/uploads\/2024\/04\/tours-galeria-porto-02-1080x675.webp"},"et-pb-portfolio-image":{"file":"tours-galeria-porto-02-400x284.webp","width":400,"height":284,"mime-type":"image\/webp","filesize":32472,"source_url":"https:\/\/recordtours.pt\/wp-content\/uploads\/2024\/04\/tours-galeria-porto-02-400x284.webp"},"et-pb-portfolio-module-image":{"file":"tours-galeria-porto-02-510x382.webp","width":510,"height":382,"mime-type":"image\/webp","filesize":53782,"source_url":"https:\/\/recordtours.pt\/wp-content\/uploads\/2024\/04\/tours-galeria-porto-02-510x382.webp"},"et-pb-portfolio-image-single":{"file":"tours-galeria-porto-02-1080x720.webp","width":1080,"height":720,"mime-type":"image\/webp","filesize":171068,"source_url":"https:\/\/recordtours.pt\/wp-content\/uploads\/2024\/04\/tours-galeria-porto-02-1080x720.webp"},"et-pb-gallery-module-image-portrait":{"file":"tours-galeria-porto-02-400x516.webp","width":400,"height":516,"mime-type":"image\/webp","filesize":55462,"source_url":"https:\/\/recordtours.pt\/wp-content\/uploads\/2024\/04\/tours-galeria-porto-02-400x516.webp"},"et-pb-image--responsive--tablet":{"file":"tours-galeria-porto-02-980x653.webp","width":980,"height":653,"mime-type":"image\/webp","filesize":147184,"source_url":"https:\/\/recordtours.pt\/wp-content\/uploads\/2024\/04\/tours-galeria-porto-02-980x653.webp"},"et-pb-image--responsive--phone":{"file":"tours-galeria-porto-02-480x320.webp","width":480,"height":320,"mime-type":"image\/webp","filesize":41740,"source_url":"https:\/\/recordtours.pt\/wp-content\/uploads\/2024\/04\/tours-galeria-porto-02-480x320.webp"}}},"alt_text":"","url":"","target":""},{"id":3364,"title":"","caption":"","full_image_url":"https:\/\/recordtours.pt\/wp-content\/uploads\/2024\/04\/tours-galeria-porto-03.webp","thumbnail_image_url":"https:\/\/recordtours.pt\/wp-content\/uploads\/2024\/04\/tours-galeria-porto-03-150x150.webp","large_srcset":"https:\/\/recordtours.pt\/wp-content\/uploads\/2024\/04\/tours-galeria-porto-03-1024x683.webp 1024w, https:\/\/recordtours.pt\/wp-content\/uploads\/2024\/04\/tours-galeria-porto-03-980x653.webp 980w, https:\/\/recordtours.pt\/wp-content\/uploads\/2024\/04\/tours-galeria-porto-03-480x320.webp 480w","medium_srcset":false,"media_details":{"width":1200,"height":800,"sizes":{"medium":{"file":"tours-galeria-porto-03-300x200.webp","width":300,"height":200,"mime-type":"image\/webp","filesize":24432,"source_url":"https:\/\/recordtours.pt\/wp-content\/uploads\/2024\/04\/tours-galeria-porto-03-300x200.webp"},"large":{"file":"tours-galeria-porto-03-1024x683.webp","width":1024,"height":683,"mime-type":"image\/webp","filesize":207600,"source_url":"https:\/\/recordtours.pt\/wp-content\/uploads\/2024\/04\/tours-galeria-porto-03-1024x683.webp"},"thumbnail":{"file":"tours-galeria-porto-03-150x150.webp","width":150,"height":150,"mime-type":"image\/webp","filesize":9824,"source_url":"https:\/\/recordtours.pt\/wp-content\/uploads\/2024\/04\/tours-galeria-porto-03-150x150.webp"},"medium_large":{"file":"tours-galeria-porto-03-768x512.webp","width":768,"height":512,"mime-type":"image\/webp","filesize":123156,"source_url":"https:\/\/recordtours.pt\/wp-content\/uploads\/2024\/04\/tours-galeria-porto-03-768x512.webp"},"et-pb-post-main-image":{"file":"tours-galeria-porto-03-400x250.webp","width":400,"height":250,"mime-type":"image\/webp","filesize":37308,"source_url":"https:\/\/recordtours.pt\/wp-content\/uploads\/2024\/04\/tours-galeria-porto-03-400x250.webp"},"et-pb-post-main-image-fullwidth":{"file":"tours-galeria-porto-03-1080x675.webp","width":1080,"height":675,"mime-type":"image\/webp","filesize":214978,"source_url":"https:\/\/recordtours.pt\/wp-content\/uploads\/2024\/04\/tours-galeria-porto-03-1080x675.webp"},"et-pb-portfolio-image":{"file":"tours-galeria-porto-03-400x284.webp","width":400,"height":284,"mime-type":"image\/webp","filesize":41890,"source_url":"https:\/\/recordtours.pt\/wp-content\/uploads\/2024\/04\/tours-galeria-porto-03-400x284.webp"},"et-pb-portfolio-module-image":{"file":"tours-galeria-porto-03-510x382.webp","width":510,"height":382,"mime-type":"image\/webp","filesize":67340,"source_url":"https:\/\/recordtours.pt\/wp-content\/uploads\/2024\/04\/tours-galeria-porto-03-510x382.webp"},"et-pb-portfolio-image-single":{"file":"tours-galeria-porto-03-1080x720.webp","width":1080,"height":720,"mime-type":"image\/webp","filesize":226210,"source_url":"https:\/\/recordtours.pt\/wp-content\/uploads\/2024\/04\/tours-galeria-porto-03-1080x720.webp"},"et-pb-gallery-module-image-portrait":{"file":"tours-galeria-porto-03-400x516.webp","width":400,"height":516,"mime-type":"image\/webp","filesize":65974,"source_url":"https:\/\/recordtours.pt\/wp-content\/uploads\/2024\/04\/tours-galeria-porto-03-400x516.webp"},"et-pb-image--responsive--tablet":{"file":"tours-galeria-porto-03-980x653.webp","width":980,"height":653,"mime-type":"image\/webp","filesize":192890,"source_url":"https:\/\/recordtours.pt\/wp-content\/uploads\/2024\/04\/tours-galeria-porto-03-980x653.webp"},"et-pb-image--responsive--phone":{"file":"tours-galeria-porto-03-480x320.webp","width":480,"height":320,"mime-type":"image\/webp","filesize":53706,"source_url":"https:\/\/recordtours.pt\/wp-content\/uploads\/2024\/04\/tours-galeria-porto-03-480x320.webp"}}},"alt_text":"","url":"","target":""}]]}},"_links":{"self":[{"href":"https:\/\/recordtours.pt\/es\/wp-json\/wp\/v2\/posts\/3362","targetHints":{"allow":["GET"]}}],"collection":[{"href":"https:\/\/recordtours.pt\/es\/wp-json\/wp\/v2\/posts"}],"about":[{"href":"https:\/\/recordtours.pt\/es\/wp-json\/wp\/v2\/types\/post"}],"author":[{"embeddable":true,"href":"https:\/\/recordtours.pt\/es\/wp-json\/wp\/v2\/users\/3"}],"replies":[{"embeddable":true,"href":"https:\/\/recordtours.pt\/es\/wp-json\/wp\/v2\/comments?post=3362"}],"version-history":[{"count":0,"href":"https:\/\/recordtours.pt\/es\/wp-json\/wp\/v2\/posts\/3362\/revisions"}],"wp:featuredmedia":[{"embeddable":true,"href":"https:\/\/recordtours.pt\/es\/wp-json\/wp\/v2\/media\/3366"}],"wp:attachment":[{"href":"https:\/\/recordtours.pt\/es\/wp-json\/wp\/v2\/media?parent=3362"}],"wp:term":[{"taxonomy":"category","embeddable":true,"href":"https:\/\/recordtours.pt\/es\/wp-json\/wp\/v2\/categories?post=3362"},{"taxonomy":"post_tag","embeddable":true,"href":"https:\/\/recordtours.pt\/es\/wp-json\/wp\/v2\/tags?post=3362"}],"curies":[{"name":"wp","href":"https:\/\/api.w.org\/{rel}","templated":true}]}}