{"id":3395,"date":"2024-05-07T08:29:53","date_gmt":"2024-05-07T08:29:53","guid":{"rendered":"https:\/\/recordtours.pt\/tour-en-grupos-pequenos-de-sintra-y-cascais-desde-lisboa\/"},"modified":"2024-06-24T11:53:10","modified_gmt":"2024-06-24T11:53:10","slug":"tour-en-grupos-pequenos-de-sintra-y-cascais-desde-lisboa","status":"publish","type":"post","link":"https:\/\/recordtours.pt\/es\/tour-en-grupos-pequenos-de-sintra-y-cascais-desde-lisboa\/","title":{"rendered":"Tour en grupos peque\u00f1os de Sintra y Cascais desde Lisboa"},"content":{"rendered":"<p>Sube a bordo de una minivan con aire acondicionado hacia Sintra, la primera parada es en el centro hist\u00f3rico de Sintra, aprovecha para pasear, explorar el pueblo de Sintra<\/p>\n<p>Observa los acantilados del Cabo da Roca y conoce la Boca del Infierno<\/p>\n<p>Al llegar al pueblo pesquero de Cascais, es hora de almorzar y disfrutar del centro hist\u00f3rico.<br \/>\nAqu\u00ed puedes aprovechar para pasear por la playa.<\/p>\n<div class='et-learn-more clearfix'>\n\t\t\t\t\t<h3 class='heading-more'>\u00bfQu\u00e9 est\u00e1 incluido?<span class='et_learnmore_arrow'><span><\/span><\/span><\/h3>\n\t\t\t\t\t<div class='learn-more-content'><div>\n<ul>\n<li>Wi-Fi a bordo<\/li>\n<li>Agua mineral<\/li>\n<li><span class=\"biGQs _P pZUbB KxBGd\">Todas las tasas e impuestos<\/span><\/li>\n<\/ul>\n<\/div>\n<div>\n<div><strong>Lo que no est\u00e1 incluido<\/strong><\/div>\n<ul>\n<li class=\"seKux _d _c\"><span class=\"biGQs _P pZUbB KxBGd\">El gu\u00eda te acompa\u00f1a en el exterior de los monumentos. Las entradas a palacios y monumentos no est\u00e1n incluidas.<\/span><\/li>\n<li class=\"seKux _d _c\"><span class=\"biGQs _P pZUbB KxBGd\">Antes de reservar una visita al Palacio, confirme la hora de la visita con nuestro equipo<\/span><\/li>\n<li class=\"seKux _d _c\"><span class=\"biGQs _P pZUbB KxBGd\">Almuerzo y bebidas excluidas<\/span><\/li>\n<li>Entrada\/Admisi\u00f3n &#8211; Palacio da Pena<\/li>\n<\/ul>\n<\/div><\/div>\n\t\t\t\t<\/div> <div class='et-learn-more clearfix'>\n\t\t\t\t\t<h3 class='heading-more'>\u00bfQu\u00e9 esperar?<span class='et_learnmore_arrow'><span><\/span><\/span><\/h3>\n\t\t\t\t\t<div class='learn-more-content'><strong>Itinerario<\/strong><\/p>\n<p>Este es un itinerario normal para este producto<\/p>\n<p><strong>Lugar de parada: <\/strong>Centro Hist\u00f3rico de Sintra, Sintra 2710-616 Portugal<\/p>\n<p>Ciudad de Sintra, visita a Sintra Village<\/p>\n<p>Duraci\u00f3n: 2 horas<\/p>\n<p><strong>Lugar de parada: <\/strong>Parque y Palacio Nacional de Pena, Estrada da Pena, Sintra 2710-609 Portugal<\/p>\n<p>El Palacio Nacional de Pena, conocido popularmente simplemente como Palacio da Pena o Castillo de Pena.<\/p>\n<p>Duraci\u00f3n: 2 horas<\/p>\n<p><strong>Lugar de parada: <\/strong>Faro de Cabo da Roca, Estrada do Cabo da Roca, Sintra 2705-001 Portugal<\/p>\n<p>El Faro de Cabo da Roca, en Sintra, celebr\u00f3 este mi\u00e9rcoles su 250 aniversario, en un acto al que asistieron el presidente de la Rep\u00fablica, Marcelo Rebelo de Sousa, y el alcalde de Sintra, Bas\u00edlio Horta.<\/p>\n<p>La conmemoraci\u00f3n estuvo marcada por la develaci\u00f3n de una placa conmemorativa de los 250 a\u00f1os de existencia de este faro.<\/p>\n<p>Situado en el coraz\u00f3n del Parque Natural de Sintra-Cascais, m\u00e1s concretamente al final de las monta\u00f1as de Sintra, en la parroquia de Colares, Cabo da Roca, seg\u00fan Bas\u00edlio Horta, \u00abes un punto de referencia en los itinerarios tur\u00edsticos del mundo por reunir caracter\u00edsticas paisaj\u00edsticas y creaciones \u00fanicas de la madre naturaleza. Este faro nos recuerda la importancia del oc\u00e9ano para el territorio portugu\u00e9s y su perfecta comuni\u00f3n entre tierra y mar a lo largo de sus 250 a\u00f1os de existencia\u00bb.\nEl faro de Cabo da Roca es uno de los m\u00e1s antiguos de Portugal, se encuentra en el punto m\u00e1s occidental del continente europeo.<\/p>\n<p>Duraci\u00f3n: 1 hora<\/p>\n<p><strong>Lugar de parada: <\/strong> Cascais, Cascais, Distrito de Lisboa, Centro de Portugal<\/p>\n<p>Cascais es un pueblo portugu\u00e9s de la subregi\u00f3n del \u00c1rea Metropolitana de Lisboa, perteneciente a la regi\u00f3n del mismo nombre y al distrito de Lisboa, con 64.310 habitantes.<\/p>\n<p>Su origen como entidad independiente se remonta a la Carta de la Villa, del 7 de junio de 1364, en la que el rey Pedro I de Portugal la separ\u00f3 de la frontera de Sintra debido a su desarrollo econ\u00f3mico. Administrativamente, no se independiz\u00f3 hasta 1514, cuando se le dot\u00f3 de su propia carta. Ocupado desde el Paleol\u00edtico, y con un importante patrimonio arqueol\u00f3gico, el municipio se centr\u00f3 desde el principio en la producci\u00f3n agr\u00edcola, la pesca y la extracci\u00f3n de recursos. Su posici\u00f3n estrat\u00e9gica en Barra do Tejo tambi\u00e9n contribuy\u00f3 a su importancia.<\/p>\n<p>Debido a sus valores naturales y paisaj\u00edsticos, tanto la ciudad como el municipio experimentaron un aumento de popularidad que la convirti\u00f3 en el destino preferido de las \u00e9lites portuguesas y extranjeras a partir del siglo XIX.<\/p>\n<p>Duraci\u00f3n: 2 horas<\/p><\/div>\n\t\t\t\t<\/div> <div class='et-learn-more clearfix'>\n\t\t\t\t\t<h3 class='heading-more'>Salida y regreso<span class='et_learnmore_arrow'><span><\/span><\/span><\/h3>\n\t\t\t\t\t<div class='learn-more-content'><div>\n<ul>\n<li>\n<div>\n<div><strong>Inicio<\/strong>:<\/div>\n<\/div>\n<div>\n<ul>\n<li>\n<div>\n<div>Pra\u00e7a Marqu\u00eas de Pombal 4A, 1250-160 Lisboa, Portugal<\/div>\n<div>Recogida frente al Hotel F\u00e9nix, Plaza Marqu\u00e9s de Pombal<\/div>\n<\/div>\n<\/li>\n<\/ul>\n<\/div>\n<div>\n<div><strong>Fin<\/strong>: Esta actividad finaliza en el punto de encuentro.<\/div>\n<\/div>\n<\/li>\n<\/ul>\n<\/div><\/div>\n\t\t\t\t<\/div> <div class='et-learn-more clearfix'>\n\t\t\t\t\t<h3 class='heading-more'>Accesibilidad<span class='et_learnmore_arrow'><span><\/span><\/span><\/h3>\n\t\t\t\t\t<div class='learn-more-content'><div>\n<ul>\n<li>No es accesible en silla de ruedas<\/li>\n<li>Cerca del transporte p\u00fablico<\/li>\n<li>Asientos para beb\u00e9s disponibles<\/li>\n<\/ul>\n<\/div>\n<div>\n<div>Si tienes preguntas sobre accesibilidad, estaremos encantados de ayudarte. Solo tienes que llamar <a href=\"tel:+351932221333\">al n\u00famero (+351) 932 221 333<\/a><\/div>\n<\/div><\/div>\n\t\t\t\t<\/div> <div class='et-learn-more clearfix'>\n\t\t\t\t\t<h3 class='heading-more'>Informaci\u00f3n adicional<span class='et_learnmore_arrow'><span><\/span><\/span><\/h3>\n\t\t\t\t\t<div class='learn-more-content'><div>\n<ul>\n<li>La confirmaci\u00f3n se recibir\u00e1 en el momento de la reserva<\/li>\n<li>La mayor\u00eda de los viajeros pueden participar<\/li>\n<li>Esta experiencia requiere un n\u00famero m\u00ednimo de viajeros. Si se cancela porque no se alcanza el n\u00famero m\u00ednimo, se le ofrecer\u00e1 una fecha\/experiencia diferente o un reembolso completo<\/li>\n<li>Este tour\/actividad tendr\u00e1 un m\u00e1ximo de 8 viajeros<\/li>\n<\/ul>\n<\/div><\/div>\n\t\t\t\t<\/div> <div class='et-learn-more clearfix'>\n\t\t\t\t\t<h3 class='heading-more'>Pol\u00edtica de cancelaci\u00f3n<span class='et_learnmore_arrow'><span><\/span><\/span><\/h3>\n\t\t\t\t\t<div class='learn-more-content'><div>Para obtener un reembolso completo, cancele dentro de las 72 horas posteriores a la reserva de su recorrido.<\/div><\/div>\n\t\t\t\t<\/div> <div class='et-learn-more clearfix'>\n\t\t\t\t\t<h3 class='heading-more'>Preguntas m\u00e1s frecuentes<span class='et_learnmore_arrow'><span><\/span><\/span><\/h3>\n\t\t\t\t\t<div class='learn-more-content'><div>\n<div><strong>\u00bfQu\u00e9 atracciones visitar\u00e9 con el tour en grupo peque\u00f1o de Sintra y Cascais desde Lisboa?<\/strong><\/div>\n<div>\n<div>\n<p>Durante esta experiencia, los lugares que visitar\u00e1s incluyen:<\/p>\n<ul>\n<li><a href=\"https:\/\/www.tripadvisor.pt\/Attraction_Review-g189164-d195785-Reviews-Park_and_National_Palace_of_Pena-Sintra_Sintra_Municipality_Lisbon_District_Centra.html\">Palacio y Parque Nacional da Pena<\/a><\/li>\n<li><a href=\"https:\/\/www.tripadvisor.pt\/Attraction_Review-g189164-d8428229-Reviews-Centro_Historico_de_Sintra-Sintra_Sintra_Municipality_Lisbon_District_Central_Por.html\">Centro hist\u00f3rico de Sintra<\/a><\/li>\n<li><a href=\"https:\/\/www.tripadvisor.pt\/Attraction_Review-g189164-d15246752-Reviews-Farol_do_cabo_da_Roca-Sintra_Sintra_Municipality_Lisbon_District_Central_Portuga.html\">Faro de Cabo da Roca<\/a><\/li>\n<\/ul>\n<\/div>\n<\/div>\n<\/div>\n<div>\n<hr>\n<\/div>\n<div>\n<div><strong>\u00bfCu\u00e1nto cuesta Excursi\u00f3n en grupo peque\u00f1o a Sintra y Cascais desde Lisboa?<\/strong><\/div>\n<div>\n<div>Precio de la excursi\u00f3n en grupo reducido a Sintra y Cascais desde Lisboa desde 90,75 \u20ac.<\/div>\n<\/div>\n<\/div>\n<div>\n<hr>\n<\/div>\n<div>\n<div><strong>\u00bfQu\u00e9 empresa es responsable de la excursi\u00f3n en grupo peque\u00f1o a Sintra y Cascais desde Lisboa?<\/strong><\/div>\n<div>\n<div>El tour en grupo peque\u00f1o de Sintra y Cascais desde Lisboa es presentado por RecordTours.<\/div>\n<\/div>\n<\/div><\/div>\n\t\t\t\t<\/div><div class='et-learn-more clearfix'>\n\t\t\t\t\t<h3 class='heading-more'>Ayuda<span class='et_learnmore_arrow'><span><\/span><\/span><\/h3>\n\t\t\t\t\t<div class='learn-more-content'><div>Si tiene preguntas sobre este tour o necesita ayuda para reservar, estaremos encantados de ayudarle. Solo tienes que llamar <a href=\"tel:+351932221333\">al n\u00famero (+351) 932 221 333<\/a><\/div><\/div>\n\t\t\t\t<\/div><\/p>\n","protected":false},"excerpt":{"rendered":"<p>Sube a bordo de una minivan con aire acondicionado hacia Sintra, la primera parada es en el centro hist\u00f3rico de Sintra, disfruta&#8230;  <\/p>\n","protected":false},"author":3,"featured_media":3273,"comment_status":"closed","ping_status":"closed","sticky":false,"template":"","format":"standard","meta":{"_acf_changed":false,"_et_pb_use_builder":"","_et_pb_old_content":"","_et_gb_content_width":"","footnotes":""},"categories":[22,45],"tags":[],"class_list":["post-3395","post","type-post","status-publish","format-standard","has-post-thumbnail","hentry","category-tours","category-tours-diarios"],"acf":{"photo_gallery":{"tours_galeria":[[{"id":3271,"title":"","caption":"","full_image_url":"https:\/\/recordtours.pt\/wp-content\/uploads\/2024\/02\/tours-galeria-sintra-02.webp","thumbnail_image_url":"https:\/\/recordtours.pt\/wp-content\/uploads\/2024\/02\/tours-galeria-sintra-02-150x150.webp","large_srcset":"https:\/\/recordtours.pt\/wp-content\/uploads\/2024\/02\/tours-galeria-sintra-02-1024x683.webp 1024w, https:\/\/recordtours.pt\/wp-content\/uploads\/2024\/02\/tours-galeria-sintra-02-980x653.webp 980w, https:\/\/recordtours.pt\/wp-content\/uploads\/2024\/02\/tours-galeria-sintra-02-480x320.webp 480w","medium_srcset":false,"media_details":{"width":1200,"height":800,"sizes":{"medium":{"file":"tours-galeria-sintra-02-300x200.webp","width":300,"height":200,"mime-type":"image\/webp","filesize":21486,"source_url":"https:\/\/recordtours.pt\/wp-content\/uploads\/2024\/02\/tours-galeria-sintra-02-300x200.webp"},"large":{"file":"tours-galeria-sintra-02-1024x683.webp","width":1024,"height":683,"mime-type":"image\/webp","filesize":221960,"source_url":"https:\/\/recordtours.pt\/wp-content\/uploads\/2024\/02\/tours-galeria-sintra-02-1024x683.webp"},"thumbnail":{"file":"tours-galeria-sintra-02-150x150.webp","width":150,"height":150,"mime-type":"image\/webp","filesize":8492,"source_url":"https:\/\/recordtours.pt\/wp-content\/uploads\/2024\/02\/tours-galeria-sintra-02-150x150.webp"},"medium_large":{"file":"tours-galeria-sintra-02-768x512.webp","width":768,"height":512,"mime-type":"image\/webp","filesize":132908,"source_url":"https:\/\/recordtours.pt\/wp-content\/uploads\/2024\/02\/tours-galeria-sintra-02-768x512.webp"},"et-pb-post-main-image":{"file":"tours-galeria-sintra-02-400x250.webp","width":400,"height":250,"mime-type":"image\/webp","filesize":34454,"source_url":"https:\/\/recordtours.pt\/wp-content\/uploads\/2024\/02\/tours-galeria-sintra-02-400x250.webp"},"et-pb-post-main-image-fullwidth":{"file":"tours-galeria-sintra-02-1080x675.webp","width":1080,"height":675,"mime-type":"image\/webp","filesize":232806,"source_url":"https:\/\/recordtours.pt\/wp-content\/uploads\/2024\/02\/tours-galeria-sintra-02-1080x675.webp"},"et-pb-portfolio-image":{"file":"tours-galeria-sintra-02-400x284.webp","width":400,"height":284,"mime-type":"image\/webp","filesize":38950,"source_url":"https:\/\/recordtours.pt\/wp-content\/uploads\/2024\/02\/tours-galeria-sintra-02-400x284.webp"},"et-pb-portfolio-module-image":{"file":"tours-galeria-sintra-02-510x382.webp","width":510,"height":382,"mime-type":"image\/webp","filesize":66254,"source_url":"https:\/\/recordtours.pt\/wp-content\/uploads\/2024\/02\/tours-galeria-sintra-02-510x382.webp"},"et-pb-portfolio-image-single":{"file":"tours-galeria-sintra-02-1080x720.webp","width":1080,"height":720,"mime-type":"image\/webp","filesize":244330,"source_url":"https:\/\/recordtours.pt\/wp-content\/uploads\/2024\/02\/tours-galeria-sintra-02-1080x720.webp"},"et-pb-gallery-module-image-portrait":{"file":"tours-galeria-sintra-02-400x516.webp","width":400,"height":516,"mime-type":"image\/webp","filesize":69092,"source_url":"https:\/\/recordtours.pt\/wp-content\/uploads\/2024\/02\/tours-galeria-sintra-02-400x516.webp"},"et-pb-image--responsive--tablet":{"file":"tours-galeria-sintra-02-980x653.webp","width":980,"height":653,"mime-type":"image\/webp","filesize":205598,"source_url":"https:\/\/recordtours.pt\/wp-content\/uploads\/2024\/02\/tours-galeria-sintra-02-980x653.webp"},"et-pb-image--responsive--phone":{"file":"tours-galeria-sintra-02-480x320.webp","width":480,"height":320,"mime-type":"image\/webp","filesize":52710,"source_url":"https:\/\/recordtours.pt\/wp-content\/uploads\/2024\/02\/tours-galeria-sintra-02-480x320.webp"}}},"alt_text":"","url":"","target":""},{"id":3270,"title":"","caption":"","full_image_url":"https:\/\/recordtours.pt\/wp-content\/uploads\/2024\/02\/tours-galeria-sintra-01.webp","thumbnail_image_url":"https:\/\/recordtours.pt\/wp-content\/uploads\/2024\/02\/tours-galeria-sintra-01-150x150.webp","large_srcset":"https:\/\/recordtours.pt\/wp-content\/uploads\/2024\/02\/tours-galeria-sintra-01-1024x683.webp 1024w, https:\/\/recordtours.pt\/wp-content\/uploads\/2024\/02\/tours-galeria-sintra-01-980x653.webp 980w, https:\/\/recordtours.pt\/wp-content\/uploads\/2024\/02\/tours-galeria-sintra-01-480x320.webp 480w","medium_srcset":false,"media_details":{"width":1200,"height":800,"sizes":{"medium":{"file":"tours-galeria-sintra-01-300x200.webp","width":300,"height":200,"mime-type":"image\/webp","filesize":17086,"source_url":"https:\/\/recordtours.pt\/wp-content\/uploads\/2024\/02\/tours-galeria-sintra-01-300x200.webp"},"large":{"file":"tours-galeria-sintra-01-1024x683.webp","width":1024,"height":683,"mime-type":"image\/webp","filesize":151994,"source_url":"https:\/\/recordtours.pt\/wp-content\/uploads\/2024\/02\/tours-galeria-sintra-01-1024x683.webp"},"thumbnail":{"file":"tours-galeria-sintra-01-150x150.webp","width":150,"height":150,"mime-type":"image\/webp","filesize":7220,"source_url":"https:\/\/recordtours.pt\/wp-content\/uploads\/2024\/02\/tours-galeria-sintra-01-150x150.webp"},"medium_large":{"file":"tours-galeria-sintra-01-768x512.webp","width":768,"height":512,"mime-type":"image\/webp","filesize":92212,"source_url":"https:\/\/recordtours.pt\/wp-content\/uploads\/2024\/02\/tours-galeria-sintra-01-768x512.webp"},"et-pb-post-main-image":{"file":"tours-galeria-sintra-01-400x250.webp","width":400,"height":250,"mime-type":"image\/webp","filesize":26442,"source_url":"https:\/\/recordtours.pt\/wp-content\/uploads\/2024\/02\/tours-galeria-sintra-01-400x250.webp"},"et-pb-post-main-image-fullwidth":{"file":"tours-galeria-sintra-01-1080x675.webp","width":1080,"height":675,"mime-type":"image\/webp","filesize":157128,"source_url":"https:\/\/recordtours.pt\/wp-content\/uploads\/2024\/02\/tours-galeria-sintra-01-1080x675.webp"},"et-pb-portfolio-image":{"file":"tours-galeria-sintra-01-400x284.webp","width":400,"height":284,"mime-type":"image\/webp","filesize":30090,"source_url":"https:\/\/recordtours.pt\/wp-content\/uploads\/2024\/02\/tours-galeria-sintra-01-400x284.webp"},"et-pb-portfolio-module-image":{"file":"tours-galeria-sintra-01-510x382.webp","width":510,"height":382,"mime-type":"image\/webp","filesize":50206,"source_url":"https:\/\/recordtours.pt\/wp-content\/uploads\/2024\/02\/tours-galeria-sintra-01-510x382.webp"},"et-pb-portfolio-image-single":{"file":"tours-galeria-sintra-01-1080x720.webp","width":1080,"height":720,"mime-type":"image\/webp","filesize":163832,"source_url":"https:\/\/recordtours.pt\/wp-content\/uploads\/2024\/02\/tours-galeria-sintra-01-1080x720.webp"},"et-pb-gallery-module-image-portrait":{"file":"tours-galeria-sintra-01-400x516.webp","width":400,"height":516,"mime-type":"image\/webp","filesize":51486,"source_url":"https:\/\/recordtours.pt\/wp-content\/uploads\/2024\/02\/tours-galeria-sintra-01-400x516.webp"},"et-pb-image--responsive--tablet":{"file":"tours-galeria-sintra-01-980x653.webp","width":980,"height":653,"mime-type":"image\/webp","filesize":141164,"source_url":"https:\/\/recordtours.pt\/wp-content\/uploads\/2024\/02\/tours-galeria-sintra-01-980x653.webp"},"et-pb-image--responsive--phone":{"file":"tours-galeria-sintra-01-480x320.webp","width":480,"height":320,"mime-type":"image\/webp","filesize":39444,"source_url":"https:\/\/recordtours.pt\/wp-content\/uploads\/2024\/02\/tours-galeria-sintra-01-480x320.webp"}}},"alt_text":"","url":"","target":""},{"id":3272,"title":"","caption":"","full_image_url":"https:\/\/recordtours.pt\/wp-content\/uploads\/2024\/02\/tours-galeria-sintra-03.webp","thumbnail_image_url":"https:\/\/recordtours.pt\/wp-content\/uploads\/2024\/02\/tours-galeria-sintra-03-150x150.webp","large_srcset":"https:\/\/recordtours.pt\/wp-content\/uploads\/2024\/02\/tours-galeria-sintra-03-1024x683.webp 1024w, https:\/\/recordtours.pt\/wp-content\/uploads\/2024\/02\/tours-galeria-sintra-03-980x653.webp 980w, https:\/\/recordtours.pt\/wp-content\/uploads\/2024\/02\/tours-galeria-sintra-03-480x320.webp 480w","medium_srcset":false,"media_details":{"width":1200,"height":800,"sizes":{"medium":{"file":"tours-galeria-sintra-03-300x200.webp","width":300,"height":200,"mime-type":"image\/webp","filesize":24856,"source_url":"https:\/\/recordtours.pt\/wp-content\/uploads\/2024\/02\/tours-galeria-sintra-03-300x200.webp"},"large":{"file":"tours-galeria-sintra-03-1024x683.webp","width":1024,"height":683,"mime-type":"image\/webp","filesize":219502,"source_url":"https:\/\/recordtours.pt\/wp-content\/uploads\/2024\/02\/tours-galeria-sintra-03-1024x683.webp"},"thumbnail":{"file":"tours-galeria-sintra-03-150x150.webp","width":150,"height":150,"mime-type":"image\/webp","filesize":9956,"source_url":"https:\/\/recordtours.pt\/wp-content\/uploads\/2024\/02\/tours-galeria-sintra-03-150x150.webp"},"medium_large":{"file":"tours-galeria-sintra-03-768x512.webp","width":768,"height":512,"mime-type":"image\/webp","filesize":133248,"source_url":"https:\/\/recordtours.pt\/wp-content\/uploads\/2024\/02\/tours-galeria-sintra-03-768x512.webp"},"et-pb-post-main-image":{"file":"tours-galeria-sintra-03-400x250.webp","width":400,"height":250,"mime-type":"image\/webp","filesize":38814,"source_url":"https:\/\/recordtours.pt\/wp-content\/uploads\/2024\/02\/tours-galeria-sintra-03-400x250.webp"},"et-pb-post-main-image-fullwidth":{"file":"tours-galeria-sintra-03-1080x675.webp","width":1080,"height":675,"mime-type":"image\/webp","filesize":224578,"source_url":"https:\/\/recordtours.pt\/wp-content\/uploads\/2024\/02\/tours-galeria-sintra-03-1080x675.webp"},"et-pb-portfolio-image":{"file":"tours-galeria-sintra-03-400x284.webp","width":400,"height":284,"mime-type":"image\/webp","filesize":43636,"source_url":"https:\/\/recordtours.pt\/wp-content\/uploads\/2024\/02\/tours-galeria-sintra-03-400x284.webp"},"et-pb-portfolio-module-image":{"file":"tours-galeria-sintra-03-510x382.webp","width":510,"height":382,"mime-type":"image\/webp","filesize":72572,"source_url":"https:\/\/recordtours.pt\/wp-content\/uploads\/2024\/02\/tours-galeria-sintra-03-510x382.webp"},"et-pb-portfolio-image-single":{"file":"tours-galeria-sintra-03-1080x720.webp","width":1080,"height":720,"mime-type":"image\/webp","filesize":237498,"source_url":"https:\/\/recordtours.pt\/wp-content\/uploads\/2024\/02\/tours-galeria-sintra-03-1080x720.webp"},"et-pb-gallery-module-image-portrait":{"file":"tours-galeria-sintra-03-400x516.webp","width":400,"height":516,"mime-type":"image\/webp","filesize":69276,"source_url":"https:\/\/recordtours.pt\/wp-content\/uploads\/2024\/02\/tours-galeria-sintra-03-400x516.webp"},"et-pb-image--responsive--tablet":{"file":"tours-galeria-sintra-03-980x653.webp","width":980,"height":653,"mime-type":"image\/webp","filesize":202940,"source_url":"https:\/\/recordtours.pt\/wp-content\/uploads\/2024\/02\/tours-galeria-sintra-03-980x653.webp"},"et-pb-image--responsive--phone":{"file":"tours-galeria-sintra-03-480x320.webp","width":480,"height":320,"mime-type":"image\/webp","filesize":58012,"source_url":"https:\/\/recordtours.pt\/wp-content\/uploads\/2024\/02\/tours-galeria-sintra-03-480x320.webp"}}},"alt_text":"","url":"","target":""}]]}},"_links":{"self":[{"href":"https:\/\/recordtours.pt\/es\/wp-json\/wp\/v2\/posts\/3395","targetHints":{"allow":["GET"]}}],"collection":[{"href":"https:\/\/recordtours.pt\/es\/wp-json\/wp\/v2\/posts"}],"about":[{"href":"https:\/\/recordtours.pt\/es\/wp-json\/wp\/v2\/types\/post"}],"author":[{"embeddable":true,"href":"https:\/\/recordtours.pt\/es\/wp-json\/wp\/v2\/users\/3"}],"replies":[{"embeddable":true,"href":"https:\/\/recordtours.pt\/es\/wp-json\/wp\/v2\/comments?post=3395"}],"version-history":[{"count":0,"href":"https:\/\/recordtours.pt\/es\/wp-json\/wp\/v2\/posts\/3395\/revisions"}],"wp:featuredmedia":[{"embeddable":true,"href":"https:\/\/recordtours.pt\/es\/wp-json\/wp\/v2\/media\/3273"}],"wp:attachment":[{"href":"https:\/\/recordtours.pt\/es\/wp-json\/wp\/v2\/media?parent=3395"}],"wp:term":[{"taxonomy":"category","embeddable":true,"href":"https:\/\/recordtours.pt\/es\/wp-json\/wp\/v2\/categories?post=3395"},{"taxonomy":"post_tag","embeddable":true,"href":"https:\/\/recordtours.pt\/es\/wp-json\/wp\/v2\/tags?post=3395"}],"curies":[{"name":"wp","href":"https:\/\/api.w.org\/{rel}","templated":true}]}}