{"id":3409,"date":"2024-04-08T11:39:42","date_gmt":"2024-04-08T11:39:42","guid":{"rendered":"https:\/\/recordtours.pt\/excursion-de-un-dia-a-fatima-y-obidos\/"},"modified":"2024-06-24T11:53:10","modified_gmt":"2024-06-24T11:53:10","slug":"excursion-de-un-dia-a-fatima-y-obidos","status":"publish","type":"post","link":"https:\/\/recordtours.pt\/es\/excursion-de-un-dia-a-fatima-y-obidos\/","title":{"rendered":"Excursi\u00f3n de un d\u00eda a F\u00e1tima y \u00d3bidos"},"content":{"rendered":"<p>El recorrido comienza en Lisboa hasta F\u00e1tima, donde visitar\u00e1 el famoso Santuario. Es uno de los centros de peregrinaci\u00f3n m\u00e1s grandes del mundo, construido alrededor del lugar donde, en 1917, la Virgen Mar\u00eda se apareci\u00f3 a tres pastores. Despu\u00e9s de visitar la Bas\u00edlica donde est\u00e1n enterrados los tres videntes, la capilla de las apariciones y la moderna Iglesia de la Sant\u00edsima Trinidad, tendremos tiempo libre para rezar o asistir a la celebraci\u00f3n de la misa (opcional).<br \/>\nUn d\u00eda dedicado a la espiritualidad y a la \u00e9poca medieval. Comenzamos por F\u00e1tima, uno de los santuarios m\u00e1s importantes de Europa y su santuario, hogar de uno de los centros de peregrinaci\u00f3n m\u00e1s grandes del mundo.<\/p>\n<p>Desde aqu\u00ed partiremos hacia \u00d3bidos, un encantador pueblo medieval dentro de las murallas, donde tendremos la oportunidad de degustar el licor t\u00edpico de la regi\u00f3n: la \u00abGinga\u00bb servida en una taza de chocolate. \u00d3bidos es el mejor ejemplo de la ciudad medieval de Portugal. Al adentrarnos en sus murallas del Castillo Medieval, retrocedemos en el tiempo.<\/p>\n<div class='et-learn-more clearfix'>\n\t\t\t\t\t<h3 class='heading-more'>\u00bfQu\u00e9 est\u00e1 incluido?<span class='et_learnmore_arrow'><span><\/span><\/span><\/h3>\n\t\t\t\t\t<div class='learn-more-content'><div>\n<div>\n<ul>\n<li>Veh\u00edculo con aire acondicionado<\/li>\n<li>Wi-Fi a bordo<\/li>\n<li>Agua mineral<\/li>\n<li>Seguro de Accidentes y Responsabilidad Civil<\/li>\n<li>Todos los impuestos incluidos<\/li>\n<li>Entrada\/Admisi\u00f3n &#8211; Bas\u00edlica de Nuestra Se\u00f1ora de F\u00e1tima<\/li>\n<\/ul>\n<\/div>\n<div>\n<div><strong>Lo que no est\u00e1 incluido<\/strong><\/div>\n<ul>\n<li>Comidas y alojamiento para los clientes<\/li>\n<li>Entradas<\/li>\n<\/ul>\n<\/div>\n<\/div><\/div>\n\t\t\t\t<\/div> <div class='et-learn-more clearfix'>\n\t\t\t\t\t<h3 class='heading-more'>\u00bfQu\u00e9 esperar?<span class='et_learnmore_arrow'><span><\/span><\/span><\/h3>\n\t\t\t\t\t<div class='learn-more-content'><strong>Itinerario<\/strong><\/p>\n<p>Este es un itinerario normal para este producto<\/p>\n<p><strong>Lugar de parada: <\/strong>Bas\u00edlica de Nuestra Se\u00f1ora de F\u00e1tima, Cova de Iria, Our\u00e9m Portugal<\/p>\n<p>El Santuario de F\u00e1tima, formalmente titulado por la Iglesia Cat\u00f3lica como Santuario de Nuestra Se\u00f1ora del Rosario de F\u00e1tima, es un santuario mariano dedicado a Nuestra Se\u00f1ora de F\u00e1tima, ubicado en el lugar de Cova da Iria, en la ciudad de F\u00e1tima, municipio de Our\u00e9m, en Portugal.<\/p>\n<p>El Santuario de F\u00e1tima es, por excelencia, un lugar de peregrinaci\u00f3n cristiana y de devoci\u00f3n cat\u00f3lica, que conserva la memoria de los acontecimientos que llevaron a su fundaci\u00f3n, a saber, las apariciones de Nuestra Se\u00f1ora a los tres pastorcitos \u2013 Luc\u00eda dos Santos, Francisco y Jacinta Marto \u2013 en 1917. Su magnitud y relevancia desde el punto de vista religioso ha sido reconocida de manera consensuada desde hace mucho tiempo, a nivel nacional e internacional. Por voluntad expresa de la Santa Sede Apost\u00f3lica, se trata de un Santuario Nacional. Tambi\u00e9n es uno de los santuarios marianos m\u00e1s importantes del mundo perteneciente a la Iglesia Cat\u00f3lica.<\/p>\n<p>Duraci\u00f3n: 2 horas<\/p>\n<p><strong>Lugar de parada: <\/strong>F\u00e1tima, F\u00e1tima, Distrito de Santar\u00e9m, Centro de Portugal<\/p>\n<p>F\u00e1tima es una ciudad en el centro de Portugal que alberga el Santuario de F\u00e1tima, un lugar de peregrinaci\u00f3n cat\u00f3lica. La Capilla de las Apariciones marca el lugar donde supuestamente se apareci\u00f3 la Virgen Mar\u00eda en 1917. Otros lugares sagrados incluyen la Bas\u00edlica de Nuestra Se\u00f1ora del Rosario, con sus \u00e1ngeles dorados, y la moderna Iglesia de la Sant\u00edsima Trinidad<\/p>\n<p>Duraci\u00f3n: 2 horas<\/p>\n<p><strong>Lugar de parada: <\/strong>Pueblo de \u00d3bidos, \u00d3bidos Portugal<\/p>\n<p>El pueblo medieval de \u00d3bidos es uno de los m\u00e1s pintorescos y mejor conservados de Portugal.<\/p>\n<p>Suficientemente cerca de la capital y situada en un punto alto, cerca de la costa atl\u00e1ntica, \u00d3bidos ten\u00eda una importancia estrat\u00e9gica en el territorio. Ya ocupada antes de la llegada de los romanos a la Pen\u00ednsula Ib\u00e9rica, la ciudad se hizo m\u00e1s pr\u00f3spera desde el momento en que fue elegida por la familia real. Desde que el rey Dinis se lo ofreci\u00f3 a su esposa Isabel en el siglo XVIII. En el siglo XIII, perteneci\u00f3 a la Casa de las Reinas que, a lo largo de las distintas dinast\u00edas, la benefici\u00f3 y enriqueci\u00f3. Es una de las principales razones por las que se encuentran tantas iglesias en este peque\u00f1o pueblo.<\/p>\n<p>Duraci\u00f3n:2 horas<\/p><\/div>\n\t\t\t\t<\/div> <div class='et-learn-more clearfix'>\n\t\t\t\t\t<h3 class='heading-more'>Salida y regreso<span class='et_learnmore_arrow'><span><\/span><\/span><\/h3>\n\t\t\t\t\t<div class='learn-more-content'><div>\n<ul>\n<li>\n<div>\n<div><strong>Inicio<\/strong>:<\/div>\n<\/div>\n<div>\n<ul>\n<li>\n<div>\n<div>Pra\u00e7a Marqu\u00eas de Pombal 8, 1250-160 Lisboa, Portugal<\/div>\n<div>Recogida frente al Hotel F\u00e9nix, Plaza Marqu\u00e9s de Pombal<\/div>\n<\/div>\n<\/li>\n<\/ul>\n<\/div>\n<div>\n<div><strong>Fin<\/strong>: Esta actividad finaliza en el punto de encuentro.<\/div>\n<\/div>\n<\/li>\n<\/ul>\n<\/div><\/div>\n\t\t\t\t<\/div> <div class='et-learn-more clearfix'>\n\t\t\t\t\t<h3 class='heading-more'>Accesibilidad<span class='et_learnmore_arrow'><span><\/span><\/span><\/h3>\n\t\t\t\t\t<div class='learn-more-content'><div>\n<ul>\n<li>No es accesible en silla de ruedas<\/li>\n<li>Cochecito accesible<\/li>\n<li>Cerca del transporte p\u00fablico<\/li>\n<li>Asientos para beb\u00e9s disponibles<\/li>\n<\/ul>\n<\/div>\n<div>\n<div>Si tienes preguntas sobre accesibilidad, estaremos encantados de ayudarte. Solo tienes que llamar <a href=\"tel:+351932221333\">al n\u00famero (+351) 932 221 333<\/a><\/div>\n<\/div><\/div>\n\t\t\t\t<\/div> <div class='et-learn-more clearfix'>\n\t\t\t\t\t<h3 class='heading-more'>Informaci\u00f3n adicional<span class='et_learnmore_arrow'><span><\/span><\/span><\/h3>\n\t\t\t\t\t<div class='learn-more-content'><div>\n<ul>\n<li>La confirmaci\u00f3n se recibir\u00e1 en el momento de la reserva<\/li>\n<li>La mayor\u00eda de los viajeros pueden participar<\/li>\n<li>Este tour\/actividad tendr\u00e1 un m\u00e1ximo de 8 viajeros<\/li>\n<\/ul>\n<\/div><\/div>\n\t\t\t\t<\/div> <div class='et-learn-more clearfix'>\n\t\t\t\t\t<h3 class='heading-more'>Pol\u00edtica de cancelaci\u00f3n<span class='et_learnmore_arrow'><span><\/span><\/span><\/h3>\n\t\t\t\t\t<div class='learn-more-content'><div>Para obtener un reembolso completo, cancele dentro de las 72 horas posteriores a la reserva de su recorrido.<\/div><\/div>\n\t\t\t\t<\/div> <div class='et-learn-more clearfix'>\n\t\t\t\t\t<h3 class='heading-more'>Preguntas m\u00e1s frecuentes<span class='et_learnmore_arrow'><span><\/span><\/span><\/h3>\n\t\t\t\t\t<div class='learn-more-content'><div>\n<div><strong>\u00bfQu\u00e9 atracciones visitar\u00e9 con la excursi\u00f3n de un d\u00eda a F\u00e1tima y \u00d3bidos?<\/strong><\/div>\n<div>\n<div>\n<p>Durante esta experiencia, los lugares que visitar\u00e1s incluyen:<\/p>\n<ul>\n<li><a href=\"https:\/\/www.tripadvisor.pt\/Attraction_Review-g664020-d4324279-Reviews-Basilica_de_Nossa_Senhora_de_Fatima-Ourem_Santarem_District_Central_Portugal.html\">Bas\u00edlica de Nuestra Se\u00f1ora de F\u00e1tima<\/a><\/li>\n<\/ul>\n<\/div>\n<\/div>\n<\/div>\n<div>\n<hr>\n<\/div>\n<div>\n<div><strong>\u00bfCu\u00e1nto cuesta Excursi\u00f3n de un d\u00eda a F\u00e1tima y \u00d3bidos?<\/strong><\/div>\n<div>\n<div>\n<p>Precio de la excursi\u00f3n de un d\u00eda a F\u00e1tima y \u00d3bidos desde 243,41 \u20ac.<\/p>\n<div>\n<hr>\n<\/div>\n<div>\n<div>\n<div><strong>\u00bfQu\u00e9 empresa es responsable de Excursi\u00f3n de un d\u00eda a F\u00e1tima y \u00d3bidos?<\/strong><\/div>\n<div>\n<div>\n<p>La excursi\u00f3n de un d\u00eda a F\u00e1tima y \u00d3bidos es organizada por RecordTours.<\/p>\n<\/div>\n<\/div>\n<\/div>\n<\/div>\n<\/div>\n<\/div>\n<\/div><\/div>\n\t\t\t\t<\/div><div class='et-learn-more clearfix'>\n\t\t\t\t\t<h3 class='heading-more'>Ayuda<span class='et_learnmore_arrow'><span><\/span><\/span><\/h3>\n\t\t\t\t\t<div class='learn-more-content'><div>Si tiene preguntas sobre este tour o necesita ayuda para reservar, estaremos encantados de ayudarle. Solo tienes que llamar <a href=\"tel:+351932221333\">al n\u00famero (+351) 932 221 333<\/a><\/div><\/div>\n\t\t\t\t<\/div><\/p>\n","protected":false},"excerpt":{"rendered":"<p>El recorrido comienza en Lisboa hasta F\u00e1tima, donde visitar\u00e1 el famoso Santuario. Es&#8230;  <\/p>\n","protected":false},"author":3,"featured_media":3308,"comment_status":"closed","ping_status":"closed","sticky":false,"template":"","format":"standard","meta":{"_acf_changed":false,"_et_pb_use_builder":"","_et_pb_old_content":"","_et_gb_content_width":"","footnotes":""},"categories":[22,45],"tags":[],"class_list":["post-3409","post","type-post","status-publish","format-standard","has-post-thumbnail","hentry","category-tours","category-tours-diarios"],"acf":{"photo_gallery":{"tours_galeria":[[{"id":3305,"title":"","caption":"","full_image_url":"https:\/\/recordtours.pt\/wp-content\/uploads\/2024\/02\/tours-galeria-fatima-01.webp","thumbnail_image_url":"https:\/\/recordtours.pt\/wp-content\/uploads\/2024\/02\/tours-galeria-fatima-01-150x150.webp","large_srcset":"https:\/\/recordtours.pt\/wp-content\/uploads\/2024\/02\/tours-galeria-fatima-01-1024x683.webp 1024w, https:\/\/recordtours.pt\/wp-content\/uploads\/2024\/02\/tours-galeria-fatima-01-980x653.webp 980w, https:\/\/recordtours.pt\/wp-content\/uploads\/2024\/02\/tours-galeria-fatima-01-480x320.webp 480w","medium_srcset":false,"media_details":{"width":1200,"height":800,"sizes":{"medium":{"file":"tours-galeria-fatima-01-300x200.webp","width":300,"height":200,"mime-type":"image\/webp","filesize":9012,"source_url":"https:\/\/recordtours.pt\/wp-content\/uploads\/2024\/02\/tours-galeria-fatima-01-300x200.webp"},"large":{"file":"tours-galeria-fatima-01-1024x683.webp","width":1024,"height":683,"mime-type":"image\/webp","filesize":72158,"source_url":"https:\/\/recordtours.pt\/wp-content\/uploads\/2024\/02\/tours-galeria-fatima-01-1024x683.webp"},"thumbnail":{"file":"tours-galeria-fatima-01-150x150.webp","width":150,"height":150,"mime-type":"image\/webp","filesize":4200,"source_url":"https:\/\/recordtours.pt\/wp-content\/uploads\/2024\/02\/tours-galeria-fatima-01-150x150.webp"},"medium_large":{"file":"tours-galeria-fatima-01-768x512.webp","width":768,"height":512,"mime-type":"image\/webp","filesize":43350,"source_url":"https:\/\/recordtours.pt\/wp-content\/uploads\/2024\/02\/tours-galeria-fatima-01-768x512.webp"},"et-pb-post-main-image":{"file":"tours-galeria-fatima-01-400x250.webp","width":400,"height":250,"mime-type":"image\/webp","filesize":13070,"source_url":"https:\/\/recordtours.pt\/wp-content\/uploads\/2024\/02\/tours-galeria-fatima-01-400x250.webp"},"et-pb-post-main-image-fullwidth":{"file":"tours-galeria-fatima-01-1080x675.webp","width":1080,"height":675,"mime-type":"image\/webp","filesize":75362,"source_url":"https:\/\/recordtours.pt\/wp-content\/uploads\/2024\/02\/tours-galeria-fatima-01-1080x675.webp"},"et-pb-portfolio-image":{"file":"tours-galeria-fatima-01-400x284.webp","width":400,"height":284,"mime-type":"image\/webp","filesize":14612,"source_url":"https:\/\/recordtours.pt\/wp-content\/uploads\/2024\/02\/tours-galeria-fatima-01-400x284.webp"},"et-pb-portfolio-module-image":{"file":"tours-galeria-fatima-01-510x382.webp","width":510,"height":382,"mime-type":"image\/webp","filesize":23458,"source_url":"https:\/\/recordtours.pt\/wp-content\/uploads\/2024\/02\/tours-galeria-fatima-01-510x382.webp"},"et-pb-portfolio-image-single":{"file":"tours-galeria-fatima-01-1080x720.webp","width":1080,"height":720,"mime-type":"image\/webp","filesize":79220,"source_url":"https:\/\/recordtours.pt\/wp-content\/uploads\/2024\/02\/tours-galeria-fatima-01-1080x720.webp"},"et-pb-gallery-module-image-portrait":{"file":"tours-galeria-fatima-01-400x516.webp","width":400,"height":516,"mime-type":"image\/webp","filesize":26544,"source_url":"https:\/\/recordtours.pt\/wp-content\/uploads\/2024\/02\/tours-galeria-fatima-01-400x516.webp"},"et-pb-image--responsive--tablet":{"file":"tours-galeria-fatima-01-980x653.webp","width":980,"height":653,"mime-type":"image\/webp","filesize":67396,"source_url":"https:\/\/recordtours.pt\/wp-content\/uploads\/2024\/02\/tours-galeria-fatima-01-980x653.webp"},"et-pb-image--responsive--phone":{"file":"tours-galeria-fatima-01-480x320.webp","width":480,"height":320,"mime-type":"image\/webp","filesize":18410,"source_url":"https:\/\/recordtours.pt\/wp-content\/uploads\/2024\/02\/tours-galeria-fatima-01-480x320.webp"}}},"alt_text":"","url":"","target":""},{"id":3519,"title":"","caption":"","full_image_url":"https:\/\/recordtours.pt\/wp-content\/uploads\/2024\/04\/tours-galeria-obidos-nazare-02.webp","thumbnail_image_url":"https:\/\/recordtours.pt\/wp-content\/uploads\/2024\/04\/tours-galeria-obidos-nazare-02-150x150.webp","large_srcset":"https:\/\/recordtours.pt\/wp-content\/uploads\/2024\/04\/tours-galeria-obidos-nazare-02-1024x683.webp 1024w, https:\/\/recordtours.pt\/wp-content\/uploads\/2024\/04\/tours-galeria-obidos-nazare-02-980x653.webp 980w, https:\/\/recordtours.pt\/wp-content\/uploads\/2024\/04\/tours-galeria-obidos-nazare-02-480x320.webp 480w","medium_srcset":false,"media_details":{"width":1200,"height":800,"sizes":{"medium":{"file":"tours-galeria-obidos-nazare-02-300x200.webp","width":300,"height":200,"mime-type":"image\/webp","filesize":20600,"source_url":"https:\/\/recordtours.pt\/wp-content\/uploads\/2024\/04\/tours-galeria-obidos-nazare-02-300x200.webp"},"large":{"file":"tours-galeria-obidos-nazare-02-1024x683.webp","width":1024,"height":683,"mime-type":"image\/webp","filesize":183960,"source_url":"https:\/\/recordtours.pt\/wp-content\/uploads\/2024\/04\/tours-galeria-obidos-nazare-02-1024x683.webp"},"thumbnail":{"file":"tours-galeria-obidos-nazare-02-150x150.webp","width":150,"height":150,"mime-type":"image\/webp","filesize":8592,"source_url":"https:\/\/recordtours.pt\/wp-content\/uploads\/2024\/04\/tours-galeria-obidos-nazare-02-150x150.webp"},"medium_large":{"file":"tours-galeria-obidos-nazare-02-768x512.webp","width":768,"height":512,"mime-type":"image\/webp","filesize":111558,"source_url":"https:\/\/recordtours.pt\/wp-content\/uploads\/2024\/04\/tours-galeria-obidos-nazare-02-768x512.webp"},"et-pb-post-main-image":{"file":"tours-galeria-obidos-nazare-02-400x250.webp","width":400,"height":250,"mime-type":"image\/webp","filesize":32014,"source_url":"https:\/\/recordtours.pt\/wp-content\/uploads\/2024\/04\/tours-galeria-obidos-nazare-02-400x250.webp"},"et-pb-post-main-image-fullwidth":{"file":"tours-galeria-obidos-nazare-02-1080x675.webp","width":1080,"height":675,"mime-type":"image\/webp","filesize":193504,"source_url":"https:\/\/recordtours.pt\/wp-content\/uploads\/2024\/04\/tours-galeria-obidos-nazare-02-1080x675.webp"},"et-pb-portfolio-image":{"file":"tours-galeria-obidos-nazare-02-400x284.webp","width":400,"height":284,"mime-type":"image\/webp","filesize":35976,"source_url":"https:\/\/recordtours.pt\/wp-content\/uploads\/2024\/04\/tours-galeria-obidos-nazare-02-400x284.webp"},"et-pb-portfolio-module-image":{"file":"tours-galeria-obidos-nazare-02-510x382.webp","width":510,"height":382,"mime-type":"image\/webp","filesize":59114,"source_url":"https:\/\/recordtours.pt\/wp-content\/uploads\/2024\/04\/tours-galeria-obidos-nazare-02-510x382.webp"},"et-pb-portfolio-image-single":{"file":"tours-galeria-obidos-nazare-02-1080x720.webp","width":1080,"height":720,"mime-type":"image\/webp","filesize":201202,"source_url":"https:\/\/recordtours.pt\/wp-content\/uploads\/2024\/04\/tours-galeria-obidos-nazare-02-1080x720.webp"},"et-pb-gallery-module-image-portrait":{"file":"tours-galeria-obidos-nazare-02-400x516.webp","width":400,"height":516,"mime-type":"image\/webp","filesize":61916,"source_url":"https:\/\/recordtours.pt\/wp-content\/uploads\/2024\/04\/tours-galeria-obidos-nazare-02-400x516.webp"},"et-pb-image--responsive--tablet":{"file":"tours-galeria-obidos-nazare-02-980x653.webp","width":980,"height":653,"mime-type":"image\/webp","filesize":171246,"source_url":"https:\/\/recordtours.pt\/wp-content\/uploads\/2024\/04\/tours-galeria-obidos-nazare-02-980x653.webp"},"et-pb-image--responsive--phone":{"file":"tours-galeria-obidos-nazare-02-480x320.webp","width":480,"height":320,"mime-type":"image\/webp","filesize":47538,"source_url":"https:\/\/recordtours.pt\/wp-content\/uploads\/2024\/04\/tours-galeria-obidos-nazare-02-480x320.webp"}}},"alt_text":"","url":"","target":""},{"id":3520,"title":"","caption":"","full_image_url":"https:\/\/recordtours.pt\/wp-content\/uploads\/2024\/04\/tours-galeria-obidos-nazare-03.webp","thumbnail_image_url":"https:\/\/recordtours.pt\/wp-content\/uploads\/2024\/04\/tours-galeria-obidos-nazare-03-150x150.webp","large_srcset":"https:\/\/recordtours.pt\/wp-content\/uploads\/2024\/04\/tours-galeria-obidos-nazare-03-1024x683.webp 1024w, https:\/\/recordtours.pt\/wp-content\/uploads\/2024\/04\/tours-galeria-obidos-nazare-03-980x653.webp 980w, https:\/\/recordtours.pt\/wp-content\/uploads\/2024\/04\/tours-galeria-obidos-nazare-03-480x320.webp 480w","medium_srcset":false,"media_details":{"width":1200,"height":800,"sizes":{"medium":{"file":"tours-galeria-obidos-nazare-03-300x200.webp","width":300,"height":200,"mime-type":"image\/webp","filesize":14708,"source_url":"https:\/\/recordtours.pt\/wp-content\/uploads\/2024\/04\/tours-galeria-obidos-nazare-03-300x200.webp"},"large":{"file":"tours-galeria-obidos-nazare-03-1024x683.webp","width":1024,"height":683,"mime-type":"image\/webp","filesize":125616,"source_url":"https:\/\/recordtours.pt\/wp-content\/uploads\/2024\/04\/tours-galeria-obidos-nazare-03-1024x683.webp"},"thumbnail":{"file":"tours-galeria-obidos-nazare-03-150x150.webp","width":150,"height":150,"mime-type":"image\/webp","filesize":6594,"source_url":"https:\/\/recordtours.pt\/wp-content\/uploads\/2024\/04\/tours-galeria-obidos-nazare-03-150x150.webp"},"medium_large":{"file":"tours-galeria-obidos-nazare-03-768x512.webp","width":768,"height":512,"mime-type":"image\/webp","filesize":75134,"source_url":"https:\/\/recordtours.pt\/wp-content\/uploads\/2024\/04\/tours-galeria-obidos-nazare-03-768x512.webp"},"et-pb-post-main-image":{"file":"tours-galeria-obidos-nazare-03-400x250.webp","width":400,"height":250,"mime-type":"image\/webp","filesize":22910,"source_url":"https:\/\/recordtours.pt\/wp-content\/uploads\/2024\/04\/tours-galeria-obidos-nazare-03-400x250.webp"},"et-pb-post-main-image-fullwidth":{"file":"tours-galeria-obidos-nazare-03-1080x675.webp","width":1080,"height":675,"mime-type":"image\/webp","filesize":134662,"source_url":"https:\/\/recordtours.pt\/wp-content\/uploads\/2024\/04\/tours-galeria-obidos-nazare-03-1080x675.webp"},"et-pb-portfolio-image":{"file":"tours-galeria-obidos-nazare-03-400x284.webp","width":400,"height":284,"mime-type":"image\/webp","filesize":25562,"source_url":"https:\/\/recordtours.pt\/wp-content\/uploads\/2024\/04\/tours-galeria-obidos-nazare-03-400x284.webp"},"et-pb-portfolio-module-image":{"file":"tours-galeria-obidos-nazare-03-510x382.webp","width":510,"height":382,"mime-type":"image\/webp","filesize":41584,"source_url":"https:\/\/recordtours.pt\/wp-content\/uploads\/2024\/04\/tours-galeria-obidos-nazare-03-510x382.webp"},"et-pb-portfolio-image-single":{"file":"tours-galeria-obidos-nazare-03-1080x720.webp","width":1080,"height":720,"mime-type":"image\/webp","filesize":136990,"source_url":"https:\/\/recordtours.pt\/wp-content\/uploads\/2024\/04\/tours-galeria-obidos-nazare-03-1080x720.webp"},"et-pb-gallery-module-image-portrait":{"file":"tours-galeria-obidos-nazare-03-400x516.webp","width":400,"height":516,"mime-type":"image\/webp","filesize":45722,"source_url":"https:\/\/recordtours.pt\/wp-content\/uploads\/2024\/04\/tours-galeria-obidos-nazare-03-400x516.webp"},"et-pb-image--responsive--tablet":{"file":"tours-galeria-obidos-nazare-03-980x653.webp","width":980,"height":653,"mime-type":"image\/webp","filesize":116810,"source_url":"https:\/\/recordtours.pt\/wp-content\/uploads\/2024\/04\/tours-galeria-obidos-nazare-03-980x653.webp"},"et-pb-image--responsive--phone":{"file":"tours-galeria-obidos-nazare-03-480x320.webp","width":480,"height":320,"mime-type":"image\/webp","filesize":32386,"source_url":"https:\/\/recordtours.pt\/wp-content\/uploads\/2024\/04\/tours-galeria-obidos-nazare-03-480x320.webp"}}},"alt_text":"","url":"","target":""}]]}},"_links":{"self":[{"href":"https:\/\/recordtours.pt\/es\/wp-json\/wp\/v2\/posts\/3409","targetHints":{"allow":["GET"]}}],"collection":[{"href":"https:\/\/recordtours.pt\/es\/wp-json\/wp\/v2\/posts"}],"about":[{"href":"https:\/\/recordtours.pt\/es\/wp-json\/wp\/v2\/types\/post"}],"author":[{"embeddable":true,"href":"https:\/\/recordtours.pt\/es\/wp-json\/wp\/v2\/users\/3"}],"replies":[{"embeddable":true,"href":"https:\/\/recordtours.pt\/es\/wp-json\/wp\/v2\/comments?post=3409"}],"version-history":[{"count":0,"href":"https:\/\/recordtours.pt\/es\/wp-json\/wp\/v2\/posts\/3409\/revisions"}],"wp:featuredmedia":[{"embeddable":true,"href":"https:\/\/recordtours.pt\/es\/wp-json\/wp\/v2\/media\/3308"}],"wp:attachment":[{"href":"https:\/\/recordtours.pt\/es\/wp-json\/wp\/v2\/media?parent=3409"}],"wp:term":[{"taxonomy":"category","embeddable":true,"href":"https:\/\/recordtours.pt\/es\/wp-json\/wp\/v2\/categories?post=3409"},{"taxonomy":"post_tag","embeddable":true,"href":"https:\/\/recordtours.pt\/es\/wp-json\/wp\/v2\/tags?post=3409"}],"curies":[{"name":"wp","href":"https:\/\/api.w.org\/{rel}","templated":true}]}}