{"id":3418,"date":"2024-05-02T15:08:20","date_gmt":"2024-05-02T15:08:20","guid":{"rendered":"https:\/\/recordtours.pt\/excursion-en-grupo-pequeno-a-tomar-y-mafra-desde-lisboa\/"},"modified":"2024-06-28T16:03:39","modified_gmt":"2024-06-28T16:03:39","slug":"excursion-en-grupo-pequeno-a-tomar-y-mafra-desde-lisboa","status":"publish","type":"post","link":"https:\/\/recordtours.pt\/es\/excursion-en-grupo-pequeno-a-tomar-y-mafra-desde-lisboa\/","title":{"rendered":"Excursi\u00f3n en grupo peque\u00f1o a Tomar y Mafra desde Lisboa"},"content":{"rendered":"<p>Esc\u00e1pate de los caminos trillados y descubre una fortaleza de los Caballeros Templarios y uno de los palacios reales m\u00e1s grandes de Portugal. En Tomar, sorpr\u00e9ndete con el Convento de Cristo del siglo XII y su relaci\u00f3n con la historia portuguesa. Tendr\u00e1 tiempo libre para almorzar en la hermosa ciudad de Tomar. Explora el enorme palacio real de Mafra con sus numerosas habitaciones y secretos.<\/p>\n<p>Los ni\u00f1os de 0 a 7 a\u00f1os entran gratis<\/p>\n<div class='et-learn-more clearfix'>\n\t\t\t\t\t<h3 class='heading-more'>\u00bfQu\u00e9 est\u00e1 incluido?<span class='et_learnmore_arrow'><span><\/span><\/span><\/h3>\n\t\t\t\t\t<div class='learn-more-content'><div>\n<ul>\n<li>Veh\u00edculo con aire acondicionado<\/li>\n<li>Wi-Fi a bordo<\/li>\n<li>Agua mineral<\/li>\n<\/ul>\n<\/div>\n<div>\n<div><strong>Lo que no est\u00e1 incluido<\/strong><\/div>\n<ul>\n<li>Entrada no incluida: Convento de Cristo y Palacio de Mafra<\/li>\n<li>Entrada\/Admisi\u00f3n &#8211; Convento de Cristo<\/li>\n<li>Entrada\/Admisi\u00f3n &#8211; Palacio Nacional de Mafra<\/li>\n<\/ul>\n<\/div><\/div>\n\t\t\t\t<\/div> <div class='et-learn-more clearfix'>\n\t\t\t\t\t<h3 class='heading-more'>\u00bfQu\u00e9 esperar?<span class='et_learnmore_arrow'><span><\/span><\/span><\/h3>\n\t\t\t\t\t<div class='learn-more-content'><strong>Itinerario<\/strong><\/p>\n<p>Este es un itinerario normal para este producto<\/p>\n<p><strong>Lugar de parada: <\/strong><span class=\"biGQs _P pZUbB KxBGd\"><b><\/b>Convento de Cristo, Iglesia del Castillo de los Templarios, Tomar 2300-000 Portugal<\/span><\/p>\n<p>Comenzamos el recorrido dirigi\u00e9ndonos hacia el norte hasta Tomar, a trav\u00e9s de las tierras de cultivo de Ribatejo. En Tomar, visitamos el Convento de Cristo, construido originalmente por los Caballeros Templarios, y exploramos su castillo templario, la ronda rom\u00e1nica, la iglesia manuelina, el convento renacentista y los recintos mon\u00e1sticos (entrada incluida). Aprenderemos c\u00f3mo los Caballeros Templarios originaron la Orden de Cristo y c\u00f3mo esta nueva orden se convirti\u00f3 en fundamental en la Era de los Descubrimientos portugueses. Este convento fue parcialmente olvidado hasta convertirse en el actual Patrimonio de la Humanidad de la UNESCO.<\/p>\n<p>Duraci\u00f3n: 2 horas<\/p>\n<p><strong>Lugar de parada: <\/strong>R\u00edo Nabao, Tomar 2300-000 Portugal<\/p>\n<p>Continuamos almorzando en la hermosa ciudad de Tomar, con el hermoso r\u00edo Nab\u00e3o que atraviesa la ciudad. Despu\u00e9s de escuchar sobre la herencia jud\u00eda en la ciudad y explorar sus callejuelas llenas de historia, nos detenemos para tener tiempo libre para almorzar, donde podr\u00e1 disfrutar de una comida de comida tradicional portuguesa en uno de sus muchos restaurantes (comida no incluida en el precio).<\/p>\n<p>Duraci\u00f3n: 1 hora<\/p>\n<p><strong>Lugar de parada: <\/strong>Pal\u00e1cio Nacional de Mafra, Terreiro D. Jo\u00e3o v, Mafra 2640-492 Portugal<\/p>\n<p>Despu\u00e9s de comer, subiremos de nuevo al coche y pondremos rumbo a la ciudad de Mafra. All\u00ed, nos maravillaremos con la escala del suntuoso Palacio Nacional de Mafra, con su fachada de 220 metros, 1200 habitaciones y 4700 puertas y ventanas. Tendremos tiempo libre para explorar las numerosas salas sin perdernos la enfermer\u00eda y la gran biblioteca con su colonia de murci\u00e9lagos, que protegen los libros de insectos da\u00f1inos. Aprende c\u00f3mo el palacio jug\u00f3 un papel importante en el fin de la monarqu\u00eda portuguesa. Si tienes tiempo, disfruta de un dulce tradicional en una pasteler\u00eda t\u00edpica (no incluida) antes de regresar a Lisboa.<\/p>\n<p>Duraci\u00f3n: 2 horas<\/p><\/div>\n\t\t\t\t<\/div> <div class='et-learn-more clearfix'>\n\t\t\t\t\t<h3 class='heading-more'>Salida y regreso<span class='et_learnmore_arrow'><span><\/span><\/span><\/h3>\n\t\t\t\t\t<div class='learn-more-content'><div>\n<ul>\n<li>\n<div>\n<div><strong>Inicio<\/strong>:<\/div>\n<\/div>\n<div>\n<ul>\n<li>\n<div>\n<div>\n<p>Pra\u00e7a Marqu\u00eas de Pombal 8, 1250-160 Lisboa, Portugal\nRecogida frente al Hotel F\u00e9nix Marqu\u00e9s de Pombal<\/p>\n<\/div>\n<\/div>\n<\/li>\n<\/ul>\n<\/div>\n<div>\n<div><strong>Fin<\/strong>: Esta actividad finaliza en el punto de encuentro.<\/div>\n<\/div>\n<\/li>\n<\/ul>\n<\/div><\/div>\n\t\t\t\t<\/div> <div class='et-learn-more clearfix'>\n\t\t\t\t\t<h3 class='heading-more'>Accesibilidad<span class='et_learnmore_arrow'><span><\/span><\/span><\/h3>\n\t\t\t\t\t<div class='learn-more-content'><div>\n<ul>\n<li>No es accesible en silla de ruedas<\/li>\n<li>Cochecito accesible<\/li>\n<li>Cerca del transporte p\u00fablico<\/li>\n<li>Asientos para beb\u00e9s disponibles<\/li>\n<\/ul>\n<\/div>\n<div>\n<div>Si tienes preguntas sobre accesibilidad, estaremos encantados de ayudarte. Solo tienes que llamar <a href=\"tel:+351932221333\">al n\u00famero (+351) 932 221 333<\/a><\/div>\n<\/div><\/div>\n\t\t\t\t<\/div> <div class='et-learn-more clearfix'>\n\t\t\t\t\t<h3 class='heading-more'>Informaci\u00f3n adicional<span class='et_learnmore_arrow'><span><\/span><\/span><\/h3>\n\t\t\t\t\t<div class='learn-more-content'><div>\n<ul>\n<li>La confirmaci\u00f3n se recibir\u00e1 en el momento de la reserva<\/li>\n<li>La mayor\u00eda de los viajeros pueden participar<\/li>\n<li>Este tour\/actividad tendr\u00e1 un m\u00e1ximo de 8 viajeros<\/li>\n<\/ul>\n<\/div><\/div>\n\t\t\t\t<\/div> <div class='et-learn-more clearfix'>\n\t\t\t\t\t<h3 class='heading-more'>Pol\u00edtica de cancelaci\u00f3n<span class='et_learnmore_arrow'><span><\/span><\/span><\/h3>\n\t\t\t\t\t<div class='learn-more-content'><div>Para obtener un reembolso completo, cancele dentro de las 72 horas posteriores a la reserva de su recorrido.<\/div><\/div>\n\t\t\t\t<\/div> <div class='et-learn-more clearfix'>\n\t\t\t\t\t<h3 class='heading-more'>Preguntas m\u00e1s frecuentes<span class='et_learnmore_arrow'><span><\/span><\/span><\/h3>\n\t\t\t\t\t<div class='learn-more-content'><div>\n<div><strong>\u00bfQu\u00e9 atracciones visitar\u00e9 con la excursi\u00f3n en grupo peque\u00f1o a Tomar y Mafra desde Lisboa?<\/strong><\/div>\n<div>\n<div>\n<p>Durante esta experiencia, los lugares que visitar\u00e1s incluyen:<\/p>\n<ul>\n<li><a href=\"https:\/\/www.tripadvisor.pt\/Attraction_Review-g189159-d536168-Reviews-Palacio_Nacional_de_Mafra-Mafra_Lisbon_District_Central_Portugal.html\">Palacio Nacional de Mafra<\/a><\/li>\n<\/ul>\n<\/div>\n<\/div>\n<\/div>\n<div>\n<hr>\n<\/div>\n<div>\n<div><strong>\u00bfCu\u00e1nto cuesta Excursi\u00f3n en grupo peque\u00f1o a Tomar y Mafra desde Lisboa?<\/strong><\/div>\n<div>\n<div>Precio para Tour en grupo peque\u00f1o en Tomar y Mafra desde Lisboa desde 281,69 \u20ac.<\/div>\n<\/div>\n<\/div>\n<div>\n<hr>\n<\/div>\n<div>\n<div><strong>\u00bfQu\u00e9 empresa es responsable de Tomar y Mafra Small Group Tour desde Lisboa?<\/strong><\/div>\n<div>\n<div>Excursi\u00f3n en grupo peque\u00f1o a Tomar y Mafra desde Lisboa es presentado por RecordTours.<\/div>\n<\/div>\n<\/div><\/div>\n\t\t\t\t<\/div><div class='et-learn-more clearfix'>\n\t\t\t\t\t<h3 class='heading-more'>Ayuda<span class='et_learnmore_arrow'><span><\/span><\/span><\/h3>\n\t\t\t\t\t<div class='learn-more-content'><div>Si tiene preguntas sobre este tour o necesita ayuda para reservar, estaremos encantados de ayudarle. Solo tienes que llamar <a href=\"tel:+351932221333\">al n\u00famero (+351) 932 221 333<\/a><\/div><\/div>\n\t\t\t\t<\/div><\/p>\n","protected":false},"excerpt":{"rendered":"<p>Escapa de los caminos trillados y descubre una fortaleza de los Caballeros Templarios y&#8230;  <\/p>\n","protected":false},"author":3,"featured_media":3419,"comment_status":"closed","ping_status":"closed","sticky":false,"template":"","format":"standard","meta":{"_acf_changed":false,"_et_pb_use_builder":"","_et_pb_old_content":"","_et_gb_content_width":"","footnotes":""},"categories":[22,45],"tags":[],"class_list":["post-3418","post","type-post","status-publish","format-standard","has-post-thumbnail","hentry","category-tours","category-tours-diarios"],"acf":{"photo_gallery":{"tours_galeria":[[{"id":3421,"title":"","caption":"","full_image_url":"https:\/\/recordtours.pt\/wp-content\/uploads\/2024\/05\/tours-galeria-tomar-01.webp","thumbnail_image_url":"https:\/\/recordtours.pt\/wp-content\/uploads\/2024\/05\/tours-galeria-tomar-01-150x150.webp","large_srcset":"https:\/\/recordtours.pt\/wp-content\/uploads\/2024\/05\/tours-galeria-tomar-01-1024x683.webp 1024w, https:\/\/recordtours.pt\/wp-content\/uploads\/2024\/05\/tours-galeria-tomar-01-980x653.webp 980w, https:\/\/recordtours.pt\/wp-content\/uploads\/2024\/05\/tours-galeria-tomar-01-480x320.webp 480w","medium_srcset":false,"media_details":{"width":1200,"height":800,"sizes":{"medium":{"file":"tours-galeria-tomar-01-300x200.webp","width":300,"height":200,"mime-type":"image\/webp","filesize":17834,"source_url":"https:\/\/recordtours.pt\/wp-content\/uploads\/2024\/05\/tours-galeria-tomar-01-300x200.webp"},"large":{"file":"tours-galeria-tomar-01-1024x683.webp","width":1024,"height":683,"mime-type":"image\/webp","filesize":182484,"source_url":"https:\/\/recordtours.pt\/wp-content\/uploads\/2024\/05\/tours-galeria-tomar-01-1024x683.webp"},"thumbnail":{"file":"tours-galeria-tomar-01-150x150.webp","width":150,"height":150,"mime-type":"image\/webp","filesize":7408,"source_url":"https:\/\/recordtours.pt\/wp-content\/uploads\/2024\/05\/tours-galeria-tomar-01-150x150.webp"},"medium_large":{"file":"tours-galeria-tomar-01-768x512.webp","width":768,"height":512,"mime-type":"image\/webp","filesize":106432,"source_url":"https:\/\/recordtours.pt\/wp-content\/uploads\/2024\/05\/tours-galeria-tomar-01-768x512.webp"},"et-pb-post-main-image":{"file":"tours-galeria-tomar-01-400x250.webp","width":400,"height":250,"mime-type":"image\/webp","filesize":28774,"source_url":"https:\/\/recordtours.pt\/wp-content\/uploads\/2024\/05\/tours-galeria-tomar-01-400x250.webp"},"et-pb-post-main-image-fullwidth":{"file":"tours-galeria-tomar-01-1080x675.webp","width":1080,"height":675,"mime-type":"image\/webp","filesize":192716,"source_url":"https:\/\/recordtours.pt\/wp-content\/uploads\/2024\/05\/tours-galeria-tomar-01-1080x675.webp"},"et-pb-portfolio-image":{"file":"tours-galeria-tomar-01-400x284.webp","width":400,"height":284,"mime-type":"image\/webp","filesize":31976,"source_url":"https:\/\/recordtours.pt\/wp-content\/uploads\/2024\/05\/tours-galeria-tomar-01-400x284.webp"},"et-pb-portfolio-module-image":{"file":"tours-galeria-tomar-01-510x382.webp","width":510,"height":382,"mime-type":"image\/webp","filesize":55018,"source_url":"https:\/\/recordtours.pt\/wp-content\/uploads\/2024\/05\/tours-galeria-tomar-01-510x382.webp"},"et-pb-portfolio-image-single":{"file":"tours-galeria-tomar-01-1080x720.webp","width":1080,"height":720,"mime-type":"image\/webp","filesize":200882,"source_url":"https:\/\/recordtours.pt\/wp-content\/uploads\/2024\/05\/tours-galeria-tomar-01-1080x720.webp"},"et-pb-gallery-module-image-portrait":{"file":"tours-galeria-tomar-01-400x516.webp","width":400,"height":516,"mime-type":"image\/webp","filesize":60312,"source_url":"https:\/\/recordtours.pt\/wp-content\/uploads\/2024\/05\/tours-galeria-tomar-01-400x516.webp"},"et-pb-image--responsive--tablet":{"file":"tours-galeria-tomar-01-980x653.webp","width":980,"height":653,"mime-type":"image\/webp","filesize":168992,"source_url":"https:\/\/recordtours.pt\/wp-content\/uploads\/2024\/05\/tours-galeria-tomar-01-980x653.webp"},"et-pb-image--responsive--phone":{"file":"tours-galeria-tomar-01-480x320.webp","width":480,"height":320,"mime-type":"image\/webp","filesize":41870,"source_url":"https:\/\/recordtours.pt\/wp-content\/uploads\/2024\/05\/tours-galeria-tomar-01-480x320.webp"}}},"alt_text":"","url":"","target":""},{"id":3464,"title":"","caption":"","full_image_url":"https:\/\/recordtours.pt\/wp-content\/uploads\/2024\/04\/tours-galeria-almourol-tomar-02.webp","thumbnail_image_url":"https:\/\/recordtours.pt\/wp-content\/uploads\/2024\/04\/tours-galeria-almourol-tomar-02-150x150.webp","large_srcset":"https:\/\/recordtours.pt\/wp-content\/uploads\/2024\/04\/tours-galeria-almourol-tomar-02-1024x683.webp 1024w, https:\/\/recordtours.pt\/wp-content\/uploads\/2024\/04\/tours-galeria-almourol-tomar-02-980x653.webp 980w, https:\/\/recordtours.pt\/wp-content\/uploads\/2024\/04\/tours-galeria-almourol-tomar-02-480x320.webp 480w","medium_srcset":false,"media_details":{"width":1200,"height":800,"sizes":{"medium":{"file":"tours-galeria-almourol-tomar-02-300x200.webp","width":300,"height":200,"mime-type":"image\/webp","filesize":14618,"source_url":"https:\/\/recordtours.pt\/wp-content\/uploads\/2024\/04\/tours-galeria-almourol-tomar-02-300x200.webp"},"large":{"file":"tours-galeria-almourol-tomar-02-1024x683.webp","width":1024,"height":683,"mime-type":"image\/webp","filesize":153714,"source_url":"https:\/\/recordtours.pt\/wp-content\/uploads\/2024\/04\/tours-galeria-almourol-tomar-02-1024x683.webp"},"thumbnail":{"file":"tours-galeria-almourol-tomar-02-150x150.webp","width":150,"height":150,"mime-type":"image\/webp","filesize":5694,"source_url":"https:\/\/recordtours.pt\/wp-content\/uploads\/2024\/04\/tours-galeria-almourol-tomar-02-150x150.webp"},"medium_large":{"file":"tours-galeria-almourol-tomar-02-768x512.webp","width":768,"height":512,"mime-type":"image\/webp","filesize":88364,"source_url":"https:\/\/recordtours.pt\/wp-content\/uploads\/2024\/04\/tours-galeria-almourol-tomar-02-768x512.webp"},"et-pb-post-main-image":{"file":"tours-galeria-almourol-tomar-02-400x250.webp","width":400,"height":250,"mime-type":"image\/webp","filesize":23278,"source_url":"https:\/\/recordtours.pt\/wp-content\/uploads\/2024\/04\/tours-galeria-almourol-tomar-02-400x250.webp"},"et-pb-post-main-image-fullwidth":{"file":"tours-galeria-almourol-tomar-02-1080x675.webp","width":1080,"height":675,"mime-type":"image\/webp","filesize":162676,"source_url":"https:\/\/recordtours.pt\/wp-content\/uploads\/2024\/04\/tours-galeria-almourol-tomar-02-1080x675.webp"},"et-pb-portfolio-image":{"file":"tours-galeria-almourol-tomar-02-400x284.webp","width":400,"height":284,"mime-type":"image\/webp","filesize":25038,"source_url":"https:\/\/recordtours.pt\/wp-content\/uploads\/2024\/04\/tours-galeria-almourol-tomar-02-400x284.webp"},"et-pb-portfolio-module-image":{"file":"tours-galeria-almourol-tomar-02-510x382.webp","width":510,"height":382,"mime-type":"image\/webp","filesize":42230,"source_url":"https:\/\/recordtours.pt\/wp-content\/uploads\/2024\/04\/tours-galeria-almourol-tomar-02-510x382.webp"},"et-pb-portfolio-image-single":{"file":"tours-galeria-almourol-tomar-02-1080x720.webp","width":1080,"height":720,"mime-type":"image\/webp","filesize":166984,"source_url":"https:\/\/recordtours.pt\/wp-content\/uploads\/2024\/04\/tours-galeria-almourol-tomar-02-1080x720.webp"},"et-pb-gallery-module-image-portrait":{"file":"tours-galeria-almourol-tomar-02-400x516.webp","width":400,"height":516,"mime-type":"image\/webp","filesize":48796,"source_url":"https:\/\/recordtours.pt\/wp-content\/uploads\/2024\/04\/tours-galeria-almourol-tomar-02-400x516.webp"},"et-pb-image--responsive--tablet":{"file":"tours-galeria-almourol-tomar-02-980x653.webp","width":980,"height":653,"mime-type":"image\/webp","filesize":142268,"source_url":"https:\/\/recordtours.pt\/wp-content\/uploads\/2024\/04\/tours-galeria-almourol-tomar-02-980x653.webp"},"et-pb-image--responsive--phone":{"file":"tours-galeria-almourol-tomar-02-480x320.webp","width":480,"height":320,"mime-type":"image\/webp","filesize":34178,"source_url":"https:\/\/recordtours.pt\/wp-content\/uploads\/2024\/04\/tours-galeria-almourol-tomar-02-480x320.webp"}}},"alt_text":"","url":"","target":""},{"id":3420,"title":"","caption":"","full_image_url":"https:\/\/recordtours.pt\/wp-content\/uploads\/2024\/05\/tours-galeria-tomar-02.webp","thumbnail_image_url":"https:\/\/recordtours.pt\/wp-content\/uploads\/2024\/05\/tours-galeria-tomar-02-150x150.webp","large_srcset":"https:\/\/recordtours.pt\/wp-content\/uploads\/2024\/05\/tours-galeria-tomar-02-1024x683.webp 1024w, https:\/\/recordtours.pt\/wp-content\/uploads\/2024\/05\/tours-galeria-tomar-02-980x653.webp 980w, https:\/\/recordtours.pt\/wp-content\/uploads\/2024\/05\/tours-galeria-tomar-02-480x320.webp 480w","medium_srcset":false,"media_details":{"width":1200,"height":800,"sizes":{"medium":{"file":"tours-galeria-tomar-02-300x200.webp","width":300,"height":200,"mime-type":"image\/webp","filesize":12076,"source_url":"https:\/\/recordtours.pt\/wp-content\/uploads\/2024\/05\/tours-galeria-tomar-02-300x200.webp"},"large":{"file":"tours-galeria-tomar-02-1024x683.webp","width":1024,"height":683,"mime-type":"image\/webp","filesize":90288,"source_url":"https:\/\/recordtours.pt\/wp-content\/uploads\/2024\/05\/tours-galeria-tomar-02-1024x683.webp"},"thumbnail":{"file":"tours-galeria-tomar-02-150x150.webp","width":150,"height":150,"mime-type":"image\/webp","filesize":5416,"source_url":"https:\/\/recordtours.pt\/wp-content\/uploads\/2024\/05\/tours-galeria-tomar-02-150x150.webp"},"medium_large":{"file":"tours-galeria-tomar-02-768x512.webp","width":768,"height":512,"mime-type":"image\/webp","filesize":55940,"source_url":"https:\/\/recordtours.pt\/wp-content\/uploads\/2024\/05\/tours-galeria-tomar-02-768x512.webp"},"et-pb-post-main-image":{"file":"tours-galeria-tomar-02-400x250.webp","width":400,"height":250,"mime-type":"image\/webp","filesize":17666,"source_url":"https:\/\/recordtours.pt\/wp-content\/uploads\/2024\/05\/tours-galeria-tomar-02-400x250.webp"},"et-pb-post-main-image-fullwidth":{"file":"tours-galeria-tomar-02-1080x675.webp","width":1080,"height":675,"mime-type":"image\/webp","filesize":92992,"source_url":"https:\/\/recordtours.pt\/wp-content\/uploads\/2024\/05\/tours-galeria-tomar-02-1080x675.webp"},"et-pb-portfolio-image":{"file":"tours-galeria-tomar-02-400x284.webp","width":400,"height":284,"mime-type":"image\/webp","filesize":19318,"source_url":"https:\/\/recordtours.pt\/wp-content\/uploads\/2024\/05\/tours-galeria-tomar-02-400x284.webp"},"et-pb-portfolio-module-image":{"file":"tours-galeria-tomar-02-510x382.webp","width":510,"height":382,"mime-type":"image\/webp","filesize":31214,"source_url":"https:\/\/recordtours.pt\/wp-content\/uploads\/2024\/05\/tours-galeria-tomar-02-510x382.webp"},"et-pb-portfolio-image-single":{"file":"tours-galeria-tomar-02-1080x720.webp","width":1080,"height":720,"mime-type":"image\/webp","filesize":97656,"source_url":"https:\/\/recordtours.pt\/wp-content\/uploads\/2024\/05\/tours-galeria-tomar-02-1080x720.webp"},"et-pb-gallery-module-image-portrait":{"file":"tours-galeria-tomar-02-400x516.webp","width":400,"height":516,"mime-type":"image\/webp","filesize":32040,"source_url":"https:\/\/recordtours.pt\/wp-content\/uploads\/2024\/05\/tours-galeria-tomar-02-400x516.webp"},"et-pb-image--responsive--tablet":{"file":"tours-galeria-tomar-02-980x653.webp","width":980,"height":653,"mime-type":"image\/webp","filesize":83884,"source_url":"https:\/\/recordtours.pt\/wp-content\/uploads\/2024\/05\/tours-galeria-tomar-02-980x653.webp"},"et-pb-image--responsive--phone":{"file":"tours-galeria-tomar-02-480x320.webp","width":480,"height":320,"mime-type":"image\/webp","filesize":25094,"source_url":"https:\/\/recordtours.pt\/wp-content\/uploads\/2024\/05\/tours-galeria-tomar-02-480x320.webp"}}},"alt_text":"","url":"","target":""}]]}},"_links":{"self":[{"href":"https:\/\/recordtours.pt\/es\/wp-json\/wp\/v2\/posts\/3418","targetHints":{"allow":["GET"]}}],"collection":[{"href":"https:\/\/recordtours.pt\/es\/wp-json\/wp\/v2\/posts"}],"about":[{"href":"https:\/\/recordtours.pt\/es\/wp-json\/wp\/v2\/types\/post"}],"author":[{"embeddable":true,"href":"https:\/\/recordtours.pt\/es\/wp-json\/wp\/v2\/users\/3"}],"replies":[{"embeddable":true,"href":"https:\/\/recordtours.pt\/es\/wp-json\/wp\/v2\/comments?post=3418"}],"version-history":[{"count":0,"href":"https:\/\/recordtours.pt\/es\/wp-json\/wp\/v2\/posts\/3418\/revisions"}],"wp:featuredmedia":[{"embeddable":true,"href":"https:\/\/recordtours.pt\/es\/wp-json\/wp\/v2\/media\/3419"}],"wp:attachment":[{"href":"https:\/\/recordtours.pt\/es\/wp-json\/wp\/v2\/media?parent=3418"}],"wp:term":[{"taxonomy":"category","embeddable":true,"href":"https:\/\/recordtours.pt\/es\/wp-json\/wp\/v2\/categories?post=3418"},{"taxonomy":"post_tag","embeddable":true,"href":"https:\/\/recordtours.pt\/es\/wp-json\/wp\/v2\/tags?post=3418"}],"curies":[{"name":"wp","href":"https:\/\/api.w.org\/{rel}","templated":true}]}}