{"id":3483,"date":"2024-04-08T11:11:02","date_gmt":"2024-04-08T11:11:02","guid":{"rendered":"https:\/\/recordtours.pt\/excursion-de-un-dia-a-evora-en-grupos-pequenos\/"},"modified":"2024-06-24T11:53:03","modified_gmt":"2024-06-24T11:53:03","slug":"excursion-de-un-dia-a-evora-en-grupos-pequenos","status":"publish","type":"post","link":"https:\/\/recordtours.pt\/es\/excursion-de-un-dia-a-evora-en-grupos-pequenos\/","title":{"rendered":"Excursi\u00f3n de un d\u00eda a \u00c9vora en grupos peque\u00f1os"},"content":{"rendered":"<p>Ven a descubrir la hermosa ciudad de \u00c9vora, declarada Patrimonio de la Humanidad por la UNESCO. Saliendo de Lisboa, cruzando el Puente Vasco da Gama.<\/p>\n<p>En este recorrido, pase el d\u00eda admirando los mejores lugares de inter\u00e9s de \u00c9vora: la Catedral, la Iglesia de S\u00e3o Francisco y la Plaza Giraldo. Visita tambi\u00e9n a la Capilla de los Huesos \u00abEntrada no incluida\u00bb.<\/p>\n<p>Tendr\u00e9is tiempo libre para explorar a vuestro ritmo. Este tour en grupo con un m\u00e1ximo de ocho personas garantiza que recibir\u00e1s atenci\u00f3n personalizada por parte de tu gu\u00eda.<\/p>\n<div class='et-learn-more clearfix'>\n\t\t\t\t\t<h3 class='heading-more'>\u00bfQu\u00e9 est\u00e1 incluido?<span class='et_learnmore_arrow'><span><\/span><\/span><\/h3>\n\t\t\t\t\t<div class='learn-more-content'><div>\n<div>\n<ul>\n<li>Veh\u00edculo con aire acondicionado<\/li>\n<li>Wi-Fi a bordo<\/li>\n<li>Transporte Privado<\/li>\n<li>Agua mineral<\/li>\n<\/ul>\n<\/div>\n<div>\n<div><strong>Lo que no est\u00e1 incluido<\/strong><\/div>\n<ul>\n<li>Desayuno<\/li>\n<li>Almuerzo<\/li>\n<li>Cena<\/li>\n<li>Entrada\/Admisi\u00f3n &#8211; Capilla de los Huesos (\u00c9vora)<\/li>\n<\/ul>\n<\/div>\n<\/div><\/div>\n\t\t\t\t<\/div> <div class='et-learn-more clearfix'>\n\t\t\t\t\t<h3 class='heading-more'>\u00bfQu\u00e9 esperar?<span class='et_learnmore_arrow'><span><\/span><\/span><\/h3>\n\t\t\t\t\t<div class='learn-more-content'><strong>Itinerario<\/strong><\/p>\n<p>Este es un itinerario normal para este producto<\/p>\n<p><strong>Lugar de parada: <\/strong>Templo Romano de \u00c9vora (Templo de Diana), Largo do Conde de Vila Flor 4 Centro Hist\u00f3rico, \u00c9vora 7000-804 Portugal<\/p>\n<p>El templo romano de \u00c9vora, err\u00f3neamente conocido como el Templo de Diana, se encuentra en la ciudad de \u00c9vora, Portugal; forma parte del centro hist\u00f3rico de la ciudad, que ha sido clasificado como Patrimonio de la Humanidad por la UNESCO. El templo romano est\u00e1 clasificado como Monumento Nacional por la DGPC. Es uno de los monumentos m\u00e1s famosos de la ciudad y uno de los s\u00edmbolos m\u00e1s significativos de la presencia romana en territorio portugu\u00e9s.<\/p>\n<p>Duraci\u00f3n: 30 minutos<\/p>\n<p><strong>Lugar de parada: <\/strong>Pra\u00e7a do Giraldo, S\/N0 Centro Hist\u00f3rico, \u00c9vora 7000-508 Portugal<\/p>\n<p>Enam\u00f3rate de la historia de la hermosa Plaza Giraldo de \u00c9vora. S\u00fabete a la acera y si\u00e9ntate en una terraza. Todos los caminos conducen a la Pra\u00e7a do Giraldo.<\/p>\n<p>Duraci\u00f3n: 30 minutos<\/p>\n<p><strong>Lugar de parada: <\/strong>Capilla de los Huesos, Pra\u00e7a 1 de Maio, \u00c9vora 7000-650 Portugal<\/p>\n<p>La Capilla de los Huesos es uno de los monumentos m\u00e1s conocidos de \u00c9vora, Portugal. Se encuentra en la Iglesia de San Francisco. Fue construido en el siglo XVII por iniciativa de tres monjes franciscanos que, en el esp\u00edritu de la \u00e9poca (contrarreforma religiosa, seg\u00fan las normas del Concilio de Trento), pretend\u00edan transmitir el mensaje de la fugacidad de la vida, como se puede ver en el famoso cartel de la entrada: \u00abNosotros, los huesos que estamos aqu\u00ed para los tuyos, estamos esperando\u00bb. Aparte de la cuesti\u00f3n espiritual, tambi\u00e9n hab\u00eda una cuesti\u00f3n f\u00edsica, a saber; hab\u00eda, en la regi\u00f3n de \u00c9vora, cuarenta y dos cementerios mon\u00e1sticos que ocupaban demasiado espacio y lugares estrat\u00e9gicos que muchos pretend\u00edan utilizar para otros fines. As\u00ed que decidieron sacar los esqueletos de la tierra y usarlos para construir y decorar la capilla.<\/p>\n<p>Duraci\u00f3n: 1 hora<\/p>\n<p><strong>Lugar de parada: <\/strong>Catedral de \u00c9vora, Largo do Marques de Marialva Centro Hist\u00f3rico, Evora 7000-809 Portugal<\/p>\n<p>La Bas\u00edlica de Nuestra Se\u00f1ora de la Asunci\u00f3n, m\u00e1s conocida como la Catedral de \u00c9vora, o simplemente la Catedral de \u00c9vora, aunque comenz\u00f3 en 1186 y fue consagrada en 1204, esta catedral de granito solo se complet\u00f3 en 1250. Se trata de un monumento marcado por la transici\u00f3n del estilo rom\u00e1nico al g\u00f3tico, marcado por tres majestuosas naves. En los siglos XV y XVI, la catedral recibi\u00f3 importantes mejoras, datando de esta \u00e9poca el coro mayor, el p\u00falpito, el baptisterio y el arco de la capilla de Nossa Senhora da Piedade, tambi\u00e9n conocida como la Capilla de Espor\u00e3o, un raro ejemplo de arquitectura plateresca h\u00edbrida, que data de 1529.<\/p>\n<p>Duraci\u00f3n: 30 minutos<\/p><\/div>\n\t\t\t\t<\/div> <div class='et-learn-more clearfix'>\n\t\t\t\t\t<h3 class='heading-more'>Salida y regreso<span class='et_learnmore_arrow'><span><\/span><\/span><\/h3>\n\t\t\t\t\t<div class='learn-more-content'><div>\n<ul>\n<li>\n<div>\n<div><strong>Inicio<\/strong>:<\/div>\n<\/div>\n<div>\n<ul>\n<li>\n<div>\n<div>Pra\u00e7a Marqu\u00eas de Pombal 8, 1250-160 Lisboa, Portugal<\/div>\n<div>Recogida frente al Hotel F\u00e9nix, Plaza Marqu\u00e9s de Pombal<\/div>\n<\/div>\n<\/li>\n<\/ul>\n<\/div>\n<div>\n<div><strong>Fin<\/strong>: Esta actividad finaliza en el punto de encuentro.<\/div>\n<\/div>\n<\/li>\n<\/ul>\n<\/div><\/div>\n\t\t\t\t<\/div> <div class='et-learn-more clearfix'>\n\t\t\t\t\t<h3 class='heading-more'>Accesibilidad<span class='et_learnmore_arrow'><span><\/span><\/span><\/h3>\n\t\t\t\t\t<div class='learn-more-content'><div>\n<ul>\n<li>No es accesible en silla de ruedas<\/li>\n<li>Cerca del transporte p\u00fablico<\/li>\n<li>Asientos para beb\u00e9s disponibles<\/li>\n<\/ul>\n<\/div>\n<div>\n<div>Si tienes preguntas sobre accesibilidad, estaremos encantados de ayudarte. Solo tienes que llamar <a href=\"tel:+351932221333\">al n\u00famero (+351) 932 221 333<\/a><\/div>\n<\/div><\/div>\n\t\t\t\t<\/div> <div class='et-learn-more clearfix'>\n\t\t\t\t\t<h3 class='heading-more'>Informaci\u00f3n adicional<span class='et_learnmore_arrow'><span><\/span><\/span><\/h3>\n\t\t\t\t\t<div class='learn-more-content'><div>\n<ul>\n<li>La confirmaci\u00f3n se recibir\u00e1 en el momento de la reserva<\/li>\n<li>La mayor\u00eda de los viajeros pueden participar<\/li>\n<li>Esta experiencia solo se llevar\u00e1 a cabo si el clima acompa\u00f1a. Si cancela debido a condiciones clim\u00e1ticas adversas, se le ofrecer\u00e1 una fecha diferente o un reembolso completo<\/li>\n<li>Esta experiencia requiere un n\u00famero m\u00ednimo de viajeros. Si se cancela porque no se alcanza el n\u00famero m\u00ednimo, se le ofrecer\u00e1 una fecha\/experiencia diferente o un reembolso completo<\/li>\n<li>Esta es una actividad\/tour privado. Solo participar\u00e1 tu grupo<\/li>\n<\/ul>\n<\/div><\/div>\n\t\t\t\t<\/div> <div class='et-learn-more clearfix'>\n\t\t\t\t\t<h3 class='heading-more'>Pol\u00edtica de cancelaci\u00f3n<span class='et_learnmore_arrow'><span><\/span><\/span><\/h3>\n\t\t\t\t\t<div class='learn-more-content'><div>Para obtener un reembolso completo, cancele dentro de las 72 horas posteriores a la reserva de su recorrido.<\/div><\/div>\n\t\t\t\t<\/div> <div class='et-learn-more clearfix'>\n\t\t\t\t\t<h3 class='heading-more'>Preguntas m\u00e1s frecuentes<span class='et_learnmore_arrow'><span><\/span><\/span><\/h3>\n\t\t\t\t\t<div class='learn-more-content'><div>\n<div><strong>\u00bfQu\u00e9 atracciones visitar\u00e9 con la excursi\u00f3n de un d\u00eda en grupo peque\u00f1o a \u00c9vora?<\/strong><\/div>\n<div>\n<div>\n<p>Durante esta experiencia, los lugares que visitar\u00e1s incluyen:<\/p>\n<ul>\n<li><a href=\"https:\/\/www.tripadvisor.pt\/Attraction_Review-g189106-d196207-Reviews-Templo_Romano_de_Evora_Templo_de_Diana-Evora_Evora_District_Alentejo.html\">Templo Romano de \u00c9vora (Templo de Diana)<\/a><\/li>\n<li><a href=\"https:\/\/www.tripadvisor.pt\/Attraction_Review-g189106-d196208-Reviews-Capela_dos_Ossos-Evora_Evora_District_Alentejo.html\">Capilla de los Huesos (\u00c9vora)<\/a><\/li>\n<li><a href=\"https:\/\/www.tripadvisor.pt\/Attraction_Review-g189106-d196209-Reviews-Praca_do_Giraldo-Evora_Evora_District_Alentejo.html\">Plaza Giraldo (\u00c9vora)<\/a><\/li>\n<\/ul>\n<\/div>\n<\/div>\n<\/div>\n<div>\n<hr>\n<\/div>\n<div>\n<div><strong>\u00bfCu\u00e1nto cuesta Excursi\u00f3n de un d\u00eda en grupo peque\u00f1o a \u00c9vora?<\/strong><\/div>\n<div>\n<div>\n<p>Precio para Excursi\u00f3n de un d\u00eda a \u00c9vora en grupo reducido desde 153,94 \u20ac.<\/p>\n<div>\n<hr>\n<\/div>\n<div>\n<div><strong>\u00bfQu\u00e9 empresa es responsable de la Excursi\u00f3n de un d\u00eda en grupo peque\u00f1o a \u00c9vora?<\/strong><\/div>\n<div>\n<div>Excursi\u00f3n de un d\u00eda en grupos peque\u00f1os a \u00c9vora es presentado por RecordTours.<\/div>\n<\/div>\n<\/div>\n<\/div>\n<\/div>\n<\/div><\/div>\n\t\t\t\t<\/div><div class='et-learn-more clearfix'>\n\t\t\t\t\t<h3 class='heading-more'>Ayuda<span class='et_learnmore_arrow'><span><\/span><\/span><\/h3>\n\t\t\t\t\t<div class='learn-more-content'><div>Si tiene preguntas sobre este tour o necesita ayuda para reservar, estaremos encantados de ayudarle. Solo tienes que llamar <a href=\"tel:+351932221333\">al n\u00famero (+351) 932 221 333<\/a><\/div><\/div>\n\t\t\t\t<\/div><\/p>\n","protected":false},"excerpt":{"rendered":"<p>Ven a descubrir la hermosa ciudad de \u00c9vora, declarada Patrimonio de la Humanidad por la UNESCO. Saliendo de Lisboa, cruzando&#8230;  <\/p>\n","protected":false},"author":3,"featured_media":3485,"comment_status":"closed","ping_status":"closed","sticky":false,"template":"","format":"standard","meta":{"_acf_changed":false,"_et_pb_use_builder":"","_et_pb_old_content":"","_et_gb_content_width":"","footnotes":""},"categories":[22,45],"tags":[],"class_list":["post-3483","post","type-post","status-publish","format-standard","has-post-thumbnail","hentry","category-tours","category-tours-diarios"],"acf":{"photo_gallery":{"tours_galeria":[[{"id":3756,"title":"","caption":"","full_image_url":"https:\/\/recordtours.pt\/wp-content\/uploads\/2024\/03\/tours-galeria-algarve2-02.webp","thumbnail_image_url":"https:\/\/recordtours.pt\/wp-content\/uploads\/2024\/03\/tours-galeria-algarve2-02-150x150.webp","large_srcset":"https:\/\/recordtours.pt\/wp-content\/uploads\/2024\/03\/tours-galeria-algarve2-02-1024x683.webp 1024w, https:\/\/recordtours.pt\/wp-content\/uploads\/2024\/03\/tours-galeria-algarve2-02-980x653.webp 980w, https:\/\/recordtours.pt\/wp-content\/uploads\/2024\/03\/tours-galeria-algarve2-02-480x320.webp 480w","medium_srcset":false,"media_details":{"width":1200,"height":800,"sizes":{"medium":{"file":"tours-galeria-algarve2-02-300x200.webp","width":300,"height":200,"mime-type":"image\/webp","filesize":12336,"source_url":"https:\/\/recordtours.pt\/wp-content\/uploads\/2024\/03\/tours-galeria-algarve2-02-300x200.webp"},"large":{"file":"tours-galeria-algarve2-02-1024x683.webp","width":1024,"height":683,"mime-type":"image\/webp","filesize":122762,"source_url":"https:\/\/recordtours.pt\/wp-content\/uploads\/2024\/03\/tours-galeria-algarve2-02-1024x683.webp"},"thumbnail":{"file":"tours-galeria-algarve2-02-150x150.webp","width":150,"height":150,"mime-type":"image\/webp","filesize":5416,"source_url":"https:\/\/recordtours.pt\/wp-content\/uploads\/2024\/03\/tours-galeria-algarve2-02-150x150.webp"},"medium_large":{"file":"tours-galeria-algarve2-02-768x512.webp","width":768,"height":512,"mime-type":"image\/webp","filesize":70660,"source_url":"https:\/\/recordtours.pt\/wp-content\/uploads\/2024\/03\/tours-galeria-algarve2-02-768x512.webp"},"et-pb-post-main-image":{"file":"tours-galeria-algarve2-02-400x250.webp","width":400,"height":250,"mime-type":"image\/webp","filesize":18962,"source_url":"https:\/\/recordtours.pt\/wp-content\/uploads\/2024\/03\/tours-galeria-algarve2-02-400x250.webp"},"et-pb-post-main-image-fullwidth":{"file":"tours-galeria-algarve2-02-1080x675.webp","width":1080,"height":675,"mime-type":"image\/webp","filesize":127722,"source_url":"https:\/\/recordtours.pt\/wp-content\/uploads\/2024\/03\/tours-galeria-algarve2-02-1080x675.webp"},"et-pb-portfolio-image":{"file":"tours-galeria-algarve2-02-400x284.webp","width":400,"height":284,"mime-type":"image\/webp","filesize":21658,"source_url":"https:\/\/recordtours.pt\/wp-content\/uploads\/2024\/03\/tours-galeria-algarve2-02-400x284.webp"},"et-pb-portfolio-module-image":{"file":"tours-galeria-algarve2-02-510x382.webp","width":510,"height":382,"mime-type":"image\/webp","filesize":36426,"source_url":"https:\/\/recordtours.pt\/wp-content\/uploads\/2024\/03\/tours-galeria-algarve2-02-510x382.webp"},"et-pb-portfolio-image-single":{"file":"tours-galeria-algarve2-02-1080x720.webp","width":1080,"height":720,"mime-type":"image\/webp","filesize":133614,"source_url":"https:\/\/recordtours.pt\/wp-content\/uploads\/2024\/03\/tours-galeria-algarve2-02-1080x720.webp"},"et-pb-gallery-module-image-portrait":{"file":"tours-galeria-algarve2-02-400x516.webp","width":400,"height":516,"mime-type":"image\/webp","filesize":43862,"source_url":"https:\/\/recordtours.pt\/wp-content\/uploads\/2024\/03\/tours-galeria-algarve2-02-400x516.webp"},"et-pb-image--responsive--tablet":{"file":"tours-galeria-algarve2-02-980x653.webp","width":980,"height":653,"mime-type":"image\/webp","filesize":113306,"source_url":"https:\/\/recordtours.pt\/wp-content\/uploads\/2024\/03\/tours-galeria-algarve2-02-980x653.webp"},"et-pb-image--responsive--phone":{"file":"tours-galeria-algarve2-02-480x320.webp","width":480,"height":320,"mime-type":"image\/webp","filesize":27856,"source_url":"https:\/\/recordtours.pt\/wp-content\/uploads\/2024\/03\/tours-galeria-algarve2-02-480x320.webp"}}},"alt_text":"","url":"","target":""},{"id":3486,"title":"","caption":"","full_image_url":"https:\/\/recordtours.pt\/wp-content\/uploads\/2024\/04\/tours-galeria-evora-01.webp","thumbnail_image_url":"https:\/\/recordtours.pt\/wp-content\/uploads\/2024\/04\/tours-galeria-evora-01-150x150.webp","large_srcset":"https:\/\/recordtours.pt\/wp-content\/uploads\/2024\/04\/tours-galeria-evora-01-1024x683.webp 1024w, https:\/\/recordtours.pt\/wp-content\/uploads\/2024\/04\/tours-galeria-evora-01-980x653.webp 980w, https:\/\/recordtours.pt\/wp-content\/uploads\/2024\/04\/tours-galeria-evora-01-480x320.webp 480w","medium_srcset":false,"media_details":{"width":1200,"height":800,"sizes":{"medium":{"file":"tours-galeria-evora-01-300x200.webp","width":300,"height":200,"mime-type":"image\/webp","filesize":12408,"source_url":"https:\/\/recordtours.pt\/wp-content\/uploads\/2024\/04\/tours-galeria-evora-01-300x200.webp"},"large":{"file":"tours-galeria-evora-01-1024x683.webp","width":1024,"height":683,"mime-type":"image\/webp","filesize":113038,"source_url":"https:\/\/recordtours.pt\/wp-content\/uploads\/2024\/04\/tours-galeria-evora-01-1024x683.webp"},"thumbnail":{"file":"tours-galeria-evora-01-150x150.webp","width":150,"height":150,"mime-type":"image\/webp","filesize":5202,"source_url":"https:\/\/recordtours.pt\/wp-content\/uploads\/2024\/04\/tours-galeria-evora-01-150x150.webp"},"medium_large":{"file":"tours-galeria-evora-01-768x512.webp","width":768,"height":512,"mime-type":"image\/webp","filesize":68266,"source_url":"https:\/\/recordtours.pt\/wp-content\/uploads\/2024\/04\/tours-galeria-evora-01-768x512.webp"},"et-pb-post-main-image":{"file":"tours-galeria-evora-01-400x250.webp","width":400,"height":250,"mime-type":"image\/webp","filesize":19432,"source_url":"https:\/\/recordtours.pt\/wp-content\/uploads\/2024\/04\/tours-galeria-evora-01-400x250.webp"},"et-pb-post-main-image-fullwidth":{"file":"tours-galeria-evora-01-1080x675.webp","width":1080,"height":675,"mime-type":"image\/webp","filesize":117432,"source_url":"https:\/\/recordtours.pt\/wp-content\/uploads\/2024\/04\/tours-galeria-evora-01-1080x675.webp"},"et-pb-portfolio-image":{"file":"tours-galeria-evora-01-400x284.webp","width":400,"height":284,"mime-type":"image\/webp","filesize":21728,"source_url":"https:\/\/recordtours.pt\/wp-content\/uploads\/2024\/04\/tours-galeria-evora-01-400x284.webp"},"et-pb-portfolio-module-image":{"file":"tours-galeria-evora-01-510x382.webp","width":510,"height":382,"mime-type":"image\/webp","filesize":35444,"source_url":"https:\/\/recordtours.pt\/wp-content\/uploads\/2024\/04\/tours-galeria-evora-01-510x382.webp"},"et-pb-portfolio-image-single":{"file":"tours-galeria-evora-01-1080x720.webp","width":1080,"height":720,"mime-type":"image\/webp","filesize":123364,"source_url":"https:\/\/recordtours.pt\/wp-content\/uploads\/2024\/04\/tours-galeria-evora-01-1080x720.webp"},"et-pb-gallery-module-image-portrait":{"file":"tours-galeria-evora-01-400x516.webp","width":400,"height":516,"mime-type":"image\/webp","filesize":42752,"source_url":"https:\/\/recordtours.pt\/wp-content\/uploads\/2024\/04\/tours-galeria-evora-01-400x516.webp"},"et-pb-image--responsive--tablet":{"file":"tours-galeria-evora-01-980x653.webp","width":980,"height":653,"mime-type":"image\/webp","filesize":104462,"source_url":"https:\/\/recordtours.pt\/wp-content\/uploads\/2024\/04\/tours-galeria-evora-01-980x653.webp"},"et-pb-image--responsive--phone":{"file":"tours-galeria-evora-01-480x320.webp","width":480,"height":320,"mime-type":"image\/webp","filesize":27644,"source_url":"https:\/\/recordtours.pt\/wp-content\/uploads\/2024\/04\/tours-galeria-evora-01-480x320.webp"}}},"alt_text":"","url":"","target":""},{"id":3487,"title":"","caption":"","full_image_url":"https:\/\/recordtours.pt\/wp-content\/uploads\/2024\/04\/tours-galeria-evora-02.webp","thumbnail_image_url":"https:\/\/recordtours.pt\/wp-content\/uploads\/2024\/04\/tours-galeria-evora-02-150x150.webp","large_srcset":"https:\/\/recordtours.pt\/wp-content\/uploads\/2024\/04\/tours-galeria-evora-02-1024x683.webp 1024w, https:\/\/recordtours.pt\/wp-content\/uploads\/2024\/04\/tours-galeria-evora-02-980x653.webp 980w, https:\/\/recordtours.pt\/wp-content\/uploads\/2024\/04\/tours-galeria-evora-02-480x320.webp 480w","medium_srcset":false,"media_details":{"width":1200,"height":800,"sizes":{"medium":{"file":"tours-galeria-evora-02-300x200.webp","width":300,"height":200,"mime-type":"image\/webp","filesize":14684,"source_url":"https:\/\/recordtours.pt\/wp-content\/uploads\/2024\/04\/tours-galeria-evora-02-300x200.webp"},"large":{"file":"tours-galeria-evora-02-1024x683.webp","width":1024,"height":683,"mime-type":"image\/webp","filesize":111212,"source_url":"https:\/\/recordtours.pt\/wp-content\/uploads\/2024\/04\/tours-galeria-evora-02-1024x683.webp"},"thumbnail":{"file":"tours-galeria-evora-02-150x150.webp","width":150,"height":150,"mime-type":"image\/webp","filesize":5900,"source_url":"https:\/\/recordtours.pt\/wp-content\/uploads\/2024\/04\/tours-galeria-evora-02-150x150.webp"},"medium_large":{"file":"tours-galeria-evora-02-768x512.webp","width":768,"height":512,"mime-type":"image\/webp","filesize":70390,"source_url":"https:\/\/recordtours.pt\/wp-content\/uploads\/2024\/04\/tours-galeria-evora-02-768x512.webp"},"et-pb-post-main-image":{"file":"tours-galeria-evora-02-400x250.webp","width":400,"height":250,"mime-type":"image\/webp","filesize":22004,"source_url":"https:\/\/recordtours.pt\/wp-content\/uploads\/2024\/04\/tours-galeria-evora-02-400x250.webp"},"et-pb-post-main-image-fullwidth":{"file":"tours-galeria-evora-02-1080x675.webp","width":1080,"height":675,"mime-type":"image\/webp","filesize":114840,"source_url":"https:\/\/recordtours.pt\/wp-content\/uploads\/2024\/04\/tours-galeria-evora-02-1080x675.webp"},"et-pb-portfolio-image":{"file":"tours-galeria-evora-02-400x284.webp","width":400,"height":284,"mime-type":"image\/webp","filesize":23900,"source_url":"https:\/\/recordtours.pt\/wp-content\/uploads\/2024\/04\/tours-galeria-evora-02-400x284.webp"},"et-pb-portfolio-module-image":{"file":"tours-galeria-evora-02-510x382.webp","width":510,"height":382,"mime-type":"image\/webp","filesize":37850,"source_url":"https:\/\/recordtours.pt\/wp-content\/uploads\/2024\/04\/tours-galeria-evora-02-510x382.webp"},"et-pb-portfolio-image-single":{"file":"tours-galeria-evora-02-1080x720.webp","width":1080,"height":720,"mime-type":"image\/webp","filesize":120166,"source_url":"https:\/\/recordtours.pt\/wp-content\/uploads\/2024\/04\/tours-galeria-evora-02-1080x720.webp"},"et-pb-gallery-module-image-portrait":{"file":"tours-galeria-evora-02-400x516.webp","width":400,"height":516,"mime-type":"image\/webp","filesize":35232,"source_url":"https:\/\/recordtours.pt\/wp-content\/uploads\/2024\/04\/tours-galeria-evora-02-400x516.webp"},"et-pb-image--responsive--tablet":{"file":"tours-galeria-evora-02-980x653.webp","width":980,"height":653,"mime-type":"image\/webp","filesize":103926,"source_url":"https:\/\/recordtours.pt\/wp-content\/uploads\/2024\/04\/tours-galeria-evora-02-980x653.webp"},"et-pb-image--responsive--phone":{"file":"tours-galeria-evora-02-480x320.webp","width":480,"height":320,"mime-type":"image\/webp","filesize":31160,"source_url":"https:\/\/recordtours.pt\/wp-content\/uploads\/2024\/04\/tours-galeria-evora-02-480x320.webp"}}},"alt_text":"","url":"","target":""},{"id":3488,"title":"","caption":"","full_image_url":"https:\/\/recordtours.pt\/wp-content\/uploads\/2024\/04\/tours-galeria-evora-03.webp","thumbnail_image_url":"https:\/\/recordtours.pt\/wp-content\/uploads\/2024\/04\/tours-galeria-evora-03-150x150.webp","large_srcset":"https:\/\/recordtours.pt\/wp-content\/uploads\/2024\/04\/tours-galeria-evora-03-1024x683.webp 1024w, https:\/\/recordtours.pt\/wp-content\/uploads\/2024\/04\/tours-galeria-evora-03-980x653.webp 980w, https:\/\/recordtours.pt\/wp-content\/uploads\/2024\/04\/tours-galeria-evora-03-480x320.webp 480w","medium_srcset":false,"media_details":{"width":1200,"height":800,"sizes":{"medium":{"file":"tours-galeria-evora-03-300x200.webp","width":300,"height":200,"mime-type":"image\/webp","filesize":16200,"source_url":"https:\/\/recordtours.pt\/wp-content\/uploads\/2024\/04\/tours-galeria-evora-03-300x200.webp"},"large":{"file":"tours-galeria-evora-03-1024x683.webp","width":1024,"height":683,"mime-type":"image\/webp","filesize":126434,"source_url":"https:\/\/recordtours.pt\/wp-content\/uploads\/2024\/04\/tours-galeria-evora-03-1024x683.webp"},"thumbnail":{"file":"tours-galeria-evora-03-150x150.webp","width":150,"height":150,"mime-type":"image\/webp","filesize":6114,"source_url":"https:\/\/recordtours.pt\/wp-content\/uploads\/2024\/04\/tours-galeria-evora-03-150x150.webp"},"medium_large":{"file":"tours-galeria-evora-03-768x512.webp","width":768,"height":512,"mime-type":"image\/webp","filesize":78318,"source_url":"https:\/\/recordtours.pt\/wp-content\/uploads\/2024\/04\/tours-galeria-evora-03-768x512.webp"},"et-pb-post-main-image":{"file":"tours-galeria-evora-03-400x250.webp","width":400,"height":250,"mime-type":"image\/webp","filesize":24306,"source_url":"https:\/\/recordtours.pt\/wp-content\/uploads\/2024\/04\/tours-galeria-evora-03-400x250.webp"},"et-pb-post-main-image-fullwidth":{"file":"tours-galeria-evora-03-1080x675.webp","width":1080,"height":675,"mime-type":"image\/webp","filesize":127734,"source_url":"https:\/\/recordtours.pt\/wp-content\/uploads\/2024\/04\/tours-galeria-evora-03-1080x675.webp"},"et-pb-portfolio-image":{"file":"tours-galeria-evora-03-400x284.webp","width":400,"height":284,"mime-type":"image\/webp","filesize":26676,"source_url":"https:\/\/recordtours.pt\/wp-content\/uploads\/2024\/04\/tours-galeria-evora-03-400x284.webp"},"et-pb-portfolio-module-image":{"file":"tours-galeria-evora-03-510x382.webp","width":510,"height":382,"mime-type":"image\/webp","filesize":41790,"source_url":"https:\/\/recordtours.pt\/wp-content\/uploads\/2024\/04\/tours-galeria-evora-03-510x382.webp"},"et-pb-portfolio-image-single":{"file":"tours-galeria-evora-03-1080x720.webp","width":1080,"height":720,"mime-type":"image\/webp","filesize":135976,"source_url":"https:\/\/recordtours.pt\/wp-content\/uploads\/2024\/04\/tours-galeria-evora-03-1080x720.webp"},"et-pb-gallery-module-image-portrait":{"file":"tours-galeria-evora-03-400x516.webp","width":400,"height":516,"mime-type":"image\/webp","filesize":37348,"source_url":"https:\/\/recordtours.pt\/wp-content\/uploads\/2024\/04\/tours-galeria-evora-03-400x516.webp"},"et-pb-image--responsive--tablet":{"file":"tours-galeria-evora-03-980x653.webp","width":980,"height":653,"mime-type":"image\/webp","filesize":118638,"source_url":"https:\/\/recordtours.pt\/wp-content\/uploads\/2024\/04\/tours-galeria-evora-03-980x653.webp"},"et-pb-image--responsive--phone":{"file":"tours-galeria-evora-03-480x320.webp","width":480,"height":320,"mime-type":"image\/webp","filesize":35066,"source_url":"https:\/\/recordtours.pt\/wp-content\/uploads\/2024\/04\/tours-galeria-evora-03-480x320.webp"}}},"alt_text":"","url":"","target":""}]]}},"_links":{"self":[{"href":"https:\/\/recordtours.pt\/es\/wp-json\/wp\/v2\/posts\/3483","targetHints":{"allow":["GET"]}}],"collection":[{"href":"https:\/\/recordtours.pt\/es\/wp-json\/wp\/v2\/posts"}],"about":[{"href":"https:\/\/recordtours.pt\/es\/wp-json\/wp\/v2\/types\/post"}],"author":[{"embeddable":true,"href":"https:\/\/recordtours.pt\/es\/wp-json\/wp\/v2\/users\/3"}],"replies":[{"embeddable":true,"href":"https:\/\/recordtours.pt\/es\/wp-json\/wp\/v2\/comments?post=3483"}],"version-history":[{"count":0,"href":"https:\/\/recordtours.pt\/es\/wp-json\/wp\/v2\/posts\/3483\/revisions"}],"wp:featuredmedia":[{"embeddable":true,"href":"https:\/\/recordtours.pt\/es\/wp-json\/wp\/v2\/media\/3485"}],"wp:attachment":[{"href":"https:\/\/recordtours.pt\/es\/wp-json\/wp\/v2\/media?parent=3483"}],"wp:term":[{"taxonomy":"category","embeddable":true,"href":"https:\/\/recordtours.pt\/es\/wp-json\/wp\/v2\/categories?post=3483"},{"taxonomy":"post_tag","embeddable":true,"href":"https:\/\/recordtours.pt\/es\/wp-json\/wp\/v2\/tags?post=3483"}],"curies":[{"name":"wp","href":"https:\/\/api.w.org\/{rel}","templated":true}]}}