{"id":3517,"date":"2024-04-08T10:50:04","date_gmt":"2024-04-08T10:50:04","guid":{"rendered":"https:\/\/recordtours.pt\/excursion-de-un-dia-a-obidos-nazare-fatima-y-batalha\/"},"modified":"2024-06-28T16:02:07","modified_gmt":"2024-06-28T16:02:07","slug":"excursion-de-un-dia-a-obidos-nazare-fatima-y-batalha","status":"publish","type":"post","link":"https:\/\/recordtours.pt\/es\/excursion-de-un-dia-a-obidos-nazare-fatima-y-batalha\/","title":{"rendered":"Excursi\u00f3n de un d\u00eda a \u00d3bidos, Nazar\u00e9, F\u00e1tima y Batalha"},"content":{"rendered":"<p>Realice una fascinante excursi\u00f3n de un d\u00eda desde Lisboa a las ciudades de \u00d3bidos, Nazar\u00e9, F\u00e1tima y Batalha. Durante el d\u00eda, explore el pueblo medieval de \u00d3bidos y aprenda datos interesantes de su gu\u00eda. Disfrute de un almuerzo (si se selecciona la opci\u00f3n) en el pintoresco pueblo pesquero de Nazar\u00e9. Visita los Monasterios de Alcoba\u00e7a y Batalha, declarados Patrimonio de la Humanidad por la UNESCO. Disfruta de tiempo libre en F\u00e1tima para visitar el Santuario de F\u00e1tima. En el camino de regreso a Lisboa, contemple la encantadora campi\u00f1a de Portugal.<\/p>\n<p>Disfruta de una excursi\u00f3n de un d\u00eda entero desde Lisboa a las ciudades portuguesas de \u00d3bidos, Nazar\u00e9, F\u00e1tima y Batalha. Por la ma\u00f1ana, explore el encantador pueblo medieval de \u00d3bidos y aprenda datos interesantes con su gu\u00eda tur\u00edstico. Disfrute de un almuerzo (si selecciona esta opci\u00f3n) en el pintoresco pueblo pesquero de Nazar\u00e9. Visite los monasterios de Alcoba\u00e7a y Batalha, declarados Patrimonio de la Humanidad por la UNESCO. Y disfruta de tiempo libre en F\u00e1tima para visitar el Santuario. En el camino de regreso a Lisboa, aprecia Portugal.<\/p>\n<div class='et-learn-more clearfix'>\n\t\t\t\t\t<h3 class='heading-more'>\u00bfQu\u00e9 est\u00e1 incluido?<span class='et_learnmore_arrow'><span><\/span><\/span><\/h3>\n\t\t\t\t\t<div class='learn-more-content'><div>\n<ul>\n<li>Agua mineral<\/li>\n<li>Veh\u00edculo con aire acondicionado<\/li>\n<li>Wi-Fi a bordo<\/li>\n<li>Transporte Privado<\/li>\n<\/ul>\n<\/div>\n<div>\n<div><strong>Lo que no est\u00e1 incluido<\/strong><\/div>\n<ul>\n<li> Desayuno<\/li>\n<li>Almuerzo<\/li>\n<li>Cena<\/li>\n<li>Entrada\/Admisi\u00f3n &#8211; Faro de Nazar\u00e9<\/li>\n<\/ul>\n<\/div><\/div>\n\t\t\t\t<\/div> <div class='et-learn-more clearfix'>\n\t\t\t\t\t<h3 class='heading-more'>\u00bfQu\u00e9 esperar?<span class='et_learnmore_arrow'><span><\/span><\/span><\/h3>\n\t\t\t\t\t<div class='learn-more-content'><strong>Itinerario<\/strong><\/p>\n<p>Este es un itinerario normal para este producto<\/p>\n<p><strong>Lugar de parada: <\/strong>Bas\u00edlica de Nuestra Se\u00f1ora del Rosario de F\u00e1tima, Rua de Rainha Santa Isabel 26, F\u00e1tima 2495-424 Portugal<\/p>\n<p>El Santuario de F\u00e1tima, formalmente titulado por la Iglesia Cat\u00f3lica como Santuario de Nuestra Se\u00f1ora del Rosario de F\u00e1tima, es un santuario mariano dedicado a Nuestra Se\u00f1ora de F\u00e1tima, ubicado en el lugar de Cova da Iria, en la ciudad de F\u00e1tima, municipio de Our\u00e9m, en Portugal.<\/p>\n<p>El Santuario de F\u00e1tima es, por excelencia, un lugar de peregrinaci\u00f3n cristiana y de devoci\u00f3n cat\u00f3lica, que conserva la memoria de los acontecimientos que llevaron a su fundaci\u00f3n, a saber, las apariciones de Nuestra Se\u00f1ora a los tres pastorcitos \u2013 Luc\u00eda dos Santos, Francisco y Jacinta Marto \u2013 en 1917. Su magnitud y relevancia desde el punto de vista religioso ha sido reconocida de manera consensuada desde hace mucho tiempo, a nivel nacional e internacional. Por voluntad expresa de la Santa Sede Apost\u00f3lica, se trata de un Santuario Nacional. Tambi\u00e9n es uno de los santuarios marianos m\u00e1s importantes del mundo perteneciente a la Iglesia Cat\u00f3lica y el mayor destino internacional de turismo religioso, recibiendo cerca de seis millones de visitantes al a\u00f1o. Fue honrado con tres rosas de oro papales y visitado por los papas Pablo VI (1967), Juan Pablo II (1982, 1991 y 2000), Benedicto XVI (2010) y Francisco (2017).<\/p>\n<p>Duraci\u00f3n: 2 horas<\/p>\n<p><strong>Lugar de parada: <\/strong>Iglesia de Nuestra Se\u00f1ora del Rosario de F\u00e1tima, Av. Marqu\u00e9s de Tomar Avenidas Novas, Lisboa 1050-154 Portugal<\/p>\n<p>El Santuario de F\u00e1tima, formalmente titulado por la Iglesia Cat\u00f3lica como Santuario de Nuestra Se\u00f1ora del Rosario de F\u00e1tima, es un santuario mariano dedicado a Nuestra Se\u00f1ora de F\u00e1tima, ubicado en el lugar de Cova da Iria, en la ciudad de F\u00e1tima, municipio de Our\u00e9m, en Portugal.<\/p>\n<p>El Santuario de F\u00e1tima es, por excelencia, un lugar de peregrinaci\u00f3n cristiana y de devoci\u00f3n cat\u00f3lica, que conserva la memoria de los acontecimientos que llevaron a su fundaci\u00f3n, a saber, las apariciones de Nuestra Se\u00f1ora a los tres pastorcitos \u2013 Luc\u00eda dos Santos, Francisco y Jacinta Marto \u2013 en 1917. Su magnitud y relevancia desde el punto de vista religioso ha sido reconocida de manera consensuada desde hace mucho tiempo, a nivel nacional e internacional. Por voluntad expresa de la Santa Sede Apost\u00f3lica, se trata de un Santuario Nacional. Tambi\u00e9n es uno de los santuarios marianos m\u00e1s importantes del mundo perteneciente a la Iglesia Cat\u00f3lica y el mayor destino internacional de turismo religioso, recibiendo cerca de seis millones de visitantes al a\u00f1o. Fue honrado con tres rosas de oro papales y visitado por los papas Pablo VI (1967), Juan Pablo II (1982, 1991 y 2000), Benedicto XVI (2010) y Francisco (2017).<\/p>\n<p>Duraci\u00f3n: 2 horas<\/p>\n<p><strong>Lugar de parada: <\/strong>Monasterio de Batalha, Largo Infante Dom Henrique 2440, Batalha 2440-484 Portugal<\/p>\n<p>El Monasterio de Santa Maria da Vit\u00f3ria (m\u00e1s conocido como el Monasterio de Batalha) es un monasterio situado en el pueblo de Batalha, en la regi\u00f3n Centro, provincia de Beira Litoral, en Portugal, que fue construido en 1386 por el rey Juan I de Portugal[2] como agradecimiento a la Virgen Mar\u00eda por la victoria contra los rivales castellanos en la batalla de Aljubarrota. Este monasterio de la Orden de Santo Domingo se construy\u00f3 a lo largo de dos siglos hasta aproximadamente 1563, durante el reinado de siete reyes de Portugal, aunque desde 1388 ya hab\u00edan vivido all\u00ed los primeros frailes dominicos. Ejemplo de la arquitectura g\u00f3tica tard\u00eda portuguesa, o estilo manuelino, es considerada patrimonio de la humanidad por la UNESCO, y el 7 de julio de 2007 fue elegida como una de las Siete Maravillas de Portugal. En Portugal, el IPPAR todav\u00eda lo clasifica como Monumento Nacional, desde 1910. Desde 2016 tiene la condici\u00f3n de Pante\u00f3n Nacional.<\/p>\n<p>Duraci\u00f3n: 2 horas<\/p>\n<p><strong>Lugar de parada: <\/strong>Nazaret &#8211; Artesan\u00eda y Dise\u00f1o de Dise\u00f1o, Pra\u00e7a Manuel Arriaga 20, Nazar\u00e9 2450-160 Portugal<\/p>\n<p>Nazar\u00e9 es un pueblo portugu\u00e9s en el distrito de Leiria, sede del municipio hom\u00f3nimo con unos 10.300 habitantes. Situada en la provincia de Extremadura, formando parte de la Comunidad Intermunicipal de Occidente, en la comarca del Centro.<\/p>\n<p>El pueblo es la sede de un peque\u00f1o municipio con una superficie de 82,43 km\u00b2 y 15.158 habitantes (2011), subdividido en 3 parroquias. [4] El municipio est\u00e1 rodeado al norte, este y sur por el municipio de Alcoba\u00e7a y al oeste limita con el Oc\u00e9ano Atl\u00e1ntico.<\/p>\n<p>El actual espacio urbano de la ciudad re\u00fane tres antiguos pueblos, Pederneira, S\u00edtio da Nazar\u00e9 y Praia da Nazar\u00e9 y nuevos barrios de la segunda mitad del siglo XX, como Urbisol o Rio Novo, que surgieron como resultado de la expansi\u00f3n natural de los tres n\u00facleos primitivos. (P.D.M., 1997).<\/p>\n<p>Duraci\u00f3n: 2 horas<\/p>\n<p><strong>Lugar de parada: <\/strong>Faro de Nazaret, Estr. do Farol, Nazar\u00e9 2450-065 Portugal<\/p>\n<p>El Faro de Nazar\u00e9 es un faro portugu\u00e9s situado en el Fuerte de S\u00e3o Miguel Arcanjo, Nazar\u00e9, regi\u00f3n Oeste. Es una linterna redonda de hierro de color rojo brillante con un balc\u00f3n de servicio, montada en la pared de la fortaleza. La luz est\u00e1 encendida dos segundos y un segundo apagada. El Faro, ubicado en el Fuerte de S\u00e3o Miguel Arcanjo, est\u00e1 clasificado como Bien de Inter\u00e9s P\u00fablico desde 1978.<\/p>\n<p>Duraci\u00f3n: 2 horas<\/p><\/div>\n\t\t\t\t<\/div> <div class='et-learn-more clearfix'>\n\t\t\t\t\t<h3 class='heading-more'>Salida y regreso<span class='et_learnmore_arrow'><span><\/span><\/span><\/h3>\n\t\t\t\t\t<div class='learn-more-content'><div>\n<ul>\n<li>\n<div>\n<div><strong>Inicio<\/strong>:<\/div>\n<\/div>\n<div>\n<ul>\n<li>\n<div>\n<div>Pra\u00e7a Marqu\u00eas de Pombal 8, 1250-160 Lisboa, Portugal<\/div>\n<div>Recogida frente al Hotel F\u00e9nix, Plaza Marqu\u00e9s de Pombal<\/div>\n<\/div>\n<\/li>\n<\/ul>\n<\/div>\n<div>\n<div><strong>Fin<\/strong>: Esta actividad finaliza en el punto de encuentro.<\/div>\n<\/div>\n<\/li>\n<\/ul>\n<\/div><\/div>\n\t\t\t\t<\/div> <div class='et-learn-more clearfix'>\n\t\t\t\t\t<h3 class='heading-more'>Accesibilidad<span class='et_learnmore_arrow'><span><\/span><\/span><\/h3>\n\t\t\t\t\t<div class='learn-more-content'><div>\n<ul>\n<li>No es accesible en silla de ruedas<\/li>\n<li>Cerca del transporte p\u00fablico<\/li>\n<li>Asientos para beb\u00e9s disponibles<\/li>\n<\/ul>\n<\/div>\n<div>\n<div>Si tienes preguntas sobre accesibilidad, estaremos encantados de ayudarte. Solo tienes que llamar <a href=\"tel:+351932221333\">al n\u00famero (+351) 932 221 333<\/a><\/div>\n<\/div><\/div>\n\t\t\t\t<\/div> <div class='et-learn-more clearfix'>\n\t\t\t\t\t<h3 class='heading-more'>Informaci\u00f3n adicional<span class='et_learnmore_arrow'><span><\/span><\/span><\/h3>\n\t\t\t\t\t<div class='learn-more-content'><div>\n<ul>\n<li>La confirmaci\u00f3n se recibir\u00e1 en el momento de la reserva<\/li>\n<li>La mayor\u00eda de los viajeros pueden participar<\/li>\n<li>Esta experiencia solo se llevar\u00e1 a cabo si el clima acompa\u00f1a. Si cancela debido a condiciones clim\u00e1ticas adversas, se le ofrecer\u00e1 una fecha diferente o un reembolso completo<\/li>\n<li>Esta experiencia requiere un n\u00famero m\u00ednimo de viajeros. Si se cancela porque no se alcanza el n\u00famero m\u00ednimo, se le ofrecer\u00e1 una fecha\/experiencia diferente o un reembolso completo<\/li>\n<li>Esta es una actividad\/tour privado. Solo participar\u00e1 tu grupo<\/li>\n<\/ul>\n<\/div><\/div>\n\t\t\t\t<\/div> <div class='et-learn-more clearfix'>\n\t\t\t\t\t<h3 class='heading-more'>Pol\u00edtica de cancelaci\u00f3n<span class='et_learnmore_arrow'><span><\/span><\/span><\/h3>\n\t\t\t\t\t<div class='learn-more-content'><div>Para obtener un reembolso completo, cancele dentro de las 72 horas posteriores a la reserva de su recorrido.<\/div><\/div>\n\t\t\t\t<\/div> <div class='et-learn-more clearfix'>\n\t\t\t\t\t<h3 class='heading-more'>Preguntas m\u00e1s frecuentes<span class='et_learnmore_arrow'><span><\/span><\/span><\/h3>\n\t\t\t\t\t<div class='learn-more-content'><div>\n<div><strong>\u00bfQu\u00e9 atracciones visitar\u00e9 con el tour de Sintra, Cascais y Palacio da Pena desde Lisboa?<\/strong><\/div>\n<div>\n<div>\n<p>Durante esta experiencia, los lugares que visitar\u00e1s incluyen:<\/p>\n<ul>\n<li><a href=\"https:\/\/www.tripadvisor.pt\/Attraction_Review-g189157-d196723-Reviews-Basilica_de_Nossa_Senhora_do_Rosario_de_Fatima-Fatima_Santarem_District_Central_Po.html\">Bas\u00edlica de Nuestra Se\u00f1ora del Rosario de F\u00e1tima<\/a><\/li>\n<li><a href=\"https:\/\/www.tripadvisor.pt\/Attraction_Review-g189152-d3906304-Reviews-Batalha_Monastery-Batalha_Leiria_District_Central_Portugal.html\">Monasterio de Batalha<\/a><\/li>\n<li><a href=\"https:\/\/www.tripadvisor.pt\/Attraction_Review-g315902-d8769974-Reviews-Nazaret_Artesanato_e_design_de_Autor-Nazare_Leiria_District_Central_Portugal.html\">Nazaret &#8211; Artesan\u00eda y Dise\u00f1o de Autor<\/a><\/li>\n<li><a href=\"https:\/\/www.tripadvisor.pt\/Attraction_Review-g189158-d10060270-Reviews-Church_of_Nossa_Senhora_do_Rosario_de_Fatima-Lisbon_Lisbon_District_Central_Port.html\">Iglesia de Nuestra Se\u00f1ora del Rosario de F\u00e1tima<\/a><\/li>\n<li><a href=\"https:\/\/www.tripadvisor.pt\/Attraction_Review-g315902-d19738254-Reviews-Farol_de_Nazare-Nazare_Leiria_District_Central_Portugal.html\">Faro de Nazar\u00e9<\/a><\/li>\n<\/ul>\n<\/div>\n<\/div>\n<\/div>\n<div>\n<hr>\n<\/div>\n<div>\n<div><strong>\u00bfCu\u00e1nto cuesta Excursi\u00f3n de un d\u00eda a \u00d3bidos, Nazar\u00e9, F\u00e1tima y Batalha?<\/strong><\/div>\n<div>\n<div>Precio de la excursi\u00f3n a \u00d3bidos, Nazar\u00e9, F\u00e1tima y Batalha desde 100,73 \u20ac.<\/div>\n<\/div>\n<\/div>\n<div>\n<hr>\n<\/div>\n<div>\n<div><strong>\u00bfQu\u00e9 empresa es responsable de la Excursi\u00f3n a \u00d3bidos, Nazar\u00e9, F\u00e1tima y Batalha?<\/strong><\/div>\n<div>\n<div>Excursi\u00f3n de un d\u00eda a \u00d3bidos, Nazar\u00e9, F\u00e1tima y Batalha pertenece a RecordTours.<\/div>\n<\/div>\n<\/div><\/div>\n\t\t\t\t<\/div><div class='et-learn-more clearfix'>\n\t\t\t\t\t<h3 class='heading-more'>Ayuda<span class='et_learnmore_arrow'><span><\/span><\/span><\/h3>\n\t\t\t\t\t<div class='learn-more-content'><div>Si tiene preguntas sobre este tour o necesita ayuda para reservar, estaremos encantados de ayudarle. Solo tienes que llamar <a href=\"tel:+351932221333\">al n\u00famero (+351) 932 221 333<\/a><\/div><\/div>\n\t\t\t\t<\/div><\/p>\n","protected":false},"excerpt":{"rendered":"<p>Realice una fascinante excursi\u00f3n de un d\u00eda desde Lisboa a las ciudades de \u00d3bidos, Nazar\u00e9, F\u00e1tima y Batalha. Durante el d\u00eda, explora&#8230;  <\/p>\n","protected":false},"author":3,"featured_media":3518,"comment_status":"closed","ping_status":"closed","sticky":false,"template":"","format":"standard","meta":{"_acf_changed":false,"_et_pb_use_builder":"","_et_pb_old_content":"","_et_gb_content_width":"","footnotes":""},"categories":[22,45],"tags":[],"class_list":["post-3517","post","type-post","status-publish","format-standard","has-post-thumbnail","hentry","category-tours","category-tours-diarios"],"acf":{"photo_gallery":{"tours_galeria":[[{"id":3518,"title":"","caption":"","full_image_url":"https:\/\/recordtours.pt\/wp-content\/uploads\/2024\/04\/tours-galeria-obidos-nazare-01.webp","thumbnail_image_url":"https:\/\/recordtours.pt\/wp-content\/uploads\/2024\/04\/tours-galeria-obidos-nazare-01-150x150.webp","large_srcset":"https:\/\/recordtours.pt\/wp-content\/uploads\/2024\/04\/tours-galeria-obidos-nazare-01-1024x683.webp 1024w, https:\/\/recordtours.pt\/wp-content\/uploads\/2024\/04\/tours-galeria-obidos-nazare-01-980x653.webp 980w, https:\/\/recordtours.pt\/wp-content\/uploads\/2024\/04\/tours-galeria-obidos-nazare-01-480x320.webp 480w","medium_srcset":false,"media_details":{"width":1200,"height":800,"sizes":{"medium":{"file":"tours-galeria-obidos-nazare-01-300x200.webp","width":300,"height":200,"mime-type":"image\/webp","filesize":14754,"source_url":"https:\/\/recordtours.pt\/wp-content\/uploads\/2024\/04\/tours-galeria-obidos-nazare-01-300x200.webp"},"large":{"file":"tours-galeria-obidos-nazare-01-1024x683.webp","width":1024,"height":683,"mime-type":"image\/webp","filesize":110878,"source_url":"https:\/\/recordtours.pt\/wp-content\/uploads\/2024\/04\/tours-galeria-obidos-nazare-01-1024x683.webp"},"thumbnail":{"file":"tours-galeria-obidos-nazare-01-150x150.webp","width":150,"height":150,"mime-type":"image\/webp","filesize":6598,"source_url":"https:\/\/recordtours.pt\/wp-content\/uploads\/2024\/04\/tours-galeria-obidos-nazare-01-150x150.webp"},"medium_large":{"file":"tours-galeria-obidos-nazare-01-768x512.webp","width":768,"height":512,"mime-type":"image\/webp","filesize":71110,"source_url":"https:\/\/recordtours.pt\/wp-content\/uploads\/2024\/04\/tours-galeria-obidos-nazare-01-768x512.webp"},"et-pb-post-main-image":{"file":"tours-galeria-obidos-nazare-01-400x250.webp","width":400,"height":250,"mime-type":"image\/webp","filesize":20814,"source_url":"https:\/\/recordtours.pt\/wp-content\/uploads\/2024\/04\/tours-galeria-obidos-nazare-01-400x250.webp"},"et-pb-post-main-image-fullwidth":{"file":"tours-galeria-obidos-nazare-01-1080x675.webp","width":1080,"height":675,"mime-type":"image\/webp","filesize":106558,"source_url":"https:\/\/recordtours.pt\/wp-content\/uploads\/2024\/04\/tours-galeria-obidos-nazare-01-1080x675.webp"},"et-pb-portfolio-image":{"file":"tours-galeria-obidos-nazare-01-400x284.webp","width":400,"height":284,"mime-type":"image\/webp","filesize":24478,"source_url":"https:\/\/recordtours.pt\/wp-content\/uploads\/2024\/04\/tours-galeria-obidos-nazare-01-400x284.webp"},"et-pb-portfolio-module-image":{"file":"tours-galeria-obidos-nazare-01-510x382.webp","width":510,"height":382,"mime-type":"image\/webp","filesize":39488,"source_url":"https:\/\/recordtours.pt\/wp-content\/uploads\/2024\/04\/tours-galeria-obidos-nazare-01-510x382.webp"},"et-pb-portfolio-image-single":{"file":"tours-galeria-obidos-nazare-01-1080x720.webp","width":1080,"height":720,"mime-type":"image\/webp","filesize":120158,"source_url":"https:\/\/recordtours.pt\/wp-content\/uploads\/2024\/04\/tours-galeria-obidos-nazare-01-1080x720.webp"},"et-pb-gallery-module-image-portrait":{"file":"tours-galeria-obidos-nazare-01-400x516.webp","width":400,"height":516,"mime-type":"image\/webp","filesize":40010,"source_url":"https:\/\/recordtours.pt\/wp-content\/uploads\/2024\/04\/tours-galeria-obidos-nazare-01-400x516.webp"},"et-pb-image--responsive--tablet":{"file":"tours-galeria-obidos-nazare-01-980x653.webp","width":980,"height":653,"mime-type":"image\/webp","filesize":103708,"source_url":"https:\/\/recordtours.pt\/wp-content\/uploads\/2024\/04\/tours-galeria-obidos-nazare-01-980x653.webp"},"et-pb-image--responsive--phone":{"file":"tours-galeria-obidos-nazare-01-480x320.webp","width":480,"height":320,"mime-type":"image\/webp","filesize":31698,"source_url":"https:\/\/recordtours.pt\/wp-content\/uploads\/2024\/04\/tours-galeria-obidos-nazare-01-480x320.webp"}}},"alt_text":"","url":"","target":""},{"id":3519,"title":"","caption":"","full_image_url":"https:\/\/recordtours.pt\/wp-content\/uploads\/2024\/04\/tours-galeria-obidos-nazare-02.webp","thumbnail_image_url":"https:\/\/recordtours.pt\/wp-content\/uploads\/2024\/04\/tours-galeria-obidos-nazare-02-150x150.webp","large_srcset":"https:\/\/recordtours.pt\/wp-content\/uploads\/2024\/04\/tours-galeria-obidos-nazare-02-1024x683.webp 1024w, https:\/\/recordtours.pt\/wp-content\/uploads\/2024\/04\/tours-galeria-obidos-nazare-02-980x653.webp 980w, https:\/\/recordtours.pt\/wp-content\/uploads\/2024\/04\/tours-galeria-obidos-nazare-02-480x320.webp 480w","medium_srcset":false,"media_details":{"width":1200,"height":800,"sizes":{"medium":{"file":"tours-galeria-obidos-nazare-02-300x200.webp","width":300,"height":200,"mime-type":"image\/webp","filesize":20600,"source_url":"https:\/\/recordtours.pt\/wp-content\/uploads\/2024\/04\/tours-galeria-obidos-nazare-02-300x200.webp"},"large":{"file":"tours-galeria-obidos-nazare-02-1024x683.webp","width":1024,"height":683,"mime-type":"image\/webp","filesize":183960,"source_url":"https:\/\/recordtours.pt\/wp-content\/uploads\/2024\/04\/tours-galeria-obidos-nazare-02-1024x683.webp"},"thumbnail":{"file":"tours-galeria-obidos-nazare-02-150x150.webp","width":150,"height":150,"mime-type":"image\/webp","filesize":8592,"source_url":"https:\/\/recordtours.pt\/wp-content\/uploads\/2024\/04\/tours-galeria-obidos-nazare-02-150x150.webp"},"medium_large":{"file":"tours-galeria-obidos-nazare-02-768x512.webp","width":768,"height":512,"mime-type":"image\/webp","filesize":111558,"source_url":"https:\/\/recordtours.pt\/wp-content\/uploads\/2024\/04\/tours-galeria-obidos-nazare-02-768x512.webp"},"et-pb-post-main-image":{"file":"tours-galeria-obidos-nazare-02-400x250.webp","width":400,"height":250,"mime-type":"image\/webp","filesize":32014,"source_url":"https:\/\/recordtours.pt\/wp-content\/uploads\/2024\/04\/tours-galeria-obidos-nazare-02-400x250.webp"},"et-pb-post-main-image-fullwidth":{"file":"tours-galeria-obidos-nazare-02-1080x675.webp","width":1080,"height":675,"mime-type":"image\/webp","filesize":193504,"source_url":"https:\/\/recordtours.pt\/wp-content\/uploads\/2024\/04\/tours-galeria-obidos-nazare-02-1080x675.webp"},"et-pb-portfolio-image":{"file":"tours-galeria-obidos-nazare-02-400x284.webp","width":400,"height":284,"mime-type":"image\/webp","filesize":35976,"source_url":"https:\/\/recordtours.pt\/wp-content\/uploads\/2024\/04\/tours-galeria-obidos-nazare-02-400x284.webp"},"et-pb-portfolio-module-image":{"file":"tours-galeria-obidos-nazare-02-510x382.webp","width":510,"height":382,"mime-type":"image\/webp","filesize":59114,"source_url":"https:\/\/recordtours.pt\/wp-content\/uploads\/2024\/04\/tours-galeria-obidos-nazare-02-510x382.webp"},"et-pb-portfolio-image-single":{"file":"tours-galeria-obidos-nazare-02-1080x720.webp","width":1080,"height":720,"mime-type":"image\/webp","filesize":201202,"source_url":"https:\/\/recordtours.pt\/wp-content\/uploads\/2024\/04\/tours-galeria-obidos-nazare-02-1080x720.webp"},"et-pb-gallery-module-image-portrait":{"file":"tours-galeria-obidos-nazare-02-400x516.webp","width":400,"height":516,"mime-type":"image\/webp","filesize":61916,"source_url":"https:\/\/recordtours.pt\/wp-content\/uploads\/2024\/04\/tours-galeria-obidos-nazare-02-400x516.webp"},"et-pb-image--responsive--tablet":{"file":"tours-galeria-obidos-nazare-02-980x653.webp","width":980,"height":653,"mime-type":"image\/webp","filesize":171246,"source_url":"https:\/\/recordtours.pt\/wp-content\/uploads\/2024\/04\/tours-galeria-obidos-nazare-02-980x653.webp"},"et-pb-image--responsive--phone":{"file":"tours-galeria-obidos-nazare-02-480x320.webp","width":480,"height":320,"mime-type":"image\/webp","filesize":47538,"source_url":"https:\/\/recordtours.pt\/wp-content\/uploads\/2024\/04\/tours-galeria-obidos-nazare-02-480x320.webp"}}},"alt_text":"","url":"","target":""},{"id":3520,"title":"","caption":"","full_image_url":"https:\/\/recordtours.pt\/wp-content\/uploads\/2024\/04\/tours-galeria-obidos-nazare-03.webp","thumbnail_image_url":"https:\/\/recordtours.pt\/wp-content\/uploads\/2024\/04\/tours-galeria-obidos-nazare-03-150x150.webp","large_srcset":"https:\/\/recordtours.pt\/wp-content\/uploads\/2024\/04\/tours-galeria-obidos-nazare-03-1024x683.webp 1024w, https:\/\/recordtours.pt\/wp-content\/uploads\/2024\/04\/tours-galeria-obidos-nazare-03-980x653.webp 980w, https:\/\/recordtours.pt\/wp-content\/uploads\/2024\/04\/tours-galeria-obidos-nazare-03-480x320.webp 480w","medium_srcset":false,"media_details":{"width":1200,"height":800,"sizes":{"medium":{"file":"tours-galeria-obidos-nazare-03-300x200.webp","width":300,"height":200,"mime-type":"image\/webp","filesize":14708,"source_url":"https:\/\/recordtours.pt\/wp-content\/uploads\/2024\/04\/tours-galeria-obidos-nazare-03-300x200.webp"},"large":{"file":"tours-galeria-obidos-nazare-03-1024x683.webp","width":1024,"height":683,"mime-type":"image\/webp","filesize":125616,"source_url":"https:\/\/recordtours.pt\/wp-content\/uploads\/2024\/04\/tours-galeria-obidos-nazare-03-1024x683.webp"},"thumbnail":{"file":"tours-galeria-obidos-nazare-03-150x150.webp","width":150,"height":150,"mime-type":"image\/webp","filesize":6594,"source_url":"https:\/\/recordtours.pt\/wp-content\/uploads\/2024\/04\/tours-galeria-obidos-nazare-03-150x150.webp"},"medium_large":{"file":"tours-galeria-obidos-nazare-03-768x512.webp","width":768,"height":512,"mime-type":"image\/webp","filesize":75134,"source_url":"https:\/\/recordtours.pt\/wp-content\/uploads\/2024\/04\/tours-galeria-obidos-nazare-03-768x512.webp"},"et-pb-post-main-image":{"file":"tours-galeria-obidos-nazare-03-400x250.webp","width":400,"height":250,"mime-type":"image\/webp","filesize":22910,"source_url":"https:\/\/recordtours.pt\/wp-content\/uploads\/2024\/04\/tours-galeria-obidos-nazare-03-400x250.webp"},"et-pb-post-main-image-fullwidth":{"file":"tours-galeria-obidos-nazare-03-1080x675.webp","width":1080,"height":675,"mime-type":"image\/webp","filesize":134662,"source_url":"https:\/\/recordtours.pt\/wp-content\/uploads\/2024\/04\/tours-galeria-obidos-nazare-03-1080x675.webp"},"et-pb-portfolio-image":{"file":"tours-galeria-obidos-nazare-03-400x284.webp","width":400,"height":284,"mime-type":"image\/webp","filesize":25562,"source_url":"https:\/\/recordtours.pt\/wp-content\/uploads\/2024\/04\/tours-galeria-obidos-nazare-03-400x284.webp"},"et-pb-portfolio-module-image":{"file":"tours-galeria-obidos-nazare-03-510x382.webp","width":510,"height":382,"mime-type":"image\/webp","filesize":41584,"source_url":"https:\/\/recordtours.pt\/wp-content\/uploads\/2024\/04\/tours-galeria-obidos-nazare-03-510x382.webp"},"et-pb-portfolio-image-single":{"file":"tours-galeria-obidos-nazare-03-1080x720.webp","width":1080,"height":720,"mime-type":"image\/webp","filesize":136990,"source_url":"https:\/\/recordtours.pt\/wp-content\/uploads\/2024\/04\/tours-galeria-obidos-nazare-03-1080x720.webp"},"et-pb-gallery-module-image-portrait":{"file":"tours-galeria-obidos-nazare-03-400x516.webp","width":400,"height":516,"mime-type":"image\/webp","filesize":45722,"source_url":"https:\/\/recordtours.pt\/wp-content\/uploads\/2024\/04\/tours-galeria-obidos-nazare-03-400x516.webp"},"et-pb-image--responsive--tablet":{"file":"tours-galeria-obidos-nazare-03-980x653.webp","width":980,"height":653,"mime-type":"image\/webp","filesize":116810,"source_url":"https:\/\/recordtours.pt\/wp-content\/uploads\/2024\/04\/tours-galeria-obidos-nazare-03-980x653.webp"},"et-pb-image--responsive--phone":{"file":"tours-galeria-obidos-nazare-03-480x320.webp","width":480,"height":320,"mime-type":"image\/webp","filesize":32386,"source_url":"https:\/\/recordtours.pt\/wp-content\/uploads\/2024\/04\/tours-galeria-obidos-nazare-03-480x320.webp"}}},"alt_text":"","url":"","target":""}]]}},"_links":{"self":[{"href":"https:\/\/recordtours.pt\/es\/wp-json\/wp\/v2\/posts\/3517","targetHints":{"allow":["GET"]}}],"collection":[{"href":"https:\/\/recordtours.pt\/es\/wp-json\/wp\/v2\/posts"}],"about":[{"href":"https:\/\/recordtours.pt\/es\/wp-json\/wp\/v2\/types\/post"}],"author":[{"embeddable":true,"href":"https:\/\/recordtours.pt\/es\/wp-json\/wp\/v2\/users\/3"}],"replies":[{"embeddable":true,"href":"https:\/\/recordtours.pt\/es\/wp-json\/wp\/v2\/comments?post=3517"}],"version-history":[{"count":0,"href":"https:\/\/recordtours.pt\/es\/wp-json\/wp\/v2\/posts\/3517\/revisions"}],"wp:featuredmedia":[{"embeddable":true,"href":"https:\/\/recordtours.pt\/es\/wp-json\/wp\/v2\/media\/3518"}],"wp:attachment":[{"href":"https:\/\/recordtours.pt\/es\/wp-json\/wp\/v2\/media?parent=3517"}],"wp:term":[{"taxonomy":"category","embeddable":true,"href":"https:\/\/recordtours.pt\/es\/wp-json\/wp\/v2\/categories?post=3517"},{"taxonomy":"post_tag","embeddable":true,"href":"https:\/\/recordtours.pt\/es\/wp-json\/wp\/v2\/tags?post=3517"}],"curies":[{"name":"wp","href":"https:\/\/api.w.org\/{rel}","templated":true}]}}