{"id":3540,"date":"2024-03-05T14:50:48","date_gmt":"2024-03-05T14:50:48","guid":{"rendered":"https:\/\/recordtours.pt\/tour-privado-de-2-dias-por-el-algarve-desde-lisboa\/"},"modified":"2024-06-24T11:53:51","modified_gmt":"2024-06-24T11:53:51","slug":"tour-privado-de-2-dias-por-el-algarve-desde-lisboa","status":"publish","type":"post","link":"https:\/\/recordtours.pt\/es\/tour-privado-de-2-dias-por-el-algarve-desde-lisboa\/","title":{"rendered":"Tour privado de 2 d\u00edas por el Algarve desde Lisboa"},"content":{"rendered":"<p>Tour privado de dos d\u00edas en el Algarve desde Lisboa, perfecto para ti si quieres visitar la regi\u00f3n del Algarve pero no sabes exactamente d\u00f3nde o c\u00f3mo. El Algarve es una regi\u00f3n portuguesa con unos 200 kms de este a oeste, en estos dos d\u00edas te proponemos visitar algunos de los lugares m\u00e1s importantes entre ellos; Faro, Albufeira, Lagos y Sagres, siempre con el acompa\u00f1amiento hist\u00f3rico de cada lugar y con las principales curiosidades, este tour privado a\u00fan se puede ajustar seg\u00fan sus intereses o curiosidad.<\/p>\n<div class='et-learn-more clearfix'>\n\t\t\t\t\t<h3 class='heading-more'>\u00bfQu\u00e9 est\u00e1 incluido?<span class='et_learnmore_arrow'><span><\/span><\/span><\/h3>\n\t\t\t\t\t<div class='learn-more-content'><div>\n<ul>\n<li>Veh\u00edculo con aire acondicionado<\/li>\n<li>Wi-Fi a bordo<\/li>\n<li>Transporte Privado<\/li>\n<\/ul>\n<\/div><\/div>\n\t\t\t\t<\/div> <div class='et-learn-more clearfix'>\n\t\t\t\t\t<h3 class='heading-more'>Salida y regreso<span class='et_learnmore_arrow'><span><\/span><\/span><\/h3>\n\t\t\t\t\t<div class='learn-more-content'><div>\n<ul>\n<li><strong>Inicio<\/strong>: M\u00faltiples lugares de recogida disponibles.<\/li>\n<li><i class=\"fa-icon\" style=\"font-size: 1em;\">\uf236<\/i> <strong>Servicio de recogida en el hotel disponible<\/strong>\nDurante el pago, puede seleccionar de la lista de hoteles incluidos.<\/li>\n<li><i class=\"fa-icon\" style=\"font-size: 1em;\">\uf21a<\/i> <strong>Servicio de recogida en el puerto disponible<\/strong>\nDurante el pago, puede seleccionar de la lista de puertos incluidos.<\/li>\n<li><strong>Fin<\/strong>: Esta actividad finaliza en el punto de encuentro.<\/li>\n<\/ul>\n<\/div><\/div>\n\t\t\t\t<\/div> <div class='et-learn-more clearfix'>\n\t\t\t\t\t<h3 class='heading-more'>Accesibilidad<span class='et_learnmore_arrow'><span><\/span><\/span><\/h3>\n\t\t\t\t\t<div class='learn-more-content'><div>\n<ul>\n<li>No es accesible en silla de ruedas<\/li>\n<li>Cerca del transporte p\u00fablico<\/li>\n<li>Asientos para beb\u00e9s disponibles<\/li>\n<\/ul>\n<\/div>\n<div>\n<div>Si tienes preguntas sobre accesibilidad, estaremos encantados de ayudarte. Solo tienes que llamar <a href=\"tel:+351932221333\">al n\u00famero (+351) 932 221 333<\/a><\/div>\n<\/div><\/div>\n\t\t\t\t<\/div> <div class='et-learn-more clearfix'>\n\t\t\t\t\t<h3 class='heading-more'>Informaci\u00f3n adicional<span class='et_learnmore_arrow'><span><\/span><\/span><\/h3>\n\t\t\t\t\t<div class='learn-more-content'><div>\n<ul>\n<li>La confirmaci\u00f3n se recibir\u00e1 en el momento de la reserva<\/li>\n<li>La mayor\u00eda de los viajeros pueden participar<\/li>\n<li>Esta es una actividad\/tour privado. Solo participar\u00e1 tu grupo<\/li>\n<\/ul>\n<\/div><\/div>\n\t\t\t\t<\/div> <div class='et-learn-more clearfix'>\n\t\t\t\t\t<h3 class='heading-more'>Pol\u00edtica de cancelaci\u00f3n<span class='et_learnmore_arrow'><span><\/span><\/span><\/h3>\n\t\t\t\t\t<div class='learn-more-content'><div>Para obtener un reembolso completo, cancele dentro de las 72 horas posteriores a la reserva de su recorrido.<\/div><\/div>\n\t\t\t\t<\/div> <div class='et-learn-more clearfix'>\n\t\t\t\t\t<h3 class='heading-more'>Preguntas m\u00e1s frecuentes<span class='et_learnmore_arrow'><span><\/span><\/span><\/h3>\n\t\t\t\t\t<div class='learn-more-content'><div>\n<div><strong>\u00bfQu\u00e9 atracciones visitar\u00e9 con el tour privado de 2 d\u00edas por el Algarve desde Lisboa?<\/strong><\/div>\n<div>\n<div>\n<p>Durante esta experiencia, los lugares que visitar\u00e1s incluyen:<\/p>\n<ul>\n<li><a href=\"https:\/\/www.tripadvisor.pt\/Attraction_Review-g189112-d671971-Reviews-Centro_Historico_de_Albufeira-Albufeira_Faro_District_Algarve.html\">Centro Hist\u00f3rico de Albufeira<\/a><\/li>\n<li><a href=\"https:\/\/www.tripadvisor.pt\/Attraction_Review-g189116-d1102424-Reviews-Old_Town_Faro-Faro_Faro_District_Algarve.html\">Casco Antiguo<\/a><\/li>\n<li><a href=\"https:\/\/www.tripadvisor.pt\/Attraction_Review-g189121-d4701589-Reviews-Cape_Saint_Vincent-Sagres_Faro_District_Algarve.html\">Cabo de San Vicente<\/a><\/li>\n<\/ul>\n<\/div>\n<\/div>\n<\/div>\n<div>\n<hr>\n<\/div>\n<div>\n<div><strong>\u00bfCu\u00e1nto cuesta Tour privado de 2 d\u00edas por el Algarve desde Lisboa?<\/strong><\/div>\n<div>\n<div>Precio del Tour Privado de 2 D\u00edas en el Algarve desde Lisboa desde 799,89 \u20ac.<\/div>\n<\/div>\n<\/div>\n<div>\n<hr>\n<\/div>\n<div>\n<div><strong>\u00bfQu\u00e9 empresa es responsable del tour privado de 2 d\u00edas por el Algarve desde Lisboa?<\/strong><\/div>\n<div>\n<div>El tour privado de 2 d\u00edas por el Algarve desde Lisboa es presentado por RecordTours.<\/div>\n<\/div>\n<\/div><\/div>\n\t\t\t\t<\/div><div class='et-learn-more clearfix'>\n\t\t\t\t\t<h3 class='heading-more'>Ayuda<span class='et_learnmore_arrow'><span><\/span><\/span><\/h3>\n\t\t\t\t\t<div class='learn-more-content'><div>Si tiene preguntas sobre este tour o necesita ayuda para reservar, estaremos encantados de ayudarle. Solo tienes que llamar <a href=\"tel:+351932221333\">al n\u00famero (+351) 932 221 333<\/a><\/div><\/div>\n\t\t\t\t<\/div><\/p>\n","protected":false},"excerpt":{"rendered":"<p>Tour privado de dos d\u00edas en el Algarve desde Lisboa, perfecto para ti que quieres visitar la regi\u00f3n del Algarve pero &#8230;  <\/p>\n","protected":false},"author":3,"featured_media":3541,"comment_status":"closed","ping_status":"closed","sticky":false,"template":"","format":"standard","meta":{"_acf_changed":false,"_et_pb_use_builder":"","_et_pb_old_content":"","_et_gb_content_width":"","footnotes":""},"categories":[49,22],"tags":[],"class_list":["post-3540","post","type-post","status-publish","format-standard","has-post-thumbnail","hentry","category-itinerarios-de-varios-dias","category-tours"],"acf":{"photo_gallery":{"tours_galeria":[[{"id":3542,"title":"","caption":"","full_image_url":"https:\/\/recordtours.pt\/wp-content\/uploads\/2024\/03\/tours-galeria-algarve-01.webp","thumbnail_image_url":"https:\/\/recordtours.pt\/wp-content\/uploads\/2024\/03\/tours-galeria-algarve-01-150x150.webp","large_srcset":"https:\/\/recordtours.pt\/wp-content\/uploads\/2024\/03\/tours-galeria-algarve-01-1024x683.webp 1024w, https:\/\/recordtours.pt\/wp-content\/uploads\/2024\/03\/tours-galeria-algarve-01-980x653.webp 980w, https:\/\/recordtours.pt\/wp-content\/uploads\/2024\/03\/tours-galeria-algarve-01-480x320.webp 480w","medium_srcset":false,"media_details":{"width":1200,"height":800,"sizes":{"medium":{"file":"tours-galeria-algarve-01-300x200.webp","width":300,"height":200,"mime-type":"image\/webp","filesize":18506,"source_url":"https:\/\/recordtours.pt\/wp-content\/uploads\/2024\/03\/tours-galeria-algarve-01-300x200.webp"},"large":{"file":"tours-galeria-algarve-01-1024x683.webp","width":1024,"height":683,"mime-type":"image\/webp","filesize":185208,"source_url":"https:\/\/recordtours.pt\/wp-content\/uploads\/2024\/03\/tours-galeria-algarve-01-1024x683.webp"},"thumbnail":{"file":"tours-galeria-algarve-01-150x150.webp","width":150,"height":150,"mime-type":"image\/webp","filesize":7166,"source_url":"https:\/\/recordtours.pt\/wp-content\/uploads\/2024\/03\/tours-galeria-algarve-01-150x150.webp"},"medium_large":{"file":"tours-galeria-algarve-01-768x512.webp","width":768,"height":512,"mime-type":"image\/webp","filesize":104798,"source_url":"https:\/\/recordtours.pt\/wp-content\/uploads\/2024\/03\/tours-galeria-algarve-01-768x512.webp"},"et-pb-post-main-image":{"file":"tours-galeria-algarve-01-400x250.webp","width":400,"height":250,"mime-type":"image\/webp","filesize":29322,"source_url":"https:\/\/recordtours.pt\/wp-content\/uploads\/2024\/03\/tours-galeria-algarve-01-400x250.webp"},"et-pb-post-main-image-fullwidth":{"file":"tours-galeria-algarve-01-1080x675.webp","width":1080,"height":675,"mime-type":"image\/webp","filesize":195986,"source_url":"https:\/\/recordtours.pt\/wp-content\/uploads\/2024\/03\/tours-galeria-algarve-01-1080x675.webp"},"et-pb-portfolio-image":{"file":"tours-galeria-algarve-01-400x284.webp","width":400,"height":284,"mime-type":"image\/webp","filesize":32472,"source_url":"https:\/\/recordtours.pt\/wp-content\/uploads\/2024\/03\/tours-galeria-algarve-01-400x284.webp"},"et-pb-portfolio-module-image":{"file":"tours-galeria-algarve-01-510x382.webp","width":510,"height":382,"mime-type":"image\/webp","filesize":53440,"source_url":"https:\/\/recordtours.pt\/wp-content\/uploads\/2024\/03\/tours-galeria-algarve-01-510x382.webp"},"et-pb-portfolio-image-single":{"file":"tours-galeria-algarve-01-1080x720.webp","width":1080,"height":720,"mime-type":"image\/webp","filesize":204164,"source_url":"https:\/\/recordtours.pt\/wp-content\/uploads\/2024\/03\/tours-galeria-algarve-01-1080x720.webp"},"et-pb-gallery-module-image-portrait":{"file":"tours-galeria-algarve-01-400x516.webp","width":400,"height":516,"mime-type":"image\/webp","filesize":53686,"source_url":"https:\/\/recordtours.pt\/wp-content\/uploads\/2024\/03\/tours-galeria-algarve-01-400x516.webp"},"et-pb-image--responsive--tablet":{"file":"tours-galeria-algarve-01-980x653.webp","width":980,"height":653,"mime-type":"image\/webp","filesize":170706,"source_url":"https:\/\/recordtours.pt\/wp-content\/uploads\/2024\/03\/tours-galeria-algarve-01-980x653.webp"},"et-pb-image--responsive--phone":{"file":"tours-galeria-algarve-01-480x320.webp","width":480,"height":320,"mime-type":"image\/webp","filesize":42202,"source_url":"https:\/\/recordtours.pt\/wp-content\/uploads\/2024\/03\/tours-galeria-algarve-01-480x320.webp"}}},"alt_text":"","url":"","target":""},{"id":3543,"title":"","caption":"","full_image_url":"https:\/\/recordtours.pt\/wp-content\/uploads\/2024\/03\/tours-galeria-algarve-02.webp","thumbnail_image_url":"https:\/\/recordtours.pt\/wp-content\/uploads\/2024\/03\/tours-galeria-algarve-02-150x150.webp","large_srcset":"https:\/\/recordtours.pt\/wp-content\/uploads\/2024\/03\/tours-galeria-algarve-02-1024x683.webp 1024w, https:\/\/recordtours.pt\/wp-content\/uploads\/2024\/03\/tours-galeria-algarve-02-980x653.webp 980w, https:\/\/recordtours.pt\/wp-content\/uploads\/2024\/03\/tours-galeria-algarve-02-480x320.webp 480w","medium_srcset":false,"media_details":{"width":1200,"height":800,"sizes":{"medium":{"file":"tours-galeria-algarve-02-300x200.webp","width":300,"height":200,"mime-type":"image\/webp","filesize":19696,"source_url":"https:\/\/recordtours.pt\/wp-content\/uploads\/2024\/03\/tours-galeria-algarve-02-300x200.webp"},"large":{"file":"tours-galeria-algarve-02-1024x683.webp","width":1024,"height":683,"mime-type":"image\/webp","filesize":110232,"source_url":"https:\/\/recordtours.pt\/wp-content\/uploads\/2024\/03\/tours-galeria-algarve-02-1024x683.webp"},"thumbnail":{"file":"tours-galeria-algarve-02-150x150.webp","width":150,"height":150,"mime-type":"image\/webp","filesize":8798,"source_url":"https:\/\/recordtours.pt\/wp-content\/uploads\/2024\/03\/tours-galeria-algarve-02-150x150.webp"},"medium_large":{"file":"tours-galeria-algarve-02-768x512.webp","width":768,"height":512,"mime-type":"image\/webp","filesize":75988,"source_url":"https:\/\/recordtours.pt\/wp-content\/uploads\/2024\/03\/tours-galeria-algarve-02-768x512.webp"},"et-pb-post-main-image":{"file":"tours-galeria-algarve-02-400x250.webp","width":400,"height":250,"mime-type":"image\/webp","filesize":28990,"source_url":"https:\/\/recordtours.pt\/wp-content\/uploads\/2024\/03\/tours-galeria-algarve-02-400x250.webp"},"et-pb-post-main-image-fullwidth":{"file":"tours-galeria-algarve-02-1080x675.webp","width":1080,"height":675,"mime-type":"image\/webp","filesize":112080,"source_url":"https:\/\/recordtours.pt\/wp-content\/uploads\/2024\/03\/tours-galeria-algarve-02-1080x675.webp"},"et-pb-portfolio-image":{"file":"tours-galeria-algarve-02-400x284.webp","width":400,"height":284,"mime-type":"image\/webp","filesize":31410,"source_url":"https:\/\/recordtours.pt\/wp-content\/uploads\/2024\/03\/tours-galeria-algarve-02-400x284.webp"},"et-pb-portfolio-module-image":{"file":"tours-galeria-algarve-02-510x382.webp","width":510,"height":382,"mime-type":"image\/webp","filesize":46836,"source_url":"https:\/\/recordtours.pt\/wp-content\/uploads\/2024\/03\/tours-galeria-algarve-02-510x382.webp"},"et-pb-portfolio-image-single":{"file":"tours-galeria-algarve-02-1080x720.webp","width":1080,"height":720,"mime-type":"image\/webp","filesize":115826,"source_url":"https:\/\/recordtours.pt\/wp-content\/uploads\/2024\/03\/tours-galeria-algarve-02-1080x720.webp"},"et-pb-gallery-module-image-portrait":{"file":"tours-galeria-algarve-02-400x516.webp","width":400,"height":516,"mime-type":"image\/webp","filesize":44442,"source_url":"https:\/\/recordtours.pt\/wp-content\/uploads\/2024\/03\/tours-galeria-algarve-02-400x516.webp"},"et-pb-image--responsive--tablet":{"file":"tours-galeria-algarve-02-980x653.webp","width":980,"height":653,"mime-type":"image\/webp","filesize":104244,"source_url":"https:\/\/recordtours.pt\/wp-content\/uploads\/2024\/03\/tours-galeria-algarve-02-980x653.webp"},"et-pb-image--responsive--phone":{"file":"tours-galeria-algarve-02-480x320.webp","width":480,"height":320,"mime-type":"image\/webp","filesize":39170,"source_url":"https:\/\/recordtours.pt\/wp-content\/uploads\/2024\/03\/tours-galeria-algarve-02-480x320.webp"}}},"alt_text":"","url":"","target":""},{"id":3544,"title":"","caption":"","full_image_url":"https:\/\/recordtours.pt\/wp-content\/uploads\/2024\/03\/tours-galeria-algarve-03.webp","thumbnail_image_url":"https:\/\/recordtours.pt\/wp-content\/uploads\/2024\/03\/tours-galeria-algarve-03-150x150.webp","large_srcset":"https:\/\/recordtours.pt\/wp-content\/uploads\/2024\/03\/tours-galeria-algarve-03-1024x683.webp 1024w, https:\/\/recordtours.pt\/wp-content\/uploads\/2024\/03\/tours-galeria-algarve-03-980x653.webp 980w, https:\/\/recordtours.pt\/wp-content\/uploads\/2024\/03\/tours-galeria-algarve-03-480x320.webp 480w","medium_srcset":false,"media_details":{"width":1200,"height":800,"sizes":{"medium":{"file":"tours-galeria-algarve-03-300x200.webp","width":300,"height":200,"mime-type":"image\/webp","filesize":17572,"source_url":"https:\/\/recordtours.pt\/wp-content\/uploads\/2024\/03\/tours-galeria-algarve-03-300x200.webp"},"large":{"file":"tours-galeria-algarve-03-1024x683.webp","width":1024,"height":683,"mime-type":"image\/webp","filesize":150976,"source_url":"https:\/\/recordtours.pt\/wp-content\/uploads\/2024\/03\/tours-galeria-algarve-03-1024x683.webp"},"thumbnail":{"file":"tours-galeria-algarve-03-150x150.webp","width":150,"height":150,"mime-type":"image\/webp","filesize":7410,"source_url":"https:\/\/recordtours.pt\/wp-content\/uploads\/2024\/03\/tours-galeria-algarve-03-150x150.webp"},"medium_large":{"file":"tours-galeria-algarve-03-768x512.webp","width":768,"height":512,"mime-type":"image\/webp","filesize":92054,"source_url":"https:\/\/recordtours.pt\/wp-content\/uploads\/2024\/03\/tours-galeria-algarve-03-768x512.webp"},"et-pb-post-main-image":{"file":"tours-galeria-algarve-03-400x250.webp","width":400,"height":250,"mime-type":"image\/webp","filesize":27180,"source_url":"https:\/\/recordtours.pt\/wp-content\/uploads\/2024\/03\/tours-galeria-algarve-03-400x250.webp"},"et-pb-post-main-image-fullwidth":{"file":"tours-galeria-algarve-03-1080x675.webp","width":1080,"height":675,"mime-type":"image\/webp","filesize":159462,"source_url":"https:\/\/recordtours.pt\/wp-content\/uploads\/2024\/03\/tours-galeria-algarve-03-1080x675.webp"},"et-pb-portfolio-image":{"file":"tours-galeria-algarve-03-400x284.webp","width":400,"height":284,"mime-type":"image\/webp","filesize":30214,"source_url":"https:\/\/recordtours.pt\/wp-content\/uploads\/2024\/03\/tours-galeria-algarve-03-400x284.webp"},"et-pb-portfolio-module-image":{"file":"tours-galeria-algarve-03-510x382.webp","width":510,"height":382,"mime-type":"image\/webp","filesize":49152,"source_url":"https:\/\/recordtours.pt\/wp-content\/uploads\/2024\/03\/tours-galeria-algarve-03-510x382.webp"},"et-pb-portfolio-image-single":{"file":"tours-galeria-algarve-03-1080x720.webp","width":1080,"height":720,"mime-type":"image\/webp","filesize":165110,"source_url":"https:\/\/recordtours.pt\/wp-content\/uploads\/2024\/03\/tours-galeria-algarve-03-1080x720.webp"},"et-pb-gallery-module-image-portrait":{"file":"tours-galeria-algarve-03-400x516.webp","width":400,"height":516,"mime-type":"image\/webp","filesize":49746,"source_url":"https:\/\/recordtours.pt\/wp-content\/uploads\/2024\/03\/tours-galeria-algarve-03-400x516.webp"},"et-pb-image--responsive--tablet":{"file":"tours-galeria-algarve-03-980x653.webp","width":980,"height":653,"mime-type":"image\/webp","filesize":140828,"source_url":"https:\/\/recordtours.pt\/wp-content\/uploads\/2024\/03\/tours-galeria-algarve-03-980x653.webp"},"et-pb-image--responsive--phone":{"file":"tours-galeria-algarve-03-480x320.webp","width":480,"height":320,"mime-type":"image\/webp","filesize":39106,"source_url":"https:\/\/recordtours.pt\/wp-content\/uploads\/2024\/03\/tours-galeria-algarve-03-480x320.webp"}}},"alt_text":"","url":"","target":""},{"id":3546,"title":"","caption":"","full_image_url":"https:\/\/recordtours.pt\/wp-content\/uploads\/2024\/03\/tours-galeria-algarve-05.webp","thumbnail_image_url":"https:\/\/recordtours.pt\/wp-content\/uploads\/2024\/03\/tours-galeria-algarve-05-150x150.webp","large_srcset":"https:\/\/recordtours.pt\/wp-content\/uploads\/2024\/03\/tours-galeria-algarve-05-1024x683.webp 1024w, https:\/\/recordtours.pt\/wp-content\/uploads\/2024\/03\/tours-galeria-algarve-05-980x653.webp 980w, https:\/\/recordtours.pt\/wp-content\/uploads\/2024\/03\/tours-galeria-algarve-05-480x320.webp 480w","medium_srcset":false,"media_details":{"width":1200,"height":800,"sizes":{"medium":{"file":"tours-galeria-algarve-05-300x200.webp","width":300,"height":200,"mime-type":"image\/webp","filesize":14248,"source_url":"https:\/\/recordtours.pt\/wp-content\/uploads\/2024\/03\/tours-galeria-algarve-05-300x200.webp"},"large":{"file":"tours-galeria-algarve-05-1024x683.webp","width":1024,"height":683,"mime-type":"image\/webp","filesize":123522,"source_url":"https:\/\/recordtours.pt\/wp-content\/uploads\/2024\/03\/tours-galeria-algarve-05-1024x683.webp"},"thumbnail":{"file":"tours-galeria-algarve-05-150x150.webp","width":150,"height":150,"mime-type":"image\/webp","filesize":5682,"source_url":"https:\/\/recordtours.pt\/wp-content\/uploads\/2024\/03\/tours-galeria-algarve-05-150x150.webp"},"medium_large":{"file":"tours-galeria-algarve-05-768x512.webp","width":768,"height":512,"mime-type":"image\/webp","filesize":75250,"source_url":"https:\/\/recordtours.pt\/wp-content\/uploads\/2024\/03\/tours-galeria-algarve-05-768x512.webp"},"et-pb-post-main-image":{"file":"tours-galeria-algarve-05-400x250.webp","width":400,"height":250,"mime-type":"image\/webp","filesize":22124,"source_url":"https:\/\/recordtours.pt\/wp-content\/uploads\/2024\/03\/tours-galeria-algarve-05-400x250.webp"},"et-pb-post-main-image-fullwidth":{"file":"tours-galeria-algarve-05-1080x675.webp","width":1080,"height":675,"mime-type":"image\/webp","filesize":130012,"source_url":"https:\/\/recordtours.pt\/wp-content\/uploads\/2024\/03\/tours-galeria-algarve-05-1080x675.webp"},"et-pb-portfolio-image":{"file":"tours-galeria-algarve-05-400x284.webp","width":400,"height":284,"mime-type":"image\/webp","filesize":24064,"source_url":"https:\/\/recordtours.pt\/wp-content\/uploads\/2024\/03\/tours-galeria-algarve-05-400x284.webp"},"et-pb-portfolio-module-image":{"file":"tours-galeria-algarve-05-510x382.webp","width":510,"height":382,"mime-type":"image\/webp","filesize":39186,"source_url":"https:\/\/recordtours.pt\/wp-content\/uploads\/2024\/03\/tours-galeria-algarve-05-510x382.webp"},"et-pb-portfolio-image-single":{"file":"tours-galeria-algarve-05-1080x720.webp","width":1080,"height":720,"mime-type":"image\/webp","filesize":134706,"source_url":"https:\/\/recordtours.pt\/wp-content\/uploads\/2024\/03\/tours-galeria-algarve-05-1080x720.webp"},"et-pb-gallery-module-image-portrait":{"file":"tours-galeria-algarve-05-400x516.webp","width":400,"height":516,"mime-type":"image\/webp","filesize":37966,"source_url":"https:\/\/recordtours.pt\/wp-content\/uploads\/2024\/03\/tours-galeria-algarve-05-400x516.webp"},"et-pb-image--responsive--tablet":{"file":"tours-galeria-algarve-05-980x653.webp","width":980,"height":653,"mime-type":"image\/webp","filesize":115086,"source_url":"https:\/\/recordtours.pt\/wp-content\/uploads\/2024\/03\/tours-galeria-algarve-05-980x653.webp"},"et-pb-image--responsive--phone":{"file":"tours-galeria-algarve-05-480x320.webp","width":480,"height":320,"mime-type":"image\/webp","filesize":31908,"source_url":"https:\/\/recordtours.pt\/wp-content\/uploads\/2024\/03\/tours-galeria-algarve-05-480x320.webp"}}},"alt_text":"","url":"","target":""}]]}},"_links":{"self":[{"href":"https:\/\/recordtours.pt\/es\/wp-json\/wp\/v2\/posts\/3540","targetHints":{"allow":["GET"]}}],"collection":[{"href":"https:\/\/recordtours.pt\/es\/wp-json\/wp\/v2\/posts"}],"about":[{"href":"https:\/\/recordtours.pt\/es\/wp-json\/wp\/v2\/types\/post"}],"author":[{"embeddable":true,"href":"https:\/\/recordtours.pt\/es\/wp-json\/wp\/v2\/users\/3"}],"replies":[{"embeddable":true,"href":"https:\/\/recordtours.pt\/es\/wp-json\/wp\/v2\/comments?post=3540"}],"version-history":[{"count":0,"href":"https:\/\/recordtours.pt\/es\/wp-json\/wp\/v2\/posts\/3540\/revisions"}],"wp:featuredmedia":[{"embeddable":true,"href":"https:\/\/recordtours.pt\/es\/wp-json\/wp\/v2\/media\/3541"}],"wp:attachment":[{"href":"https:\/\/recordtours.pt\/es\/wp-json\/wp\/v2\/media?parent=3540"}],"wp:term":[{"taxonomy":"category","embeddable":true,"href":"https:\/\/recordtours.pt\/es\/wp-json\/wp\/v2\/categories?post=3540"},{"taxonomy":"post_tag","embeddable":true,"href":"https:\/\/recordtours.pt\/es\/wp-json\/wp\/v2\/tags?post=3540"}],"curies":[{"name":"wp","href":"https:\/\/api.w.org\/{rel}","templated":true}]}}