{"id":3557,"date":"2024-04-08T11:34:06","date_gmt":"2024-04-08T11:34:06","guid":{"rendered":"https:\/\/recordtours.pt\/tour-privado-por-el-algarve-desde-lisboa-con-paseo-en-barco\/"},"modified":"2024-06-24T13:17:39","modified_gmt":"2024-06-24T13:17:39","slug":"tour-privado-por-el-algarve-desde-lisboa-con-paseo-en-barco","status":"publish","type":"post","link":"https:\/\/recordtours.pt\/es\/tour-privado-por-el-algarve-desde-lisboa-con-paseo-en-barco\/","title":{"rendered":"Tour privado por el Algarve desde Lisboa con paseo en barco"},"content":{"rendered":"<p>Descubre Portugal m\u00e1s all\u00e1 de Lisboa con un tour privado de un d\u00eda completo por el Algarve. Que te recojan en tu hotel o en la direcci\u00f3n que elijas en Lisboa y emprendas un recorrido tur\u00edstico centrado en la cultura y la historia. Visita los mejores lugares del Algarve, Lagos, Sagres y Albufeira. Sube a bordo de un barco para un crucero para ver las cuevas de Ponta da Piedade con un gu\u00eda experimentado.<\/p>\n<div class='et-learn-more clearfix'>\n\t\t\t\t\t<h3 class='heading-more'>\u00bfQu\u00e9 est\u00e1 incluido?<span class='et_learnmore_arrow'><span><\/span><\/span><\/h3>\n\t\t\t\t\t<div class='learn-more-content'><div>\n<div>\n<ul>\n<li>Paseo en barco<\/li>\n<li>Wi-Fi a bordo<\/li>\n<li>Veh\u00edculo con aire acondicionado<\/li>\n<li>Agua mineral<\/li>\n<li>Entrada\/Admisi\u00f3n &#8211; Marina de Lagos<\/li>\n<\/ul>\n<\/div>\n<div>\n<div><strong>Lo que no est\u00e1 incluido<\/strong><\/div>\n<ul>\n<li>Almuerzo<\/li>\n<\/ul>\n<\/div>\n<\/div><\/div>\n\t\t\t\t<\/div> <div class='et-learn-more clearfix'>\n\t\t\t\t\t<h3 class='heading-more'>\u00bfQu\u00e9 esperar?<span class='et_learnmore_arrow'><span><\/span><\/span><\/h3>\n\t\t\t\t\t<div class='learn-more-content'><strong>Itinerario<\/strong><\/p>\n<p>Este es un itinerario normal para este producto<\/p>\n<p><strong>Lugar de parada: <\/strong>Lisboa, Lisboa, Distrito de Lisboa, Centro de Portugal<\/p>\n<p>En esta excursi\u00f3n comenzaremos el recorrido en Lisboa al sur de Portugal, Algarve<\/p>\n<p>Duraci\u00f3n: 3 horas<\/p>\n<p><strong>Lugar de parada: <\/strong>Marina de Lagos, Edificio Administrativo, Lagos 8600-315 Portugal<\/p>\n<p>Este paseo en barco es la opci\u00f3n ideal para los visitantes con tiempo limitado en Lagos, que quieren ver las maravillas naturales cercanas. Visitar\u00e1s varios lugares de belleza en un corto per\u00edodo de tiempo libre, incluida la costa de Lagos y Ponta da Piedade. Vea formaciones rocosas, grutas y cuevas, con el beneficio adicional de los comentarios de la gu\u00eda, para que comprenda m\u00e1s sobre lo que est\u00e1 viendo.<\/p>\n<p>Duraci\u00f3n: 2 horas<\/p>\n<p><strong>Lugar de parada: <\/strong>Ponta da Piedade, Lagos, Portugal<\/p>\n<p>Formaci\u00f3n y ocupaci\u00f3n primitiva.\nLas formaciones rocosas se formaron a partir de la erosi\u00f3n marina, y el terreno est\u00e1 compuesto principalmente por rocas formadas hace unos 20 a 7 millones de a\u00f1os, durante el per\u00edodo Mioceno, cuando toda el \u00e1rea a\u00fan estaba cubierta por aguas marinas, con la franja costera a varios kil\u00f3metros tierra adentro. El promontorio tiene un gran potencial paleontol\u00f3gico, con el descubrimiento de grandes dientes de tibur\u00f3n, restos de varias especies extintas de peces y f\u00f3siles de corales.<\/p>\n<p>Duraci\u00f3n:2 horas<\/p>\n<p><strong>Lugar de parada: <\/strong>Lagos, Lagos, Distrito de Faro, Algarve<\/p>\n<p>Lagos es una ciudad de la regi\u00f3n del Algarve, en el sur de Portugal. Es conocida por su casco antiguo amurallado, acantilados y playas atl\u00e1nticas. Unos empinados escalones de madera conducen a la cala de arena de Praia do Camilo. Los acantilados de la cercana Ponta da Piedade ofrecen unas vistas impresionantes del promontorio y de un faro. La Iglesia de San Antonio, una iglesia ornamentada del siglo XVIII, se encuentra frente al Castillo de los Gobernadores, un castillo con fachada barroca y torres.<\/p>\n<p>Duraci\u00f3n:2 horas<\/p>\n<p><strong>Lugar de parada: <\/strong>Albufeira, Albufeira, Distrito de Faro, Algarve<\/p>\n<p>Albufeira es una ciudad costera de la regi\u00f3n del Algarve, que se encuentra en el sur de Portugal. El antiguo pueblo de pescadores se ha convertido en un codiciado destino de vacaciones, con playas y una bulliciosa zona con atracciones de vida nocturna. Hoy en d\u00eda, los pescadores locales utilizan el moderno puerto deportivo, que tambi\u00e9n es una base para el buceo, la observaci\u00f3n de delfines y la navegaci\u00f3n. Est\u00e1 rodeado de coloridos edificios residenciales, con un paseo mar\u00edtimo.<\/p>\n<p>Duraci\u00f3n:2 horas<\/p>\n<p><strong>Lugar de parada: <\/strong>Algar Seco, Carvoeiro 8400 Portugal<\/p>\n<p>Es en Algar Seco donde se encuentra la famosa \u00abBoneca\u00bb, una roca en forma de cono invertido que supuestamente parece una mu\u00f1eca cuando se ve desde el mar. Diez escalones m\u00e1s abajo se encuentra la entrada a uno de los famosos t\u00faneles del Algar Seco. La vista desde el interior es absolutamente espectacular y te har\u00e1 entender por qu\u00e9 la zona de Algar Seco tiene la reputaci\u00f3n de ser una de las m\u00e1s bellas del planeta.<\/p>\n<p>Este lugar de trascendental belleza es sin duda una de las Mejores Cuevas del Algarve.<\/p>\n<p>Duraci\u00f3n:1<span class=\"biGQs _P pZUbB KxBGd\"> hora<\/span><\/p><\/div>\n\t\t\t\t<\/div> <div class='et-learn-more clearfix'>\n\t\t\t\t\t<h3 class='heading-more'>Salida y regreso<span class='et_learnmore_arrow'><span><\/span><\/span><\/h3>\n\t\t\t\t\t<div class='learn-more-content'><div>\n<ul>\n<li>\n<div>\n<div><strong>Inicio<\/strong>: M\u00faltiples lugares de recogida disponibles.<\/div>\n<\/div>\n<div>\n<ul>\n<li>\n<div>\n<div>Pra\u00e7a Marqu\u00eas de Pombal 8, 1250-160 Lisboa, Portugal<\/div>\n<div>Recogida frente al Hotel F\u00e9nix, Plaza Marqu\u00e9s de Pombal<\/div>\n<\/div>\n<\/li>\n<li>\n<div>\n<div>Detalles de la recogida<\/div>\n<div>El conductor te estar\u00e1 esperando, con un cartel con tu nombre.<\/div>\n<\/div>\n<\/li>\n<li>\n<div>\n<div>Servicio de recogida en el hotel disponible<\/div>\n<p>Durante el pago, puede seleccionar de la lista de hoteles incluidos.<\/p>\n<\/div>\n<\/li>\n<li>\n<div>\n<div>Servicio de recogida en el puerto disponible<\/div>\n<div>Durante el pago, puede seleccionar de la lista de puertos incluidos.<\/div>\n<div>\n<ul>\n<li>\n<div>Puerto de Cruceros de Lisboa &#8211; Jardim do Tabaco Quay, Doca Jardim do Tabaco Terminal de Cruzeiro de Lisboa, Av. Infante Dom Henrique, 1100-651 Lisboa, Portugal<\/div>\n<\/li>\n<\/ul>\n<\/div>\n<\/div>\n<\/li>\n<\/ul>\n<\/div>\n<div>\n<div><strong>Fin<\/strong>: Esta actividad finaliza en el punto de encuentro.<\/div>\n<\/div>\n<\/li>\n<\/ul>\n<\/div><\/div>\n\t\t\t\t<\/div> <div class='et-learn-more clearfix'>\n\t\t\t\t\t<h3 class='heading-more'>Accesibilidad<span class='et_learnmore_arrow'><span><\/span><\/span><\/h3>\n\t\t\t\t\t<div class='learn-more-content'><div>\n<ul>\n<li>No es accesible en silla de ruedas<\/li>\n<li>Cochecito accesible<\/li>\n<li>Se admiten animales de asistencia<\/li>\n<li>Cerca del transporte p\u00fablico<\/li>\n<li>Asientos para beb\u00e9s disponibles<\/li>\n<\/ul>\n<\/div>\n<div>\n<div>Si tienes preguntas sobre accesibilidad, estaremos encantados de ayudarte. Solo tienes que llamar <a href=\"tel:+351932221333\">al n\u00famero (+351) 932 221 333<\/a><\/div>\n<\/div><\/div>\n\t\t\t\t<\/div> <div class='et-learn-more clearfix'>\n\t\t\t\t\t<h3 class='heading-more'>Informaci\u00f3n adicional<span class='et_learnmore_arrow'><span><\/span><\/span><\/h3>\n\t\t\t\t\t<div class='learn-more-content'><div>\n<ul>\n<li>La confirmaci\u00f3n se recibir\u00e1 en el momento de la reserva<\/li>\n<li>La mayor\u00eda de los viajeros pueden participar<\/li>\n<li>Esta es una actividad\/tour privado. Solo participar\u00e1 tu grupo<\/li>\n<\/ul>\n<\/div><\/div>\n\t\t\t\t<\/div> <div class='et-learn-more clearfix'>\n\t\t\t\t\t<h3 class='heading-more'>Pol\u00edtica de cancelaci\u00f3n<span class='et_learnmore_arrow'><span><\/span><\/span><\/h3>\n\t\t\t\t\t<div class='learn-more-content'><div>Para obtener un reembolso completo, cancele dentro de las 72 horas posteriores a la reserva de su recorrido.<\/div><\/div>\n\t\t\t\t<\/div> <div class='et-learn-more clearfix'>\n\t\t\t\t\t<h3 class='heading-more'>Preguntas m\u00e1s frecuentes<span class='et_learnmore_arrow'><span><\/span><\/span><\/h3>\n\t\t\t\t\t<div class='learn-more-content'><div>\n<div><strong>\u00bfQu\u00e9 atracciones visitar\u00e9 con el tour privado al Algarve desde Lisboa con paseo en barco?<\/strong><\/div>\n<div>\n<div>\n<p>Durante esta experiencia, los lugares que visitar\u00e1s incluyen:<\/p>\n<ul>\n<li><a href=\"https:\/\/www.tripadvisor.pt\/Attraction_Review-g189115-d2513076-Reviews-Algar_Seco-Carvoeiro_Faro_District_Algarve.html\">Algar seco<\/a><\/li>\n<\/ul>\n<\/div>\n<\/div>\n<\/div>\n<div>\n<hr>\n<\/div>\n<div>\n<div><strong>\u00bfCu\u00e1nto cuesta Tour privado al Algarve desde Lisboa con paseo en barco?<\/strong><\/div>\n<div>\n<div>\n<p>Precio de la excursi\u00f3n privada al Algarve desde Lisboa con paseo en barco desde 562,32 \u20ac.<\/p>\n<div>\n<hr>\n<\/div>\n<div>\n<div>\n<div><strong>\u00bfQu\u00e9 empresa es responsable de la excursi\u00f3n privada al Algarve desde Lisboa con paseo en barco?<\/strong><\/div>\n<div>\n<div>\n<p>El tour privado al Algarve desde Lisboa con paseo en barco es presentado por RecordTours.<\/p>\n<div>\n<hr>\n<\/div>\n<\/div>\n<\/div>\n<\/div>\n<\/div>\n<\/div>\n<\/div>\n<p><strong>\u00bfCu\u00e1nto tiempo necesito para el tour privado por el Algarve desde Lisboa con paseo en barco?<\/strong><\/p>\n<div>\n<div>\n<div>\n<div>\n<div>En promedio, esta experiencia durar\u00e1 aproximadamente 12 horas.<\/div>\n<\/div>\n<\/div>\n<\/div>\n<\/div>\n<\/div><\/div>\n\t\t\t\t<\/div><div class='et-learn-more clearfix'>\n\t\t\t\t\t<h3 class='heading-more'>Ayuda<span class='et_learnmore_arrow'><span><\/span><\/span><\/h3>\n\t\t\t\t\t<div class='learn-more-content'><div>Si tiene preguntas sobre este tour o necesita ayuda para reservar, estaremos encantados de ayudarle. Solo tienes que llamar <a href=\"tel:+351932221333\">al n\u00famero (+351) 932 221 333<\/a><\/div><\/div>\n\t\t\t\t<\/div><\/p>\n","protected":false},"excerpt":{"rendered":"<p>Descubre Portugal m\u00e1s all\u00e1 de Lisboa con un tour privado de un d\u00eda completo por el Algarve&#8230;  <\/p>\n","protected":false},"author":3,"featured_media":3484,"comment_status":"closed","ping_status":"closed","sticky":false,"template":"","format":"standard","meta":{"_acf_changed":false,"_et_pb_use_builder":"","_et_pb_old_content":"","_et_gb_content_width":"","footnotes":""},"categories":[22,45],"tags":[],"class_list":["post-3557","post","type-post","status-publish","format-standard","has-post-thumbnail","hentry","category-tours","category-tours-diarios"],"acf":{"photo_gallery":{"tours_galeria":[[{"id":3558,"title":"","caption":"","full_image_url":"https:\/\/recordtours.pt\/wp-content\/uploads\/2024\/04\/tours-galeria-algarve-06.webp","thumbnail_image_url":"https:\/\/recordtours.pt\/wp-content\/uploads\/2024\/04\/tours-galeria-algarve-06-150x150.webp","large_srcset":"https:\/\/recordtours.pt\/wp-content\/uploads\/2024\/04\/tours-galeria-algarve-06-1024x683.webp 1024w, https:\/\/recordtours.pt\/wp-content\/uploads\/2024\/04\/tours-galeria-algarve-06-980x653.webp 980w, https:\/\/recordtours.pt\/wp-content\/uploads\/2024\/04\/tours-galeria-algarve-06-480x320.webp 480w","medium_srcset":false,"media_details":{"width":1200,"height":800,"sizes":{"medium":{"file":"tours-galeria-algarve-06-300x200.webp","width":300,"height":200,"mime-type":"image\/webp","filesize":22572,"source_url":"https:\/\/recordtours.pt\/wp-content\/uploads\/2024\/04\/tours-galeria-algarve-06-300x200.webp"},"large":{"file":"tours-galeria-algarve-06-1024x683.webp","width":1024,"height":683,"mime-type":"image\/webp","filesize":238776,"source_url":"https:\/\/recordtours.pt\/wp-content\/uploads\/2024\/04\/tours-galeria-algarve-06-1024x683.webp"},"thumbnail":{"file":"tours-galeria-algarve-06-150x150.webp","width":150,"height":150,"mime-type":"image\/webp","filesize":8870,"source_url":"https:\/\/recordtours.pt\/wp-content\/uploads\/2024\/04\/tours-galeria-algarve-06-150x150.webp"},"medium_large":{"file":"tours-galeria-algarve-06-768x512.webp","width":768,"height":512,"mime-type":"image\/webp","filesize":138038,"source_url":"https:\/\/recordtours.pt\/wp-content\/uploads\/2024\/04\/tours-galeria-algarve-06-768x512.webp"},"et-pb-post-main-image":{"file":"tours-galeria-algarve-06-400x250.webp","width":400,"height":250,"mime-type":"image\/webp","filesize":35696,"source_url":"https:\/\/recordtours.pt\/wp-content\/uploads\/2024\/04\/tours-galeria-algarve-06-400x250.webp"},"et-pb-post-main-image-fullwidth":{"file":"tours-galeria-algarve-06-1080x675.webp","width":1080,"height":675,"mime-type":"image\/webp","filesize":246850,"source_url":"https:\/\/recordtours.pt\/wp-content\/uploads\/2024\/04\/tours-galeria-algarve-06-1080x675.webp"},"et-pb-portfolio-image":{"file":"tours-galeria-algarve-06-400x284.webp","width":400,"height":284,"mime-type":"image\/webp","filesize":41188,"source_url":"https:\/\/recordtours.pt\/wp-content\/uploads\/2024\/04\/tours-galeria-algarve-06-400x284.webp"},"et-pb-portfolio-module-image":{"file":"tours-galeria-algarve-06-510x382.webp","width":510,"height":382,"mime-type":"image\/webp","filesize":69298,"source_url":"https:\/\/recordtours.pt\/wp-content\/uploads\/2024\/04\/tours-galeria-algarve-06-510x382.webp"},"et-pb-portfolio-image-single":{"file":"tours-galeria-algarve-06-1080x720.webp","width":1080,"height":720,"mime-type":"image\/webp","filesize":262320,"source_url":"https:\/\/recordtours.pt\/wp-content\/uploads\/2024\/04\/tours-galeria-algarve-06-1080x720.webp"},"et-pb-gallery-module-image-portrait":{"file":"tours-galeria-algarve-06-400x516.webp","width":400,"height":516,"mime-type":"image\/webp","filesize":69144,"source_url":"https:\/\/recordtours.pt\/wp-content\/uploads\/2024\/04\/tours-galeria-algarve-06-400x516.webp"},"et-pb-image--responsive--tablet":{"file":"tours-galeria-algarve-06-980x653.webp","width":980,"height":653,"mime-type":"image\/webp","filesize":219584,"source_url":"https:\/\/recordtours.pt\/wp-content\/uploads\/2024\/04\/tours-galeria-algarve-06-980x653.webp"},"et-pb-image--responsive--phone":{"file":"tours-galeria-algarve-06-480x320.webp","width":480,"height":320,"mime-type":"image\/webp","filesize":55018,"source_url":"https:\/\/recordtours.pt\/wp-content\/uploads\/2024\/04\/tours-galeria-algarve-06-480x320.webp"}}},"alt_text":"","url":"","target":""},{"id":3542,"title":"","caption":"","full_image_url":"https:\/\/recordtours.pt\/wp-content\/uploads\/2024\/03\/tours-galeria-algarve-01.webp","thumbnail_image_url":"https:\/\/recordtours.pt\/wp-content\/uploads\/2024\/03\/tours-galeria-algarve-01-150x150.webp","large_srcset":"https:\/\/recordtours.pt\/wp-content\/uploads\/2024\/03\/tours-galeria-algarve-01-1024x683.webp 1024w, https:\/\/recordtours.pt\/wp-content\/uploads\/2024\/03\/tours-galeria-algarve-01-980x653.webp 980w, https:\/\/recordtours.pt\/wp-content\/uploads\/2024\/03\/tours-galeria-algarve-01-480x320.webp 480w","medium_srcset":false,"media_details":{"width":1200,"height":800,"sizes":{"medium":{"file":"tours-galeria-algarve-01-300x200.webp","width":300,"height":200,"mime-type":"image\/webp","filesize":18506,"source_url":"https:\/\/recordtours.pt\/wp-content\/uploads\/2024\/03\/tours-galeria-algarve-01-300x200.webp"},"large":{"file":"tours-galeria-algarve-01-1024x683.webp","width":1024,"height":683,"mime-type":"image\/webp","filesize":185208,"source_url":"https:\/\/recordtours.pt\/wp-content\/uploads\/2024\/03\/tours-galeria-algarve-01-1024x683.webp"},"thumbnail":{"file":"tours-galeria-algarve-01-150x150.webp","width":150,"height":150,"mime-type":"image\/webp","filesize":7166,"source_url":"https:\/\/recordtours.pt\/wp-content\/uploads\/2024\/03\/tours-galeria-algarve-01-150x150.webp"},"medium_large":{"file":"tours-galeria-algarve-01-768x512.webp","width":768,"height":512,"mime-type":"image\/webp","filesize":104798,"source_url":"https:\/\/recordtours.pt\/wp-content\/uploads\/2024\/03\/tours-galeria-algarve-01-768x512.webp"},"et-pb-post-main-image":{"file":"tours-galeria-algarve-01-400x250.webp","width":400,"height":250,"mime-type":"image\/webp","filesize":29322,"source_url":"https:\/\/recordtours.pt\/wp-content\/uploads\/2024\/03\/tours-galeria-algarve-01-400x250.webp"},"et-pb-post-main-image-fullwidth":{"file":"tours-galeria-algarve-01-1080x675.webp","width":1080,"height":675,"mime-type":"image\/webp","filesize":195986,"source_url":"https:\/\/recordtours.pt\/wp-content\/uploads\/2024\/03\/tours-galeria-algarve-01-1080x675.webp"},"et-pb-portfolio-image":{"file":"tours-galeria-algarve-01-400x284.webp","width":400,"height":284,"mime-type":"image\/webp","filesize":32472,"source_url":"https:\/\/recordtours.pt\/wp-content\/uploads\/2024\/03\/tours-galeria-algarve-01-400x284.webp"},"et-pb-portfolio-module-image":{"file":"tours-galeria-algarve-01-510x382.webp","width":510,"height":382,"mime-type":"image\/webp","filesize":53440,"source_url":"https:\/\/recordtours.pt\/wp-content\/uploads\/2024\/03\/tours-galeria-algarve-01-510x382.webp"},"et-pb-portfolio-image-single":{"file":"tours-galeria-algarve-01-1080x720.webp","width":1080,"height":720,"mime-type":"image\/webp","filesize":204164,"source_url":"https:\/\/recordtours.pt\/wp-content\/uploads\/2024\/03\/tours-galeria-algarve-01-1080x720.webp"},"et-pb-gallery-module-image-portrait":{"file":"tours-galeria-algarve-01-400x516.webp","width":400,"height":516,"mime-type":"image\/webp","filesize":53686,"source_url":"https:\/\/recordtours.pt\/wp-content\/uploads\/2024\/03\/tours-galeria-algarve-01-400x516.webp"},"et-pb-image--responsive--tablet":{"file":"tours-galeria-algarve-01-980x653.webp","width":980,"height":653,"mime-type":"image\/webp","filesize":170706,"source_url":"https:\/\/recordtours.pt\/wp-content\/uploads\/2024\/03\/tours-galeria-algarve-01-980x653.webp"},"et-pb-image--responsive--phone":{"file":"tours-galeria-algarve-01-480x320.webp","width":480,"height":320,"mime-type":"image\/webp","filesize":42202,"source_url":"https:\/\/recordtours.pt\/wp-content\/uploads\/2024\/03\/tours-galeria-algarve-01-480x320.webp"}}},"alt_text":"","url":"","target":""},{"id":3758,"title":"","caption":"","full_image_url":"https:\/\/recordtours.pt\/wp-content\/uploads\/2024\/03\/tours-galeria-algarve2-03.webp","thumbnail_image_url":"https:\/\/recordtours.pt\/wp-content\/uploads\/2024\/03\/tours-galeria-algarve2-03-150x150.webp","large_srcset":"https:\/\/recordtours.pt\/wp-content\/uploads\/2024\/03\/tours-galeria-algarve2-03-1024x683.webp 1024w, https:\/\/recordtours.pt\/wp-content\/uploads\/2024\/03\/tours-galeria-algarve2-03-980x653.webp 980w, https:\/\/recordtours.pt\/wp-content\/uploads\/2024\/03\/tours-galeria-algarve2-03-480x320.webp 480w","medium_srcset":false,"media_details":{"width":1200,"height":800,"sizes":{"medium":{"file":"tours-galeria-algarve2-03-300x200.webp","width":300,"height":200,"mime-type":"image\/webp","filesize":20344,"source_url":"https:\/\/recordtours.pt\/wp-content\/uploads\/2024\/03\/tours-galeria-algarve2-03-300x200.webp"},"large":{"file":"tours-galeria-algarve2-03-1024x683.webp","width":1024,"height":683,"mime-type":"image\/webp","filesize":218858,"source_url":"https:\/\/recordtours.pt\/wp-content\/uploads\/2024\/03\/tours-galeria-algarve2-03-1024x683.webp"},"thumbnail":{"file":"tours-galeria-algarve2-03-150x150.webp","width":150,"height":150,"mime-type":"image\/webp","filesize":8178,"source_url":"https:\/\/recordtours.pt\/wp-content\/uploads\/2024\/03\/tours-galeria-algarve2-03-150x150.webp"},"medium_large":{"file":"tours-galeria-algarve2-03-768x512.webp","width":768,"height":512,"mime-type":"image\/webp","filesize":125694,"source_url":"https:\/\/recordtours.pt\/wp-content\/uploads\/2024\/03\/tours-galeria-algarve2-03-768x512.webp"},"et-pb-post-main-image":{"file":"tours-galeria-algarve2-03-400x250.webp","width":400,"height":250,"mime-type":"image\/webp","filesize":32058,"source_url":"https:\/\/recordtours.pt\/wp-content\/uploads\/2024\/03\/tours-galeria-algarve2-03-400x250.webp"},"et-pb-post-main-image-fullwidth":{"file":"tours-galeria-algarve2-03-1080x675.webp","width":1080,"height":675,"mime-type":"image\/webp","filesize":232912,"source_url":"https:\/\/recordtours.pt\/wp-content\/uploads\/2024\/03\/tours-galeria-algarve2-03-1080x675.webp"},"et-pb-portfolio-image":{"file":"tours-galeria-algarve2-03-400x284.webp","width":400,"height":284,"mime-type":"image\/webp","filesize":36256,"source_url":"https:\/\/recordtours.pt\/wp-content\/uploads\/2024\/03\/tours-galeria-algarve2-03-400x284.webp"},"et-pb-portfolio-module-image":{"file":"tours-galeria-algarve2-03-510x382.webp","width":510,"height":382,"mime-type":"image\/webp","filesize":62814,"source_url":"https:\/\/recordtours.pt\/wp-content\/uploads\/2024\/03\/tours-galeria-algarve2-03-510x382.webp"},"et-pb-portfolio-image-single":{"file":"tours-galeria-algarve2-03-1080x720.webp","width":1080,"height":720,"mime-type":"image\/webp","filesize":241376,"source_url":"https:\/\/recordtours.pt\/wp-content\/uploads\/2024\/03\/tours-galeria-algarve2-03-1080x720.webp"},"et-pb-gallery-module-image-portrait":{"file":"tours-galeria-algarve2-03-400x516.webp","width":400,"height":516,"mime-type":"image\/webp","filesize":69110,"source_url":"https:\/\/recordtours.pt\/wp-content\/uploads\/2024\/03\/tours-galeria-algarve2-03-400x516.webp"},"et-pb-image--responsive--tablet":{"file":"tours-galeria-algarve2-03-980x653.webp","width":980,"height":653,"mime-type":"image\/webp","filesize":201848,"source_url":"https:\/\/recordtours.pt\/wp-content\/uploads\/2024\/03\/tours-galeria-algarve2-03-980x653.webp"},"et-pb-image--responsive--phone":{"file":"tours-galeria-algarve2-03-480x320.webp","width":480,"height":320,"mime-type":"image\/webp","filesize":48018,"source_url":"https:\/\/recordtours.pt\/wp-content\/uploads\/2024\/03\/tours-galeria-algarve2-03-480x320.webp"}}},"alt_text":"","url":"","target":""},{"id":3544,"title":"","caption":"","full_image_url":"https:\/\/recordtours.pt\/wp-content\/uploads\/2024\/03\/tours-galeria-algarve-03.webp","thumbnail_image_url":"https:\/\/recordtours.pt\/wp-content\/uploads\/2024\/03\/tours-galeria-algarve-03-150x150.webp","large_srcset":"https:\/\/recordtours.pt\/wp-content\/uploads\/2024\/03\/tours-galeria-algarve-03-1024x683.webp 1024w, https:\/\/recordtours.pt\/wp-content\/uploads\/2024\/03\/tours-galeria-algarve-03-980x653.webp 980w, https:\/\/recordtours.pt\/wp-content\/uploads\/2024\/03\/tours-galeria-algarve-03-480x320.webp 480w","medium_srcset":false,"media_details":{"width":1200,"height":800,"sizes":{"medium":{"file":"tours-galeria-algarve-03-300x200.webp","width":300,"height":200,"mime-type":"image\/webp","filesize":17572,"source_url":"https:\/\/recordtours.pt\/wp-content\/uploads\/2024\/03\/tours-galeria-algarve-03-300x200.webp"},"large":{"file":"tours-galeria-algarve-03-1024x683.webp","width":1024,"height":683,"mime-type":"image\/webp","filesize":150976,"source_url":"https:\/\/recordtours.pt\/wp-content\/uploads\/2024\/03\/tours-galeria-algarve-03-1024x683.webp"},"thumbnail":{"file":"tours-galeria-algarve-03-150x150.webp","width":150,"height":150,"mime-type":"image\/webp","filesize":7410,"source_url":"https:\/\/recordtours.pt\/wp-content\/uploads\/2024\/03\/tours-galeria-algarve-03-150x150.webp"},"medium_large":{"file":"tours-galeria-algarve-03-768x512.webp","width":768,"height":512,"mime-type":"image\/webp","filesize":92054,"source_url":"https:\/\/recordtours.pt\/wp-content\/uploads\/2024\/03\/tours-galeria-algarve-03-768x512.webp"},"et-pb-post-main-image":{"file":"tours-galeria-algarve-03-400x250.webp","width":400,"height":250,"mime-type":"image\/webp","filesize":27180,"source_url":"https:\/\/recordtours.pt\/wp-content\/uploads\/2024\/03\/tours-galeria-algarve-03-400x250.webp"},"et-pb-post-main-image-fullwidth":{"file":"tours-galeria-algarve-03-1080x675.webp","width":1080,"height":675,"mime-type":"image\/webp","filesize":159462,"source_url":"https:\/\/recordtours.pt\/wp-content\/uploads\/2024\/03\/tours-galeria-algarve-03-1080x675.webp"},"et-pb-portfolio-image":{"file":"tours-galeria-algarve-03-400x284.webp","width":400,"height":284,"mime-type":"image\/webp","filesize":30214,"source_url":"https:\/\/recordtours.pt\/wp-content\/uploads\/2024\/03\/tours-galeria-algarve-03-400x284.webp"},"et-pb-portfolio-module-image":{"file":"tours-galeria-algarve-03-510x382.webp","width":510,"height":382,"mime-type":"image\/webp","filesize":49152,"source_url":"https:\/\/recordtours.pt\/wp-content\/uploads\/2024\/03\/tours-galeria-algarve-03-510x382.webp"},"et-pb-portfolio-image-single":{"file":"tours-galeria-algarve-03-1080x720.webp","width":1080,"height":720,"mime-type":"image\/webp","filesize":165110,"source_url":"https:\/\/recordtours.pt\/wp-content\/uploads\/2024\/03\/tours-galeria-algarve-03-1080x720.webp"},"et-pb-gallery-module-image-portrait":{"file":"tours-galeria-algarve-03-400x516.webp","width":400,"height":516,"mime-type":"image\/webp","filesize":49746,"source_url":"https:\/\/recordtours.pt\/wp-content\/uploads\/2024\/03\/tours-galeria-algarve-03-400x516.webp"},"et-pb-image--responsive--tablet":{"file":"tours-galeria-algarve-03-980x653.webp","width":980,"height":653,"mime-type":"image\/webp","filesize":140828,"source_url":"https:\/\/recordtours.pt\/wp-content\/uploads\/2024\/03\/tours-galeria-algarve-03-980x653.webp"},"et-pb-image--responsive--phone":{"file":"tours-galeria-algarve-03-480x320.webp","width":480,"height":320,"mime-type":"image\/webp","filesize":39106,"source_url":"https:\/\/recordtours.pt\/wp-content\/uploads\/2024\/03\/tours-galeria-algarve-03-480x320.webp"}}},"alt_text":"","url":"","target":""}]]}},"_links":{"self":[{"href":"https:\/\/recordtours.pt\/es\/wp-json\/wp\/v2\/posts\/3557","targetHints":{"allow":["GET"]}}],"collection":[{"href":"https:\/\/recordtours.pt\/es\/wp-json\/wp\/v2\/posts"}],"about":[{"href":"https:\/\/recordtours.pt\/es\/wp-json\/wp\/v2\/types\/post"}],"author":[{"embeddable":true,"href":"https:\/\/recordtours.pt\/es\/wp-json\/wp\/v2\/users\/3"}],"replies":[{"embeddable":true,"href":"https:\/\/recordtours.pt\/es\/wp-json\/wp\/v2\/comments?post=3557"}],"version-history":[{"count":0,"href":"https:\/\/recordtours.pt\/es\/wp-json\/wp\/v2\/posts\/3557\/revisions"}],"wp:featuredmedia":[{"embeddable":true,"href":"https:\/\/recordtours.pt\/es\/wp-json\/wp\/v2\/media\/3484"}],"wp:attachment":[{"href":"https:\/\/recordtours.pt\/es\/wp-json\/wp\/v2\/media?parent=3557"}],"wp:term":[{"taxonomy":"category","embeddable":true,"href":"https:\/\/recordtours.pt\/es\/wp-json\/wp\/v2\/categories?post=3557"},{"taxonomy":"post_tag","embeddable":true,"href":"https:\/\/recordtours.pt\/es\/wp-json\/wp\/v2\/tags?post=3557"}],"curies":[{"name":"wp","href":"https:\/\/api.w.org\/{rel}","templated":true}]}}