{"id":3595,"date":"2024-03-05T14:52:44","date_gmt":"2024-03-05T14:52:44","guid":{"rendered":"https:\/\/recordtours.pt\/tour-privado-de-7-dias-por-portugal-en-grupos-pequenos-desde-lisboa\/"},"modified":"2024-06-24T11:53:51","modified_gmt":"2024-06-24T11:53:51","slug":"tour-privado-de-7-dias-por-portugal-en-grupos-pequenos-desde-lisboa","status":"publish","type":"post","link":"https:\/\/recordtours.pt\/es\/tour-privado-de-7-dias-por-portugal-en-grupos-pequenos-desde-lisboa\/","title":{"rendered":"Tour privado de 7 d\u00edas por Portugal en grupos peque\u00f1os desde Lisboa"},"content":{"rendered":"<p>Pase una semana visitando ciudades y pueblos que llenan el centro de Portugal durante este tour privado de siete d\u00edas. Te alojar\u00e1s en Lisboa u Oporto todas las noches, lo que reducir\u00e1 la frecuencia con la que tendr\u00e1s que llevar tu equipaje. Visite los sitios hist\u00f3ricos de Sintra, Faro y Coimbra. Saborea el vino local en Oporto y el valle del Duero. Admira la belleza de la campi\u00f1a portuguesa mientras recibes entrada gratuita a la mayor\u00eda de las atracciones de cada ciudad. El alojamiento y las comidas no est\u00e1n incluidos en este tour.<\/p>\n<div class='et-learn-more clearfix'>\n\t\t\t\t\t<h3 class='heading-more'>\u00bfQu\u00e9 est\u00e1 incluido?<span class='et_learnmore_arrow'><span><\/span><\/span><\/h3>\n\t\t\t\t\t<div class='learn-more-content'><div>\n<ul>\n<li>Veh\u00edculo con aire acondicionado<\/li>\n<li>Transporte Privado<\/li>\n<li>Wi-Fi a bordo<\/li>\n<\/ul>\n<\/div>\n<div>\n<div><strong>Lo que no est\u00e1 incluido<\/strong><\/div>\n<ul>\n<li>Entrada\/Admisi\u00f3n &#8211; Castillo de San Jorge<\/li>\n<li>Entrada\/Admisi\u00f3n &#8211; Torre de Bel\u00e9m<\/li>\n<li>Entrada\/Admisi\u00f3n &#8211; Palacio de Bel\u00e9m<\/li>\n<li>Entrada\/Admisi\u00f3n &#8211; Palacio Nacional de Sintra<\/li>\n<li>Entrada\/Admisi\u00f3n \u2013 Universidad de Coimbra<\/li>\n<li>Entrada\/Admisi\u00f3n &#8211; Livraria Lello<\/li>\n<li>Entrada\/Admisi\u00f3n &#8211; Churchill&#8217;s<\/li>\n<li>Entrada\/Admisi\u00f3n &#8211; Quinta do Seixo &#8211; Sandeman<\/li>\n<li>Entrada\/Admisi\u00f3n &#8211; Centro Hist\u00f3rico de \u00c9vora<\/li>\n<li>Entrada\/Admisi\u00f3n &#8211; Capilla de los Huesos (\u00c9vora)<\/li>\n<li>Entrada\/Admisi\u00f3n &#8211; Iglesia Real de San Francisco<\/li>\n<\/ul>\n<\/div><\/div>\n\t\t\t\t<\/div> <div class='et-learn-more clearfix'>\n\t\t\t\t\t<h3 class='heading-more'>Salida y regreso<span class='et_learnmore_arrow'><span><\/span><\/span><\/h3>\n\t\t\t\t\t<div class='learn-more-content'><div>\n<ul>\n<li>\n<div>\n<div><strong>Inicio<\/strong>:<\/div>\n<\/div>\n<div>\n<ul>\n<li>\n<div>\n<div>Pra\u00e7a Marqu\u00eas de Pombal 8, 1250-160 Lisboa, Portugal<\/div>\n<div>Recogida frente al Hotel F\u00e9nix, Plaza Marqu\u00e9s de Pombal<\/div>\n<\/div>\n<\/li>\n<\/ul>\n<\/div>\n<div>\n<div><strong>Fin<\/strong>: Esta actividad finaliza en el punto de encuentro.<\/div>\n<\/div>\n<\/li>\n<\/ul>\n<\/div><\/div>\n\t\t\t\t<\/div> <div class='et-learn-more clearfix'>\n\t\t\t\t\t<h3 class='heading-more'>Accesibilidad<span class='et_learnmore_arrow'><span><\/span><\/span><\/h3>\n\t\t\t\t\t<div class='learn-more-content'><div>\n<ul>\n<li>No es accesible en silla de ruedas<\/li>\n<li>Cerca del transporte p\u00fablico<\/li>\n<li>Asientos para beb\u00e9s disponibles<\/li>\n<\/ul>\n<\/div>\n<div>\n<div>Si tienes preguntas sobre accesibilidad, estaremos encantados de ayudarte. Solo tienes que llamar <a href=\"tel:+351932221333\">al n\u00famero (+351) 932 221 333<\/a><\/div>\n<\/div><\/div>\n\t\t\t\t<\/div> <div class='et-learn-more clearfix'>\n\t\t\t\t\t<h3 class='heading-more'>Informaci\u00f3n adicional<span class='et_learnmore_arrow'><span><\/span><\/span><\/h3>\n\t\t\t\t\t<div class='learn-more-content'><div>\n<ul>\n<li>La confirmaci\u00f3n se recibir\u00e1 en el momento de la reserva<\/li>\n<li>La mayor\u00eda de los viajeros pueden participar<\/li>\n<li>Esta es una actividad\/tour privado. Solo participar\u00e1 tu grupo<\/li>\n<\/ul>\n<\/div><\/div>\n\t\t\t\t<\/div> <div class='et-learn-more clearfix'>\n\t\t\t\t\t<h3 class='heading-more'>Pol\u00edtica de cancelaci\u00f3n<span class='et_learnmore_arrow'><span><\/span><\/span><\/h3>\n\t\t\t\t\t<div class='learn-more-content'><div>Para obtener un reembolso completo, cancele dentro de las 72 horas posteriores a la reserva de su recorrido.<\/div><\/div>\n\t\t\t\t<\/div> <div class='et-learn-more clearfix'>\n\t\t\t\t\t<h3 class='heading-more'>Preguntas m\u00e1s frecuentes<span class='et_learnmore_arrow'><span><\/span><\/span><\/h3>\n\t\t\t\t\t<div class='learn-more-content'><div>\n<div><strong>\u00bfQu\u00e9 atracciones visitar\u00e9 con el tour privado de 7 d\u00edas en grupo peque\u00f1o por Portugal desde Lisboa?<\/strong><\/div>\n<div>\n<div>\n<p>Durante esta experiencia, los lugares que visitar\u00e1s incluyen:<\/p>\n<ul>\n<li><a href=\"https:\/\/www.tripadvisor.pt\/Attraction_Review-g189158-d195107-Reviews-Castelo_de_S_Jorge-Lisbon_Lisbon_District_Central_Portugal.html\">Castillo de San Jorge<\/a><\/li>\n<li><a href=\"https:\/\/www.tripadvisor.pt\/Attraction_Review-g189158-d195314-Reviews-Cidade_Baixa-Lisbon_Lisbon_District_Central_Portugal.html\">Ciudad Baja<\/a><\/li>\n<li><a href=\"https:\/\/www.tripadvisor.pt\/Attraction_Review-g189158-d195649-Reviews-Alfama-Lisbon_Lisbon_District_Central_Portugal.html\">Alfama<\/a><\/li>\n<li><a href=\"https:\/\/www.tripadvisor.pt\/Attraction_Review-g189106-d196208-Reviews-Capela_dos_Ossos-Evora_Evora_District_Alentejo.html\">Capilla de los Huesos (\u00c9vora)<\/a><\/li>\n<li><a href=\"https:\/\/www.tripadvisor.pt\/Attraction_Review-g189157-d196723-Reviews-Basilica_de_Nossa_Senhora_do_Rosario_de_Fatima-Fatima_Santarem_District_Central_Po.html\">Bas\u00edlica de Nuestra Se\u00f1ora del Rosario de F\u00e1tima<\/a><\/li>\n<\/ul>\n<\/div>\n<\/div>\n<\/div>\n<div>\n<hr>\n<\/div>\n<div>\n<div><strong>\u00bfCu\u00e1nto cuesta Tour privado de 7 d\u00edas por Portugal en grupos peque\u00f1os desde Lisboa?<\/strong><\/div>\n<div>\n<div>Precio del tour privado de 7 d\u00edas en grupo peque\u00f1o en Portugal desde Lisboa desde 1.421,62 \u20ac.<\/div>\n<\/div>\n<\/div>\n<div>\n<hr>\n<\/div>\n<div>\n<div><strong>\u00bfQu\u00e9 empresa es responsable del tour privado de 7 d\u00edas por Portugal en grupo peque\u00f1o desde Lisboa?<\/strong><\/div>\n<div>\n<div>El tour privado de 7 d\u00edas para grupos peque\u00f1os de Portugal desde Lisboa es presentado por RecordTours.<\/div>\n<\/div>\n<\/div><\/div>\n\t\t\t\t<\/div><div class='et-learn-more clearfix'>\n\t\t\t\t\t<h3 class='heading-more'>Ayuda<span class='et_learnmore_arrow'><span><\/span><\/span><\/h3>\n\t\t\t\t\t<div class='learn-more-content'><div>Si tiene preguntas sobre este tour o necesita ayuda para reservar, estaremos encantados de ayudarle. Solo tienes que llamar <a href=\"tel:+351932221333\">al n\u00famero (+351) 932 221 333<\/a><\/div><\/div>\n\t\t\t\t<\/div><\/p>\n","protected":false},"excerpt":{"rendered":"<p>Tour privado de siete d\u00edas en Portugal desde Lisboa, el itinerario perfecto, para aquellos que quieren visitar el norte y el centro de Portugal&#8230;  <\/p>\n","protected":false},"author":3,"featured_media":3599,"comment_status":"closed","ping_status":"closed","sticky":false,"template":"","format":"standard","meta":{"_acf_changed":false,"_et_pb_use_builder":"","_et_pb_old_content":"","_et_gb_content_width":"","footnotes":""},"categories":[49,22],"tags":[],"class_list":["post-3595","post","type-post","status-publish","format-standard","has-post-thumbnail","hentry","category-itinerarios-de-varios-dias","category-tours"],"acf":{"photo_gallery":{"tours_galeria":[[{"id":3598,"title":"","caption":"","full_image_url":"https:\/\/recordtours.pt\/wp-content\/uploads\/2024\/03\/tours-galeria-portugal-02.webp","thumbnail_image_url":"https:\/\/recordtours.pt\/wp-content\/uploads\/2024\/03\/tours-galeria-portugal-02-150x150.webp","large_srcset":"https:\/\/recordtours.pt\/wp-content\/uploads\/2024\/03\/tours-galeria-portugal-02-1024x683.webp 1024w, https:\/\/recordtours.pt\/wp-content\/uploads\/2024\/03\/tours-galeria-portugal-02-980x653.webp 980w, https:\/\/recordtours.pt\/wp-content\/uploads\/2024\/03\/tours-galeria-portugal-02-480x320.webp 480w","medium_srcset":false,"media_details":{"width":1200,"height":800,"sizes":{"medium":{"file":"tours-galeria-portugal-02-300x200.webp","width":300,"height":200,"mime-type":"image\/webp","filesize":19624,"source_url":"https:\/\/recordtours.pt\/wp-content\/uploads\/2024\/03\/tours-galeria-portugal-02-300x200.webp"},"large":{"file":"tours-galeria-portugal-02-1024x683.webp","width":1024,"height":683,"mime-type":"image\/webp","filesize":237256,"source_url":"https:\/\/recordtours.pt\/wp-content\/uploads\/2024\/03\/tours-galeria-portugal-02-1024x683.webp"},"thumbnail":{"file":"tours-galeria-portugal-02-150x150.webp","width":150,"height":150,"mime-type":"image\/webp","filesize":7680,"source_url":"https:\/\/recordtours.pt\/wp-content\/uploads\/2024\/03\/tours-galeria-portugal-02-150x150.webp"},"medium_large":{"file":"tours-galeria-portugal-02-768x512.webp","width":768,"height":512,"mime-type":"image\/webp","filesize":131646,"source_url":"https:\/\/recordtours.pt\/wp-content\/uploads\/2024\/03\/tours-galeria-portugal-02-768x512.webp"},"et-pb-post-main-image":{"file":"tours-galeria-portugal-02-400x250.webp","width":400,"height":250,"mime-type":"image\/webp","filesize":31958,"source_url":"https:\/\/recordtours.pt\/wp-content\/uploads\/2024\/03\/tours-galeria-portugal-02-400x250.webp"},"et-pb-post-main-image-fullwidth":{"file":"tours-galeria-portugal-02-1080x675.webp","width":1080,"height":675,"mime-type":"image\/webp","filesize":252056,"source_url":"https:\/\/recordtours.pt\/wp-content\/uploads\/2024\/03\/tours-galeria-portugal-02-1080x675.webp"},"et-pb-portfolio-image":{"file":"tours-galeria-portugal-02-400x284.webp","width":400,"height":284,"mime-type":"image\/webp","filesize":36288,"source_url":"https:\/\/recordtours.pt\/wp-content\/uploads\/2024\/03\/tours-galeria-portugal-02-400x284.webp"},"et-pb-portfolio-module-image":{"file":"tours-galeria-portugal-02-510x382.webp","width":510,"height":382,"mime-type":"image\/webp","filesize":64424,"source_url":"https:\/\/recordtours.pt\/wp-content\/uploads\/2024\/03\/tours-galeria-portugal-02-510x382.webp"},"et-pb-portfolio-image-single":{"file":"tours-galeria-portugal-02-1080x720.webp","width":1080,"height":720,"mime-type":"image\/webp","filesize":261148,"source_url":"https:\/\/recordtours.pt\/wp-content\/uploads\/2024\/03\/tours-galeria-portugal-02-1080x720.webp"},"et-pb-gallery-module-image-portrait":{"file":"tours-galeria-portugal-02-400x516.webp","width":400,"height":516,"mime-type":"image\/webp","filesize":68842,"source_url":"https:\/\/recordtours.pt\/wp-content\/uploads\/2024\/03\/tours-galeria-portugal-02-400x516.webp"},"et-pb-image--responsive--tablet":{"file":"tours-galeria-portugal-02-980x653.webp","width":980,"height":653,"mime-type":"image\/webp","filesize":213722,"source_url":"https:\/\/recordtours.pt\/wp-content\/uploads\/2024\/03\/tours-galeria-portugal-02-980x653.webp"},"et-pb-image--responsive--phone":{"file":"tours-galeria-portugal-02-480x320.webp","width":480,"height":320,"mime-type":"image\/webp","filesize":49138,"source_url":"https:\/\/recordtours.pt\/wp-content\/uploads\/2024\/03\/tours-galeria-portugal-02-480x320.webp"}}},"alt_text":"","url":"","target":""},{"id":3597,"title":"","caption":"","full_image_url":"https:\/\/recordtours.pt\/wp-content\/uploads\/2024\/03\/tours-galeria-portugal-01.webp","thumbnail_image_url":"https:\/\/recordtours.pt\/wp-content\/uploads\/2024\/03\/tours-galeria-portugal-01-150x150.webp","large_srcset":"https:\/\/recordtours.pt\/wp-content\/uploads\/2024\/03\/tours-galeria-portugal-01-1024x683.webp 1024w, https:\/\/recordtours.pt\/wp-content\/uploads\/2024\/03\/tours-galeria-portugal-01-980x653.webp 980w, https:\/\/recordtours.pt\/wp-content\/uploads\/2024\/03\/tours-galeria-portugal-01-480x320.webp 480w","medium_srcset":false,"media_details":{"width":1200,"height":800,"sizes":{"medium":{"file":"tours-galeria-portugal-01-300x200.webp","width":300,"height":200,"mime-type":"image\/webp","filesize":17046,"source_url":"https:\/\/recordtours.pt\/wp-content\/uploads\/2024\/03\/tours-galeria-portugal-01-300x200.webp"},"large":{"file":"tours-galeria-portugal-01-1024x683.webp","width":1024,"height":683,"mime-type":"image\/webp","filesize":133068,"source_url":"https:\/\/recordtours.pt\/wp-content\/uploads\/2024\/03\/tours-galeria-portugal-01-1024x683.webp"},"thumbnail":{"file":"tours-galeria-portugal-01-150x150.webp","width":150,"height":150,"mime-type":"image\/webp","filesize":7064,"source_url":"https:\/\/recordtours.pt\/wp-content\/uploads\/2024\/03\/tours-galeria-portugal-01-150x150.webp"},"medium_large":{"file":"tours-galeria-portugal-01-768x512.webp","width":768,"height":512,"mime-type":"image\/webp","filesize":83676,"source_url":"https:\/\/recordtours.pt\/wp-content\/uploads\/2024\/03\/tours-galeria-portugal-01-768x512.webp"},"et-pb-post-main-image":{"file":"tours-galeria-portugal-01-400x250.webp","width":400,"height":250,"mime-type":"image\/webp","filesize":26836,"source_url":"https:\/\/recordtours.pt\/wp-content\/uploads\/2024\/03\/tours-galeria-portugal-01-400x250.webp"},"et-pb-post-main-image-fullwidth":{"file":"tours-galeria-portugal-01-1080x675.webp","width":1080,"height":675,"mime-type":"image\/webp","filesize":138368,"source_url":"https:\/\/recordtours.pt\/wp-content\/uploads\/2024\/03\/tours-galeria-portugal-01-1080x675.webp"},"et-pb-portfolio-image":{"file":"tours-galeria-portugal-01-400x284.webp","width":400,"height":284,"mime-type":"image\/webp","filesize":29492,"source_url":"https:\/\/recordtours.pt\/wp-content\/uploads\/2024\/03\/tours-galeria-portugal-01-400x284.webp"},"et-pb-portfolio-module-image":{"file":"tours-galeria-portugal-01-510x382.webp","width":510,"height":382,"mime-type":"image\/webp","filesize":45930,"source_url":"https:\/\/recordtours.pt\/wp-content\/uploads\/2024\/03\/tours-galeria-portugal-01-510x382.webp"},"et-pb-portfolio-image-single":{"file":"tours-galeria-portugal-01-1080x720.webp","width":1080,"height":720,"mime-type":"image\/webp","filesize":139814,"source_url":"https:\/\/recordtours.pt\/wp-content\/uploads\/2024\/03\/tours-galeria-portugal-01-1080x720.webp"},"et-pb-gallery-module-image-portrait":{"file":"tours-galeria-portugal-01-400x516.webp","width":400,"height":516,"mime-type":"image\/webp","filesize":46278,"source_url":"https:\/\/recordtours.pt\/wp-content\/uploads\/2024\/03\/tours-galeria-portugal-01-400x516.webp"},"et-pb-image--responsive--tablet":{"file":"tours-galeria-portugal-01-980x653.webp","width":980,"height":653,"mime-type":"image\/webp","filesize":124908,"source_url":"https:\/\/recordtours.pt\/wp-content\/uploads\/2024\/03\/tours-galeria-portugal-01-980x653.webp"},"et-pb-image--responsive--phone":{"file":"tours-galeria-portugal-01-480x320.webp","width":480,"height":320,"mime-type":"image\/webp","filesize":38114,"source_url":"https:\/\/recordtours.pt\/wp-content\/uploads\/2024\/03\/tours-galeria-portugal-01-480x320.webp"}}},"alt_text":"","url":"","target":""},{"id":3596,"title":"","caption":"","full_image_url":"https:\/\/recordtours.pt\/wp-content\/uploads\/2024\/03\/tours-galeria-portugal-03.webp","thumbnail_image_url":"https:\/\/recordtours.pt\/wp-content\/uploads\/2024\/03\/tours-galeria-portugal-03-150x150.webp","large_srcset":"https:\/\/recordtours.pt\/wp-content\/uploads\/2024\/03\/tours-galeria-portugal-03-1024x683.webp 1024w, https:\/\/recordtours.pt\/wp-content\/uploads\/2024\/03\/tours-galeria-portugal-03-980x653.webp 980w, https:\/\/recordtours.pt\/wp-content\/uploads\/2024\/03\/tours-galeria-portugal-03-480x320.webp 480w","medium_srcset":false,"media_details":{"width":1200,"height":800,"sizes":{"medium":{"file":"tours-galeria-portugal-03-300x200.webp","width":300,"height":200,"mime-type":"image\/webp","filesize":12358,"source_url":"https:\/\/recordtours.pt\/wp-content\/uploads\/2024\/03\/tours-galeria-portugal-03-300x200.webp"},"large":{"file":"tours-galeria-portugal-03-1024x683.webp","width":1024,"height":683,"mime-type":"image\/webp","filesize":101344,"source_url":"https:\/\/recordtours.pt\/wp-content\/uploads\/2024\/03\/tours-galeria-portugal-03-1024x683.webp"},"thumbnail":{"file":"tours-galeria-portugal-03-150x150.webp","width":150,"height":150,"mime-type":"image\/webp","filesize":5962,"source_url":"https:\/\/recordtours.pt\/wp-content\/uploads\/2024\/03\/tours-galeria-portugal-03-150x150.webp"},"medium_large":{"file":"tours-galeria-portugal-03-768x512.webp","width":768,"height":512,"mime-type":"image\/webp","filesize":61892,"source_url":"https:\/\/recordtours.pt\/wp-content\/uploads\/2024\/03\/tours-galeria-portugal-03-768x512.webp"},"et-pb-post-main-image":{"file":"tours-galeria-portugal-03-400x250.webp","width":400,"height":250,"mime-type":"image\/webp","filesize":18610,"source_url":"https:\/\/recordtours.pt\/wp-content\/uploads\/2024\/03\/tours-galeria-portugal-03-400x250.webp"},"et-pb-post-main-image-fullwidth":{"file":"tours-galeria-portugal-03-1080x675.webp","width":1080,"height":675,"mime-type":"image\/webp","filesize":102098,"source_url":"https:\/\/recordtours.pt\/wp-content\/uploads\/2024\/03\/tours-galeria-portugal-03-1080x675.webp"},"et-pb-portfolio-image":{"file":"tours-galeria-portugal-03-400x284.webp","width":400,"height":284,"mime-type":"image\/webp","filesize":21424,"source_url":"https:\/\/recordtours.pt\/wp-content\/uploads\/2024\/03\/tours-galeria-portugal-03-400x284.webp"},"et-pb-portfolio-module-image":{"file":"tours-galeria-portugal-03-510x382.webp","width":510,"height":382,"mime-type":"image\/webp","filesize":34872,"source_url":"https:\/\/recordtours.pt\/wp-content\/uploads\/2024\/03\/tours-galeria-portugal-03-510x382.webp"},"et-pb-portfolio-image-single":{"file":"tours-galeria-portugal-03-1080x720.webp","width":1080,"height":720,"mime-type":"image\/webp","filesize":113158,"source_url":"https:\/\/recordtours.pt\/wp-content\/uploads\/2024\/03\/tours-galeria-portugal-03-1080x720.webp"},"et-pb-gallery-module-image-portrait":{"file":"tours-galeria-portugal-03-400x516.webp","width":400,"height":516,"mime-type":"image\/webp","filesize":42276,"source_url":"https:\/\/recordtours.pt\/wp-content\/uploads\/2024\/03\/tours-galeria-portugal-03-400x516.webp"},"et-pb-image--responsive--tablet":{"file":"tours-galeria-portugal-03-980x653.webp","width":980,"height":653,"mime-type":"image\/webp","filesize":96296,"source_url":"https:\/\/recordtours.pt\/wp-content\/uploads\/2024\/03\/tours-galeria-portugal-03-980x653.webp"},"et-pb-image--responsive--phone":{"file":"tours-galeria-portugal-03-480x320.webp","width":480,"height":320,"mime-type":"image\/webp","filesize":27022,"source_url":"https:\/\/recordtours.pt\/wp-content\/uploads\/2024\/03\/tours-galeria-portugal-03-480x320.webp"}}},"alt_text":"","url":"","target":""},{"id":3270,"title":"","caption":"","full_image_url":"https:\/\/recordtours.pt\/wp-content\/uploads\/2024\/02\/tours-galeria-sintra-01.webp","thumbnail_image_url":"https:\/\/recordtours.pt\/wp-content\/uploads\/2024\/02\/tours-galeria-sintra-01-150x150.webp","large_srcset":"https:\/\/recordtours.pt\/wp-content\/uploads\/2024\/02\/tours-galeria-sintra-01-1024x683.webp 1024w, https:\/\/recordtours.pt\/wp-content\/uploads\/2024\/02\/tours-galeria-sintra-01-980x653.webp 980w, https:\/\/recordtours.pt\/wp-content\/uploads\/2024\/02\/tours-galeria-sintra-01-480x320.webp 480w","medium_srcset":false,"media_details":{"width":1200,"height":800,"sizes":{"medium":{"file":"tours-galeria-sintra-01-300x200.webp","width":300,"height":200,"mime-type":"image\/webp","filesize":17086,"source_url":"https:\/\/recordtours.pt\/wp-content\/uploads\/2024\/02\/tours-galeria-sintra-01-300x200.webp"},"large":{"file":"tours-galeria-sintra-01-1024x683.webp","width":1024,"height":683,"mime-type":"image\/webp","filesize":151994,"source_url":"https:\/\/recordtours.pt\/wp-content\/uploads\/2024\/02\/tours-galeria-sintra-01-1024x683.webp"},"thumbnail":{"file":"tours-galeria-sintra-01-150x150.webp","width":150,"height":150,"mime-type":"image\/webp","filesize":7220,"source_url":"https:\/\/recordtours.pt\/wp-content\/uploads\/2024\/02\/tours-galeria-sintra-01-150x150.webp"},"medium_large":{"file":"tours-galeria-sintra-01-768x512.webp","width":768,"height":512,"mime-type":"image\/webp","filesize":92212,"source_url":"https:\/\/recordtours.pt\/wp-content\/uploads\/2024\/02\/tours-galeria-sintra-01-768x512.webp"},"et-pb-post-main-image":{"file":"tours-galeria-sintra-01-400x250.webp","width":400,"height":250,"mime-type":"image\/webp","filesize":26442,"source_url":"https:\/\/recordtours.pt\/wp-content\/uploads\/2024\/02\/tours-galeria-sintra-01-400x250.webp"},"et-pb-post-main-image-fullwidth":{"file":"tours-galeria-sintra-01-1080x675.webp","width":1080,"height":675,"mime-type":"image\/webp","filesize":157128,"source_url":"https:\/\/recordtours.pt\/wp-content\/uploads\/2024\/02\/tours-galeria-sintra-01-1080x675.webp"},"et-pb-portfolio-image":{"file":"tours-galeria-sintra-01-400x284.webp","width":400,"height":284,"mime-type":"image\/webp","filesize":30090,"source_url":"https:\/\/recordtours.pt\/wp-content\/uploads\/2024\/02\/tours-galeria-sintra-01-400x284.webp"},"et-pb-portfolio-module-image":{"file":"tours-galeria-sintra-01-510x382.webp","width":510,"height":382,"mime-type":"image\/webp","filesize":50206,"source_url":"https:\/\/recordtours.pt\/wp-content\/uploads\/2024\/02\/tours-galeria-sintra-01-510x382.webp"},"et-pb-portfolio-image-single":{"file":"tours-galeria-sintra-01-1080x720.webp","width":1080,"height":720,"mime-type":"image\/webp","filesize":163832,"source_url":"https:\/\/recordtours.pt\/wp-content\/uploads\/2024\/02\/tours-galeria-sintra-01-1080x720.webp"},"et-pb-gallery-module-image-portrait":{"file":"tours-galeria-sintra-01-400x516.webp","width":400,"height":516,"mime-type":"image\/webp","filesize":51486,"source_url":"https:\/\/recordtours.pt\/wp-content\/uploads\/2024\/02\/tours-galeria-sintra-01-400x516.webp"},"et-pb-image--responsive--tablet":{"file":"tours-galeria-sintra-01-980x653.webp","width":980,"height":653,"mime-type":"image\/webp","filesize":141164,"source_url":"https:\/\/recordtours.pt\/wp-content\/uploads\/2024\/02\/tours-galeria-sintra-01-980x653.webp"},"et-pb-image--responsive--phone":{"file":"tours-galeria-sintra-01-480x320.webp","width":480,"height":320,"mime-type":"image\/webp","filesize":39444,"source_url":"https:\/\/recordtours.pt\/wp-content\/uploads\/2024\/02\/tours-galeria-sintra-01-480x320.webp"}}},"alt_text":"","url":"","target":""}]]}},"_links":{"self":[{"href":"https:\/\/recordtours.pt\/es\/wp-json\/wp\/v2\/posts\/3595","targetHints":{"allow":["GET"]}}],"collection":[{"href":"https:\/\/recordtours.pt\/es\/wp-json\/wp\/v2\/posts"}],"about":[{"href":"https:\/\/recordtours.pt\/es\/wp-json\/wp\/v2\/types\/post"}],"author":[{"embeddable":true,"href":"https:\/\/recordtours.pt\/es\/wp-json\/wp\/v2\/users\/3"}],"replies":[{"embeddable":true,"href":"https:\/\/recordtours.pt\/es\/wp-json\/wp\/v2\/comments?post=3595"}],"version-history":[{"count":0,"href":"https:\/\/recordtours.pt\/es\/wp-json\/wp\/v2\/posts\/3595\/revisions"}],"wp:featuredmedia":[{"embeddable":true,"href":"https:\/\/recordtours.pt\/es\/wp-json\/wp\/v2\/media\/3599"}],"wp:attachment":[{"href":"https:\/\/recordtours.pt\/es\/wp-json\/wp\/v2\/media?parent=3595"}],"wp:term":[{"taxonomy":"category","embeddable":true,"href":"https:\/\/recordtours.pt\/es\/wp-json\/wp\/v2\/categories?post=3595"},{"taxonomy":"post_tag","embeddable":true,"href":"https:\/\/recordtours.pt\/es\/wp-json\/wp\/v2\/tags?post=3595"}],"curies":[{"name":"wp","href":"https:\/\/api.w.org\/{rel}","templated":true}]}}