{"id":3754,"date":"2024-03-05T14:52:53","date_gmt":"2024-03-05T14:52:53","guid":{"rendered":"https:\/\/recordtours.pt\/tour-privado-de-3-dias-por-el-algarve-en-grupo-pequeno-desde-lisboa\/"},"modified":"2024-06-24T11:53:50","modified_gmt":"2024-06-24T11:53:50","slug":"tour-privado-de-3-dias-por-el-algarve-en-grupo-pequeno-desde-lisboa","status":"publish","type":"post","link":"https:\/\/recordtours.pt\/es\/tour-privado-de-3-dias-por-el-algarve-en-grupo-pequeno-desde-lisboa\/","title":{"rendered":"Tour privado de 3 d\u00edas por el Algarve en grupo peque\u00f1o desde Lisboa"},"content":{"rendered":"<p>Tour privado de tres d\u00edas en el Algarve desde Lisboa, un itinerario especial para usted y su familia que quieran disfrutar de unos d\u00edas en el Algarve y visitar esa hermosa regi\u00f3n, famosa por sus playas, campos de golf, gastronom\u00eda pero tambi\u00e9n por su impresionante clima.<\/p>\n<p>Ven a descubrir el Algarve, un lugar con mucha historia, que te invita a conocerlo mejor, empezando y terminando en Lisboa.<\/p>\n<div class='et-learn-more clearfix'>\n\t\t\t\t\t<h3 class='heading-more'>\u00bfQu\u00e9 est\u00e1 incluido?<span class='et_learnmore_arrow'><span><\/span><\/span><\/h3>\n\t\t\t\t\t<div class='learn-more-content'><div>\n<ul>\n<li>Veh\u00edculo con aire acondicionado<\/li>\n<li>Transporte Privado<\/li>\n<li>Wi-Fi a bordo<\/li>\n<\/ul>\n<\/div>\n<div>\n<div><strong>Lo que no est\u00e1 incluido<\/strong><\/div>\n<ul>\n<li>Entrada\/Admisi\u00f3n &#8211; Capilla de los Huesos (\u00c9vora)<\/li>\n<li>Entrada\/Admisi\u00f3n &#8211; Santuario Nacional de Cristo Rey<\/li>\n<\/ul>\n<\/div><\/div>\n\t\t\t\t<\/div> <div class='et-learn-more clearfix'>\n\t\t\t\t\t<h3 class='heading-more'>Salida y regreso<span class='et_learnmore_arrow'><span><\/span><\/span><\/h3>\n\t\t\t\t\t<div class='learn-more-content'><div>\n<ul>\n<li>\n<div>\n<div><strong>Inicio<\/strong>:<\/div>\n<\/div>\n<div>\n<ul>\n<li>\n<div>\n<div>Pra\u00e7a Marqu\u00eas de Pombal 8, 1250-160 Lisboa, Portugal<\/div>\n<div>Recogida frente al Hotel F\u00e9nix, Plaza Marqu\u00e9s de Pombal<\/div>\n<\/div>\n<\/li>\n<\/ul>\n<\/div>\n<div>\n<div><strong>Fin<\/strong>: Esta actividad finaliza en el punto de encuentro.<\/div>\n<\/div>\n<\/li>\n<\/ul>\n<\/div><\/div>\n\t\t\t\t<\/div> <div class='et-learn-more clearfix'>\n\t\t\t\t\t<h3 class='heading-more'>Accesibilidad<span class='et_learnmore_arrow'><span><\/span><\/span><\/h3>\n\t\t\t\t\t<div class='learn-more-content'><div>\n<ul>\n<li>No es accesible en silla de ruedas<\/li>\n<li>Cerca del transporte p\u00fablico<\/li>\n<li>Asientos para beb\u00e9s disponibles<\/li>\n<\/ul>\n<\/div>\n<div>\n<div>Si tienes preguntas sobre accesibilidad, estaremos encantados de ayudarte. Solo tienes que llamar <a href=\"tel:+351932221333\">al n\u00famero (+351) 932 221 333<\/a><\/div>\n<\/div><\/div>\n\t\t\t\t<\/div> <div class='et-learn-more clearfix'>\n\t\t\t\t\t<h3 class='heading-more'>Informaci\u00f3n adicional<span class='et_learnmore_arrow'><span><\/span><\/span><\/h3>\n\t\t\t\t\t<div class='learn-more-content'><div>\n<ul>\n<li>La confirmaci\u00f3n se recibir\u00e1 en el momento de la reserva<\/li>\n<li>La mayor\u00eda de los viajeros pueden participar<\/li>\n<li>Esta es una actividad\/tour privado. Solo participar\u00e1 tu grupo<\/li>\n<\/ul>\n<\/div><\/div>\n\t\t\t\t<\/div> <div class='et-learn-more clearfix'>\n\t\t\t\t\t<h3 class='heading-more'>Pol\u00edtica de cancelaci\u00f3n<span class='et_learnmore_arrow'><span><\/span><\/span><\/h3>\n\t\t\t\t\t<div class='learn-more-content'><div>Para obtener un reembolso completo, cancele dentro de las 72 horas posteriores a la reserva de su recorrido.<\/div><\/div>\n\t\t\t\t<\/div> <div class='et-learn-more clearfix'>\n\t\t\t\t\t<h3 class='heading-more'>Preguntas m\u00e1s frecuentes<span class='et_learnmore_arrow'><span><\/span><\/span><\/h3>\n\t\t\t\t\t<div class='learn-more-content'><div>\n<div><strong>\u00bfQu\u00e9 atracciones visitar\u00e9 con el tour privado de 3 d\u00edas en grupo peque\u00f1o en el Algarve desde Lisboa?<\/strong><\/div>\n<div>\n<div>\n<p>Durante esta experiencia, los lugares que visitar\u00e1s incluyen:<\/p>\n<ul>\n<li><a href=\"https:\/\/www.tripadvisor.pt\/Attraction_Review-g189106-d196208-Reviews-Capela_dos_Ossos-Evora_Evora_District_Alentejo.html\">Capilla de los Huesos (\u00c9vora)<\/a><\/li>\n<li><a href=\"https:\/\/www.tripadvisor.pt\/Attraction_Review-g1022768-d1871724-Reviews-Santuario_Nacional_de_Cristo_Rei-Almada_Setubal_District_Alentejo.html\">Santuario Nacional de Cristo Rey<\/a><\/li>\n<li><a href=\"https:\/\/www.tripadvisor.pt\/Attraction_Review-g227946-d3869907-Reviews-Castelo_de_Sesimbra-Sesimbra_Setubal_District_Alentejo.html\">Castillo de Sesimbra<\/a><\/li>\n<li><a href=\"https:\/\/www.tripadvisor.pt\/Attraction_Review-g189121-d4701589-Reviews-Cape_Saint_Vincent-Sagres_Faro_District_Algarve.html\">Cabo de San Vicente<\/a><\/li>\n<li><a href=\"https:\/\/www.tripadvisor.pt\/Attraction_Review-g189121-d6889768-Reviews-Fortaleza_de_Sagres-Sagres_Faro_District_Algarve.html\">Fortaleza de Sagres<\/a><\/li>\n<\/ul>\n<\/div>\n<\/div>\n<\/div>\n<div>\n<hr>\n<\/div>\n<div>\n<div><strong>\u00bfCu\u00e1nto cuesta Tour privado de 3 d\u00edas en grupo peque\u00f1o por el Algarve desde Lisboa?<\/strong><\/div>\n<div>\n<div>Precio para el tour privado de 3 d\u00edas en grupo peque\u00f1o en el Algarve desde Lisboa desde 1 002,17 \u20ac.<\/div>\n<\/div>\n<\/div>\n<div>\n<hr>\n<\/div>\n<div>\n<div><strong>\u00bfQu\u00e9 empresa es responsable de la excursi\u00f3n privada de 3 d\u00edas al Algarve en grupo peque\u00f1o desde Lisboa?<\/strong><\/div>\n<div>\n<div>\n<p>Tour privado en grupos peque\u00f1os de 3 d\u00edas por el Algarve desde Lisboa es presentado por RecordTours.<\/p>\n<div>\n<hr>\n<\/div>\n<div>\n<div><strong>\u00bfCu\u00e1nto tiempo necesito para el tour privado de 3 d\u00edas en grupo peque\u00f1o en el Algarve desde Lisboa?<\/strong><\/div>\n<div>\n<div>En promedio, esta experiencia tomar\u00e1 aproximadamente 3 d\u00edas.<\/div>\n<\/div>\n<\/div>\n<\/div>\n<\/div>\n<\/div><\/div>\n\t\t\t\t<\/div><div class='et-learn-more clearfix'>\n\t\t\t\t\t<h3 class='heading-more'>Ayuda<span class='et_learnmore_arrow'><span><\/span><\/span><\/h3>\n\t\t\t\t\t<div class='learn-more-content'><div>Si tiene preguntas sobre este tour o necesita ayuda para reservar, estaremos encantados de ayudarle. Solo tienes que llamar <a href=\"tel:+351932221333\">al n\u00famero (+351) 932 221 333<\/a><\/div><\/div>\n\t\t\t\t<\/div><\/p>\n","protected":false},"excerpt":{"rendered":"<p>Tour privado de tres d\u00edas por el Algarve desde Lisboa, un itinerario especial para usted y su familia que quieran&#8230;  <\/p>\n","protected":false},"author":3,"featured_media":3755,"comment_status":"closed","ping_status":"closed","sticky":false,"template":"","format":"standard","meta":{"_acf_changed":false,"_et_pb_use_builder":"","_et_pb_old_content":"","_et_gb_content_width":"","footnotes":""},"categories":[49,22],"tags":[],"class_list":["post-3754","post","type-post","status-publish","format-standard","has-post-thumbnail","hentry","category-itinerarios-de-varios-dias","category-tours"],"acf":{"photo_gallery":{"tours_galeria":[[{"id":3758,"title":"","caption":"","full_image_url":"https:\/\/recordtours.pt\/wp-content\/uploads\/2024\/03\/tours-galeria-algarve2-03.webp","thumbnail_image_url":"https:\/\/recordtours.pt\/wp-content\/uploads\/2024\/03\/tours-galeria-algarve2-03-150x150.webp","large_srcset":"https:\/\/recordtours.pt\/wp-content\/uploads\/2024\/03\/tours-galeria-algarve2-03-1024x683.webp 1024w, https:\/\/recordtours.pt\/wp-content\/uploads\/2024\/03\/tours-galeria-algarve2-03-980x653.webp 980w, https:\/\/recordtours.pt\/wp-content\/uploads\/2024\/03\/tours-galeria-algarve2-03-480x320.webp 480w","medium_srcset":false,"media_details":{"width":1200,"height":800,"sizes":{"medium":{"file":"tours-galeria-algarve2-03-300x200.webp","width":300,"height":200,"mime-type":"image\/webp","filesize":20344,"source_url":"https:\/\/recordtours.pt\/wp-content\/uploads\/2024\/03\/tours-galeria-algarve2-03-300x200.webp"},"large":{"file":"tours-galeria-algarve2-03-1024x683.webp","width":1024,"height":683,"mime-type":"image\/webp","filesize":218858,"source_url":"https:\/\/recordtours.pt\/wp-content\/uploads\/2024\/03\/tours-galeria-algarve2-03-1024x683.webp"},"thumbnail":{"file":"tours-galeria-algarve2-03-150x150.webp","width":150,"height":150,"mime-type":"image\/webp","filesize":8178,"source_url":"https:\/\/recordtours.pt\/wp-content\/uploads\/2024\/03\/tours-galeria-algarve2-03-150x150.webp"},"medium_large":{"file":"tours-galeria-algarve2-03-768x512.webp","width":768,"height":512,"mime-type":"image\/webp","filesize":125694,"source_url":"https:\/\/recordtours.pt\/wp-content\/uploads\/2024\/03\/tours-galeria-algarve2-03-768x512.webp"},"et-pb-post-main-image":{"file":"tours-galeria-algarve2-03-400x250.webp","width":400,"height":250,"mime-type":"image\/webp","filesize":32058,"source_url":"https:\/\/recordtours.pt\/wp-content\/uploads\/2024\/03\/tours-galeria-algarve2-03-400x250.webp"},"et-pb-post-main-image-fullwidth":{"file":"tours-galeria-algarve2-03-1080x675.webp","width":1080,"height":675,"mime-type":"image\/webp","filesize":232912,"source_url":"https:\/\/recordtours.pt\/wp-content\/uploads\/2024\/03\/tours-galeria-algarve2-03-1080x675.webp"},"et-pb-portfolio-image":{"file":"tours-galeria-algarve2-03-400x284.webp","width":400,"height":284,"mime-type":"image\/webp","filesize":36256,"source_url":"https:\/\/recordtours.pt\/wp-content\/uploads\/2024\/03\/tours-galeria-algarve2-03-400x284.webp"},"et-pb-portfolio-module-image":{"file":"tours-galeria-algarve2-03-510x382.webp","width":510,"height":382,"mime-type":"image\/webp","filesize":62814,"source_url":"https:\/\/recordtours.pt\/wp-content\/uploads\/2024\/03\/tours-galeria-algarve2-03-510x382.webp"},"et-pb-portfolio-image-single":{"file":"tours-galeria-algarve2-03-1080x720.webp","width":1080,"height":720,"mime-type":"image\/webp","filesize":241376,"source_url":"https:\/\/recordtours.pt\/wp-content\/uploads\/2024\/03\/tours-galeria-algarve2-03-1080x720.webp"},"et-pb-gallery-module-image-portrait":{"file":"tours-galeria-algarve2-03-400x516.webp","width":400,"height":516,"mime-type":"image\/webp","filesize":69110,"source_url":"https:\/\/recordtours.pt\/wp-content\/uploads\/2024\/03\/tours-galeria-algarve2-03-400x516.webp"},"et-pb-image--responsive--tablet":{"file":"tours-galeria-algarve2-03-980x653.webp","width":980,"height":653,"mime-type":"image\/webp","filesize":201848,"source_url":"https:\/\/recordtours.pt\/wp-content\/uploads\/2024\/03\/tours-galeria-algarve2-03-980x653.webp"},"et-pb-image--responsive--phone":{"file":"tours-galeria-algarve2-03-480x320.webp","width":480,"height":320,"mime-type":"image\/webp","filesize":48018,"source_url":"https:\/\/recordtours.pt\/wp-content\/uploads\/2024\/03\/tours-galeria-algarve2-03-480x320.webp"}}},"alt_text":"","url":"","target":""},{"id":3757,"title":"","caption":"","full_image_url":"https:\/\/recordtours.pt\/wp-content\/uploads\/2024\/03\/tours-galeria-algarve2-01.webp","thumbnail_image_url":"https:\/\/recordtours.pt\/wp-content\/uploads\/2024\/03\/tours-galeria-algarve2-01-150x150.webp","large_srcset":"https:\/\/recordtours.pt\/wp-content\/uploads\/2024\/03\/tours-galeria-algarve2-01-1024x683.webp 1024w, https:\/\/recordtours.pt\/wp-content\/uploads\/2024\/03\/tours-galeria-algarve2-01-980x653.webp 980w, https:\/\/recordtours.pt\/wp-content\/uploads\/2024\/03\/tours-galeria-algarve2-01-480x320.webp 480w","medium_srcset":false,"media_details":{"width":1200,"height":800,"sizes":{"medium":{"file":"tours-galeria-algarve2-01-300x200.webp","width":300,"height":200,"mime-type":"image\/webp","filesize":14802,"source_url":"https:\/\/recordtours.pt\/wp-content\/uploads\/2024\/03\/tours-galeria-algarve2-01-300x200.webp"},"large":{"file":"tours-galeria-algarve2-01-1024x683.webp","width":1024,"height":683,"mime-type":"image\/webp","filesize":121724,"source_url":"https:\/\/recordtours.pt\/wp-content\/uploads\/2024\/03\/tours-galeria-algarve2-01-1024x683.webp"},"thumbnail":{"file":"tours-galeria-algarve2-01-150x150.webp","width":150,"height":150,"mime-type":"image\/webp","filesize":6006,"source_url":"https:\/\/recordtours.pt\/wp-content\/uploads\/2024\/03\/tours-galeria-algarve2-01-150x150.webp"},"medium_large":{"file":"tours-galeria-algarve2-01-768x512.webp","width":768,"height":512,"mime-type":"image\/webp","filesize":77684,"source_url":"https:\/\/recordtours.pt\/wp-content\/uploads\/2024\/03\/tours-galeria-algarve2-01-768x512.webp"},"et-pb-post-main-image":{"file":"tours-galeria-algarve2-01-400x250.webp","width":400,"height":250,"mime-type":"image\/webp","filesize":22812,"source_url":"https:\/\/recordtours.pt\/wp-content\/uploads\/2024\/03\/tours-galeria-algarve2-01-400x250.webp"},"et-pb-post-main-image-fullwidth":{"file":"tours-galeria-algarve2-01-1080x675.webp","width":1080,"height":675,"mime-type":"image\/webp","filesize":126478,"source_url":"https:\/\/recordtours.pt\/wp-content\/uploads\/2024\/03\/tours-galeria-algarve2-01-1080x675.webp"},"et-pb-portfolio-image":{"file":"tours-galeria-algarve2-01-400x284.webp","width":400,"height":284,"mime-type":"image\/webp","filesize":25552,"source_url":"https:\/\/recordtours.pt\/wp-content\/uploads\/2024\/03\/tours-galeria-algarve2-01-400x284.webp"},"et-pb-portfolio-module-image":{"file":"tours-galeria-algarve2-01-510x382.webp","width":510,"height":382,"mime-type":"image\/webp","filesize":42412,"source_url":"https:\/\/recordtours.pt\/wp-content\/uploads\/2024\/03\/tours-galeria-algarve2-01-510x382.webp"},"et-pb-portfolio-image-single":{"file":"tours-galeria-algarve2-01-1080x720.webp","width":1080,"height":720,"mime-type":"image\/webp","filesize":130334,"source_url":"https:\/\/recordtours.pt\/wp-content\/uploads\/2024\/03\/tours-galeria-algarve2-01-1080x720.webp"},"et-pb-gallery-module-image-portrait":{"file":"tours-galeria-algarve2-01-400x516.webp","width":400,"height":516,"mime-type":"image\/webp","filesize":45260,"source_url":"https:\/\/recordtours.pt\/wp-content\/uploads\/2024\/03\/tours-galeria-algarve2-01-400x516.webp"},"et-pb-image--responsive--tablet":{"file":"tours-galeria-algarve2-01-980x653.webp","width":980,"height":653,"mime-type":"image\/webp","filesize":114694,"source_url":"https:\/\/recordtours.pt\/wp-content\/uploads\/2024\/03\/tours-galeria-algarve2-01-980x653.webp"},"et-pb-image--responsive--phone":{"file":"tours-galeria-algarve2-01-480x320.webp","width":480,"height":320,"mime-type":"image\/webp","filesize":34104,"source_url":"https:\/\/recordtours.pt\/wp-content\/uploads\/2024\/03\/tours-galeria-algarve2-01-480x320.webp"}}},"alt_text":"","url":"","target":""},{"id":3756,"title":"","caption":"","full_image_url":"https:\/\/recordtours.pt\/wp-content\/uploads\/2024\/03\/tours-galeria-algarve2-02.webp","thumbnail_image_url":"https:\/\/recordtours.pt\/wp-content\/uploads\/2024\/03\/tours-galeria-algarve2-02-150x150.webp","large_srcset":"https:\/\/recordtours.pt\/wp-content\/uploads\/2024\/03\/tours-galeria-algarve2-02-1024x683.webp 1024w, https:\/\/recordtours.pt\/wp-content\/uploads\/2024\/03\/tours-galeria-algarve2-02-980x653.webp 980w, https:\/\/recordtours.pt\/wp-content\/uploads\/2024\/03\/tours-galeria-algarve2-02-480x320.webp 480w","medium_srcset":false,"media_details":{"width":1200,"height":800,"sizes":{"medium":{"file":"tours-galeria-algarve2-02-300x200.webp","width":300,"height":200,"mime-type":"image\/webp","filesize":12336,"source_url":"https:\/\/recordtours.pt\/wp-content\/uploads\/2024\/03\/tours-galeria-algarve2-02-300x200.webp"},"large":{"file":"tours-galeria-algarve2-02-1024x683.webp","width":1024,"height":683,"mime-type":"image\/webp","filesize":122762,"source_url":"https:\/\/recordtours.pt\/wp-content\/uploads\/2024\/03\/tours-galeria-algarve2-02-1024x683.webp"},"thumbnail":{"file":"tours-galeria-algarve2-02-150x150.webp","width":150,"height":150,"mime-type":"image\/webp","filesize":5416,"source_url":"https:\/\/recordtours.pt\/wp-content\/uploads\/2024\/03\/tours-galeria-algarve2-02-150x150.webp"},"medium_large":{"file":"tours-galeria-algarve2-02-768x512.webp","width":768,"height":512,"mime-type":"image\/webp","filesize":70660,"source_url":"https:\/\/recordtours.pt\/wp-content\/uploads\/2024\/03\/tours-galeria-algarve2-02-768x512.webp"},"et-pb-post-main-image":{"file":"tours-galeria-algarve2-02-400x250.webp","width":400,"height":250,"mime-type":"image\/webp","filesize":18962,"source_url":"https:\/\/recordtours.pt\/wp-content\/uploads\/2024\/03\/tours-galeria-algarve2-02-400x250.webp"},"et-pb-post-main-image-fullwidth":{"file":"tours-galeria-algarve2-02-1080x675.webp","width":1080,"height":675,"mime-type":"image\/webp","filesize":127722,"source_url":"https:\/\/recordtours.pt\/wp-content\/uploads\/2024\/03\/tours-galeria-algarve2-02-1080x675.webp"},"et-pb-portfolio-image":{"file":"tours-galeria-algarve2-02-400x284.webp","width":400,"height":284,"mime-type":"image\/webp","filesize":21658,"source_url":"https:\/\/recordtours.pt\/wp-content\/uploads\/2024\/03\/tours-galeria-algarve2-02-400x284.webp"},"et-pb-portfolio-module-image":{"file":"tours-galeria-algarve2-02-510x382.webp","width":510,"height":382,"mime-type":"image\/webp","filesize":36426,"source_url":"https:\/\/recordtours.pt\/wp-content\/uploads\/2024\/03\/tours-galeria-algarve2-02-510x382.webp"},"et-pb-portfolio-image-single":{"file":"tours-galeria-algarve2-02-1080x720.webp","width":1080,"height":720,"mime-type":"image\/webp","filesize":133614,"source_url":"https:\/\/recordtours.pt\/wp-content\/uploads\/2024\/03\/tours-galeria-algarve2-02-1080x720.webp"},"et-pb-gallery-module-image-portrait":{"file":"tours-galeria-algarve2-02-400x516.webp","width":400,"height":516,"mime-type":"image\/webp","filesize":43862,"source_url":"https:\/\/recordtours.pt\/wp-content\/uploads\/2024\/03\/tours-galeria-algarve2-02-400x516.webp"},"et-pb-image--responsive--tablet":{"file":"tours-galeria-algarve2-02-980x653.webp","width":980,"height":653,"mime-type":"image\/webp","filesize":113306,"source_url":"https:\/\/recordtours.pt\/wp-content\/uploads\/2024\/03\/tours-galeria-algarve2-02-980x653.webp"},"et-pb-image--responsive--phone":{"file":"tours-galeria-algarve2-02-480x320.webp","width":480,"height":320,"mime-type":"image\/webp","filesize":27856,"source_url":"https:\/\/recordtours.pt\/wp-content\/uploads\/2024\/03\/tours-galeria-algarve2-02-480x320.webp"}}},"alt_text":"","url":"","target":""}]]}},"_links":{"self":[{"href":"https:\/\/recordtours.pt\/es\/wp-json\/wp\/v2\/posts\/3754","targetHints":{"allow":["GET"]}}],"collection":[{"href":"https:\/\/recordtours.pt\/es\/wp-json\/wp\/v2\/posts"}],"about":[{"href":"https:\/\/recordtours.pt\/es\/wp-json\/wp\/v2\/types\/post"}],"author":[{"embeddable":true,"href":"https:\/\/recordtours.pt\/es\/wp-json\/wp\/v2\/users\/3"}],"replies":[{"embeddable":true,"href":"https:\/\/recordtours.pt\/es\/wp-json\/wp\/v2\/comments?post=3754"}],"version-history":[{"count":0,"href":"https:\/\/recordtours.pt\/es\/wp-json\/wp\/v2\/posts\/3754\/revisions"}],"wp:featuredmedia":[{"embeddable":true,"href":"https:\/\/recordtours.pt\/es\/wp-json\/wp\/v2\/media\/3755"}],"wp:attachment":[{"href":"https:\/\/recordtours.pt\/es\/wp-json\/wp\/v2\/media?parent=3754"}],"wp:term":[{"taxonomy":"category","embeddable":true,"href":"https:\/\/recordtours.pt\/es\/wp-json\/wp\/v2\/categories?post=3754"},{"taxonomy":"post_tag","embeddable":true,"href":"https:\/\/recordtours.pt\/es\/wp-json\/wp\/v2\/tags?post=3754"}],"curies":[{"name":"wp","href":"https:\/\/api.w.org\/{rel}","templated":true}]}}