{"id":3288,"date":"2024-05-02T15:54:12","date_gmt":"2024-05-02T15:54:12","guid":{"rendered":"https:\/\/recordtours.pt\/tour-di-sintra-e-obidos-da-lisbona\/"},"modified":"2024-06-24T11:54:05","modified_gmt":"2024-06-24T11:54:05","slug":"tour-di-sintra-e-obidos-da-lisbona","status":"publish","type":"post","link":"https:\/\/recordtours.pt\/it\/tour-di-sintra-e-obidos-da-lisbona\/","title":{"rendered":"Tour di Sintra e Obidos da Lisbona"},"content":{"rendered":"<p>Questo \u00e8 l&#8217;itinerario dei castelli medievali e romantici. Sintra \u00e8 il primo luogo da visitare in questo tour: Patrimonio dell&#8217;Umanit\u00e0, capitale del romanticismo in Portogallo, \u00e8 stata la residenza estiva della famiglia reale fin dal XIV secolo. Il suo microclima umido ha favorito l&#8217;esuberanza della vegetazione che \u00e8 stata spesso decantata dai poeti romantici dell&#8217;Ottocento. In questo tour avrete l&#8217;opportunit\u00e0 di visitare diversi palazzi di Sintra e provare la pasticceria tradizionale.<\/p>\n<p>A 100 km a nord, il nostro tour arriver\u00e0 a \u00d3bidos, un affascinante villaggio medievale all&#8217;interno delle mura, dove assaggeremo la bevanda tipica della regione, la &#8220;Ginja&#8221;, servita in una tazza di cioccolato. \u00d3bidos \u00e8 il miglior esempio di citt\u00e0 medievale in Portogallo. Arrivati all&#8217;interno delle sue mura, torniamo indietro nel tempo per trovare gli antichi vicoli in pietra, le case con le facciate secolari dipinte di bianco, il commercio sempre attivo, un numero infinito di chiese costruite nel corso dei secoli.<\/p>\n<div class='et-learn-more clearfix'>\n\t\t\t\t\t<h3 class='heading-more'>Cosa \u00e8 incluso<span class='et_learnmore_arrow'><span><\/span><\/span><\/h3>\n\t\t\t\t\t<div class='learn-more-content'><div>\n<ul>\n<li>Veicolo con aria condizionata<\/li>\n<li>Wi-Fi a bordo<\/li>\n<li>Acqua minerale<\/li>\n<\/ul>\n<\/div>\n<div>\n<div><strong>Cosa non \u00e8 incluso<\/strong><\/div>\n<ul>\n<li class=\"seKux _d _c\"><span class=\"biGQs _P pZUbB KxBGd\">Pranzo<\/span><\/li>\n<li class=\"seKux _d _c\"><span class=\"biGQs _P pZUbB KxBGd\">Ingresso al Monumento al Palazzo Nazionale di Sintra 11\u20ac<\/span><\/li>\n<li class=\"seKux _d _c\"><span class=\"biGQs _P pZUbB KxBGd\">Ingresso al Monumento al Pal\u00e1cio da Pena 18\u20ac<\/span><\/li>\n<li class=\"seKux _d _c\"><span class=\"biGQs _P pZUbB KxBGd\">Ingresso: Pal\u00e1cio e Parco Nazionale da Pena<\/span><\/li>\n<li class=\"seKux _d _c\"><span class=\"biGQs _P pZUbB KxBGd\">Ingresso: Palazzo Nazionale di Sintra<\/span><\/li>\n<\/ul>\n<\/div><\/div>\n\t\t\t\t<\/div> <div class='et-learn-more clearfix'>\n\t\t\t\t\t<h3 class='heading-more'>Cosa aspettarsi<span class='et_learnmore_arrow'><span><\/span><\/span><\/h3>\n\t\t\t\t\t<div class='learn-more-content'><strong>Itinerario<\/strong><\/p>\n<p>Questo \u00e8 un itinerario normale per questo prodotto<\/p>\n<p><strong>Luogo di sosta: <\/strong>Parco e Palazzo Nazionale di Pena, Estrada da Pena, Sintra 2710-609 Portogallo<\/p>\n<p>Il Palazzo Nazionale di Pena, popolarmente chiamato semplicemente Pal\u00e1cio da Pena o Castelo da Pena, si trova nel villaggio di Sintra, parrocchia di Sintra (Santa Maria e S\u00e3o Miguel, S\u00e3o Martinho e S\u00e3o Pedro de Penaferrim), comune di Sintra, nel distretto di Lisbona, in Portogallo.<\/p>\n<p>Rappresenta una delle principali espressioni del Romanticismo architettonico ottocentesco nel mondo, costituendo il primo palazzo in questo stile in Europa, eretto circa 30 anni prima del Castello di Neuschwanstein, in Baviera.<\/p>\n<p>Il 7 luglio 2007 \u00e8 stata eletta come una delle Sette Meraviglie del Portogallo.<\/p>\n<p>Il palazzo \u00e8 aperto alle visite turistiche, nel 2013 ha avuto 755.735 visitatori che lo rendono il palazzo monumentale pi\u00f9 visitato del paese quell&#8217;anno.<\/p>\n<p>Il Pal\u00e1cio da Pena \u00e8 stato classificato come Monumento Nazionale dal 1910[4] ed \u00e8 stato classificato come Patrimonio dell&#8217;Umanit\u00e0 dall&#8217;UNESCO nel 1995.<\/p>\n<p>Durata: 2 ore<\/p>\n<p><strong>Luogo di sosta: <\/strong>Palazzo Nazionale di Sintra, Largo Rainha Dona Amelia, Sintra 2710-616 Portogallo<\/p>\n<p>Nel centro storico del romantico villaggio di Sintra, in Portogallo, rimangono molti edifici e vestigia di varie epoche e movimenti culturali. Racchiude un&#8217;area completa di un patrimonio diversificato, tra cui palazzi, castelli, fattorie e parchi con diverse classificazioni.<\/p>\n<p>Durata: 2 ore<\/p>\n<p><strong>Luogo di sosta: <\/strong>\u00d3bidos, \u00d3bidos, distretto di Leiria, Portogallo centrale<\/p>\n<p>Fondato nel 1195, \u00e8 uno dei villaggi medievali meglio conservati, uno dei gioielli del Portogallo. L&#8217;interno del muro \u00e8 pieno di case imbiancate a calce, blu e gialle adornate con fiori colorati.<\/p>\n<p>In cima alla piccola e affascinante citt\u00e0 storica, l&#8217;imponente Castello di \u00d3bidos (XIV secolo) domina il paesaggio. Chiese, ristoranti, negozi di artigianato e altre attivit\u00e0 commerciali si estendono tra le stradine del borgo murato.<\/p>\n<p>Nel 2007 il Castello di \u00d3bidos si \u00e8 classificato al secondo posto tra i monumenti pi\u00f9 rilevanti del patrimonio architettonico portoghese, nel concorso &#8220;Le sette meraviglie del Portogallo&#8221;.<\/p>\n<p>Durata: 2 ore<\/p>\n<p><strong>Luogo di sosta: <\/strong>Acquedotto di Usseira, Travessa Santa Maria a metros de la puerta sur de ingreso al casco amurallado de \u00d3bidos, Obidos 2510-079 Portogallo<\/p>\n<p>Questo acquedotto si trova a sud-est di Porta da Vila, la principale porta d&#8217;accesso alla citt\u00e0 di \u00d3bidos, in Portogallo. Questa costruzione \u00e8 stata finanziata dalla Regina&#8230;<\/p>\n<p>Luogo di sosta: Centro Hist\u00f3rico de Sintra, Sintra 2710-616 Portogallo<\/p>\n<p>Nel centro storico del romantico villaggio di Sintra, in Portogallo, rimangono molti edifici e vestigia di varie epoche e movimenti culturali. Racchiude un&#8217;area completa di un patrimonio diversificato, tra cui palazzi, castelli, fattorie e parchi con diverse classificazioni<\/p>\n<p>Durata: 1 ora<\/p><\/div>\n\t\t\t\t<\/div> <div class='et-learn-more clearfix'>\n\t\t\t\t\t<h3 class='heading-more'>Partenza e ritorno<span class='et_learnmore_arrow'><span><\/span><\/span><\/h3>\n\t\t\t\t\t<div class='learn-more-content'><div>\n<div>\n<div>\n<ul>\n<li>\n<div>\n<div><strong>Partenza<\/strong>: sono disponibili pi\u00f9 punti di ritiro.<\/div>\n<\/div>\n<div>\n<ul>\n<li>\n<div>\n<div>Pra\u00e7a Marqu\u00eas de Pombal 8, 1250-160 Lisbona, Portogallo<\/div>\n<div>Pick-Up a Pra\u00e7a Marques de Pombal N\u00ba8A di fronte all&#8217;Hotel Fenix Marques de Pombal<\/div>\n<div><\/div>\n<\/div>\n<\/li>\n<\/ul>\n<\/div>\n<div>\n<div><strong>Fine<\/strong>: questa attivit\u00e0 termina al punto d&#8217;incontro.<\/div>\n<\/div>\n<\/li>\n<\/ul>\n<\/div>\n<\/div>\n<div><\/div>\n<\/div><\/div>\n\t\t\t\t<\/div> <div class='et-learn-more clearfix'>\n\t\t\t\t\t<h3 class='heading-more'>Accessibilit\u00e0<span class='et_learnmore_arrow'><span><\/span><\/span><\/h3>\n\t\t\t\t\t<div class='learn-more-content'><div>\n<ul>\n<li>Non accessibile in sedia a rotelle<\/li>\n<li>Passeggino accessibile<\/li>\n<li>Vicino ai trasporti pubblici<\/li>\n<li>Seggiolini per bambini disponibili<\/li>\n<\/ul>\n<\/div>\n<div>\n<div>Se hai domande sull&#8217;accessibilit\u00e0, saremo lieti di aiutarti. Basta chiamare <a href=\"tel:+351932221333\">il numero (+351) 932 221 333<\/a><\/div>\n<\/div><\/div>\n\t\t\t\t<\/div> <div class='et-learn-more clearfix'>\n\t\t\t\t\t<h3 class='heading-more'>Informazioni aggiuntive<span class='et_learnmore_arrow'><span><\/span><\/span><\/h3>\n\t\t\t\t\t<div class='learn-more-content'><div>\n<ul>\n<li>La conferma verr\u00e0 ricevuta al momento della prenotazione<\/li>\n<li>Pu\u00f2 partecipare la maggior parte dei viaggiatori<\/li>\n<li>Questo tour\/attivit\u00e0 avr\u00e0 un massimo di 8 viaggiatori<\/li>\n<\/ul>\n<\/div><\/div>\n\t\t\t\t<\/div> <div class='et-learn-more clearfix'>\n\t\t\t\t\t<h3 class='heading-more'>Politica di cancellazione<span class='et_learnmore_arrow'><span><\/span><\/span><\/h3>\n\t\t\t\t\t<div class='learn-more-content'><div>Per un rimborso completo, cancella entro 72 ore dalla prenotazione del tour.<\/div><\/div>\n\t\t\t\t<\/div> <div class='et-learn-more clearfix'>\n\t\t\t\t\t<h3 class='heading-more'>Domande frequenti<span class='et_learnmore_arrow'><span><\/span><\/span><\/h3>\n\t\t\t\t\t<div class='learn-more-content'><div>\n<div>\n<div><strong>Quali attrazioni potr\u00f2 visitare con Tour di Sintra e Obidos da Lisbona?<\/strong><\/div>\n<div>\n<div>Durante questa esperienza, i luoghi che visiterai includono:<\/div>\n<ul>\n<li><a href=\"https:\/\/www.tripadvisor.pt\/Attraction_Review-g189164-d195785-Reviews-Park_and_National_Palace_of_Pena-Sintra_Sintra_Municipality_Lisbon_District_Centra.html\">Pal\u00e1cio da Pena e Parco Nazionale<\/a><\/li>\n<li><a href=\"https:\/\/www.tripadvisor.pt\/Attraction_Review-g189164-d1198741-Reviews-Sintra_National_Palace-Sintra_Sintra_Municipality_Lisbon_District_Central_Portuga.html\">Palazzo Nazionale di Sintra<\/a><\/li>\n<li><a href=\"https:\/\/www.tripadvisor.pt\/Attraction_Review-g189160-d8310558-Reviews-Aqueduto_da_Usseira-Obidos_Leiria_District_Central_Portugal.html\">Acquedotto di Usseira<\/a><\/li>\n<\/ul>\n<\/div>\n<\/div>\n<div>\n<hr>\n<\/div>\n<\/div>\n<div>\n<div><strong>Quanto costa Gita di un giorno a Sintra e Obidos da Lisbona?<\/strong><\/div>\n<div>\n<div>Prezzo per la gita di un giorno a Sintra e Obidos da Lisbona a partire da 244,73 \u20ac.<\/div>\n<\/div>\n<\/div>\n<div>\n<hr>\n<\/div>\n<div>\n<div><strong>Quale compagnia \u00e8 responsabile di Gita di un giorno a Sintra e Obidos da Lisbona?<\/strong><\/div>\n<div>\n<div>Tour di Sintra e Obidos da Lisbona \u00e8 offerto da RecordTours.<\/div>\n<\/div>\n<\/div><\/div>\n\t\t\t\t<\/div><div class='et-learn-more clearfix'>\n\t\t\t\t\t<h3 class='heading-more'>Guida<span class='et_learnmore_arrow'><span><\/span><\/span><\/h3>\n\t\t\t\t\t<div class='learn-more-content'><div>Se hai domande su questo tour o hai bisogno di aiuto per prenotare, siamo felici di aiutarti. Basta chiamare <a href=\"tel:+351932221333\">il numero (+351) 932 221 333<\/a><\/div><\/div>\n\t\t\t\t<\/div><\/p>\n","protected":false},"excerpt":{"rendered":"<p>Questo \u00e8 l&#8217;itinerario dei castelli medievali e romantici. Sintra \u00e8 la prima&#8230;  <\/p>\n","protected":false},"author":3,"featured_media":3266,"comment_status":"closed","ping_status":"closed","sticky":false,"template":"","format":"standard","meta":{"_acf_changed":false,"_et_pb_use_builder":"","_et_pb_old_content":"","_et_gb_content_width":"","footnotes":""},"categories":[23,44],"tags":[],"class_list":["post-3288","post","type-post","status-publish","format-standard","has-post-thumbnail","hentry","category-non-categorizzato","category-tour"],"acf":{"photo_gallery":{"tours_galeria":[[{"id":3515,"title":"","caption":"","full_image_url":"https:\/\/recordtours.pt\/wp-content\/uploads\/2024\/04\/tours-galeria-obidos-nazare-03.webp","thumbnail_image_url":"https:\/\/recordtours.pt\/wp-content\/uploads\/2024\/04\/tours-galeria-obidos-nazare-03-150x150.webp","large_srcset":"https:\/\/recordtours.pt\/wp-content\/uploads\/2024\/04\/tours-galeria-obidos-nazare-03-1024x683.webp 1024w, https:\/\/recordtours.pt\/wp-content\/uploads\/2024\/04\/tours-galeria-obidos-nazare-03-980x653.webp 980w, https:\/\/recordtours.pt\/wp-content\/uploads\/2024\/04\/tours-galeria-obidos-nazare-03-480x320.webp 480w","medium_srcset":false,"media_details":{"width":1200,"height":800,"sizes":{"medium":{"file":"tours-galeria-obidos-nazare-03-300x200.webp","width":300,"height":200,"mime-type":"image\/webp","filesize":14708,"source_url":"https:\/\/recordtours.pt\/wp-content\/uploads\/2024\/04\/tours-galeria-obidos-nazare-03-300x200.webp"},"large":{"file":"tours-galeria-obidos-nazare-03-1024x683.webp","width":1024,"height":683,"mime-type":"image\/webp","filesize":125616,"source_url":"https:\/\/recordtours.pt\/wp-content\/uploads\/2024\/04\/tours-galeria-obidos-nazare-03-1024x683.webp"},"thumbnail":{"file":"tours-galeria-obidos-nazare-03-150x150.webp","width":150,"height":150,"mime-type":"image\/webp","filesize":6594,"source_url":"https:\/\/recordtours.pt\/wp-content\/uploads\/2024\/04\/tours-galeria-obidos-nazare-03-150x150.webp"},"medium_large":{"file":"tours-galeria-obidos-nazare-03-768x512.webp","width":768,"height":512,"mime-type":"image\/webp","filesize":75134,"source_url":"https:\/\/recordtours.pt\/wp-content\/uploads\/2024\/04\/tours-galeria-obidos-nazare-03-768x512.webp"},"et-pb-post-main-image":{"file":"tours-galeria-obidos-nazare-03-400x250.webp","width":400,"height":250,"mime-type":"image\/webp","filesize":22910,"source_url":"https:\/\/recordtours.pt\/wp-content\/uploads\/2024\/04\/tours-galeria-obidos-nazare-03-400x250.webp"},"et-pb-post-main-image-fullwidth":{"file":"tours-galeria-obidos-nazare-03-1080x675.webp","width":1080,"height":675,"mime-type":"image\/webp","filesize":134662,"source_url":"https:\/\/recordtours.pt\/wp-content\/uploads\/2024\/04\/tours-galeria-obidos-nazare-03-1080x675.webp"},"et-pb-portfolio-image":{"file":"tours-galeria-obidos-nazare-03-400x284.webp","width":400,"height":284,"mime-type":"image\/webp","filesize":25562,"source_url":"https:\/\/recordtours.pt\/wp-content\/uploads\/2024\/04\/tours-galeria-obidos-nazare-03-400x284.webp"},"et-pb-portfolio-module-image":{"file":"tours-galeria-obidos-nazare-03-510x382.webp","width":510,"height":382,"mime-type":"image\/webp","filesize":41584,"source_url":"https:\/\/recordtours.pt\/wp-content\/uploads\/2024\/04\/tours-galeria-obidos-nazare-03-510x382.webp"},"et-pb-portfolio-image-single":{"file":"tours-galeria-obidos-nazare-03-1080x720.webp","width":1080,"height":720,"mime-type":"image\/webp","filesize":136990,"source_url":"https:\/\/recordtours.pt\/wp-content\/uploads\/2024\/04\/tours-galeria-obidos-nazare-03-1080x720.webp"},"et-pb-gallery-module-image-portrait":{"file":"tours-galeria-obidos-nazare-03-400x516.webp","width":400,"height":516,"mime-type":"image\/webp","filesize":45722,"source_url":"https:\/\/recordtours.pt\/wp-content\/uploads\/2024\/04\/tours-galeria-obidos-nazare-03-400x516.webp"},"et-pb-image--responsive--tablet":{"file":"tours-galeria-obidos-nazare-03-980x653.webp","width":980,"height":653,"mime-type":"image\/webp","filesize":116810,"source_url":"https:\/\/recordtours.pt\/wp-content\/uploads\/2024\/04\/tours-galeria-obidos-nazare-03-980x653.webp"},"et-pb-image--responsive--phone":{"file":"tours-galeria-obidos-nazare-03-480x320.webp","width":480,"height":320,"mime-type":"image\/webp","filesize":32386,"source_url":"https:\/\/recordtours.pt\/wp-content\/uploads\/2024\/04\/tours-galeria-obidos-nazare-03-480x320.webp"}}},"alt_text":"","url":"","target":""},{"id":3514,"title":"","caption":"","full_image_url":"https:\/\/recordtours.pt\/wp-content\/uploads\/2024\/04\/tours-galeria-obidos-nazare-02.webp","thumbnail_image_url":"https:\/\/recordtours.pt\/wp-content\/uploads\/2024\/04\/tours-galeria-obidos-nazare-02-150x150.webp","large_srcset":"https:\/\/recordtours.pt\/wp-content\/uploads\/2024\/04\/tours-galeria-obidos-nazare-02-1024x683.webp 1024w, https:\/\/recordtours.pt\/wp-content\/uploads\/2024\/04\/tours-galeria-obidos-nazare-02-980x653.webp 980w, https:\/\/recordtours.pt\/wp-content\/uploads\/2024\/04\/tours-galeria-obidos-nazare-02-480x320.webp 480w","medium_srcset":false,"media_details":{"width":1200,"height":800,"sizes":{"medium":{"file":"tours-galeria-obidos-nazare-02-300x200.webp","width":300,"height":200,"mime-type":"image\/webp","filesize":20600,"source_url":"https:\/\/recordtours.pt\/wp-content\/uploads\/2024\/04\/tours-galeria-obidos-nazare-02-300x200.webp"},"large":{"file":"tours-galeria-obidos-nazare-02-1024x683.webp","width":1024,"height":683,"mime-type":"image\/webp","filesize":183960,"source_url":"https:\/\/recordtours.pt\/wp-content\/uploads\/2024\/04\/tours-galeria-obidos-nazare-02-1024x683.webp"},"thumbnail":{"file":"tours-galeria-obidos-nazare-02-150x150.webp","width":150,"height":150,"mime-type":"image\/webp","filesize":8592,"source_url":"https:\/\/recordtours.pt\/wp-content\/uploads\/2024\/04\/tours-galeria-obidos-nazare-02-150x150.webp"},"medium_large":{"file":"tours-galeria-obidos-nazare-02-768x512.webp","width":768,"height":512,"mime-type":"image\/webp","filesize":111558,"source_url":"https:\/\/recordtours.pt\/wp-content\/uploads\/2024\/04\/tours-galeria-obidos-nazare-02-768x512.webp"},"et-pb-post-main-image":{"file":"tours-galeria-obidos-nazare-02-400x250.webp","width":400,"height":250,"mime-type":"image\/webp","filesize":32014,"source_url":"https:\/\/recordtours.pt\/wp-content\/uploads\/2024\/04\/tours-galeria-obidos-nazare-02-400x250.webp"},"et-pb-post-main-image-fullwidth":{"file":"tours-galeria-obidos-nazare-02-1080x675.webp","width":1080,"height":675,"mime-type":"image\/webp","filesize":193504,"source_url":"https:\/\/recordtours.pt\/wp-content\/uploads\/2024\/04\/tours-galeria-obidos-nazare-02-1080x675.webp"},"et-pb-portfolio-image":{"file":"tours-galeria-obidos-nazare-02-400x284.webp","width":400,"height":284,"mime-type":"image\/webp","filesize":35976,"source_url":"https:\/\/recordtours.pt\/wp-content\/uploads\/2024\/04\/tours-galeria-obidos-nazare-02-400x284.webp"},"et-pb-portfolio-module-image":{"file":"tours-galeria-obidos-nazare-02-510x382.webp","width":510,"height":382,"mime-type":"image\/webp","filesize":59114,"source_url":"https:\/\/recordtours.pt\/wp-content\/uploads\/2024\/04\/tours-galeria-obidos-nazare-02-510x382.webp"},"et-pb-portfolio-image-single":{"file":"tours-galeria-obidos-nazare-02-1080x720.webp","width":1080,"height":720,"mime-type":"image\/webp","filesize":201202,"source_url":"https:\/\/recordtours.pt\/wp-content\/uploads\/2024\/04\/tours-galeria-obidos-nazare-02-1080x720.webp"},"et-pb-gallery-module-image-portrait":{"file":"tours-galeria-obidos-nazare-02-400x516.webp","width":400,"height":516,"mime-type":"image\/webp","filesize":61916,"source_url":"https:\/\/recordtours.pt\/wp-content\/uploads\/2024\/04\/tours-galeria-obidos-nazare-02-400x516.webp"},"et-pb-image--responsive--tablet":{"file":"tours-galeria-obidos-nazare-02-980x653.webp","width":980,"height":653,"mime-type":"image\/webp","filesize":171246,"source_url":"https:\/\/recordtours.pt\/wp-content\/uploads\/2024\/04\/tours-galeria-obidos-nazare-02-980x653.webp"},"et-pb-image--responsive--phone":{"file":"tours-galeria-obidos-nazare-02-480x320.webp","width":480,"height":320,"mime-type":"image\/webp","filesize":47538,"source_url":"https:\/\/recordtours.pt\/wp-content\/uploads\/2024\/04\/tours-galeria-obidos-nazare-02-480x320.webp"}}},"alt_text":"","url":"","target":""},{"id":3265,"title":"","caption":"","full_image_url":"https:\/\/recordtours.pt\/wp-content\/uploads\/2024\/02\/tours-galeria-sintra-02.webp","thumbnail_image_url":"https:\/\/recordtours.pt\/wp-content\/uploads\/2024\/02\/tours-galeria-sintra-02-150x150.webp","large_srcset":"https:\/\/recordtours.pt\/wp-content\/uploads\/2024\/02\/tours-galeria-sintra-02-1024x683.webp 1024w, https:\/\/recordtours.pt\/wp-content\/uploads\/2024\/02\/tours-galeria-sintra-02-980x653.webp 980w, https:\/\/recordtours.pt\/wp-content\/uploads\/2024\/02\/tours-galeria-sintra-02-480x320.webp 480w","medium_srcset":false,"media_details":{"width":1200,"height":800,"sizes":{"medium":{"file":"tours-galeria-sintra-02-300x200.webp","width":300,"height":200,"mime-type":"image\/webp","filesize":21486,"source_url":"https:\/\/recordtours.pt\/wp-content\/uploads\/2024\/02\/tours-galeria-sintra-02-300x200.webp"},"large":{"file":"tours-galeria-sintra-02-1024x683.webp","width":1024,"height":683,"mime-type":"image\/webp","filesize":221960,"source_url":"https:\/\/recordtours.pt\/wp-content\/uploads\/2024\/02\/tours-galeria-sintra-02-1024x683.webp"},"thumbnail":{"file":"tours-galeria-sintra-02-150x150.webp","width":150,"height":150,"mime-type":"image\/webp","filesize":8492,"source_url":"https:\/\/recordtours.pt\/wp-content\/uploads\/2024\/02\/tours-galeria-sintra-02-150x150.webp"},"medium_large":{"file":"tours-galeria-sintra-02-768x512.webp","width":768,"height":512,"mime-type":"image\/webp","filesize":132908,"source_url":"https:\/\/recordtours.pt\/wp-content\/uploads\/2024\/02\/tours-galeria-sintra-02-768x512.webp"},"et-pb-post-main-image":{"file":"tours-galeria-sintra-02-400x250.webp","width":400,"height":250,"mime-type":"image\/webp","filesize":34454,"source_url":"https:\/\/recordtours.pt\/wp-content\/uploads\/2024\/02\/tours-galeria-sintra-02-400x250.webp"},"et-pb-post-main-image-fullwidth":{"file":"tours-galeria-sintra-02-1080x675.webp","width":1080,"height":675,"mime-type":"image\/webp","filesize":232806,"source_url":"https:\/\/recordtours.pt\/wp-content\/uploads\/2024\/02\/tours-galeria-sintra-02-1080x675.webp"},"et-pb-portfolio-image":{"file":"tours-galeria-sintra-02-400x284.webp","width":400,"height":284,"mime-type":"image\/webp","filesize":38950,"source_url":"https:\/\/recordtours.pt\/wp-content\/uploads\/2024\/02\/tours-galeria-sintra-02-400x284.webp"},"et-pb-portfolio-module-image":{"file":"tours-galeria-sintra-02-510x382.webp","width":510,"height":382,"mime-type":"image\/webp","filesize":66254,"source_url":"https:\/\/recordtours.pt\/wp-content\/uploads\/2024\/02\/tours-galeria-sintra-02-510x382.webp"},"et-pb-portfolio-image-single":{"file":"tours-galeria-sintra-02-1080x720.webp","width":1080,"height":720,"mime-type":"image\/webp","filesize":244330,"source_url":"https:\/\/recordtours.pt\/wp-content\/uploads\/2024\/02\/tours-galeria-sintra-02-1080x720.webp"},"et-pb-gallery-module-image-portrait":{"file":"tours-galeria-sintra-02-400x516.webp","width":400,"height":516,"mime-type":"image\/webp","filesize":69092,"source_url":"https:\/\/recordtours.pt\/wp-content\/uploads\/2024\/02\/tours-galeria-sintra-02-400x516.webp"},"et-pb-image--responsive--tablet":{"file":"tours-galeria-sintra-02-980x653.webp","width":980,"height":653,"mime-type":"image\/webp","filesize":205598,"source_url":"https:\/\/recordtours.pt\/wp-content\/uploads\/2024\/02\/tours-galeria-sintra-02-980x653.webp"},"et-pb-image--responsive--phone":{"file":"tours-galeria-sintra-02-480x320.webp","width":480,"height":320,"mime-type":"image\/webp","filesize":52710,"source_url":"https:\/\/recordtours.pt\/wp-content\/uploads\/2024\/02\/tours-galeria-sintra-02-480x320.webp"}}},"alt_text":"","url":"","target":""},{"id":3264,"title":"","caption":"","full_image_url":"https:\/\/recordtours.pt\/wp-content\/uploads\/2024\/02\/tours-galeria-sintra-01.webp","thumbnail_image_url":"https:\/\/recordtours.pt\/wp-content\/uploads\/2024\/02\/tours-galeria-sintra-01-150x150.webp","large_srcset":"https:\/\/recordtours.pt\/wp-content\/uploads\/2024\/02\/tours-galeria-sintra-01-1024x683.webp 1024w, https:\/\/recordtours.pt\/wp-content\/uploads\/2024\/02\/tours-galeria-sintra-01-980x653.webp 980w, https:\/\/recordtours.pt\/wp-content\/uploads\/2024\/02\/tours-galeria-sintra-01-480x320.webp 480w","medium_srcset":false,"media_details":{"width":1200,"height":800,"sizes":{"medium":{"file":"tours-galeria-sintra-01-300x200.webp","width":300,"height":200,"mime-type":"image\/webp","filesize":17086,"source_url":"https:\/\/recordtours.pt\/wp-content\/uploads\/2024\/02\/tours-galeria-sintra-01-300x200.webp"},"large":{"file":"tours-galeria-sintra-01-1024x683.webp","width":1024,"height":683,"mime-type":"image\/webp","filesize":151994,"source_url":"https:\/\/recordtours.pt\/wp-content\/uploads\/2024\/02\/tours-galeria-sintra-01-1024x683.webp"},"thumbnail":{"file":"tours-galeria-sintra-01-150x150.webp","width":150,"height":150,"mime-type":"image\/webp","filesize":7220,"source_url":"https:\/\/recordtours.pt\/wp-content\/uploads\/2024\/02\/tours-galeria-sintra-01-150x150.webp"},"medium_large":{"file":"tours-galeria-sintra-01-768x512.webp","width":768,"height":512,"mime-type":"image\/webp","filesize":92212,"source_url":"https:\/\/recordtours.pt\/wp-content\/uploads\/2024\/02\/tours-galeria-sintra-01-768x512.webp"},"et-pb-post-main-image":{"file":"tours-galeria-sintra-01-400x250.webp","width":400,"height":250,"mime-type":"image\/webp","filesize":26442,"source_url":"https:\/\/recordtours.pt\/wp-content\/uploads\/2024\/02\/tours-galeria-sintra-01-400x250.webp"},"et-pb-post-main-image-fullwidth":{"file":"tours-galeria-sintra-01-1080x675.webp","width":1080,"height":675,"mime-type":"image\/webp","filesize":157128,"source_url":"https:\/\/recordtours.pt\/wp-content\/uploads\/2024\/02\/tours-galeria-sintra-01-1080x675.webp"},"et-pb-portfolio-image":{"file":"tours-galeria-sintra-01-400x284.webp","width":400,"height":284,"mime-type":"image\/webp","filesize":30090,"source_url":"https:\/\/recordtours.pt\/wp-content\/uploads\/2024\/02\/tours-galeria-sintra-01-400x284.webp"},"et-pb-portfolio-module-image":{"file":"tours-galeria-sintra-01-510x382.webp","width":510,"height":382,"mime-type":"image\/webp","filesize":50206,"source_url":"https:\/\/recordtours.pt\/wp-content\/uploads\/2024\/02\/tours-galeria-sintra-01-510x382.webp"},"et-pb-portfolio-image-single":{"file":"tours-galeria-sintra-01-1080x720.webp","width":1080,"height":720,"mime-type":"image\/webp","filesize":163832,"source_url":"https:\/\/recordtours.pt\/wp-content\/uploads\/2024\/02\/tours-galeria-sintra-01-1080x720.webp"},"et-pb-gallery-module-image-portrait":{"file":"tours-galeria-sintra-01-400x516.webp","width":400,"height":516,"mime-type":"image\/webp","filesize":51486,"source_url":"https:\/\/recordtours.pt\/wp-content\/uploads\/2024\/02\/tours-galeria-sintra-01-400x516.webp"},"et-pb-image--responsive--tablet":{"file":"tours-galeria-sintra-01-980x653.webp","width":980,"height":653,"mime-type":"image\/webp","filesize":141164,"source_url":"https:\/\/recordtours.pt\/wp-content\/uploads\/2024\/02\/tours-galeria-sintra-01-980x653.webp"},"et-pb-image--responsive--phone":{"file":"tours-galeria-sintra-01-480x320.webp","width":480,"height":320,"mime-type":"image\/webp","filesize":39444,"source_url":"https:\/\/recordtours.pt\/wp-content\/uploads\/2024\/02\/tours-galeria-sintra-01-480x320.webp"}}},"alt_text":"","url":"","target":""}]]}},"_links":{"self":[{"href":"https:\/\/recordtours.pt\/it\/wp-json\/wp\/v2\/posts\/3288","targetHints":{"allow":["GET"]}}],"collection":[{"href":"https:\/\/recordtours.pt\/it\/wp-json\/wp\/v2\/posts"}],"about":[{"href":"https:\/\/recordtours.pt\/it\/wp-json\/wp\/v2\/types\/post"}],"author":[{"embeddable":true,"href":"https:\/\/recordtours.pt\/it\/wp-json\/wp\/v2\/users\/3"}],"replies":[{"embeddable":true,"href":"https:\/\/recordtours.pt\/it\/wp-json\/wp\/v2\/comments?post=3288"}],"version-history":[{"count":0,"href":"https:\/\/recordtours.pt\/it\/wp-json\/wp\/v2\/posts\/3288\/revisions"}],"wp:featuredmedia":[{"embeddable":true,"href":"https:\/\/recordtours.pt\/it\/wp-json\/wp\/v2\/media\/3266"}],"wp:attachment":[{"href":"https:\/\/recordtours.pt\/it\/wp-json\/wp\/v2\/media?parent=3288"}],"wp:term":[{"taxonomy":"category","embeddable":true,"href":"https:\/\/recordtours.pt\/it\/wp-json\/wp\/v2\/categories?post=3288"},{"taxonomy":"post_tag","embeddable":true,"href":"https:\/\/recordtours.pt\/it\/wp-json\/wp\/v2\/tags?post=3288"}],"curies":[{"name":"wp","href":"https:\/\/api.w.org\/{rel}","templated":true}]}}