{"id":3298,"date":"2024-02-27T12:21:52","date_gmt":"2024-02-27T12:21:52","guid":{"rendered":"https:\/\/recordtours.pt\/tour-di-mezza-giornata-per-piccoli-gruppi-di-fatima-da-lisbona\/"},"modified":"2024-06-24T11:54:17","modified_gmt":"2024-06-24T11:54:17","slug":"tour-di-mezza-giornata-per-piccoli-gruppi-di-fatima-da-lisbona","status":"publish","type":"post","link":"https:\/\/recordtours.pt\/it\/tour-di-mezza-giornata-per-piccoli-gruppi-di-fatima-da-lisbona\/","title":{"rendered":"Tour di mezza giornata per piccoli gruppi di Fatima da Lisbona"},"content":{"rendered":"<p>Visita la piccola citt\u00e0 di Fatima e i suoi siti religiosi in questo tour di mezza giornata con trasporto incluso da Lisbona. In questa citt\u00e0 si trova il santuario dove si dice che la Vergine Maria sia apparsa a tre bambini nel 1917. Esplora il Santuario di Fatima, le basiliche e le case dei bambini con il commento della tua guida in un piccolo gruppo di non pi\u00f9 di otto ospiti per un&#8217;esperienza intima.<\/p>\n<div class='et-learn-more clearfix'>\n\t\t\t\t\t<h3 class='heading-more'>Cosa \u00e8 incluso<span class='et_learnmore_arrow'><span><\/span><\/span><\/h3>\n\t\t\t\t\t<div class='learn-more-content'><div>\n<ul>\n<li>Veicolo con aria condizionata<\/li>\n<li>Trasporto privato<\/li>\n<li>Wi-Fi a bordo<\/li>\n<li>Acqua minerale<\/li>\n<\/ul>\n<\/div>\n<div>\n<div><strong>Cosa non \u00e8 incluso<\/strong><\/div>\n<ul>\n<li>Colazione<\/li>\n<li>Pranzo<\/li>\n<li>Cena<\/li>\n<\/ul>\n<\/div><\/div>\n\t\t\t\t<\/div> <div class='et-learn-more clearfix'>\n\t\t\t\t\t<h3 class='heading-more'>Cosa aspettarsi<span class='et_learnmore_arrow'><span><\/span><\/span><\/h3>\n\t\t\t\t\t<div class='learn-more-content'><strong>Itinerario<\/strong><\/p>\n<p>Questo \u00e8 un itinerario normale per questo prodotto<\/p>\n<p><strong>Luogo di sosta: <\/strong>Basilica della Santissima Trinit\u00e0, Av. di Dom Jos\u00e9 Alves Correia da Silva, Fatima 2496-908 Portogallo<\/p>\n<p>La Basilica della Santissima Trinit\u00e0 \u00e8 una basilica minore situata nella localit\u00e0 di Cova da Iria, nella parrocchia e citt\u00e0 di Fatima. Si tratta di un&#8217;enorme chiesa dedicata alla Santissima Trinit\u00e0, appartenente al complesso del Santuario di Fatima, con 8.633 posti a sedere e 40.000 m\u00b2 di superficie. Il progetto \u00e8 stato progettato dall&#8217;architetto greco Alexandros Tombazis. \u00c8 stato inaugurato il 12 ottobre 2007 dal Segretario di Stato vaticano, il cardinale Tarcisio Bertone, in occasione del 90\u00b0 anniversario delle apparizioni della Vergine Maria a Fatima.<\/p>\n<p>Durata: 1 ora<\/p>\n<p><strong>Luogo di sosta: <\/strong>Basilica di Nostra Signora del Rosario di Fatima, Rua de Rainha Santa Isabel 26, Fatima 2495-424 Portogallo<\/p>\n<p>Il Santuario di Fatima, formalmente intitolato dalla Chiesa Cattolica come Santuario di Nostra Signora del Rosario di Fatima, \u00e8 un santuario mariano dedicato alla Madonna di Fatima, situato nella localit\u00e0 di Cova da Iria, nella citt\u00e0 di Fatima, comune di Our\u00e9m, in Portogallo.<\/p>\n<p>Il Santuario di Fatima \u00e8, per antonomasia, un luogo di pellegrinaggio cristiano e di devozione cattolica, che conserva la memoria degli eventi che hanno portato alla sua fondazione, vale a dire le apparizioni della Madonna ai tre pastorelli \u2013 Lucia dos Santos, Francesco e Giacinta Marto \u2013 nel 1917. La sua grandezza e rilevanza da un punto di vista religioso \u00e8 stata a lungo riconosciuta consensualmente, a livello nazionale e internazionale. Per espressa volont\u00e0 della Santa Sede Apostolica, questo \u00e8 un Santuario Nazionale. \u00c8 anche uno dei santuari mariani pi\u00f9 importanti al mondo appartenente alla Chiesa cattolica e la pi\u00f9 grande destinazione internazionale per il turismo religioso, ricevendo circa sei milioni di visitatori all&#8217;anno. \u00c8 stato onorato con tre rose d&#8217;oro papali e visitato dai papi Paolo VI (1967), Giovanni Paolo II (1982, 1991 e 2000), Benedetto XVI (2010) e Francesco (2017).<\/p>\n<p>Durata: 1 ora<\/p><\/div>\n\t\t\t\t<\/div> <div class='et-learn-more clearfix'>\n\t\t\t\t\t<h3 class='heading-more'>Partenza e ritorno<span class='et_learnmore_arrow'><span><\/span><\/span><\/h3>\n\t\t\t\t\t<div class='learn-more-content'><div>\n<ul>\n<li>\n<div>\n<div><strong>Inizio<\/strong>:<\/div>\n<\/div>\n<div>\n<ul>\n<li>\n<div>\n<div>Pra\u00e7a Marqu\u00eas de Pombal 8, 1250-160 Lisbona, Portogallo<\/div>\n<div>pick-up di fronte all&#8217;Hotel Fenix, Piazza Marques de Pombal<\/div>\n<\/div>\n<\/li>\n<\/ul>\n<\/div>\n<div>\n<div><strong>Fine<\/strong>: questa attivit\u00e0 termina al punto d&#8217;incontro.<\/div>\n<\/div>\n<\/li>\n<\/ul>\n<\/div><\/div>\n\t\t\t\t<\/div> <div class='et-learn-more clearfix'>\n\t\t\t\t\t<h3 class='heading-more'>Accessibilit\u00e0<span class='et_learnmore_arrow'><span><\/span><\/span><\/h3>\n\t\t\t\t\t<div class='learn-more-content'><div>\n<ul>\n<li>Non accessibile in sedia a rotelle<\/li>\n<li>Passeggino accessibile<\/li>\n<li>Vicino ai trasporti pubblici<\/li>\n<li>Seggiolini per bambini disponibili<\/li>\n<\/ul>\n<\/div>\n<div>\n<div>Se hai domande sull&#8217;accessibilit\u00e0, saremo lieti di aiutarti. Basta chiamare <a href=\"tel:+351932221333\">il numero (+351) 932 221 333<\/a><\/div>\n<\/div><\/div>\n\t\t\t\t<\/div> <div class='et-learn-more clearfix'>\n\t\t\t\t\t<h3 class='heading-more'>Informazioni aggiuntive<span class='et_learnmore_arrow'><span><\/span><\/span><\/h3>\n\t\t\t\t\t<div class='learn-more-content'><div>\n<ul>\n<li>La conferma verr\u00e0 ricevuta al momento della prenotazione<\/li>\n<li>Pu\u00f2 partecipare la maggior parte dei viaggiatori<\/li>\n<li>Questa esperienza avr\u00e0 luogo solo se il tempo \u00e8 buono. In caso di cancellazione a causa di condizioni meteorologiche avverse, ti verr\u00e0 offerta una data diversa o un rimborso completo<\/li>\n<li>Questa esperienza richiede un numero minimo di viaggiatori. Se viene cancellato perch\u00e9 non viene raggiunto il numero minimo, ti verr\u00e0 offerta una data\/esperienza diversa o un rimborso completo<\/li>\n<li>Questa \u00e8 un&#8217;attivit\u00e0\/tour privato. Parteciper\u00e0 solo il tuo gruppo<\/li>\n<\/ul>\n<\/div><\/div>\n\t\t\t\t<\/div> <div class='et-learn-more clearfix'>\n\t\t\t\t\t<h3 class='heading-more'>Politica di cancellazione<span class='et_learnmore_arrow'><span><\/span><\/span><\/h3>\n\t\t\t\t\t<div class='learn-more-content'><div>Per un rimborso completo, cancella entro 72 ore dalla prenotazione del tour.<\/div><\/div>\n\t\t\t\t<\/div> <div class='et-learn-more clearfix'>\n\t\t\t\t\t<h3 class='heading-more'>Domande frequenti<span class='et_learnmore_arrow'><span><\/span><\/span><\/h3>\n\t\t\t\t\t<div class='learn-more-content'><div>\n<div><strong>Quali attrazioni potr\u00f2 visitare con Tour di mezza giornata per piccoli gruppi di Fatima da Lisbona?<\/strong><\/div>\n<div>\n<div>\n<p>Durante questa esperienza, i luoghi che visiterai includono:<\/p>\n<ul>\n<li><a href=\"https:\/\/www.tripadvisor.pt\/Attraction_Review-g189157-d196723-Reviews-Basilica_de_Nossa_Senhora_do_Rosario_de_Fatima-Fatima_Santarem_District_Central_Po.html\">Basilica di Nostra Signora del Rosario di Fatima<\/a><\/li>\n<\/ul>\n<\/div>\n<\/div>\n<\/div>\n<div>\n<hr>\n<\/div>\n<div>\n<div><strong>Quanto costa Tour di mezza giornata per piccoli gruppi di Fatima da Lisbona?<\/strong><\/div>\n<div>\n<div>Prezzo per Tour di mezza giornata per piccoli gruppi di Fatima da Lisbona a partire da 101,53 \u20ac.<\/div>\n<\/div>\n<\/div>\n<div>\n<hr>\n<\/div>\n<div>\n<div><strong>Quale compagnia \u00e8 responsabile di Tour di mezza giornata per piccoli gruppi di Fatima da Lisbona?<\/strong><\/div>\n<div>\n<div>Tour di mezza giornata per piccoli gruppi di Fatima da Lisbona \u00e8 offerto da RecordTours.<\/div>\n<div>\n<div>\n<hr>\n<\/div>\n<div>\n<div><strong>Quanto tempo occorre per Tour di mezza giornata per piccoli gruppi di Fatima da Lisbona?<\/strong><\/div>\n<div>\n<div>In media, questa esperienza durer\u00e0 circa 5 ore.<\/div>\n<\/div>\n<\/div>\n<\/div>\n<\/div>\n<\/div><\/div>\n\t\t\t\t<\/div><div class='et-learn-more clearfix'>\n\t\t\t\t\t<h3 class='heading-more'>Guida<span class='et_learnmore_arrow'><span><\/span><\/span><\/h3>\n\t\t\t\t\t<div class='learn-more-content'><div>Se hai domande su questo tour o hai bisogno di aiuto per prenotare, siamo felici di aiutarti. Basta chiamare <a href=\"tel:+351932221333\">il numero (+351) 932 221 333<\/a><\/div><\/div>\n\t\t\t\t<\/div><\/p>\n","protected":false},"excerpt":{"rendered":"<p>Visita la piccola citt\u00e0 di Fatima e i suoi siti religiosi in questo tour di mezza giornata con trasporto incluso da Lisbona&#8230;  <\/p>\n","protected":false},"author":3,"featured_media":3302,"comment_status":"closed","ping_status":"closed","sticky":false,"template":"","format":"standard","meta":{"_acf_changed":false,"_et_pb_use_builder":"","_et_pb_old_content":"","_et_gb_content_width":"","footnotes":""},"categories":[23,44],"tags":[],"class_list":["post-3298","post","type-post","status-publish","format-standard","has-post-thumbnail","hentry","category-non-categorizzato","category-tour"],"acf":{"photo_gallery":{"tours_galeria":[[{"id":3299,"title":"","caption":"","full_image_url":"https:\/\/recordtours.pt\/wp-content\/uploads\/2024\/02\/tours-galeria-fatima-01.webp","thumbnail_image_url":"https:\/\/recordtours.pt\/wp-content\/uploads\/2024\/02\/tours-galeria-fatima-01-150x150.webp","large_srcset":"https:\/\/recordtours.pt\/wp-content\/uploads\/2024\/02\/tours-galeria-fatima-01-1024x683.webp 1024w, https:\/\/recordtours.pt\/wp-content\/uploads\/2024\/02\/tours-galeria-fatima-01-980x653.webp 980w, https:\/\/recordtours.pt\/wp-content\/uploads\/2024\/02\/tours-galeria-fatima-01-480x320.webp 480w","medium_srcset":false,"media_details":{"width":1200,"height":800,"sizes":{"medium":{"file":"tours-galeria-fatima-01-300x200.webp","width":300,"height":200,"mime-type":"image\/webp","filesize":9012,"source_url":"https:\/\/recordtours.pt\/wp-content\/uploads\/2024\/02\/tours-galeria-fatima-01-300x200.webp"},"large":{"file":"tours-galeria-fatima-01-1024x683.webp","width":1024,"height":683,"mime-type":"image\/webp","filesize":72158,"source_url":"https:\/\/recordtours.pt\/wp-content\/uploads\/2024\/02\/tours-galeria-fatima-01-1024x683.webp"},"thumbnail":{"file":"tours-galeria-fatima-01-150x150.webp","width":150,"height":150,"mime-type":"image\/webp","filesize":4200,"source_url":"https:\/\/recordtours.pt\/wp-content\/uploads\/2024\/02\/tours-galeria-fatima-01-150x150.webp"},"medium_large":{"file":"tours-galeria-fatima-01-768x512.webp","width":768,"height":512,"mime-type":"image\/webp","filesize":43350,"source_url":"https:\/\/recordtours.pt\/wp-content\/uploads\/2024\/02\/tours-galeria-fatima-01-768x512.webp"},"et-pb-post-main-image":{"file":"tours-galeria-fatima-01-400x250.webp","width":400,"height":250,"mime-type":"image\/webp","filesize":13070,"source_url":"https:\/\/recordtours.pt\/wp-content\/uploads\/2024\/02\/tours-galeria-fatima-01-400x250.webp"},"et-pb-post-main-image-fullwidth":{"file":"tours-galeria-fatima-01-1080x675.webp","width":1080,"height":675,"mime-type":"image\/webp","filesize":75362,"source_url":"https:\/\/recordtours.pt\/wp-content\/uploads\/2024\/02\/tours-galeria-fatima-01-1080x675.webp"},"et-pb-portfolio-image":{"file":"tours-galeria-fatima-01-400x284.webp","width":400,"height":284,"mime-type":"image\/webp","filesize":14612,"source_url":"https:\/\/recordtours.pt\/wp-content\/uploads\/2024\/02\/tours-galeria-fatima-01-400x284.webp"},"et-pb-portfolio-module-image":{"file":"tours-galeria-fatima-01-510x382.webp","width":510,"height":382,"mime-type":"image\/webp","filesize":23458,"source_url":"https:\/\/recordtours.pt\/wp-content\/uploads\/2024\/02\/tours-galeria-fatima-01-510x382.webp"},"et-pb-portfolio-image-single":{"file":"tours-galeria-fatima-01-1080x720.webp","width":1080,"height":720,"mime-type":"image\/webp","filesize":79220,"source_url":"https:\/\/recordtours.pt\/wp-content\/uploads\/2024\/02\/tours-galeria-fatima-01-1080x720.webp"},"et-pb-gallery-module-image-portrait":{"file":"tours-galeria-fatima-01-400x516.webp","width":400,"height":516,"mime-type":"image\/webp","filesize":26544,"source_url":"https:\/\/recordtours.pt\/wp-content\/uploads\/2024\/02\/tours-galeria-fatima-01-400x516.webp"},"et-pb-image--responsive--tablet":{"file":"tours-galeria-fatima-01-980x653.webp","width":980,"height":653,"mime-type":"image\/webp","filesize":67396,"source_url":"https:\/\/recordtours.pt\/wp-content\/uploads\/2024\/02\/tours-galeria-fatima-01-980x653.webp"},"et-pb-image--responsive--phone":{"file":"tours-galeria-fatima-01-480x320.webp","width":480,"height":320,"mime-type":"image\/webp","filesize":18410,"source_url":"https:\/\/recordtours.pt\/wp-content\/uploads\/2024\/02\/tours-galeria-fatima-01-480x320.webp"}}},"alt_text":"","url":"","target":""},{"id":3300,"title":"","caption":"","full_image_url":"https:\/\/recordtours.pt\/wp-content\/uploads\/2024\/02\/tours-galeria-fatima-002.webp","thumbnail_image_url":"https:\/\/recordtours.pt\/wp-content\/uploads\/2024\/02\/tours-galeria-fatima-002-150x150.webp","large_srcset":"https:\/\/recordtours.pt\/wp-content\/uploads\/2024\/02\/tours-galeria-fatima-002.webp 720w, https:\/\/recordtours.pt\/wp-content\/uploads\/2024\/02\/tours-galeria-fatima-002-480x320.webp 480w","medium_srcset":false,"media_details":{"width":720,"height":480,"sizes":{"medium":{"file":"tours-galeria-fatima-002-300x200.webp","width":300,"height":200,"mime-type":"image\/webp","filesize":13342,"source_url":"https:\/\/recordtours.pt\/wp-content\/uploads\/2024\/02\/tours-galeria-fatima-002-300x200.webp"},"thumbnail":{"file":"tours-galeria-fatima-002-150x150.webp","width":150,"height":150,"mime-type":"image\/webp","filesize":6084,"source_url":"https:\/\/recordtours.pt\/wp-content\/uploads\/2024\/02\/tours-galeria-fatima-002-150x150.webp"},"et-pb-post-main-image":{"file":"tours-galeria-fatima-002-400x250.webp","width":400,"height":250,"mime-type":"image\/webp","filesize":20616,"source_url":"https:\/\/recordtours.pt\/wp-content\/uploads\/2024\/02\/tours-galeria-fatima-002-400x250.webp"},"et-pb-portfolio-image":{"file":"tours-galeria-fatima-002-400x284.webp","width":400,"height":284,"mime-type":"image\/webp","filesize":22594,"source_url":"https:\/\/recordtours.pt\/wp-content\/uploads\/2024\/02\/tours-galeria-fatima-002-400x284.webp"},"et-pb-portfolio-module-image":{"file":"tours-galeria-fatima-002-510x382.webp","width":510,"height":382,"mime-type":"image\/webp","filesize":35318,"source_url":"https:\/\/recordtours.pt\/wp-content\/uploads\/2024\/02\/tours-galeria-fatima-002-510x382.webp"},"et-pb-gallery-module-image-portrait":{"file":"tours-galeria-fatima-002-400x480.webp","width":400,"height":480,"mime-type":"image\/webp","filesize":32862,"source_url":"https:\/\/recordtours.pt\/wp-content\/uploads\/2024\/02\/tours-galeria-fatima-002-400x480.webp"},"et-pb-image--responsive--phone":{"file":"tours-galeria-fatima-002-480x320.webp","width":480,"height":320,"mime-type":"image\/webp","filesize":28616,"source_url":"https:\/\/recordtours.pt\/wp-content\/uploads\/2024\/02\/tours-galeria-fatima-002-480x320.webp"}}},"alt_text":"","url":"","target":""},{"id":3301,"title":"","caption":"","full_image_url":"https:\/\/recordtours.pt\/wp-content\/uploads\/2024\/02\/tours-galeria-fatima-003.webp","thumbnail_image_url":"https:\/\/recordtours.pt\/wp-content\/uploads\/2024\/02\/tours-galeria-fatima-003-150x150.webp","large_srcset":"https:\/\/recordtours.pt\/wp-content\/uploads\/2024\/02\/tours-galeria-fatima-003.webp 720w, https:\/\/recordtours.pt\/wp-content\/uploads\/2024\/02\/tours-galeria-fatima-003-480x320.webp 480w","medium_srcset":false,"media_details":{"width":720,"height":480,"sizes":{"medium":{"file":"tours-galeria-fatima-003-300x200.webp","width":300,"height":200,"mime-type":"image\/webp","filesize":12750,"source_url":"https:\/\/recordtours.pt\/wp-content\/uploads\/2024\/02\/tours-galeria-fatima-003-300x200.webp"},"thumbnail":{"file":"tours-galeria-fatima-003-150x150.webp","width":150,"height":150,"mime-type":"image\/webp","filesize":6408,"source_url":"https:\/\/recordtours.pt\/wp-content\/uploads\/2024\/02\/tours-galeria-fatima-003-150x150.webp"},"et-pb-post-main-image":{"file":"tours-galeria-fatima-003-400x250.webp","width":400,"height":250,"mime-type":"image\/webp","filesize":19598,"source_url":"https:\/\/recordtours.pt\/wp-content\/uploads\/2024\/02\/tours-galeria-fatima-003-400x250.webp"},"et-pb-portfolio-image":{"file":"tours-galeria-fatima-003-400x284.webp","width":400,"height":284,"mime-type":"image\/webp","filesize":22292,"source_url":"https:\/\/recordtours.pt\/wp-content\/uploads\/2024\/02\/tours-galeria-fatima-003-400x284.webp"},"et-pb-portfolio-module-image":{"file":"tours-galeria-fatima-003-510x382.webp","width":510,"height":382,"mime-type":"image\/webp","filesize":35206,"source_url":"https:\/\/recordtours.pt\/wp-content\/uploads\/2024\/02\/tours-galeria-fatima-003-510x382.webp"},"et-pb-gallery-module-image-portrait":{"file":"tours-galeria-fatima-003-400x480.webp","width":400,"height":480,"mime-type":"image\/webp","filesize":36048,"source_url":"https:\/\/recordtours.pt\/wp-content\/uploads\/2024\/02\/tours-galeria-fatima-003-400x480.webp"},"et-pb-image--responsive--phone":{"file":"tours-galeria-fatima-003-480x320.webp","width":480,"height":320,"mime-type":"image\/webp","filesize":28176,"source_url":"https:\/\/recordtours.pt\/wp-content\/uploads\/2024\/02\/tours-galeria-fatima-003-480x320.webp"}}},"alt_text":"","url":"","target":""}]]}},"_links":{"self":[{"href":"https:\/\/recordtours.pt\/it\/wp-json\/wp\/v2\/posts\/3298","targetHints":{"allow":["GET"]}}],"collection":[{"href":"https:\/\/recordtours.pt\/it\/wp-json\/wp\/v2\/posts"}],"about":[{"href":"https:\/\/recordtours.pt\/it\/wp-json\/wp\/v2\/types\/post"}],"author":[{"embeddable":true,"href":"https:\/\/recordtours.pt\/it\/wp-json\/wp\/v2\/users\/3"}],"replies":[{"embeddable":true,"href":"https:\/\/recordtours.pt\/it\/wp-json\/wp\/v2\/comments?post=3298"}],"version-history":[{"count":0,"href":"https:\/\/recordtours.pt\/it\/wp-json\/wp\/v2\/posts\/3298\/revisions"}],"wp:featuredmedia":[{"embeddable":true,"href":"https:\/\/recordtours.pt\/it\/wp-json\/wp\/v2\/media\/3302"}],"wp:attachment":[{"href":"https:\/\/recordtours.pt\/it\/wp-json\/wp\/v2\/media?parent=3298"}],"wp:term":[{"taxonomy":"category","embeddable":true,"href":"https:\/\/recordtours.pt\/it\/wp-json\/wp\/v2\/categories?post=3298"},{"taxonomy":"post_tag","embeddable":true,"href":"https:\/\/recordtours.pt\/it\/wp-json\/wp\/v2\/tags?post=3298"}],"curies":[{"name":"wp","href":"https:\/\/api.w.org\/{rel}","templated":true}]}}