{"id":3342,"date":"2024-02-27T10:43:48","date_gmt":"2024-02-27T10:43:48","guid":{"rendered":"https:\/\/recordtours.pt\/tour-di-unintera-giornata-a-lisbona-per-piccoli-gruppi-il-tour-della-citta-piu-completo\/"},"modified":"2024-06-24T11:54:12","modified_gmt":"2024-06-24T11:54:12","slug":"tour-di-unintera-giornata-a-lisbona-per-piccoli-gruppi-il-tour-della-citta-piu-completo","status":"publish","type":"post","link":"https:\/\/recordtours.pt\/it\/tour-di-unintera-giornata-a-lisbona-per-piccoli-gruppi-il-tour-della-citta-piu-completo\/","title":{"rendered":"Tour di un&#8217;intera giornata a Lisbona per piccoli gruppi: il tour della citt\u00e0 pi\u00f9 completo"},"content":{"rendered":"<p>Conosci Lisbona come un locale con questo tour di un&#8217;intera giornata per piccoli gruppi. Incontra la tua guida per un giro turistico della citt\u00e0 con particolare attenzione alla cultura e alla tradizione. Esplora il quartiere di Alfama e scopri di pi\u00f9 sulla sua storia. Visita diversi quartieri, tra cui Baixa, Chiado e Alto, e passeggia per le strade di Bel\u00e9m. Goditi il tempo libero per fare acquisti al tuo ritmo.<\/p>\n<div class='et-learn-more clearfix'>\n\t\t\t\t\t<h3 class='heading-more'>Cosa \u00e8 incluso<span class='et_learnmore_arrow'><span><\/span><\/span><\/h3>\n\t\t\t\t\t<div class='learn-more-content'><div>\n<ul>\n<li>Ingresso: Pal\u00e1cio da Pena<\/li>\n<li>Wi-Fi a bordo<\/li>\n<li>Trasporto privato<\/li>\n<\/ul>\n<\/div>\n<div>\n<div><strong>Cosa non \u00e8 incluso<\/strong><\/div>\n<ul>\n<li>Ingresso: Torre di Bel\u00e9m<\/li>\n<\/ul>\n<\/div><\/div>\n\t\t\t\t<\/div> <div class='et-learn-more clearfix'>\n\t\t\t\t\t<h3 class='heading-more'>Cosa aspettarsi<span class='et_learnmore_arrow'><span><\/span><\/span><\/h3>\n\t\t\t\t\t<div class='learn-more-content'><strong>Itinerario<\/strong><\/p>\n<p>Questo \u00e8 un itinerario normale per questo prodotto<\/p>\n<p><strong>Luogo di sosta: <\/strong>Torre di Bel\u00e9m, Avenida Bras\u00edlia &#8211; Bel\u00e9m, Lisbona 1400-038 Portuga<\/p>\n<p>La Torre di Bel\u00e9m, ufficialmente Torre di S\u00e3o Vicente, si trova nella parrocchia di Bel\u00e9m, comune e distretto di Lisbona, in Portogallo. Sulla riva destra del fiume Tago, dove un tempo sorgeva la spiaggia di Bel\u00e9m, era originariamente circondata da acque intorno a tutto il suo perimetro<\/p>\n<p>Durata: 30 minuti<\/p>\n<p><strong>Luogo di sosta: <\/strong>Cattedrale di Lisbona, Largo da S\u00e9, Lisbona 1100-585 Portogallo<\/p>\n<p>La Cattedrale di Lisbona, o Chiesa di Santa Maria Maior, si trova nell&#8217;omonima citt\u00e0, in Portogallo. \u00c8 la sede del Patriarcato di Lisbona e della Parrocchia della Cattedrale. La sua costruzione inizi\u00f2 nella seconda met\u00e0 del XII secolo, dopo la ripresa della citt\u00e0 dai Mori da parte di D. Afonso Henriques, e oggi si presenta come un miscuglio di stili architettonici. \u00c8 stato classificato come Monumento Nazionale dal 1910.<\/p>\n<p>Durata: 30 minuti<\/p>\n<p><strong>Luogo di sosta: <\/strong>Monastero dos Jer\u00f3nimos, Pra\u00e7a do Imp\u00e9rio Bel\u00e9m, Lisbona 1400-206 Portogallo<\/p>\n<p>Il Monastero dos Jer\u00f3nimos o Monastero di Santa Maria de Bel\u00e9m \u00e8 un monastero portoghese dell&#8217;Ordine di San Girolamo costruito nel XVI secolo. Si trova nella parrocchia di Bel\u00e9m, nella citt\u00e0 e nel comune di Lisbona. Dal 2016 ha lo status di Pantheon Nazionale.<\/p>\n<p>Durata: 30 minuti<\/p>\n<p><strong>Luogo di sosta: <\/strong>Avenida Bras\u00edlia Bel\u00e9m, Lisbona 1400-038 Portogallo<\/p>\n<p>Il Monumento alle Scoperte si trova nella parrocchia di Bel\u00e9m, nella citt\u00e0 e nel distretto di Lisbona, in Portogallo. Il progetto architettonico \u00e8 di Cottinelli Telmo e le sculture sono di Leopoldo de Almeida.<\/p>\n<p>Durata: 30 minuti<\/p>\n<p><strong>Luogo di sosta: <\/strong>Parque Eduardo VII, Av. Sidonio Pais, Lisbona 1070-051 Portogallo<\/p>\n<p>Il Parco Eduardo VII d&#8217;Inghilterra \u00e8 il pi\u00f9 grande parco del centro di Lisbona, essendo comunemente conosciuto solo come Parco Eduardo VII. Situata a S\u00e3o Sebasti\u00e3o da Pedreira, oggi parrocchia di Avenidas Novas, fu chiamata cos\u00ec nel 1903 in onore di Edoardo VII del Regno Unito, che aveva visitato Lisbona l&#8217;anno precedente per riaffermare l&#8217;alleanza tra i due paesi. Fino ad allora si chiamava Liberty Park.<\/p>\n<p>Durata: 30 minuti<\/p>\n<p><strong>Luogo di sosta: <\/strong>Piazza Rossio, Pra\u00e7a Dom Pedro IV, Lisbona 1100-026 Portogallo<\/p>\n<p>Questa parte bassa della citt\u00e0 era chiamata Valverde, a causa di un affluente del fiume Tago. Il lurido caneiro di Rossio era coperto nella Lisbona di quattrocento. Era una piazza irregolarmente slanciata, ma era sempre un grande spazio dove si tenevano fiere e mercati.<\/p>\n<p>Durata: 30 minuti<\/p>\n<p><strong>Luogo di sosta: <\/strong>Santuario Nacional de Cristo Rei, Praceta do Cristo Rei 27A Non si trova a Lisbona ma a Almada, Almada 2800-058 Portogallo<\/p>\n<p>Il Santuario Nazionale di Cristo Re \u00e8 un santuario e monumento religioso dedicato al Sacro Cuore di Ges\u00f9 situato nella parrocchia di Pragal, nel comune di Almada, nell&#8217;area metropolitana di Lisbona, in Portogallo.<\/p>\n<p>Durata: 30 minuti<\/p>\n<p><strong>Luogo di sosta: <\/strong>Miradouro das Portas do Sol, Largo das Portas do Sol Alfama, Lisbona 1100-411 Portogallo<\/p>\n<p>Largo das Portas do Sol \u00e8 una strada della citt\u00e0 di Lisbona, che appartiene alla parrocchia di Santa Maria Maior, nel quartiere storico di Alfama. Deriva il suo nome dall&#8217;antica Porta do Sol, integrata nel recinto moresco di Lisbona, che esisteva in questo luogo, rovinato dal terremoto del 1755.<\/p>\n<p>Durata: 30 minuti<\/p><\/div>\n\t\t\t\t<\/div> <div class='et-learn-more clearfix'>\n\t\t\t\t\t<h3 class='heading-more'>Partenza e ritorno<span class='et_learnmore_arrow'><span><\/span><\/span><\/h3>\n\t\t\t\t\t<div class='learn-more-content'><div>\n<ul>\n<li>\n<div>\n<div><strong>Inizio<\/strong>:<\/div>\n<\/div>\n<div>\n<ul>\n<li>\n<div>\n<div>Pra\u00e7a Marqu\u00eas de Pombal 8, 1250-160 Lisbona, Portogallo<\/div>\n<div>pick-up di fronte all&#8217;Hotel Fenix, Piazza Marques de Pombal<\/div>\n<\/div>\n<\/li>\n<\/ul>\n<\/div>\n<div>\n<div><strong>Fine<\/strong>: questa attivit\u00e0 termina al punto d&#8217;incontro.<\/div>\n<\/div>\n<\/li>\n<\/ul>\n<\/div><\/div>\n\t\t\t\t<\/div> <div class='et-learn-more clearfix'>\n\t\t\t\t\t<h3 class='heading-more'>Accessibilit\u00e0<span class='et_learnmore_arrow'><span><\/span><\/span><\/h3>\n\t\t\t\t\t<div class='learn-more-content'><div>\n<ul>\n<li>Non accessibile in sedia a rotelle<\/li>\n<li>Vicino ai trasporti pubblici<\/li>\n<li>Seggiolini per bambini disponibili<\/li>\n<\/ul>\n<\/div>\n<div>\n<div>Se hai domande sull&#8217;accessibilit\u00e0, saremo lieti di aiutarti. Basta chiamare <a href=\"tel:+351932221333\">il numero (+351) 932 221 333<\/a><\/div>\n<\/div><\/div>\n\t\t\t\t<\/div> <div class='et-learn-more clearfix'>\n\t\t\t\t\t<h3 class='heading-more'>Informazioni aggiuntive<span class='et_learnmore_arrow'><span><\/span><\/span><\/h3>\n\t\t\t\t\t<div class='learn-more-content'><div>\n<ul>\n<li>La conferma verr\u00e0 ricevuta al momento della prenotazione<\/li>\n<li>Pu\u00f2 partecipare la maggior parte dei viaggiatori<\/li>\n<li>Questa esperienza richiede un numero minimo di viaggiatori. Se viene cancellato perch\u00e9 non viene raggiunto il numero minimo, ti verr\u00e0 offerta una data\/esperienza diversa o un rimborso completo<\/li>\n<li>Questa \u00e8 un&#8217;attivit\u00e0\/tour privato. Parteciper\u00e0 solo il tuo gruppo<\/li>\n<\/ul>\n<\/div><\/div>\n\t\t\t\t<\/div> <div class='et-learn-more clearfix'>\n\t\t\t\t\t<h3 class='heading-more'>Politica di cancellazione<span class='et_learnmore_arrow'><span><\/span><\/span><\/h3>\n\t\t\t\t\t<div class='learn-more-content'><div>Per un rimborso completo, cancella entro 72 ore dalla prenotazione del tour.<\/div><\/div>\n\t\t\t\t<\/div> <div class='et-learn-more clearfix'>\n\t\t\t\t\t<h3 class='heading-more'>Domande frequenti<span class='et_learnmore_arrow'><span><\/span><\/span><\/h3>\n\t\t\t\t\t<div class='learn-more-content'><div>\n<div><strong>Quali attrazioni potr\u00f2 visitare con Tour di un&#8217;intera giornata per piccoli gruppi a Lisbona: il tour pi\u00f9 completo della citt\u00e0?<\/strong><\/div>\n<div>\n<div>\n<p>Durante questa esperienza, i luoghi che visiterai includono:<\/p>\n<ul>\n<li><a href=\"https:\/\/www.tripadvisor.pt\/Attraction_Review-g189158-d195318-Reviews-Mosteiro_dos_Jeronimos-Lisbon_Lisbon_District_Central_Portugal.html\">Monastero dos Jer\u00f3nimos<\/a><\/li>\n<li><a href=\"https:\/\/www.tripadvisor.pt\/Attraction_Review-g189158-d195644-Reviews-Rossio_Square-Lisbon_Lisbon_District_Central_Portugal.html\">Piazza del Rossio<\/a><\/li>\n<li><a href=\"https:\/\/www.tripadvisor.pt\/Attraction_Review-g189158-d243620-Reviews-Padrao_dos_Descobrimentos-Lisbon_Lisbon_District_Central_Portugal.html\">Monumento alle Scoperte<\/a><\/li>\n<li><a href=\"https:\/\/www.tripadvisor.pt\/Attraction_Review-g189158-d524074-Reviews-Torre_de_Belem-Lisbon_Lisbon_District_Central_Portugal.html\">Torre di Bel\u00e9m<\/a><\/li>\n<li><a href=\"https:\/\/www.tripadvisor.pt\/Attraction_Review-g1022768-d1871724-Reviews-Santuario_Nacional_de_Cristo_Rei-Almada_Setubal_District_Alentejo.html\">Santuario Nazionale di Cristo Re<\/a><\/li>\n<\/ul>\n<\/div>\n<\/div>\n<\/div>\n<div>\n<hr>\n<\/div>\n<div>\n<div><strong>Quanto costa Tour di un&#8217;intera giornata per piccoli gruppi a Lisbona: il tour della citt\u00e0 pi\u00f9 completo?<\/strong><\/div>\n<div>\n<div>Prezzo per Tour di un&#8217;intera giornata per piccoli gruppi a Lisbona: il tour della citt\u00e0 pi\u00f9 completo a partire da 101,26 \u20ac.<\/div>\n<\/div>\n<\/div>\n<div>\n<hr>\n<\/div>\n<div>\n<div><strong>Quale compagnia \u00e8 responsabile di Tour di un&#8217;intera giornata per piccoli gruppi a Lisbona: il tour pi\u00f9 completo della citt\u00e0?<\/strong><\/div>\n<div>\n<div>Tour di un&#8217;intera giornata per piccoli gruppi a Lisbona: il tour della citt\u00e0 pi\u00f9 completo appartiene a RecordTours.<\/div>\n<div>\n<div>\n<hr>\n<\/div>\n<div>\n<div><strong>Quanto tempo occorre per Tour di un&#8217;intera giornata per piccoli gruppi a Lisbona: il tour pi\u00f9 completo della citt\u00e0?<\/strong><\/div>\n<div>\n<div>In media, questa esperienza durer\u00e0 circa 5 ore.<\/div>\n<\/div>\n<\/div>\n<\/div>\n<\/div>\n<\/div><\/div>\n\t\t\t\t<\/div><div class='et-learn-more clearfix'>\n\t\t\t\t\t<h3 class='heading-more'>Guida<span class='et_learnmore_arrow'><span><\/span><\/span><\/h3>\n\t\t\t\t\t<div class='learn-more-content'><div>Se hai domande su questo tour o hai bisogno di aiuto per prenotare, siamo felici di aiutarti. Basta chiamare <a href=\"tel:+351932221333\">il numero (+351) 932 221 333<\/a><\/div><\/div>\n\t\t\t\t<\/div><\/p>\n","protected":false},"excerpt":{"rendered":"<p>Se stai cercando di vivere Lisbona come un locale, questo tour di un&#8217;intera giornata per piccoli gruppi \u00e8 progettato per aiutarti&#8230;<\/p>\n","protected":false},"author":3,"featured_media":3347,"comment_status":"closed","ping_status":"closed","sticky":false,"template":"","format":"standard","meta":{"_acf_changed":false,"_et_pb_use_builder":"","_et_pb_old_content":"","_et_gb_content_width":"","footnotes":""},"categories":[23,44],"tags":[],"class_list":["post-3342","post","type-post","status-publish","format-standard","has-post-thumbnail","hentry","category-non-categorizzato","category-tour"],"acf":{"photo_gallery":{"tours_galeria":[[{"id":3343,"title":"","caption":"","full_image_url":"https:\/\/recordtours.pt\/wp-content\/uploads\/2024\/02\/tours-galeria-lisboa-01.webp","thumbnail_image_url":"https:\/\/recordtours.pt\/wp-content\/uploads\/2024\/02\/tours-galeria-lisboa-01-150x150.webp","large_srcset":"https:\/\/recordtours.pt\/wp-content\/uploads\/2024\/02\/tours-galeria-lisboa-01-1024x683.webp 1024w, https:\/\/recordtours.pt\/wp-content\/uploads\/2024\/02\/tours-galeria-lisboa-01-980x653.webp 980w, https:\/\/recordtours.pt\/wp-content\/uploads\/2024\/02\/tours-galeria-lisboa-01-480x320.webp 480w","medium_srcset":false,"media_details":{"width":1200,"height":800,"sizes":{"medium":{"file":"tours-galeria-lisboa-01-300x200.webp","width":300,"height":200,"mime-type":"image\/webp","filesize":10866,"source_url":"https:\/\/recordtours.pt\/wp-content\/uploads\/2024\/02\/tours-galeria-lisboa-01-300x200.webp"},"large":{"file":"tours-galeria-lisboa-01-1024x683.webp","width":1024,"height":683,"mime-type":"image\/webp","filesize":90104,"source_url":"https:\/\/recordtours.pt\/wp-content\/uploads\/2024\/02\/tours-galeria-lisboa-01-1024x683.webp"},"thumbnail":{"file":"tours-galeria-lisboa-01-150x150.webp","width":150,"height":150,"mime-type":"image\/webp","filesize":5954,"source_url":"https:\/\/recordtours.pt\/wp-content\/uploads\/2024\/02\/tours-galeria-lisboa-01-150x150.webp"},"medium_large":{"file":"tours-galeria-lisboa-01-768x512.webp","width":768,"height":512,"mime-type":"image\/webp","filesize":56010,"source_url":"https:\/\/recordtours.pt\/wp-content\/uploads\/2024\/02\/tours-galeria-lisboa-01-768x512.webp"},"et-pb-post-main-image":{"file":"tours-galeria-lisboa-01-400x250.webp","width":400,"height":250,"mime-type":"image\/webp","filesize":16358,"source_url":"https:\/\/recordtours.pt\/wp-content\/uploads\/2024\/02\/tours-galeria-lisboa-01-400x250.webp"},"et-pb-post-main-image-fullwidth":{"file":"tours-galeria-lisboa-01-1080x675.webp","width":1080,"height":675,"mime-type":"image\/webp","filesize":89824,"source_url":"https:\/\/recordtours.pt\/wp-content\/uploads\/2024\/02\/tours-galeria-lisboa-01-1080x675.webp"},"et-pb-portfolio-image":{"file":"tours-galeria-lisboa-01-400x284.webp","width":400,"height":284,"mime-type":"image\/webp","filesize":19426,"source_url":"https:\/\/recordtours.pt\/wp-content\/uploads\/2024\/02\/tours-galeria-lisboa-01-400x284.webp"},"et-pb-portfolio-module-image":{"file":"tours-galeria-lisboa-01-510x382.webp","width":510,"height":382,"mime-type":"image\/webp","filesize":33046,"source_url":"https:\/\/recordtours.pt\/wp-content\/uploads\/2024\/02\/tours-galeria-lisboa-01-510x382.webp"},"et-pb-portfolio-image-single":{"file":"tours-galeria-lisboa-01-1080x720.webp","width":1080,"height":720,"mime-type":"image\/webp","filesize":96128,"source_url":"https:\/\/recordtours.pt\/wp-content\/uploads\/2024\/02\/tours-galeria-lisboa-01-1080x720.webp"},"et-pb-gallery-module-image-portrait":{"file":"tours-galeria-lisboa-01-400x516.webp","width":400,"height":516,"mime-type":"image\/webp","filesize":45122,"source_url":"https:\/\/recordtours.pt\/wp-content\/uploads\/2024\/02\/tours-galeria-lisboa-01-400x516.webp"},"et-pb-image--responsive--tablet":{"file":"tours-galeria-lisboa-01-980x653.webp","width":980,"height":653,"mime-type":"image\/webp","filesize":83178,"source_url":"https:\/\/recordtours.pt\/wp-content\/uploads\/2024\/02\/tours-galeria-lisboa-01-980x653.webp"},"et-pb-image--responsive--phone":{"file":"tours-galeria-lisboa-01-480x320.webp","width":480,"height":320,"mime-type":"image\/webp","filesize":24186,"source_url":"https:\/\/recordtours.pt\/wp-content\/uploads\/2024\/02\/tours-galeria-lisboa-01-480x320.webp"}}},"alt_text":"","url":"","target":""},{"id":3344,"title":"","caption":"","full_image_url":"https:\/\/recordtours.pt\/wp-content\/uploads\/2024\/02\/tours-galeria-lisboa-02.webp","thumbnail_image_url":"https:\/\/recordtours.pt\/wp-content\/uploads\/2024\/02\/tours-galeria-lisboa-02-150x150.webp","large_srcset":"https:\/\/recordtours.pt\/wp-content\/uploads\/2024\/02\/tours-galeria-lisboa-02-1024x683.webp 1024w, https:\/\/recordtours.pt\/wp-content\/uploads\/2024\/02\/tours-galeria-lisboa-02-980x653.webp 980w, https:\/\/recordtours.pt\/wp-content\/uploads\/2024\/02\/tours-galeria-lisboa-02-480x320.webp 480w","medium_srcset":false,"media_details":{"width":1200,"height":800,"sizes":{"medium":{"file":"tours-galeria-lisboa-02-300x200.webp","width":300,"height":200,"mime-type":"image\/webp","filesize":14650,"source_url":"https:\/\/recordtours.pt\/wp-content\/uploads\/2024\/02\/tours-galeria-lisboa-02-300x200.webp"},"large":{"file":"tours-galeria-lisboa-02-1024x683.webp","width":1024,"height":683,"mime-type":"image\/webp","filesize":129564,"source_url":"https:\/\/recordtours.pt\/wp-content\/uploads\/2024\/02\/tours-galeria-lisboa-02-1024x683.webp"},"thumbnail":{"file":"tours-galeria-lisboa-02-150x150.webp","width":150,"height":150,"mime-type":"image\/webp","filesize":6474,"source_url":"https:\/\/recordtours.pt\/wp-content\/uploads\/2024\/02\/tours-galeria-lisboa-02-150x150.webp"},"medium_large":{"file":"tours-galeria-lisboa-02-768x512.webp","width":768,"height":512,"mime-type":"image\/webp","filesize":79256,"source_url":"https:\/\/recordtours.pt\/wp-content\/uploads\/2024\/02\/tours-galeria-lisboa-02-768x512.webp"},"et-pb-post-main-image":{"file":"tours-galeria-lisboa-02-400x250.webp","width":400,"height":250,"mime-type":"image\/webp","filesize":22936,"source_url":"https:\/\/recordtours.pt\/wp-content\/uploads\/2024\/02\/tours-galeria-lisboa-02-400x250.webp"},"et-pb-post-main-image-fullwidth":{"file":"tours-galeria-lisboa-02-1080x675.webp","width":1080,"height":675,"mime-type":"image\/webp","filesize":134556,"source_url":"https:\/\/recordtours.pt\/wp-content\/uploads\/2024\/02\/tours-galeria-lisboa-02-1080x675.webp"},"et-pb-portfolio-image":{"file":"tours-galeria-lisboa-02-400x284.webp","width":400,"height":284,"mime-type":"image\/webp","filesize":25784,"source_url":"https:\/\/recordtours.pt\/wp-content\/uploads\/2024\/02\/tours-galeria-lisboa-02-400x284.webp"},"et-pb-portfolio-module-image":{"file":"tours-galeria-lisboa-02-510x382.webp","width":510,"height":382,"mime-type":"image\/webp","filesize":42716,"source_url":"https:\/\/recordtours.pt\/wp-content\/uploads\/2024\/02\/tours-galeria-lisboa-02-510x382.webp"},"et-pb-portfolio-image-single":{"file":"tours-galeria-lisboa-02-1080x720.webp","width":1080,"height":720,"mime-type":"image\/webp","filesize":140596,"source_url":"https:\/\/recordtours.pt\/wp-content\/uploads\/2024\/02\/tours-galeria-lisboa-02-1080x720.webp"},"et-pb-gallery-module-image-portrait":{"file":"tours-galeria-lisboa-02-400x516.webp","width":400,"height":516,"mime-type":"image\/webp","filesize":43952,"source_url":"https:\/\/recordtours.pt\/wp-content\/uploads\/2024\/02\/tours-galeria-lisboa-02-400x516.webp"},"et-pb-image--responsive--tablet":{"file":"tours-galeria-lisboa-02-980x653.webp","width":980,"height":653,"mime-type":"image\/webp","filesize":120526,"source_url":"https:\/\/recordtours.pt\/wp-content\/uploads\/2024\/02\/tours-galeria-lisboa-02-980x653.webp"},"et-pb-image--responsive--phone":{"file":"tours-galeria-lisboa-02-480x320.webp","width":480,"height":320,"mime-type":"image\/webp","filesize":33732,"source_url":"https:\/\/recordtours.pt\/wp-content\/uploads\/2024\/02\/tours-galeria-lisboa-02-480x320.webp"}}},"alt_text":"","url":"","target":""},{"id":3345,"title":"","caption":"","full_image_url":"https:\/\/recordtours.pt\/wp-content\/uploads\/2024\/02\/tours-galeria-lisboa-03.webp","thumbnail_image_url":"https:\/\/recordtours.pt\/wp-content\/uploads\/2024\/02\/tours-galeria-lisboa-03-150x150.webp","large_srcset":"https:\/\/recordtours.pt\/wp-content\/uploads\/2024\/02\/tours-galeria-lisboa-03-1024x683.webp 1024w, https:\/\/recordtours.pt\/wp-content\/uploads\/2024\/02\/tours-galeria-lisboa-03-980x653.webp 980w, https:\/\/recordtours.pt\/wp-content\/uploads\/2024\/02\/tours-galeria-lisboa-03-480x320.webp 480w","medium_srcset":false,"media_details":{"width":1200,"height":800,"sizes":{"medium":{"file":"tours-galeria-lisboa-03-300x200.webp","width":300,"height":200,"mime-type":"image\/webp","filesize":16528,"source_url":"https:\/\/recordtours.pt\/wp-content\/uploads\/2024\/02\/tours-galeria-lisboa-03-300x200.webp"},"large":{"file":"tours-galeria-lisboa-03-1024x683.webp","width":1024,"height":683,"mime-type":"image\/webp","filesize":142532,"source_url":"https:\/\/recordtours.pt\/wp-content\/uploads\/2024\/02\/tours-galeria-lisboa-03-1024x683.webp"},"thumbnail":{"file":"tours-galeria-lisboa-03-150x150.webp","width":150,"height":150,"mime-type":"image\/webp","filesize":6776,"source_url":"https:\/\/recordtours.pt\/wp-content\/uploads\/2024\/02\/tours-galeria-lisboa-03-150x150.webp"},"medium_large":{"file":"tours-galeria-lisboa-03-768x512.webp","width":768,"height":512,"mime-type":"image\/webp","filesize":88198,"source_url":"https:\/\/recordtours.pt\/wp-content\/uploads\/2024\/02\/tours-galeria-lisboa-03-768x512.webp"},"et-pb-post-main-image":{"file":"tours-galeria-lisboa-03-400x250.webp","width":400,"height":250,"mime-type":"image\/webp","filesize":26074,"source_url":"https:\/\/recordtours.pt\/wp-content\/uploads\/2024\/02\/tours-galeria-lisboa-03-400x250.webp"},"et-pb-post-main-image-fullwidth":{"file":"tours-galeria-lisboa-03-1080x675.webp","width":1080,"height":675,"mime-type":"image\/webp","filesize":148800,"source_url":"https:\/\/recordtours.pt\/wp-content\/uploads\/2024\/02\/tours-galeria-lisboa-03-1080x675.webp"},"et-pb-portfolio-image":{"file":"tours-galeria-lisboa-03-400x284.webp","width":400,"height":284,"mime-type":"image\/webp","filesize":29050,"source_url":"https:\/\/recordtours.pt\/wp-content\/uploads\/2024\/02\/tours-galeria-lisboa-03-400x284.webp"},"et-pb-portfolio-module-image":{"file":"tours-galeria-lisboa-03-510x382.webp","width":510,"height":382,"mime-type":"image\/webp","filesize":47354,"source_url":"https:\/\/recordtours.pt\/wp-content\/uploads\/2024\/02\/tours-galeria-lisboa-03-510x382.webp"},"et-pb-portfolio-image-single":{"file":"tours-galeria-lisboa-03-1080x720.webp","width":1080,"height":720,"mime-type":"image\/webp","filesize":153952,"source_url":"https:\/\/recordtours.pt\/wp-content\/uploads\/2024\/02\/tours-galeria-lisboa-03-1080x720.webp"},"et-pb-gallery-module-image-portrait":{"file":"tours-galeria-lisboa-03-400x516.webp","width":400,"height":516,"mime-type":"image\/webp","filesize":50090,"source_url":"https:\/\/recordtours.pt\/wp-content\/uploads\/2024\/02\/tours-galeria-lisboa-03-400x516.webp"},"et-pb-image--responsive--tablet":{"file":"tours-galeria-lisboa-03-980x653.webp","width":980,"height":653,"mime-type":"image\/webp","filesize":133368,"source_url":"https:\/\/recordtours.pt\/wp-content\/uploads\/2024\/02\/tours-galeria-lisboa-03-980x653.webp"},"et-pb-image--responsive--phone":{"file":"tours-galeria-lisboa-03-480x320.webp","width":480,"height":320,"mime-type":"image\/webp","filesize":37980,"source_url":"https:\/\/recordtours.pt\/wp-content\/uploads\/2024\/02\/tours-galeria-lisboa-03-480x320.webp"}}},"alt_text":"","url":"","target":""},{"id":3346,"title":"","caption":"","full_image_url":"https:\/\/recordtours.pt\/wp-content\/uploads\/2024\/02\/tours-galeria-lisboa-04.webp","thumbnail_image_url":"https:\/\/recordtours.pt\/wp-content\/uploads\/2024\/02\/tours-galeria-lisboa-04-150x150.webp","large_srcset":"https:\/\/recordtours.pt\/wp-content\/uploads\/2024\/02\/tours-galeria-lisboa-04-1024x683.webp 1024w, https:\/\/recordtours.pt\/wp-content\/uploads\/2024\/02\/tours-galeria-lisboa-04-980x653.webp 980w, https:\/\/recordtours.pt\/wp-content\/uploads\/2024\/02\/tours-galeria-lisboa-04-480x320.webp 480w","medium_srcset":false,"media_details":{"width":1200,"height":800,"sizes":{"medium":{"file":"tours-galeria-lisboa-04-300x200.webp","width":300,"height":200,"mime-type":"image\/webp","filesize":11936,"source_url":"https:\/\/recordtours.pt\/wp-content\/uploads\/2024\/02\/tours-galeria-lisboa-04-300x200.webp"},"large":{"file":"tours-galeria-lisboa-04-1024x683.webp","width":1024,"height":683,"mime-type":"image\/webp","filesize":86308,"source_url":"https:\/\/recordtours.pt\/wp-content\/uploads\/2024\/02\/tours-galeria-lisboa-04-1024x683.webp"},"thumbnail":{"file":"tours-galeria-lisboa-04-150x150.webp","width":150,"height":150,"mime-type":"image\/webp","filesize":5344,"source_url":"https:\/\/recordtours.pt\/wp-content\/uploads\/2024\/02\/tours-galeria-lisboa-04-150x150.webp"},"medium_large":{"file":"tours-galeria-lisboa-04-768x512.webp","width":768,"height":512,"mime-type":"image\/webp","filesize":54524,"source_url":"https:\/\/recordtours.pt\/wp-content\/uploads\/2024\/02\/tours-galeria-lisboa-04-768x512.webp"},"et-pb-post-main-image":{"file":"tours-galeria-lisboa-04-400x250.webp","width":400,"height":250,"mime-type":"image\/webp","filesize":17370,"source_url":"https:\/\/recordtours.pt\/wp-content\/uploads\/2024\/02\/tours-galeria-lisboa-04-400x250.webp"},"et-pb-post-main-image-fullwidth":{"file":"tours-galeria-lisboa-04-1080x675.webp","width":1080,"height":675,"mime-type":"image\/webp","filesize":86362,"source_url":"https:\/\/recordtours.pt\/wp-content\/uploads\/2024\/02\/tours-galeria-lisboa-04-1080x675.webp"},"et-pb-portfolio-image":{"file":"tours-galeria-lisboa-04-400x284.webp","width":400,"height":284,"mime-type":"image\/webp","filesize":19936,"source_url":"https:\/\/recordtours.pt\/wp-content\/uploads\/2024\/02\/tours-galeria-lisboa-04-400x284.webp"},"et-pb-portfolio-module-image":{"file":"tours-galeria-lisboa-04-510x382.webp","width":510,"height":382,"mime-type":"image\/webp","filesize":31290,"source_url":"https:\/\/recordtours.pt\/wp-content\/uploads\/2024\/02\/tours-galeria-lisboa-04-510x382.webp"},"et-pb-portfolio-image-single":{"file":"tours-galeria-lisboa-04-1080x720.webp","width":1080,"height":720,"mime-type":"image\/webp","filesize":92898,"source_url":"https:\/\/recordtours.pt\/wp-content\/uploads\/2024\/02\/tours-galeria-lisboa-04-1080x720.webp"},"et-pb-gallery-module-image-portrait":{"file":"tours-galeria-lisboa-04-400x516.webp","width":400,"height":516,"mime-type":"image\/webp","filesize":30702,"source_url":"https:\/\/recordtours.pt\/wp-content\/uploads\/2024\/02\/tours-galeria-lisboa-04-400x516.webp"},"et-pb-image--responsive--tablet":{"file":"tours-galeria-lisboa-04-980x653.webp","width":980,"height":653,"mime-type":"image\/webp","filesize":80808,"source_url":"https:\/\/recordtours.pt\/wp-content\/uploads\/2024\/02\/tours-galeria-lisboa-04-980x653.webp"},"et-pb-image--responsive--phone":{"file":"tours-galeria-lisboa-04-480x320.webp","width":480,"height":320,"mime-type":"image\/webp","filesize":24674,"source_url":"https:\/\/recordtours.pt\/wp-content\/uploads\/2024\/02\/tours-galeria-lisboa-04-480x320.webp"}}},"alt_text":"","url":"","target":""}]]}},"_links":{"self":[{"href":"https:\/\/recordtours.pt\/it\/wp-json\/wp\/v2\/posts\/3342","targetHints":{"allow":["GET"]}}],"collection":[{"href":"https:\/\/recordtours.pt\/it\/wp-json\/wp\/v2\/posts"}],"about":[{"href":"https:\/\/recordtours.pt\/it\/wp-json\/wp\/v2\/types\/post"}],"author":[{"embeddable":true,"href":"https:\/\/recordtours.pt\/it\/wp-json\/wp\/v2\/users\/3"}],"replies":[{"embeddable":true,"href":"https:\/\/recordtours.pt\/it\/wp-json\/wp\/v2\/comments?post=3342"}],"version-history":[{"count":0,"href":"https:\/\/recordtours.pt\/it\/wp-json\/wp\/v2\/posts\/3342\/revisions"}],"wp:featuredmedia":[{"embeddable":true,"href":"https:\/\/recordtours.pt\/it\/wp-json\/wp\/v2\/media\/3347"}],"wp:attachment":[{"href":"https:\/\/recordtours.pt\/it\/wp-json\/wp\/v2\/media?parent=3342"}],"wp:term":[{"taxonomy":"category","embeddable":true,"href":"https:\/\/recordtours.pt\/it\/wp-json\/wp\/v2\/categories?post=3342"},{"taxonomy":"post_tag","embeddable":true,"href":"https:\/\/recordtours.pt\/it\/wp-json\/wp\/v2\/tags?post=3342"}],"curies":[{"name":"wp","href":"https:\/\/api.w.org\/{rel}","templated":true}]}}