{"id":3413,"date":"2024-05-02T15:08:20","date_gmt":"2024-05-02T15:08:20","guid":{"rendered":"https:\/\/recordtours.pt\/tour-per-piccoli-gruppi-di-tomar-e-mafra-da-lisbona\/"},"modified":"2024-06-28T16:03:39","modified_gmt":"2024-06-28T16:03:39","slug":"tour-per-piccoli-gruppi-di-tomar-e-mafra-da-lisbona","status":"publish","type":"post","link":"https:\/\/recordtours.pt\/it\/tour-per-piccoli-gruppi-di-tomar-e-mafra-da-lisbona\/","title":{"rendered":"Tour per piccoli gruppi di Tomar e Mafra da Lisbona"},"content":{"rendered":"<p>Fuggi dai sentieri battuti e scopri una fortezza dei Cavalieri Templari e uno dei pi\u00f9 grandi palazzi reali del Portogallo. A Tomar, lasciati stupire dal Convento di Cristo del XII secolo e dal suo rapporto con la storia portoghese. Tempo libero per pranzare nella bellissima citt\u00e0 di Tomar. Esplora l&#8217;enorme palazzo reale di Mafra con le sue numerose stanze e segreti.<\/p>\n<p>I bambini da 0 a 7 anni non compiuti non pagano<\/p>\n<div class='et-learn-more clearfix'>\n\t\t\t\t\t<h3 class='heading-more'>Cosa \u00e8 incluso<span class='et_learnmore_arrow'><span><\/span><\/span><\/h3>\n\t\t\t\t\t<div class='learn-more-content'><div>\n<ul>\n<li>Veicolo con aria condizionata<\/li>\n<li>Wi-Fi a bordo<\/li>\n<li>Acqua minerale<\/li>\n<\/ul>\n<\/div>\n<div>\n<div><strong>Cosa non \u00e8 incluso<\/strong><\/div>\n<ul>\n<li>Ingresso non incluso: Convento di Cristo e Palazzo di Mafra<\/li>\n<li>Ingresso: Convento di Cristo<\/li>\n<li>Ingresso: Palazzo Nazionale di Mafra<\/li>\n<\/ul>\n<\/div><\/div>\n\t\t\t\t<\/div> <div class='et-learn-more clearfix'>\n\t\t\t\t\t<h3 class='heading-more'>Cosa aspettarsi<span class='et_learnmore_arrow'><span><\/span><\/span><\/h3>\n\t\t\t\t\t<div class='learn-more-content'><strong>Itinerario<\/strong><\/p>\n<p>Questo \u00e8 un itinerario normale per questo prodotto<\/p>\n<p><strong>Luogo di sosta: <\/strong><span class=\"biGQs _P pZUbB KxBGd\"><b><\/b>Convento di Cristo, Chiesa del Castello dei Templari, Tomar 2300-000 Portogallo<\/span><\/p>\n<p>Iniziamo il tour dirigendoci a nord verso Tomar, attraverso i terreni agricoli di Ribatejo. A Tomar, visitiamo il Convento di Cristo, originariamente costruito dai Cavalieri Templari, ed esploriamo il suo castello templare, la rotonda romanica, la chiesa manuelina, il convento rinascimentale e i recinti monastici (biglietto incluso). Impareremo come i Cavalieri Templari hanno dato origine all&#8217;Ordine di Cristo e come questo nuovo ordine \u00e8 diventato fondamentale nell&#8217;Et\u00e0 delle Scoperte Portoghese. Questo convento \u00e8 stato parzialmente dimenticato fino a diventare l&#8217;odierno patrimonio mondiale dell&#8217;UNESCO.<\/p>\n<p>Durata: 2 ore<\/p>\n<p><strong>Luogo di sosta: <\/strong>Fiume Nabao, Tomar 2300-000 Portogallo<\/p>\n<p>Continuiamo a pranzare nella bellissima citt\u00e0 di Tomar, con il bellissimo fiume Nab\u00e3o che attraversa la citt\u00e0. Dopo aver sentito parlare dell&#8217;eredit\u00e0 ebraica in citt\u00e0 ed aver esplorato le sue stradine piene di storia, ci fermiamo per il pranzo del tempo libero, dove potrete gustare un pasto a base di cibo tradizionale portoghese in uno dei suoi numerosi ristoranti (pasto non incluso nel prezzo).<\/p>\n<p>Durata: 1 ora<\/p>\n<p><strong>Luogo di sosta: <\/strong>Pal\u00e1cio Nacional de Mafra, Terreiro D. Jo\u00e3o v, Mafra 2640-492 Portogallo<\/p>\n<p>Dopo pranzo, risaliremo in macchina e ci dirigeremo verso la citt\u00e0 di Mafra. L\u00ec, ammireremo le dimensioni del sontuoso Palazzo Nazionale di Mafra, con la sua facciata di 220 metri, 1200 stanze e 4700 porte e finestre. Avremo tempo libero per esplorare le tante sale senza perderci l&#8217;infermeria e la grande biblioteca con la sua colonia di pipistrelli, che proteggono i libri dagli insetti nocivi. Scopri come il palazzo ha svolto un ruolo importante nella fine della monarchia portoghese. Se hai tempo, goditi un dolce tradizionale in una pasticceria tipica (non inclusa) prima di tornare a Lisbona.<\/p>\n<p>Durata: 2 ore<\/p><\/div>\n\t\t\t\t<\/div> <div class='et-learn-more clearfix'>\n\t\t\t\t\t<h3 class='heading-more'>Partenza e ritorno<span class='et_learnmore_arrow'><span><\/span><\/span><\/h3>\n\t\t\t\t\t<div class='learn-more-content'><div>\n<ul>\n<li>\n<div>\n<div><strong>Inizio<\/strong>:<\/div>\n<\/div>\n<div>\n<ul>\n<li>\n<div>\n<div>\n<p>Pra\u00e7a Marqu\u00eas de Pombal 8, 1250-160 Lisbona, Portogallo\nPick-Up di fronte all&#8217;Hotel Fenix Marques de Pombal<\/p>\n<\/div>\n<\/div>\n<\/li>\n<\/ul>\n<\/div>\n<div>\n<div><strong>Fine<\/strong>: questa attivit\u00e0 termina al punto d&#8217;incontro.<\/div>\n<\/div>\n<\/li>\n<\/ul>\n<\/div><\/div>\n\t\t\t\t<\/div> <div class='et-learn-more clearfix'>\n\t\t\t\t\t<h3 class='heading-more'>Accessibilit\u00e0<span class='et_learnmore_arrow'><span><\/span><\/span><\/h3>\n\t\t\t\t\t<div class='learn-more-content'><div>\n<ul>\n<li>Non accessibile in sedia a rotelle<\/li>\n<li>Passeggino accessibile<\/li>\n<li>Vicino ai trasporti pubblici<\/li>\n<li>Seggiolini per bambini disponibili<\/li>\n<\/ul>\n<\/div>\n<div>\n<div>Se hai domande sull&#8217;accessibilit\u00e0, saremo lieti di aiutarti. Basta chiamare <a href=\"tel:+351932221333\">il numero (+351) 932 221 333<\/a><\/div>\n<\/div><\/div>\n\t\t\t\t<\/div> <div class='et-learn-more clearfix'>\n\t\t\t\t\t<h3 class='heading-more'>Informazioni aggiuntive<span class='et_learnmore_arrow'><span><\/span><\/span><\/h3>\n\t\t\t\t\t<div class='learn-more-content'><div>\n<ul>\n<li>La conferma verr\u00e0 ricevuta al momento della prenotazione<\/li>\n<li>Pu\u00f2 partecipare la maggior parte dei viaggiatori<\/li>\n<li>Questo tour\/attivit\u00e0 avr\u00e0 un massimo di 8 viaggiatori<\/li>\n<\/ul>\n<\/div><\/div>\n\t\t\t\t<\/div> <div class='et-learn-more clearfix'>\n\t\t\t\t\t<h3 class='heading-more'>Politica di cancellazione<span class='et_learnmore_arrow'><span><\/span><\/span><\/h3>\n\t\t\t\t\t<div class='learn-more-content'><div>Per un rimborso completo, cancella entro 72 ore dalla prenotazione del tour.<\/div><\/div>\n\t\t\t\t<\/div> <div class='et-learn-more clearfix'>\n\t\t\t\t\t<h3 class='heading-more'>Domande frequenti<span class='et_learnmore_arrow'><span><\/span><\/span><\/h3>\n\t\t\t\t\t<div class='learn-more-content'><div>\n<div><strong>Quali attrazioni potr\u00f2 visitare con Tour per piccoli gruppi di Tomar e Mafra da Lisbona?<\/strong><\/div>\n<div>\n<div>\n<p>Durante questa esperienza, i luoghi che visiterai includono:<\/p>\n<ul>\n<li><a href=\"https:\/\/www.tripadvisor.pt\/Attraction_Review-g189159-d536168-Reviews-Palacio_Nacional_de_Mafra-Mafra_Lisbon_District_Central_Portugal.html\">Palazzo Nazionale di Mafra<\/a><\/li>\n<\/ul>\n<\/div>\n<\/div>\n<\/div>\n<div>\n<hr>\n<\/div>\n<div>\n<div><strong>Quanto costa Tour per piccoli gruppi di Tomar e Mafra da Lisbona?<\/strong><\/div>\n<div>\n<div>Prezzo per il tour per piccoli gruppi a Tomar e Mafra da Lisbona a partire da 281,69 \u20ac.<\/div>\n<\/div>\n<\/div>\n<div>\n<hr>\n<\/div>\n<div>\n<div><strong>Quale compagnia \u00e8 responsabile di Tour per piccoli gruppi di Tomar e Mafra da Lisbona?<\/strong><\/div>\n<div>\n<div>Tour per piccoli gruppi di Tomar e Mafra da Lisbona \u00e8 offerto da RecordTours.<\/div>\n<\/div>\n<\/div><\/div>\n\t\t\t\t<\/div><div class='et-learn-more clearfix'>\n\t\t\t\t\t<h3 class='heading-more'>Guida<span class='et_learnmore_arrow'><span><\/span><\/span><\/h3>\n\t\t\t\t\t<div class='learn-more-content'><div>Se hai domande su questo tour o hai bisogno di aiuto per prenotare, siamo felici di aiutarti. Basta chiamare <a href=\"tel:+351932221333\">il numero (+351) 932 221 333<\/a><\/div><\/div>\n\t\t\t\t<\/div><\/p>\n","protected":false},"excerpt":{"rendered":"<p>Fuggi dai sentieri battuti e scopri una fortezza dei Cavalieri Templari e&#8230;  <\/p>\n","protected":false},"author":3,"featured_media":3414,"comment_status":"closed","ping_status":"closed","sticky":false,"template":"","format":"standard","meta":{"_acf_changed":false,"_et_pb_use_builder":"","_et_pb_old_content":"","_et_gb_content_width":"","footnotes":""},"categories":[23,44],"tags":[],"class_list":["post-3413","post","type-post","status-publish","format-standard","has-post-thumbnail","hentry","category-non-categorizzato","category-tour"],"acf":{"photo_gallery":{"tours_galeria":[[{"id":3416,"title":"","caption":"","full_image_url":"https:\/\/recordtours.pt\/wp-content\/uploads\/2024\/05\/tours-galeria-tomar-01.webp","thumbnail_image_url":"https:\/\/recordtours.pt\/wp-content\/uploads\/2024\/05\/tours-galeria-tomar-01-150x150.webp","large_srcset":"https:\/\/recordtours.pt\/wp-content\/uploads\/2024\/05\/tours-galeria-tomar-01-1024x683.webp 1024w, https:\/\/recordtours.pt\/wp-content\/uploads\/2024\/05\/tours-galeria-tomar-01-980x653.webp 980w, https:\/\/recordtours.pt\/wp-content\/uploads\/2024\/05\/tours-galeria-tomar-01-480x320.webp 480w","medium_srcset":false,"media_details":{"width":1200,"height":800,"sizes":{"medium":{"file":"tours-galeria-tomar-01-300x200.webp","width":300,"height":200,"mime-type":"image\/webp","filesize":17834,"source_url":"https:\/\/recordtours.pt\/wp-content\/uploads\/2024\/05\/tours-galeria-tomar-01-300x200.webp"},"large":{"file":"tours-galeria-tomar-01-1024x683.webp","width":1024,"height":683,"mime-type":"image\/webp","filesize":182484,"source_url":"https:\/\/recordtours.pt\/wp-content\/uploads\/2024\/05\/tours-galeria-tomar-01-1024x683.webp"},"thumbnail":{"file":"tours-galeria-tomar-01-150x150.webp","width":150,"height":150,"mime-type":"image\/webp","filesize":7408,"source_url":"https:\/\/recordtours.pt\/wp-content\/uploads\/2024\/05\/tours-galeria-tomar-01-150x150.webp"},"medium_large":{"file":"tours-galeria-tomar-01-768x512.webp","width":768,"height":512,"mime-type":"image\/webp","filesize":106432,"source_url":"https:\/\/recordtours.pt\/wp-content\/uploads\/2024\/05\/tours-galeria-tomar-01-768x512.webp"},"et-pb-post-main-image":{"file":"tours-galeria-tomar-01-400x250.webp","width":400,"height":250,"mime-type":"image\/webp","filesize":28774,"source_url":"https:\/\/recordtours.pt\/wp-content\/uploads\/2024\/05\/tours-galeria-tomar-01-400x250.webp"},"et-pb-post-main-image-fullwidth":{"file":"tours-galeria-tomar-01-1080x675.webp","width":1080,"height":675,"mime-type":"image\/webp","filesize":192716,"source_url":"https:\/\/recordtours.pt\/wp-content\/uploads\/2024\/05\/tours-galeria-tomar-01-1080x675.webp"},"et-pb-portfolio-image":{"file":"tours-galeria-tomar-01-400x284.webp","width":400,"height":284,"mime-type":"image\/webp","filesize":31976,"source_url":"https:\/\/recordtours.pt\/wp-content\/uploads\/2024\/05\/tours-galeria-tomar-01-400x284.webp"},"et-pb-portfolio-module-image":{"file":"tours-galeria-tomar-01-510x382.webp","width":510,"height":382,"mime-type":"image\/webp","filesize":55018,"source_url":"https:\/\/recordtours.pt\/wp-content\/uploads\/2024\/05\/tours-galeria-tomar-01-510x382.webp"},"et-pb-portfolio-image-single":{"file":"tours-galeria-tomar-01-1080x720.webp","width":1080,"height":720,"mime-type":"image\/webp","filesize":200882,"source_url":"https:\/\/recordtours.pt\/wp-content\/uploads\/2024\/05\/tours-galeria-tomar-01-1080x720.webp"},"et-pb-gallery-module-image-portrait":{"file":"tours-galeria-tomar-01-400x516.webp","width":400,"height":516,"mime-type":"image\/webp","filesize":60312,"source_url":"https:\/\/recordtours.pt\/wp-content\/uploads\/2024\/05\/tours-galeria-tomar-01-400x516.webp"},"et-pb-image--responsive--tablet":{"file":"tours-galeria-tomar-01-980x653.webp","width":980,"height":653,"mime-type":"image\/webp","filesize":168992,"source_url":"https:\/\/recordtours.pt\/wp-content\/uploads\/2024\/05\/tours-galeria-tomar-01-980x653.webp"},"et-pb-image--responsive--phone":{"file":"tours-galeria-tomar-01-480x320.webp","width":480,"height":320,"mime-type":"image\/webp","filesize":41870,"source_url":"https:\/\/recordtours.pt\/wp-content\/uploads\/2024\/05\/tours-galeria-tomar-01-480x320.webp"}}},"alt_text":"","url":"","target":""},{"id":3570,"title":"","caption":"","full_image_url":"https:\/\/recordtours.pt\/wp-content\/uploads\/2024\/04\/tours-galeria-almourol-tomar-02.webp","thumbnail_image_url":"https:\/\/recordtours.pt\/wp-content\/uploads\/2024\/04\/tours-galeria-almourol-tomar-02-150x150.webp","large_srcset":"https:\/\/recordtours.pt\/wp-content\/uploads\/2024\/04\/tours-galeria-almourol-tomar-02-1024x683.webp 1024w, https:\/\/recordtours.pt\/wp-content\/uploads\/2024\/04\/tours-galeria-almourol-tomar-02-980x653.webp 980w, https:\/\/recordtours.pt\/wp-content\/uploads\/2024\/04\/tours-galeria-almourol-tomar-02-480x320.webp 480w","medium_srcset":false,"media_details":{"width":1200,"height":800,"sizes":{"medium":{"file":"tours-galeria-almourol-tomar-02-300x200.webp","width":300,"height":200,"mime-type":"image\/webp","filesize":14618,"source_url":"https:\/\/recordtours.pt\/wp-content\/uploads\/2024\/04\/tours-galeria-almourol-tomar-02-300x200.webp"},"large":{"file":"tours-galeria-almourol-tomar-02-1024x683.webp","width":1024,"height":683,"mime-type":"image\/webp","filesize":153714,"source_url":"https:\/\/recordtours.pt\/wp-content\/uploads\/2024\/04\/tours-galeria-almourol-tomar-02-1024x683.webp"},"thumbnail":{"file":"tours-galeria-almourol-tomar-02-150x150.webp","width":150,"height":150,"mime-type":"image\/webp","filesize":5694,"source_url":"https:\/\/recordtours.pt\/wp-content\/uploads\/2024\/04\/tours-galeria-almourol-tomar-02-150x150.webp"},"medium_large":{"file":"tours-galeria-almourol-tomar-02-768x512.webp","width":768,"height":512,"mime-type":"image\/webp","filesize":88364,"source_url":"https:\/\/recordtours.pt\/wp-content\/uploads\/2024\/04\/tours-galeria-almourol-tomar-02-768x512.webp"},"et-pb-post-main-image":{"file":"tours-galeria-almourol-tomar-02-400x250.webp","width":400,"height":250,"mime-type":"image\/webp","filesize":23278,"source_url":"https:\/\/recordtours.pt\/wp-content\/uploads\/2024\/04\/tours-galeria-almourol-tomar-02-400x250.webp"},"et-pb-post-main-image-fullwidth":{"file":"tours-galeria-almourol-tomar-02-1080x675.webp","width":1080,"height":675,"mime-type":"image\/webp","filesize":162676,"source_url":"https:\/\/recordtours.pt\/wp-content\/uploads\/2024\/04\/tours-galeria-almourol-tomar-02-1080x675.webp"},"et-pb-portfolio-image":{"file":"tours-galeria-almourol-tomar-02-400x284.webp","width":400,"height":284,"mime-type":"image\/webp","filesize":25038,"source_url":"https:\/\/recordtours.pt\/wp-content\/uploads\/2024\/04\/tours-galeria-almourol-tomar-02-400x284.webp"},"et-pb-portfolio-module-image":{"file":"tours-galeria-almourol-tomar-02-510x382.webp","width":510,"height":382,"mime-type":"image\/webp","filesize":42230,"source_url":"https:\/\/recordtours.pt\/wp-content\/uploads\/2024\/04\/tours-galeria-almourol-tomar-02-510x382.webp"},"et-pb-portfolio-image-single":{"file":"tours-galeria-almourol-tomar-02-1080x720.webp","width":1080,"height":720,"mime-type":"image\/webp","filesize":166984,"source_url":"https:\/\/recordtours.pt\/wp-content\/uploads\/2024\/04\/tours-galeria-almourol-tomar-02-1080x720.webp"},"et-pb-gallery-module-image-portrait":{"file":"tours-galeria-almourol-tomar-02-400x516.webp","width":400,"height":516,"mime-type":"image\/webp","filesize":48796,"source_url":"https:\/\/recordtours.pt\/wp-content\/uploads\/2024\/04\/tours-galeria-almourol-tomar-02-400x516.webp"},"et-pb-image--responsive--tablet":{"file":"tours-galeria-almourol-tomar-02-980x653.webp","width":980,"height":653,"mime-type":"image\/webp","filesize":142268,"source_url":"https:\/\/recordtours.pt\/wp-content\/uploads\/2024\/04\/tours-galeria-almourol-tomar-02-980x653.webp"},"et-pb-image--responsive--phone":{"file":"tours-galeria-almourol-tomar-02-480x320.webp","width":480,"height":320,"mime-type":"image\/webp","filesize":34178,"source_url":"https:\/\/recordtours.pt\/wp-content\/uploads\/2024\/04\/tours-galeria-almourol-tomar-02-480x320.webp"}}},"alt_text":"","url":"","target":""},{"id":3415,"title":"","caption":"","full_image_url":"https:\/\/recordtours.pt\/wp-content\/uploads\/2024\/05\/tours-galeria-tomar-02.webp","thumbnail_image_url":"https:\/\/recordtours.pt\/wp-content\/uploads\/2024\/05\/tours-galeria-tomar-02-150x150.webp","large_srcset":"https:\/\/recordtours.pt\/wp-content\/uploads\/2024\/05\/tours-galeria-tomar-02-1024x683.webp 1024w, https:\/\/recordtours.pt\/wp-content\/uploads\/2024\/05\/tours-galeria-tomar-02-980x653.webp 980w, https:\/\/recordtours.pt\/wp-content\/uploads\/2024\/05\/tours-galeria-tomar-02-480x320.webp 480w","medium_srcset":false,"media_details":{"width":1200,"height":800,"sizes":{"medium":{"file":"tours-galeria-tomar-02-300x200.webp","width":300,"height":200,"mime-type":"image\/webp","filesize":12076,"source_url":"https:\/\/recordtours.pt\/wp-content\/uploads\/2024\/05\/tours-galeria-tomar-02-300x200.webp"},"large":{"file":"tours-galeria-tomar-02-1024x683.webp","width":1024,"height":683,"mime-type":"image\/webp","filesize":90288,"source_url":"https:\/\/recordtours.pt\/wp-content\/uploads\/2024\/05\/tours-galeria-tomar-02-1024x683.webp"},"thumbnail":{"file":"tours-galeria-tomar-02-150x150.webp","width":150,"height":150,"mime-type":"image\/webp","filesize":5416,"source_url":"https:\/\/recordtours.pt\/wp-content\/uploads\/2024\/05\/tours-galeria-tomar-02-150x150.webp"},"medium_large":{"file":"tours-galeria-tomar-02-768x512.webp","width":768,"height":512,"mime-type":"image\/webp","filesize":55940,"source_url":"https:\/\/recordtours.pt\/wp-content\/uploads\/2024\/05\/tours-galeria-tomar-02-768x512.webp"},"et-pb-post-main-image":{"file":"tours-galeria-tomar-02-400x250.webp","width":400,"height":250,"mime-type":"image\/webp","filesize":17666,"source_url":"https:\/\/recordtours.pt\/wp-content\/uploads\/2024\/05\/tours-galeria-tomar-02-400x250.webp"},"et-pb-post-main-image-fullwidth":{"file":"tours-galeria-tomar-02-1080x675.webp","width":1080,"height":675,"mime-type":"image\/webp","filesize":92992,"source_url":"https:\/\/recordtours.pt\/wp-content\/uploads\/2024\/05\/tours-galeria-tomar-02-1080x675.webp"},"et-pb-portfolio-image":{"file":"tours-galeria-tomar-02-400x284.webp","width":400,"height":284,"mime-type":"image\/webp","filesize":19318,"source_url":"https:\/\/recordtours.pt\/wp-content\/uploads\/2024\/05\/tours-galeria-tomar-02-400x284.webp"},"et-pb-portfolio-module-image":{"file":"tours-galeria-tomar-02-510x382.webp","width":510,"height":382,"mime-type":"image\/webp","filesize":31214,"source_url":"https:\/\/recordtours.pt\/wp-content\/uploads\/2024\/05\/tours-galeria-tomar-02-510x382.webp"},"et-pb-portfolio-image-single":{"file":"tours-galeria-tomar-02-1080x720.webp","width":1080,"height":720,"mime-type":"image\/webp","filesize":97656,"source_url":"https:\/\/recordtours.pt\/wp-content\/uploads\/2024\/05\/tours-galeria-tomar-02-1080x720.webp"},"et-pb-gallery-module-image-portrait":{"file":"tours-galeria-tomar-02-400x516.webp","width":400,"height":516,"mime-type":"image\/webp","filesize":32040,"source_url":"https:\/\/recordtours.pt\/wp-content\/uploads\/2024\/05\/tours-galeria-tomar-02-400x516.webp"},"et-pb-image--responsive--tablet":{"file":"tours-galeria-tomar-02-980x653.webp","width":980,"height":653,"mime-type":"image\/webp","filesize":83884,"source_url":"https:\/\/recordtours.pt\/wp-content\/uploads\/2024\/05\/tours-galeria-tomar-02-980x653.webp"},"et-pb-image--responsive--phone":{"file":"tours-galeria-tomar-02-480x320.webp","width":480,"height":320,"mime-type":"image\/webp","filesize":25094,"source_url":"https:\/\/recordtours.pt\/wp-content\/uploads\/2024\/05\/tours-galeria-tomar-02-480x320.webp"}}},"alt_text":"","url":"","target":""}]]}},"_links":{"self":[{"href":"https:\/\/recordtours.pt\/it\/wp-json\/wp\/v2\/posts\/3413","targetHints":{"allow":["GET"]}}],"collection":[{"href":"https:\/\/recordtours.pt\/it\/wp-json\/wp\/v2\/posts"}],"about":[{"href":"https:\/\/recordtours.pt\/it\/wp-json\/wp\/v2\/types\/post"}],"author":[{"embeddable":true,"href":"https:\/\/recordtours.pt\/it\/wp-json\/wp\/v2\/users\/3"}],"replies":[{"embeddable":true,"href":"https:\/\/recordtours.pt\/it\/wp-json\/wp\/v2\/comments?post=3413"}],"version-history":[{"count":0,"href":"https:\/\/recordtours.pt\/it\/wp-json\/wp\/v2\/posts\/3413\/revisions"}],"wp:featuredmedia":[{"embeddable":true,"href":"https:\/\/recordtours.pt\/it\/wp-json\/wp\/v2\/media\/3414"}],"wp:attachment":[{"href":"https:\/\/recordtours.pt\/it\/wp-json\/wp\/v2\/media?parent=3413"}],"wp:term":[{"taxonomy":"category","embeddable":true,"href":"https:\/\/recordtours.pt\/it\/wp-json\/wp\/v2\/categories?post=3413"},{"taxonomy":"post_tag","embeddable":true,"href":"https:\/\/recordtours.pt\/it\/wp-json\/wp\/v2\/tags?post=3413"}],"curies":[{"name":"wp","href":"https:\/\/api.w.org\/{rel}","templated":true}]}}