{"id":3431,"date":"2024-04-08T11:52:07","date_gmt":"2024-04-08T11:52:07","guid":{"rendered":"https:\/\/recordtours.pt\/tour-privato-di-porto-da-lisbona\/"},"modified":"2024-06-24T11:53:17","modified_gmt":"2024-06-24T11:53:17","slug":"tour-privato-di-porto-da-lisbona","status":"publish","type":"post","link":"https:\/\/recordtours.pt\/it\/tour-privato-di-porto-da-lisbona\/","title":{"rendered":"Tour privato di Porto da Lisbona"},"content":{"rendered":"<p>Il tuo tour inizia con il ritiro al mattino, quando sali a bordo di un furgone privato con aria condizionata destinato alla citt\u00e0 settentrionale di Porto. Dopo il viaggio, intraprendi un viaggio panoramico attraverso le principali attrazioni della citt\u00e0, tra cui la Chiesa dei Chierici e il Campanile, la Libreria Lello e la stazione ferroviaria di S\u00e3o Bento.<\/p>\n<p>Dopo pranzo (a proprie spese), attraversa il fiume Douro attraverso il ponte Dom Luis I, un ponte progettato da uno studente di Gustave Eiffel. Quindi, fai un tour di Vila Nova de Gaia, dove visiterai uno dei punti pi\u00f9 alti della citt\u00e0.<\/p>\n<p>Rilassati e goditi un tour privato al tuo ritmo in un&#8217;auto di lusso esclusivamente per te.<\/p>\n<p>Assistenza completa da parte di un autista\/guida che sar\u00e0 sempre disponibile a soddisfare le vostre esigenze<\/p>\n<div class='et-learn-more clearfix'>\n\t\t\t\t\t<h3 class='heading-more'>Cosa \u00e8 incluso<span class='et_learnmore_arrow'><span><\/span><\/span><\/h3>\n\t\t\t\t\t<div class='learn-more-content'><div>\n<ul>\n<li>Veicolo con aria condizionata<\/li>\n<li>Wi-Fi a bordo<\/li>\n<li>Trasporto privato<\/li>\n<li>Acqua minerale<\/li>\n<li>Ingresso: Mercato di Bolh\u00e3o<\/li>\n<\/ul>\n<\/div>\n<div>\n<div><strong>Cosa non \u00e8 incluso<\/strong><\/div>\n<ul>\n<li>Pranzo<\/li>\n<li>Suggerimenti<\/li>\n<li>Ingresso &#8211; Gita in barca sul fiume Douro<\/li>\n<li>Ingresso: Degustazione di vini<\/li>\n<li>Ingresso: Chiesa del Carmo<\/li>\n<li>Ingresso: Fiume Douro<\/li>\n<li>Ingresso: Sandeman Cellars<\/li>\n<\/ul>\n<\/div><\/div>\n\t\t\t\t<\/div> <div class='et-learn-more clearfix'>\n\t\t\t\t\t<h3 class='heading-more'>Cosa aspettarsi<span class='et_learnmore_arrow'><span><\/span><\/span><\/h3>\n\t\t\t\t\t<div class='learn-more-content'><strong>Itinerario<\/strong><\/p>\n<p>Questo \u00e8 un itinerario normale per questo prodotto<\/p>\n<p><strong>Luogo di sosta: <\/strong>Mercado do Bolh\u00e3o, Rua Formosa, Porto 4000-214 Portogallo<\/p>\n<p>Il mercato di Bolh\u00e3o \u00e8 dedicato principalmente ai prodotti freschi, in particolare alimentari. I venditori sono divisi in diverse sezioni specializzate, ovvero: pescherie, macellerie, ortaggi e fiori. All&#8217;esterno dell&#8217;edificio ci sono negozi di altre variet\u00e0, come abbigliamento, caffetteria, profumi, tessuti, ecc<\/p>\n<p>Durata: 30 minuti<\/p>\n<p><strong>Luogo di sosta: <\/strong>Cl\u00e9rigos Tower, Rua S\u00e3o Filipe Neri, Porto 4050-546 Portogallo<\/p>\n<p>La Chiesa e la Torre dei Chierici sono un notevole complesso architettonico situato nella citt\u00e0 di Porto, in Portogallo, ed \u00e8 considerato la cartolina di quella citt\u00e0. Il complesso si trova in cima a Rua dos Cl\u00e9rigos, tra le vie di S\u00e3o Filipe N\u00e9ri e Assun\u00e7\u00e3o.<\/p>\n<p>Durata: 30 minuti<\/p>\n<p><strong>Luogo di sosta: <\/strong>Livraria Lello, Rua das Carmelitas 144 Vit\u00f3ria, Porto 4050-161 Portogallo<\/p>\n<p>Livraria Lello si trova al numero 144 di Rua das Carmelitas, nel centro storico della citt\u00e0 di Porto, in Portogallo. Classificata come Monumento di Interesse Pubblico, e in procinto di diventare Monumento Nazionale, Livraria Lello conserva la bellezza originale del suo edificio<\/p>\n<p><strong>Luogo di sosta: <\/strong>Igreja do Carmo, Rua Carmo, Porto 4050-164 Portogallo<\/p>\n<p>La Chiesa del Carmo o Chiesa del Terz&#8217;Ordine Venerabile di Nostra Signora del Monte Carmelo, si trova all&#8217;incrocio tra Pra\u00e7a de Carlos Alberto e Rua do Carmo, vicino alla Chiesa e alla Torre dei Chierici, nella parrocchia portoghese di Vit\u00f3ria, citt\u00e0 di Porto.<\/p>\n<p>Durata: 1 ora<\/p>\n<p><strong>Luogo di sosta:<\/strong> Chiesa carmelitana, Rua Carmo Vit\u00f3ria, Porto 4050-164 Portogallo<\/p>\n<p>La Chiesa dei Carmelitani o Chiesa dei Carmelitani Scalzi si trova nella parrocchia di Vit\u00f3ria, nella citt\u00e0 di Porto, in Portogallo. La costruzione inizi\u00f2 nel 1616 e fu completata nel 1628. La decorazione interna fu completata solo nel 1650<\/p>\n<p>Durata: 1 ora<\/p>\n<p><strong>Luogo di sosta: <\/strong>Cattedrale di Porto (Se Catedral), S\/N0 Terreiro Se 3 Centro Hist\u00f3rico, Porto 4050-573 Portogallo<\/p>\n<p>La Cattedrale di Porto, situata nel cuore del centro storico della citt\u00e0 di Porto, \u00e8 uno dei principali e pi\u00f9 antichi monumenti del Portogallo.<\/p>\n<p>Durata: 1 ora<\/p>\n<p><strong>Luogo di sosta:<\/strong> Ponte de Dom Luis I, Pte. Luiz I, Porto, Portogallo<\/p>\n<p>Il ponte D. Lu\u00eds I \u00e8 un ponte con struttura metallica a due piani, costruito tra il 1881 e il 1886, che collega le citt\u00e0 di Porto e Vila Nova de Gaia separate dal fiume Douro, in Portogallo<\/p>\n<p>Durata: 1 ora<\/p>\n<p><strong>Luogo di sosta:<\/strong> Cais De Gaia, Av. de Ramos Pinto, Vila Nova de Gaia 4400-261 Portogallo<\/p>\n<p>Cais de Gaia \u00e8 oggi trasformato in una piacevole zona turistica con belle terrazze, ristoranti e bar, che si affaccia sulla zona storica della citt\u00e0 di Porto.<\/p>\n<p>Questo \u00e8 uno dei siti storici di questa citt\u00e0 che si \u00e8 sviluppato grazie al famoso vino Porto, poich\u00e9 per secoli questo \u00e8 stato il luogo in cui si trovava il porto fluviale da cui venivano esportate e importate varie merci.<\/p>\n<p>Durata: 3 ore<\/p>\n<p><strong>Luogo di sosta:<\/strong> Fiume Douro, Porto, Portogallo<\/p>\n<p>Naviga lungo le rive di Porto e Vila Nova de Gaia in una tipica barca Rabelo e scopri la bellezza del fiume Douro. Con prezzi interessanti e una durata di 50 minuti, la Bridges Cruise \u00e8 diventata il tour in barca pi\u00f9 popolare del 2019<\/p>\n<p>Durata: 1 ora<\/p>\n<p><strong>Luogo di sosta:<\/strong> Sandeman Cellars, Largo Miguel Bombarda, 47, Vila Nova de Gaia 4400-222 Portogallo<\/p>\n<p>Concludiamo con una degustazione e l&#8217;opportunit\u00e0 di passeggiare nel nostro negozio con la migliore selezione di vini C\u00e1lem Port<\/p>\n<p>Durata: 1 ora<\/p><\/div>\n\t\t\t\t<\/div> <div class='et-learn-more clearfix'>\n\t\t\t\t\t<h3 class='heading-more'>Partenza e ritorno<span class='et_learnmore_arrow'><span><\/span><\/span><\/h3>\n\t\t\t\t\t<div class='learn-more-content'><div>\n<ul>\n<li>\n<div>\n<div><strong>Inizio<\/strong>:<\/div>\n<\/div>\n<div>\n<ul>\n<li>\n<div>\n<div>\n<p>Pra\u00e7a Marqu\u00eas de Pombal 8, 1250-160 Lisbona, Portogallo\nLuogo d&#8217;incontro di fronte all&#8217;Hotel Fenix, Piazza Marques de Pombal<\/p>\n<p>Offriamo il trasporto da qualsiasi hotel nell&#8217;area di Lisbona<\/p>\n<\/div>\n<\/div>\n<\/li>\n<\/ul>\n<\/div>\n<div>\n<div><strong>Fine<\/strong>: questa attivit\u00e0 termina al punto d&#8217;incontro.<\/div>\n<\/div>\n<\/li>\n<\/ul>\n<\/div><\/div>\n\t\t\t\t<\/div> <div class='et-learn-more clearfix'>\n\t\t\t\t\t<h3 class='heading-more'>Accessibilit\u00e0<span class='et_learnmore_arrow'><span><\/span><\/span><\/h3>\n\t\t\t\t\t<div class='learn-more-content'><div>\n<ul>\n<li>Accessibile in sedia a rotelle<\/li>\n<li>Passeggino accessibile<\/li>\n<li>Vicino ai trasporti pubblici<\/li>\n<li>Seggiolini per bambini disponibili<\/li>\n<li>I mezzi di trasporto sono accessibili in sedia a rotelle<\/li>\n<li>Strutture accessibili alle persone in sedia a rotelle<\/li>\n<\/ul>\n<\/div>\n<div>\n<div>Se hai domande sull&#8217;accessibilit\u00e0, saremo lieti di aiutarti. Basta chiamare <a href=\"tel:+351932221333\">il numero (+351) 932 221 333<\/a><\/div>\n<\/div><\/div>\n\t\t\t\t<\/div> <div class='et-learn-more clearfix'>\n\t\t\t\t\t<h3 class='heading-more'>Informazioni aggiuntive<span class='et_learnmore_arrow'><span><\/span><\/span><\/h3>\n\t\t\t\t\t<div class='learn-more-content'><div>\n<ul>\n<li>La conferma verr\u00e0 ricevuta al momento della prenotazione<\/li>\n<li>Pu\u00f2 partecipare la maggior parte dei viaggiatori<\/li>\n<li>Questa \u00e8 un&#8217;attivit\u00e0\/tour privato. Parteciper\u00e0 solo il tuo gruppo<\/li>\n<\/ul>\n<\/div><\/div>\n\t\t\t\t<\/div> <div class='et-learn-more clearfix'>\n\t\t\t\t\t<h3 class='heading-more'>Politica di cancellazione<span class='et_learnmore_arrow'><span><\/span><\/span><\/h3>\n\t\t\t\t\t<div class='learn-more-content'><div>Per un rimborso completo, cancella entro 72 ore dalla prenotazione del tour.<\/div><\/div>\n\t\t\t\t<\/div> <div class='et-learn-more clearfix'>\n\t\t\t\t\t<h3 class='heading-more'>Domande frequenti<span class='et_learnmore_arrow'><span><\/span><\/span><\/h3>\n\t\t\t\t\t<div class='learn-more-content'><div>\n<div><strong>Quali attrazioni potr\u00f2 visitare con Tour privato di Porto da Lisbona?<\/strong><\/div>\n<div>\n<div>\n<p>Durante questa esperienza, i luoghi che visiterai includono:<\/p>\n<ul>\n<li><a href=\"https:\/\/www.tripadvisor.pt\/Attraction_Review-g189180-d2403032-Reviews-Mercado_do_Bolhao-Porto_Porto_District_Northern_Portugal.html\">Mercato di Bolh\u00e3o<\/a><\/li>\n<li><a href=\"https:\/\/www.tripadvisor.pt\/Attraction_Review-g580268-d243633-Reviews-Sandeman_Cellars-Vila_Nova_de_Gaia_Porto_District_Northern_Portugal.html\">Cantine Sandeman<\/a><\/li>\n<li><a href=\"https:\/\/www.tripadvisor.pt\/Attraction_Review-g189180-d243635-Reviews-Porto_Cathedral_Se_Catedral-Porto_Porto_District_Northern_Portugal.html\">Cattedrale di Porto<\/a><\/li>\n<li><a href=\"https:\/\/www.tripadvisor.pt\/Attraction_Review-g189180-d243637-Reviews-Torre_dos_Clerigos-Porto_Porto_District_Northern_Portugal.html\">Torre dei Chierici<\/a><\/li>\n<li><a href=\"https:\/\/www.tripadvisor.pt\/Attraction_Review-g189180-d636456-Reviews-Ponte_de_Dom_Luis_I-Porto_Porto_District_Northern_Portugal.html\">Ponte Dom Lu\u00eds I<\/a><\/li>\n<\/ul>\n<\/div>\n<\/div>\n<\/div>\n<div>\n<hr>\n<\/div>\n<div>\n<div><strong>Quanto costa Tour privato di Porto da Lisbona?<\/strong><\/div>\n<div>\n<div>Prezzo per Tour Privato a Porto da Lisbona da 417,15 \u20ac<\/div>\n<\/div>\n<\/div>\n<div>\n<hr>\n<\/div>\n<div>\n<div><strong>Quale compagnia \u00e8 responsabile del Tour privato di Porto da Lisbona?<\/strong><\/div>\n<div>\n<div>Tour privato di Porto da Lisbona \u00e8 offerto da RecordTours.<\/div>\n<\/div>\n<\/div><\/div>\n\t\t\t\t<\/div><div class='et-learn-more clearfix'>\n\t\t\t\t\t<h3 class='heading-more'>Guida<span class='et_learnmore_arrow'><span><\/span><\/span><\/h3>\n\t\t\t\t\t<div class='learn-more-content'><div>Se hai domande su questo tour o hai bisogno di aiuto per prenotare, siamo felici di aiutarti. Basta chiamare <a href=\"tel:+351932221333\">il numero (+351) 932 221 333<\/a><\/div><\/div>\n\t\t\t\t<\/div><\/p>\n","protected":false},"excerpt":{"rendered":"<p>Il tuo tour inizia con il prelievo al mattino, quando sali a bordo di un prelievo da&#8230;  <\/p>\n","protected":false},"author":3,"featured_media":3435,"comment_status":"closed","ping_status":"closed","sticky":false,"template":"","format":"standard","meta":{"_acf_changed":false,"_et_pb_use_builder":"","_et_pb_old_content":"","_et_gb_content_width":"","footnotes":""},"categories":[23,44],"tags":[],"class_list":["post-3431","post","type-post","status-publish","format-standard","has-post-thumbnail","hentry","category-non-categorizzato","category-tour"],"acf":{"photo_gallery":{"tours_galeria":[[{"id":3434,"title":"","caption":"","full_image_url":"https:\/\/recordtours.pt\/wp-content\/uploads\/2024\/04\/tours-galeria-porto-01.webp","thumbnail_image_url":"https:\/\/recordtours.pt\/wp-content\/uploads\/2024\/04\/tours-galeria-porto-01-150x150.webp","large_srcset":"https:\/\/recordtours.pt\/wp-content\/uploads\/2024\/04\/tours-galeria-porto-01-1024x683.webp 1024w, https:\/\/recordtours.pt\/wp-content\/uploads\/2024\/04\/tours-galeria-porto-01-980x653.webp 980w, https:\/\/recordtours.pt\/wp-content\/uploads\/2024\/04\/tours-galeria-porto-01-480x320.webp 480w","medium_srcset":false,"media_details":{"width":1200,"height":800,"sizes":{"medium":{"file":"tours-galeria-porto-01-300x200.webp","width":300,"height":200,"mime-type":"image\/webp","filesize":13512,"source_url":"https:\/\/recordtours.pt\/wp-content\/uploads\/2024\/04\/tours-galeria-porto-01-300x200.webp"},"large":{"file":"tours-galeria-porto-01-1024x683.webp","width":1024,"height":683,"mime-type":"image\/webp","filesize":125712,"source_url":"https:\/\/recordtours.pt\/wp-content\/uploads\/2024\/04\/tours-galeria-porto-01-1024x683.webp"},"thumbnail":{"file":"tours-galeria-porto-01-150x150.webp","width":150,"height":150,"mime-type":"image\/webp","filesize":5848,"source_url":"https:\/\/recordtours.pt\/wp-content\/uploads\/2024\/04\/tours-galeria-porto-01-150x150.webp"},"medium_large":{"file":"tours-galeria-porto-01-768x512.webp","width":768,"height":512,"mime-type":"image\/webp","filesize":74636,"source_url":"https:\/\/recordtours.pt\/wp-content\/uploads\/2024\/04\/tours-galeria-porto-01-768x512.webp"},"et-pb-post-main-image":{"file":"tours-galeria-porto-01-400x250.webp","width":400,"height":250,"mime-type":"image\/webp","filesize":20894,"source_url":"https:\/\/recordtours.pt\/wp-content\/uploads\/2024\/04\/tours-galeria-porto-01-400x250.webp"},"et-pb-post-main-image-fullwidth":{"file":"tours-galeria-porto-01-1080x675.webp","width":1080,"height":675,"mime-type":"image\/webp","filesize":132648,"source_url":"https:\/\/recordtours.pt\/wp-content\/uploads\/2024\/04\/tours-galeria-porto-01-1080x675.webp"},"et-pb-portfolio-image":{"file":"tours-galeria-porto-01-400x284.webp","width":400,"height":284,"mime-type":"image\/webp","filesize":23600,"source_url":"https:\/\/recordtours.pt\/wp-content\/uploads\/2024\/04\/tours-galeria-porto-01-400x284.webp"},"et-pb-portfolio-module-image":{"file":"tours-galeria-porto-01-510x382.webp","width":510,"height":382,"mime-type":"image\/webp","filesize":39126,"source_url":"https:\/\/recordtours.pt\/wp-content\/uploads\/2024\/04\/tours-galeria-porto-01-510x382.webp"},"et-pb-portfolio-image-single":{"file":"tours-galeria-porto-01-1080x720.webp","width":1080,"height":720,"mime-type":"image\/webp","filesize":137552,"source_url":"https:\/\/recordtours.pt\/wp-content\/uploads\/2024\/04\/tours-galeria-porto-01-1080x720.webp"},"et-pb-gallery-module-image-portrait":{"file":"tours-galeria-porto-01-400x516.webp","width":400,"height":516,"mime-type":"image\/webp","filesize":46596,"source_url":"https:\/\/recordtours.pt\/wp-content\/uploads\/2024\/04\/tours-galeria-porto-01-400x516.webp"},"et-pb-image--responsive--tablet":{"file":"tours-galeria-porto-01-980x653.webp","width":980,"height":653,"mime-type":"image\/webp","filesize":116198,"source_url":"https:\/\/recordtours.pt\/wp-content\/uploads\/2024\/04\/tours-galeria-porto-01-980x653.webp"},"et-pb-image--responsive--phone":{"file":"tours-galeria-porto-01-480x320.webp","width":480,"height":320,"mime-type":"image\/webp","filesize":30398,"source_url":"https:\/\/recordtours.pt\/wp-content\/uploads\/2024\/04\/tours-galeria-porto-01-480x320.webp"}}},"alt_text":"","url":"","target":""},{"id":3432,"title":"","caption":"","full_image_url":"https:\/\/recordtours.pt\/wp-content\/uploads\/2024\/04\/tours-galeria-porto-02.webp","thumbnail_image_url":"https:\/\/recordtours.pt\/wp-content\/uploads\/2024\/04\/tours-galeria-porto-02-150x150.webp","large_srcset":"https:\/\/recordtours.pt\/wp-content\/uploads\/2024\/04\/tours-galeria-porto-02-1024x683.webp 1024w, https:\/\/recordtours.pt\/wp-content\/uploads\/2024\/04\/tours-galeria-porto-02-980x653.webp 980w, https:\/\/recordtours.pt\/wp-content\/uploads\/2024\/04\/tours-galeria-porto-02-480x320.webp 480w","medium_srcset":false,"media_details":{"width":1200,"height":800,"sizes":{"medium":{"file":"tours-galeria-porto-02-300x200.webp","width":300,"height":200,"mime-type":"image\/webp","filesize":18746,"source_url":"https:\/\/recordtours.pt\/wp-content\/uploads\/2024\/04\/tours-galeria-porto-02-300x200.webp"},"large":{"file":"tours-galeria-porto-02-1024x683.webp","width":1024,"height":683,"mime-type":"image\/webp","filesize":157946,"source_url":"https:\/\/recordtours.pt\/wp-content\/uploads\/2024\/04\/tours-galeria-porto-02-1024x683.webp"},"thumbnail":{"file":"tours-galeria-porto-02-150x150.webp","width":150,"height":150,"mime-type":"image\/webp","filesize":8886,"source_url":"https:\/\/recordtours.pt\/wp-content\/uploads\/2024\/04\/tours-galeria-porto-02-150x150.webp"},"medium_large":{"file":"tours-galeria-porto-02-768x512.webp","width":768,"height":512,"mime-type":"image\/webp","filesize":94858,"source_url":"https:\/\/recordtours.pt\/wp-content\/uploads\/2024\/04\/tours-galeria-porto-02-768x512.webp"},"et-pb-post-main-image":{"file":"tours-galeria-porto-02-400x250.webp","width":400,"height":250,"mime-type":"image\/webp","filesize":29350,"source_url":"https:\/\/recordtours.pt\/wp-content\/uploads\/2024\/04\/tours-galeria-porto-02-400x250.webp"},"et-pb-post-main-image-fullwidth":{"file":"tours-galeria-porto-02-1080x675.webp","width":1080,"height":675,"mime-type":"image\/webp","filesize":165924,"source_url":"https:\/\/recordtours.pt\/wp-content\/uploads\/2024\/04\/tours-galeria-porto-02-1080x675.webp"},"et-pb-portfolio-image":{"file":"tours-galeria-porto-02-400x284.webp","width":400,"height":284,"mime-type":"image\/webp","filesize":32472,"source_url":"https:\/\/recordtours.pt\/wp-content\/uploads\/2024\/04\/tours-galeria-porto-02-400x284.webp"},"et-pb-portfolio-module-image":{"file":"tours-galeria-porto-02-510x382.webp","width":510,"height":382,"mime-type":"image\/webp","filesize":53782,"source_url":"https:\/\/recordtours.pt\/wp-content\/uploads\/2024\/04\/tours-galeria-porto-02-510x382.webp"},"et-pb-portfolio-image-single":{"file":"tours-galeria-porto-02-1080x720.webp","width":1080,"height":720,"mime-type":"image\/webp","filesize":171068,"source_url":"https:\/\/recordtours.pt\/wp-content\/uploads\/2024\/04\/tours-galeria-porto-02-1080x720.webp"},"et-pb-gallery-module-image-portrait":{"file":"tours-galeria-porto-02-400x516.webp","width":400,"height":516,"mime-type":"image\/webp","filesize":55462,"source_url":"https:\/\/recordtours.pt\/wp-content\/uploads\/2024\/04\/tours-galeria-porto-02-400x516.webp"},"et-pb-image--responsive--tablet":{"file":"tours-galeria-porto-02-980x653.webp","width":980,"height":653,"mime-type":"image\/webp","filesize":147184,"source_url":"https:\/\/recordtours.pt\/wp-content\/uploads\/2024\/04\/tours-galeria-porto-02-980x653.webp"},"et-pb-image--responsive--phone":{"file":"tours-galeria-porto-02-480x320.webp","width":480,"height":320,"mime-type":"image\/webp","filesize":41740,"source_url":"https:\/\/recordtours.pt\/wp-content\/uploads\/2024\/04\/tours-galeria-porto-02-480x320.webp"}}},"alt_text":"","url":"","target":""},{"id":3433,"title":"","caption":"","full_image_url":"https:\/\/recordtours.pt\/wp-content\/uploads\/2024\/04\/tours-galeria-porto-03.webp","thumbnail_image_url":"https:\/\/recordtours.pt\/wp-content\/uploads\/2024\/04\/tours-galeria-porto-03-150x150.webp","large_srcset":"https:\/\/recordtours.pt\/wp-content\/uploads\/2024\/04\/tours-galeria-porto-03-1024x683.webp 1024w, https:\/\/recordtours.pt\/wp-content\/uploads\/2024\/04\/tours-galeria-porto-03-980x653.webp 980w, https:\/\/recordtours.pt\/wp-content\/uploads\/2024\/04\/tours-galeria-porto-03-480x320.webp 480w","medium_srcset":false,"media_details":{"width":1200,"height":800,"sizes":{"medium":{"file":"tours-galeria-porto-03-300x200.webp","width":300,"height":200,"mime-type":"image\/webp","filesize":24432,"source_url":"https:\/\/recordtours.pt\/wp-content\/uploads\/2024\/04\/tours-galeria-porto-03-300x200.webp"},"large":{"file":"tours-galeria-porto-03-1024x683.webp","width":1024,"height":683,"mime-type":"image\/webp","filesize":207600,"source_url":"https:\/\/recordtours.pt\/wp-content\/uploads\/2024\/04\/tours-galeria-porto-03-1024x683.webp"},"thumbnail":{"file":"tours-galeria-porto-03-150x150.webp","width":150,"height":150,"mime-type":"image\/webp","filesize":9824,"source_url":"https:\/\/recordtours.pt\/wp-content\/uploads\/2024\/04\/tours-galeria-porto-03-150x150.webp"},"medium_large":{"file":"tours-galeria-porto-03-768x512.webp","width":768,"height":512,"mime-type":"image\/webp","filesize":123156,"source_url":"https:\/\/recordtours.pt\/wp-content\/uploads\/2024\/04\/tours-galeria-porto-03-768x512.webp"},"et-pb-post-main-image":{"file":"tours-galeria-porto-03-400x250.webp","width":400,"height":250,"mime-type":"image\/webp","filesize":37308,"source_url":"https:\/\/recordtours.pt\/wp-content\/uploads\/2024\/04\/tours-galeria-porto-03-400x250.webp"},"et-pb-post-main-image-fullwidth":{"file":"tours-galeria-porto-03-1080x675.webp","width":1080,"height":675,"mime-type":"image\/webp","filesize":214978,"source_url":"https:\/\/recordtours.pt\/wp-content\/uploads\/2024\/04\/tours-galeria-porto-03-1080x675.webp"},"et-pb-portfolio-image":{"file":"tours-galeria-porto-03-400x284.webp","width":400,"height":284,"mime-type":"image\/webp","filesize":41890,"source_url":"https:\/\/recordtours.pt\/wp-content\/uploads\/2024\/04\/tours-galeria-porto-03-400x284.webp"},"et-pb-portfolio-module-image":{"file":"tours-galeria-porto-03-510x382.webp","width":510,"height":382,"mime-type":"image\/webp","filesize":67340,"source_url":"https:\/\/recordtours.pt\/wp-content\/uploads\/2024\/04\/tours-galeria-porto-03-510x382.webp"},"et-pb-portfolio-image-single":{"file":"tours-galeria-porto-03-1080x720.webp","width":1080,"height":720,"mime-type":"image\/webp","filesize":226210,"source_url":"https:\/\/recordtours.pt\/wp-content\/uploads\/2024\/04\/tours-galeria-porto-03-1080x720.webp"},"et-pb-gallery-module-image-portrait":{"file":"tours-galeria-porto-03-400x516.webp","width":400,"height":516,"mime-type":"image\/webp","filesize":65974,"source_url":"https:\/\/recordtours.pt\/wp-content\/uploads\/2024\/04\/tours-galeria-porto-03-400x516.webp"},"et-pb-image--responsive--tablet":{"file":"tours-galeria-porto-03-980x653.webp","width":980,"height":653,"mime-type":"image\/webp","filesize":192890,"source_url":"https:\/\/recordtours.pt\/wp-content\/uploads\/2024\/04\/tours-galeria-porto-03-980x653.webp"},"et-pb-image--responsive--phone":{"file":"tours-galeria-porto-03-480x320.webp","width":480,"height":320,"mime-type":"image\/webp","filesize":53706,"source_url":"https:\/\/recordtours.pt\/wp-content\/uploads\/2024\/04\/tours-galeria-porto-03-480x320.webp"}}},"alt_text":"","url":"","target":""}]]}},"_links":{"self":[{"href":"https:\/\/recordtours.pt\/it\/wp-json\/wp\/v2\/posts\/3431","targetHints":{"allow":["GET"]}}],"collection":[{"href":"https:\/\/recordtours.pt\/it\/wp-json\/wp\/v2\/posts"}],"about":[{"href":"https:\/\/recordtours.pt\/it\/wp-json\/wp\/v2\/types\/post"}],"author":[{"embeddable":true,"href":"https:\/\/recordtours.pt\/it\/wp-json\/wp\/v2\/users\/3"}],"replies":[{"embeddable":true,"href":"https:\/\/recordtours.pt\/it\/wp-json\/wp\/v2\/comments?post=3431"}],"version-history":[{"count":0,"href":"https:\/\/recordtours.pt\/it\/wp-json\/wp\/v2\/posts\/3431\/revisions"}],"wp:featuredmedia":[{"embeddable":true,"href":"https:\/\/recordtours.pt\/it\/wp-json\/wp\/v2\/media\/3435"}],"wp:attachment":[{"href":"https:\/\/recordtours.pt\/it\/wp-json\/wp\/v2\/media?parent=3431"}],"wp:term":[{"taxonomy":"category","embeddable":true,"href":"https:\/\/recordtours.pt\/it\/wp-json\/wp\/v2\/categories?post=3431"},{"taxonomy":"post_tag","embeddable":true,"href":"https:\/\/recordtours.pt\/it\/wp-json\/wp\/v2\/tags?post=3431"}],"curies":[{"name":"wp","href":"https:\/\/api.w.org\/{rel}","templated":true}]}}