{"id":3476,"date":"2024-04-08T11:11:02","date_gmt":"2024-04-08T11:11:02","guid":{"rendered":"https:\/\/recordtours.pt\/gita-di-un-giorno-per-piccoli-gruppi-a-evora\/"},"modified":"2024-06-24T11:53:03","modified_gmt":"2024-06-24T11:53:03","slug":"gita-di-un-giorno-per-piccoli-gruppi-a-evora","status":"publish","type":"post","link":"https:\/\/recordtours.pt\/it\/gita-di-un-giorno-per-piccoli-gruppi-a-evora\/","title":{"rendered":"Gita di un giorno per piccoli gruppi a \u00c9vora"},"content":{"rendered":"<p>Vieni a scoprire la bellissima citt\u00e0 di \u00c9vora, Patrimonio dell&#8217;Umanit\u00e0 dell&#8217;UNESCO. Partenza da Lisbona, attraversando il Ponte Vasco da Gama.<\/p>\n<p>In questo tour, trascorri la giornata ammirando le migliori attrazioni di \u00c9vora: la Cattedrale, la Chiesa di S\u00e3o Francisco e Piazza Giraldo. Visita anche la Cappella delle Ossa &#8220;Biglietto non incluso&#8221;.<\/p>\n<p>Avrai del tempo libero per esplorare al tuo ritmo. Questo tour di gruppo con un massimo di otto persone ti assicura di ricevere un&#8217;attenzione personalizzata dalla tua guida.<\/p>\n<div class='et-learn-more clearfix'>\n\t\t\t\t\t<h3 class='heading-more'>Cosa \u00e8 incluso<span class='et_learnmore_arrow'><span><\/span><\/span><\/h3>\n\t\t\t\t\t<div class='learn-more-content'><div>\n<div>\n<ul>\n<li>Veicolo con aria condizionata<\/li>\n<li>Wi-Fi a bordo<\/li>\n<li>Trasporto privato<\/li>\n<li>Acqua minerale<\/li>\n<\/ul>\n<\/div>\n<div>\n<div><strong>Cosa non \u00e8 incluso<\/strong><\/div>\n<ul>\n<li>Colazione<\/li>\n<li>Pranzo<\/li>\n<li>Cena<\/li>\n<li>Ingresso: Cappella delle Ossa (\u00c9vora)<\/li>\n<\/ul>\n<\/div>\n<\/div><\/div>\n\t\t\t\t<\/div> <div class='et-learn-more clearfix'>\n\t\t\t\t\t<h3 class='heading-more'>Cosa aspettarsi<span class='et_learnmore_arrow'><span><\/span><\/span><\/h3>\n\t\t\t\t\t<div class='learn-more-content'><strong>Itinerario<\/strong><\/p>\n<p>Questo \u00e8 un itinerario normale per questo prodotto<\/p>\n<p><strong>Luogo di sosta: <\/strong>Tempio romano di Evora (Tempio di Diana), Largo do Conde de Vila Flor 4 Centro Hist\u00f3rico, Evora 7000-804 Portogallo<\/p>\n<p>Il tempio romano di \u00c9vora, erroneamente noto come Tempio di Diana, si trova nella citt\u00e0 di \u00c9vora, in Portogallo; fa parte del centro storico della citt\u00e0, che \u00e8 stato classificato come Patrimonio dell&#8217;Umanit\u00e0 dall&#8217;UNESCO. Il tempio romano \u00e8 classificato come Monumento Nazionale dalla DGPC. \u00c8 uno dei monumenti pi\u00f9 famosi della citt\u00e0 e uno dei simboli pi\u00f9 significativi della presenza romana in territorio portoghese.<\/p>\n<p>Durata: 30 minuti<\/p>\n<p><strong>Luogo di sosta: <\/strong>Pra\u00e7a do Giraldo, S\/N0 Centro Hist\u00f3rico, \u00c9vora 7000-508 Portogallo<\/p>\n<p>Innamorati della storia della bellissima Piazza Giraldo a \u00c9vora. Sali sul marciapiede e siediti su una terrazza. Tutte le strade portano a Pra\u00e7a do Giraldo.<\/p>\n<p>Durata: 30 minuti<\/p>\n<p><strong>Luogo di sosta: <\/strong>Cappella delle Ossa, Pra\u00e7a 1 de Maio, \u00c9vora 7000-650 Portogallo<\/p>\n<p>La Cappella delle Ossa \u00e8 uno dei monumenti pi\u00f9 famosi di \u00c9vora, in Portogallo. Si trova nella Chiesa di San Francisco. Fu costruita nel XVII secolo per iniziativa di tre frati francescani che, nello spirito dell&#8217;epoca (controriforma religiosa, secondo le norme del Concilio di Trento), intendevano trasmettere il messaggio della caducit\u00e0 della vita, come si evince dal famoso avviso all&#8217;ingresso: &#8220;Noi ossa che siamo qui per le tue stiamo aspettando&#8221;. Oltre alla questione spirituale, c&#8217;era anche una questione fisica, vale a dire; c&#8217;erano, nella regione di \u00c9vora, quarantadue cimiteri monastici che occupavano troppo spazio e posizioni strategiche che molti intendevano utilizzare per altri scopi. Cos\u00ec decisero di rimuovere gli scheletri dalla terra e di usarli per costruire e decorare la cappella.<\/p>\n<p>Durata: 1 ora<\/p>\n<p><strong>Luogo di sosta: <\/strong>Cattedrale di \u00c9vora, Largo do Marques de Marialva Centro Hist\u00f3rico, Evora 7000-809 Portogallo<\/p>\n<p>La Basilica di Nostra Signora dell&#8217;Assunzione, meglio conosciuta come Cattedrale di \u00c9vora, o semplicemente Cattedrale di \u00c9vora, sebbene iniziata nel 1186 e consacrata nel 1204, questa cattedrale di granito fu completata solo nel 1250. Si tratta di un monumento segnato dal passaggio dallo stile romanico a quello gotico, scandito da tre maestose navate. Nel XV e XVI secolo, la cattedrale ricevette importanti miglioramenti, risalendo a questo periodo il coro maggiore, il pulpito, il battistero e l&#8217;arco della cappella di Nossa Senhora da Piedade, nota anche come Cappella di Espor\u00e3o, un raro esempio di architettura piaresca ibrida, risalente al 1529.<\/p>\n<p>Durata: 30 minuti<\/p><\/div>\n\t\t\t\t<\/div> <div class='et-learn-more clearfix'>\n\t\t\t\t\t<h3 class='heading-more'>Partenza e ritorno<span class='et_learnmore_arrow'><span><\/span><\/span><\/h3>\n\t\t\t\t\t<div class='learn-more-content'><div>\n<ul>\n<li>\n<div>\n<div><strong>Inizio<\/strong>:<\/div>\n<\/div>\n<div>\n<ul>\n<li>\n<div>\n<div>Pra\u00e7a Marqu\u00eas de Pombal 8, 1250-160 Lisbona, Portogallo<\/div>\n<div>Pick-up di fronte all&#8217;Hotel Fenix, Piazza Marques de Pombal<\/div>\n<\/div>\n<\/li>\n<\/ul>\n<\/div>\n<div>\n<div><strong>Fine<\/strong>: questa attivit\u00e0 termina al punto d&#8217;incontro.<\/div>\n<\/div>\n<\/li>\n<\/ul>\n<\/div><\/div>\n\t\t\t\t<\/div> <div class='et-learn-more clearfix'>\n\t\t\t\t\t<h3 class='heading-more'>Accessibilit\u00e0<span class='et_learnmore_arrow'><span><\/span><\/span><\/h3>\n\t\t\t\t\t<div class='learn-more-content'><div>\n<ul>\n<li>Non accessibile in sedia a rotelle<\/li>\n<li>Vicino ai trasporti pubblici<\/li>\n<li>Seggiolini per bambini disponibili<\/li>\n<\/ul>\n<\/div>\n<div>\n<div>Se hai domande sull&#8217;accessibilit\u00e0, saremo lieti di aiutarti. Basta chiamare <a href=\"tel:+351932221333\">il numero (+351) 932 221 333<\/a><\/div>\n<\/div><\/div>\n\t\t\t\t<\/div> <div class='et-learn-more clearfix'>\n\t\t\t\t\t<h3 class='heading-more'>Informazioni aggiuntive<span class='et_learnmore_arrow'><span><\/span><\/span><\/h3>\n\t\t\t\t\t<div class='learn-more-content'><div>\n<ul>\n<li>La conferma verr\u00e0 ricevuta al momento della prenotazione<\/li>\n<li>Pu\u00f2 partecipare la maggior parte dei viaggiatori<\/li>\n<li>Questa esperienza avr\u00e0 luogo solo se il tempo \u00e8 buono. In caso di cancellazione a causa di condizioni meteorologiche avverse, ti verr\u00e0 offerta una data diversa o un rimborso completo<\/li>\n<li>Questa esperienza richiede un numero minimo di viaggiatori. Se viene cancellato perch\u00e9 non viene raggiunto il numero minimo, ti verr\u00e0 offerta una data\/esperienza diversa o un rimborso completo<\/li>\n<li>Questa \u00e8 un&#8217;attivit\u00e0\/tour privato. Parteciper\u00e0 solo il tuo gruppo<\/li>\n<\/ul>\n<\/div><\/div>\n\t\t\t\t<\/div> <div class='et-learn-more clearfix'>\n\t\t\t\t\t<h3 class='heading-more'>Politica di cancellazione<span class='et_learnmore_arrow'><span><\/span><\/span><\/h3>\n\t\t\t\t\t<div class='learn-more-content'><div>Per un rimborso completo, cancella entro 72 ore dalla prenotazione del tour.<\/div><\/div>\n\t\t\t\t<\/div> <div class='et-learn-more clearfix'>\n\t\t\t\t\t<h3 class='heading-more'>Domande frequenti<span class='et_learnmore_arrow'><span><\/span><\/span><\/h3>\n\t\t\t\t\t<div class='learn-more-content'><div>\n<div><strong>Quali attrazioni potr\u00f2 visitare con Gita di un giorno per piccoli gruppi a \u00c9vora?<\/strong><\/div>\n<div>\n<div>\n<p>Durante questa esperienza, i luoghi che visiterai includono:<\/p>\n<ul>\n<li><a href=\"https:\/\/www.tripadvisor.pt\/Attraction_Review-g189106-d196207-Reviews-Templo_Romano_de_Evora_Templo_de_Diana-Evora_Evora_District_Alentejo.html\">Tempio romano di \u00c9vora (Tempio di Diana)<\/a><\/li>\n<li><a href=\"https:\/\/www.tripadvisor.pt\/Attraction_Review-g189106-d196208-Reviews-Capela_dos_Ossos-Evora_Evora_District_Alentejo.html\">Cappella delle Ossa (\u00c9vora)<\/a><\/li>\n<li><a href=\"https:\/\/www.tripadvisor.pt\/Attraction_Review-g189106-d196209-Reviews-Praca_do_Giraldo-Evora_Evora_District_Alentejo.html\">Piazza Giraldo (\u00c9vora)<\/a><\/li>\n<\/ul>\n<\/div>\n<\/div>\n<\/div>\n<div>\n<hr>\n<\/div>\n<div>\n<div><strong>Quanto costa Gita di un giorno per piccoli gruppi a \u00c9vora?<\/strong><\/div>\n<div>\n<div>\n<p>Prezzo per una gita di un giorno per piccoli gruppi a \u00c9vora a partire da 153,94 \u20ac.<\/p>\n<div>\n<hr>\n<\/div>\n<div>\n<div><strong>Quale compagnia \u00e8 responsabile per Gita di un giorno per piccoli gruppi a \u00c9vora?<\/strong><\/div>\n<div>\n<div>Gita di un giorno per piccoli gruppi a Evora \u00e8 offerta da RecordTours.<\/div>\n<\/div>\n<\/div>\n<\/div>\n<\/div>\n<\/div><\/div>\n\t\t\t\t<\/div><div class='et-learn-more clearfix'>\n\t\t\t\t\t<h3 class='heading-more'>Guida<span class='et_learnmore_arrow'><span><\/span><\/span><\/h3>\n\t\t\t\t\t<div class='learn-more-content'><div>Se hai domande su questo tour o hai bisogno di aiuto per prenotare, siamo felici di aiutarti. Basta chiamare <a href=\"tel:+351932221333\">il numero (+351) 932 221 333<\/a><\/div><\/div>\n\t\t\t\t<\/div><\/p>\n","protected":false},"excerpt":{"rendered":"<p>Vieni a scoprire la bellissima citt\u00e0 di \u00c9vora, Patrimonio dell&#8217;Umanit\u00e0 dell&#8217;UNESCO. Partenza da Lisbona, traversata&#8230;  <\/p>\n","protected":false},"author":3,"featured_media":3478,"comment_status":"closed","ping_status":"closed","sticky":false,"template":"","format":"standard","meta":{"_acf_changed":false,"_et_pb_use_builder":"","_et_pb_old_content":"","_et_gb_content_width":"","footnotes":""},"categories":[23,44],"tags":[],"class_list":["post-3476","post","type-post","status-publish","format-standard","has-post-thumbnail","hentry","category-non-categorizzato","category-tour"],"acf":{"photo_gallery":{"tours_galeria":[[{"id":3751,"title":"","caption":"","full_image_url":"https:\/\/recordtours.pt\/wp-content\/uploads\/2024\/03\/tours-galeria-algarve2-02.webp","thumbnail_image_url":"https:\/\/recordtours.pt\/wp-content\/uploads\/2024\/03\/tours-galeria-algarve2-02-150x150.webp","large_srcset":"https:\/\/recordtours.pt\/wp-content\/uploads\/2024\/03\/tours-galeria-algarve2-02-1024x683.webp 1024w, https:\/\/recordtours.pt\/wp-content\/uploads\/2024\/03\/tours-galeria-algarve2-02-980x653.webp 980w, https:\/\/recordtours.pt\/wp-content\/uploads\/2024\/03\/tours-galeria-algarve2-02-480x320.webp 480w","medium_srcset":false,"media_details":{"width":1200,"height":800,"sizes":{"medium":{"file":"tours-galeria-algarve2-02-300x200.webp","width":300,"height":200,"mime-type":"image\/webp","filesize":12336,"source_url":"https:\/\/recordtours.pt\/wp-content\/uploads\/2024\/03\/tours-galeria-algarve2-02-300x200.webp"},"large":{"file":"tours-galeria-algarve2-02-1024x683.webp","width":1024,"height":683,"mime-type":"image\/webp","filesize":122762,"source_url":"https:\/\/recordtours.pt\/wp-content\/uploads\/2024\/03\/tours-galeria-algarve2-02-1024x683.webp"},"thumbnail":{"file":"tours-galeria-algarve2-02-150x150.webp","width":150,"height":150,"mime-type":"image\/webp","filesize":5416,"source_url":"https:\/\/recordtours.pt\/wp-content\/uploads\/2024\/03\/tours-galeria-algarve2-02-150x150.webp"},"medium_large":{"file":"tours-galeria-algarve2-02-768x512.webp","width":768,"height":512,"mime-type":"image\/webp","filesize":70660,"source_url":"https:\/\/recordtours.pt\/wp-content\/uploads\/2024\/03\/tours-galeria-algarve2-02-768x512.webp"},"et-pb-post-main-image":{"file":"tours-galeria-algarve2-02-400x250.webp","width":400,"height":250,"mime-type":"image\/webp","filesize":18962,"source_url":"https:\/\/recordtours.pt\/wp-content\/uploads\/2024\/03\/tours-galeria-algarve2-02-400x250.webp"},"et-pb-post-main-image-fullwidth":{"file":"tours-galeria-algarve2-02-1080x675.webp","width":1080,"height":675,"mime-type":"image\/webp","filesize":127722,"source_url":"https:\/\/recordtours.pt\/wp-content\/uploads\/2024\/03\/tours-galeria-algarve2-02-1080x675.webp"},"et-pb-portfolio-image":{"file":"tours-galeria-algarve2-02-400x284.webp","width":400,"height":284,"mime-type":"image\/webp","filesize":21658,"source_url":"https:\/\/recordtours.pt\/wp-content\/uploads\/2024\/03\/tours-galeria-algarve2-02-400x284.webp"},"et-pb-portfolio-module-image":{"file":"tours-galeria-algarve2-02-510x382.webp","width":510,"height":382,"mime-type":"image\/webp","filesize":36426,"source_url":"https:\/\/recordtours.pt\/wp-content\/uploads\/2024\/03\/tours-galeria-algarve2-02-510x382.webp"},"et-pb-portfolio-image-single":{"file":"tours-galeria-algarve2-02-1080x720.webp","width":1080,"height":720,"mime-type":"image\/webp","filesize":133614,"source_url":"https:\/\/recordtours.pt\/wp-content\/uploads\/2024\/03\/tours-galeria-algarve2-02-1080x720.webp"},"et-pb-gallery-module-image-portrait":{"file":"tours-galeria-algarve2-02-400x516.webp","width":400,"height":516,"mime-type":"image\/webp","filesize":43862,"source_url":"https:\/\/recordtours.pt\/wp-content\/uploads\/2024\/03\/tours-galeria-algarve2-02-400x516.webp"},"et-pb-image--responsive--tablet":{"file":"tours-galeria-algarve2-02-980x653.webp","width":980,"height":653,"mime-type":"image\/webp","filesize":113306,"source_url":"https:\/\/recordtours.pt\/wp-content\/uploads\/2024\/03\/tours-galeria-algarve2-02-980x653.webp"},"et-pb-image--responsive--phone":{"file":"tours-galeria-algarve2-02-480x320.webp","width":480,"height":320,"mime-type":"image\/webp","filesize":27856,"source_url":"https:\/\/recordtours.pt\/wp-content\/uploads\/2024\/03\/tours-galeria-algarve2-02-480x320.webp"}}},"alt_text":"","url":"","target":""},{"id":3479,"title":"","caption":"","full_image_url":"https:\/\/recordtours.pt\/wp-content\/uploads\/2024\/04\/tours-galeria-evora-01.webp","thumbnail_image_url":"https:\/\/recordtours.pt\/wp-content\/uploads\/2024\/04\/tours-galeria-evora-01-150x150.webp","large_srcset":"https:\/\/recordtours.pt\/wp-content\/uploads\/2024\/04\/tours-galeria-evora-01-1024x683.webp 1024w, https:\/\/recordtours.pt\/wp-content\/uploads\/2024\/04\/tours-galeria-evora-01-980x653.webp 980w, https:\/\/recordtours.pt\/wp-content\/uploads\/2024\/04\/tours-galeria-evora-01-480x320.webp 480w","medium_srcset":false,"media_details":{"width":1200,"height":800,"sizes":{"medium":{"file":"tours-galeria-evora-01-300x200.webp","width":300,"height":200,"mime-type":"image\/webp","filesize":12408,"source_url":"https:\/\/recordtours.pt\/wp-content\/uploads\/2024\/04\/tours-galeria-evora-01-300x200.webp"},"large":{"file":"tours-galeria-evora-01-1024x683.webp","width":1024,"height":683,"mime-type":"image\/webp","filesize":113038,"source_url":"https:\/\/recordtours.pt\/wp-content\/uploads\/2024\/04\/tours-galeria-evora-01-1024x683.webp"},"thumbnail":{"file":"tours-galeria-evora-01-150x150.webp","width":150,"height":150,"mime-type":"image\/webp","filesize":5202,"source_url":"https:\/\/recordtours.pt\/wp-content\/uploads\/2024\/04\/tours-galeria-evora-01-150x150.webp"},"medium_large":{"file":"tours-galeria-evora-01-768x512.webp","width":768,"height":512,"mime-type":"image\/webp","filesize":68266,"source_url":"https:\/\/recordtours.pt\/wp-content\/uploads\/2024\/04\/tours-galeria-evora-01-768x512.webp"},"et-pb-post-main-image":{"file":"tours-galeria-evora-01-400x250.webp","width":400,"height":250,"mime-type":"image\/webp","filesize":19432,"source_url":"https:\/\/recordtours.pt\/wp-content\/uploads\/2024\/04\/tours-galeria-evora-01-400x250.webp"},"et-pb-post-main-image-fullwidth":{"file":"tours-galeria-evora-01-1080x675.webp","width":1080,"height":675,"mime-type":"image\/webp","filesize":117432,"source_url":"https:\/\/recordtours.pt\/wp-content\/uploads\/2024\/04\/tours-galeria-evora-01-1080x675.webp"},"et-pb-portfolio-image":{"file":"tours-galeria-evora-01-400x284.webp","width":400,"height":284,"mime-type":"image\/webp","filesize":21728,"source_url":"https:\/\/recordtours.pt\/wp-content\/uploads\/2024\/04\/tours-galeria-evora-01-400x284.webp"},"et-pb-portfolio-module-image":{"file":"tours-galeria-evora-01-510x382.webp","width":510,"height":382,"mime-type":"image\/webp","filesize":35444,"source_url":"https:\/\/recordtours.pt\/wp-content\/uploads\/2024\/04\/tours-galeria-evora-01-510x382.webp"},"et-pb-portfolio-image-single":{"file":"tours-galeria-evora-01-1080x720.webp","width":1080,"height":720,"mime-type":"image\/webp","filesize":123364,"source_url":"https:\/\/recordtours.pt\/wp-content\/uploads\/2024\/04\/tours-galeria-evora-01-1080x720.webp"},"et-pb-gallery-module-image-portrait":{"file":"tours-galeria-evora-01-400x516.webp","width":400,"height":516,"mime-type":"image\/webp","filesize":42752,"source_url":"https:\/\/recordtours.pt\/wp-content\/uploads\/2024\/04\/tours-galeria-evora-01-400x516.webp"},"et-pb-image--responsive--tablet":{"file":"tours-galeria-evora-01-980x653.webp","width":980,"height":653,"mime-type":"image\/webp","filesize":104462,"source_url":"https:\/\/recordtours.pt\/wp-content\/uploads\/2024\/04\/tours-galeria-evora-01-980x653.webp"},"et-pb-image--responsive--phone":{"file":"tours-galeria-evora-01-480x320.webp","width":480,"height":320,"mime-type":"image\/webp","filesize":27644,"source_url":"https:\/\/recordtours.pt\/wp-content\/uploads\/2024\/04\/tours-galeria-evora-01-480x320.webp"}}},"alt_text":"","url":"","target":""},{"id":3480,"title":"","caption":"","full_image_url":"https:\/\/recordtours.pt\/wp-content\/uploads\/2024\/04\/tours-galeria-evora-02.webp","thumbnail_image_url":"https:\/\/recordtours.pt\/wp-content\/uploads\/2024\/04\/tours-galeria-evora-02-150x150.webp","large_srcset":"https:\/\/recordtours.pt\/wp-content\/uploads\/2024\/04\/tours-galeria-evora-02-1024x683.webp 1024w, https:\/\/recordtours.pt\/wp-content\/uploads\/2024\/04\/tours-galeria-evora-02-980x653.webp 980w, https:\/\/recordtours.pt\/wp-content\/uploads\/2024\/04\/tours-galeria-evora-02-480x320.webp 480w","medium_srcset":false,"media_details":{"width":1200,"height":800,"sizes":{"medium":{"file":"tours-galeria-evora-02-300x200.webp","width":300,"height":200,"mime-type":"image\/webp","filesize":14684,"source_url":"https:\/\/recordtours.pt\/wp-content\/uploads\/2024\/04\/tours-galeria-evora-02-300x200.webp"},"large":{"file":"tours-galeria-evora-02-1024x683.webp","width":1024,"height":683,"mime-type":"image\/webp","filesize":111212,"source_url":"https:\/\/recordtours.pt\/wp-content\/uploads\/2024\/04\/tours-galeria-evora-02-1024x683.webp"},"thumbnail":{"file":"tours-galeria-evora-02-150x150.webp","width":150,"height":150,"mime-type":"image\/webp","filesize":5900,"source_url":"https:\/\/recordtours.pt\/wp-content\/uploads\/2024\/04\/tours-galeria-evora-02-150x150.webp"},"medium_large":{"file":"tours-galeria-evora-02-768x512.webp","width":768,"height":512,"mime-type":"image\/webp","filesize":70390,"source_url":"https:\/\/recordtours.pt\/wp-content\/uploads\/2024\/04\/tours-galeria-evora-02-768x512.webp"},"et-pb-post-main-image":{"file":"tours-galeria-evora-02-400x250.webp","width":400,"height":250,"mime-type":"image\/webp","filesize":22004,"source_url":"https:\/\/recordtours.pt\/wp-content\/uploads\/2024\/04\/tours-galeria-evora-02-400x250.webp"},"et-pb-post-main-image-fullwidth":{"file":"tours-galeria-evora-02-1080x675.webp","width":1080,"height":675,"mime-type":"image\/webp","filesize":114840,"source_url":"https:\/\/recordtours.pt\/wp-content\/uploads\/2024\/04\/tours-galeria-evora-02-1080x675.webp"},"et-pb-portfolio-image":{"file":"tours-galeria-evora-02-400x284.webp","width":400,"height":284,"mime-type":"image\/webp","filesize":23900,"source_url":"https:\/\/recordtours.pt\/wp-content\/uploads\/2024\/04\/tours-galeria-evora-02-400x284.webp"},"et-pb-portfolio-module-image":{"file":"tours-galeria-evora-02-510x382.webp","width":510,"height":382,"mime-type":"image\/webp","filesize":37850,"source_url":"https:\/\/recordtours.pt\/wp-content\/uploads\/2024\/04\/tours-galeria-evora-02-510x382.webp"},"et-pb-portfolio-image-single":{"file":"tours-galeria-evora-02-1080x720.webp","width":1080,"height":720,"mime-type":"image\/webp","filesize":120166,"source_url":"https:\/\/recordtours.pt\/wp-content\/uploads\/2024\/04\/tours-galeria-evora-02-1080x720.webp"},"et-pb-gallery-module-image-portrait":{"file":"tours-galeria-evora-02-400x516.webp","width":400,"height":516,"mime-type":"image\/webp","filesize":35232,"source_url":"https:\/\/recordtours.pt\/wp-content\/uploads\/2024\/04\/tours-galeria-evora-02-400x516.webp"},"et-pb-image--responsive--tablet":{"file":"tours-galeria-evora-02-980x653.webp","width":980,"height":653,"mime-type":"image\/webp","filesize":103926,"source_url":"https:\/\/recordtours.pt\/wp-content\/uploads\/2024\/04\/tours-galeria-evora-02-980x653.webp"},"et-pb-image--responsive--phone":{"file":"tours-galeria-evora-02-480x320.webp","width":480,"height":320,"mime-type":"image\/webp","filesize":31160,"source_url":"https:\/\/recordtours.pt\/wp-content\/uploads\/2024\/04\/tours-galeria-evora-02-480x320.webp"}}},"alt_text":"","url":"","target":""},{"id":3481,"title":"","caption":"","full_image_url":"https:\/\/recordtours.pt\/wp-content\/uploads\/2024\/04\/tours-galeria-evora-03.webp","thumbnail_image_url":"https:\/\/recordtours.pt\/wp-content\/uploads\/2024\/04\/tours-galeria-evora-03-150x150.webp","large_srcset":"https:\/\/recordtours.pt\/wp-content\/uploads\/2024\/04\/tours-galeria-evora-03-1024x683.webp 1024w, https:\/\/recordtours.pt\/wp-content\/uploads\/2024\/04\/tours-galeria-evora-03-980x653.webp 980w, https:\/\/recordtours.pt\/wp-content\/uploads\/2024\/04\/tours-galeria-evora-03-480x320.webp 480w","medium_srcset":false,"media_details":{"width":1200,"height":800,"sizes":{"medium":{"file":"tours-galeria-evora-03-300x200.webp","width":300,"height":200,"mime-type":"image\/webp","filesize":16200,"source_url":"https:\/\/recordtours.pt\/wp-content\/uploads\/2024\/04\/tours-galeria-evora-03-300x200.webp"},"large":{"file":"tours-galeria-evora-03-1024x683.webp","width":1024,"height":683,"mime-type":"image\/webp","filesize":126434,"source_url":"https:\/\/recordtours.pt\/wp-content\/uploads\/2024\/04\/tours-galeria-evora-03-1024x683.webp"},"thumbnail":{"file":"tours-galeria-evora-03-150x150.webp","width":150,"height":150,"mime-type":"image\/webp","filesize":6114,"source_url":"https:\/\/recordtours.pt\/wp-content\/uploads\/2024\/04\/tours-galeria-evora-03-150x150.webp"},"medium_large":{"file":"tours-galeria-evora-03-768x512.webp","width":768,"height":512,"mime-type":"image\/webp","filesize":78318,"source_url":"https:\/\/recordtours.pt\/wp-content\/uploads\/2024\/04\/tours-galeria-evora-03-768x512.webp"},"et-pb-post-main-image":{"file":"tours-galeria-evora-03-400x250.webp","width":400,"height":250,"mime-type":"image\/webp","filesize":24306,"source_url":"https:\/\/recordtours.pt\/wp-content\/uploads\/2024\/04\/tours-galeria-evora-03-400x250.webp"},"et-pb-post-main-image-fullwidth":{"file":"tours-galeria-evora-03-1080x675.webp","width":1080,"height":675,"mime-type":"image\/webp","filesize":127734,"source_url":"https:\/\/recordtours.pt\/wp-content\/uploads\/2024\/04\/tours-galeria-evora-03-1080x675.webp"},"et-pb-portfolio-image":{"file":"tours-galeria-evora-03-400x284.webp","width":400,"height":284,"mime-type":"image\/webp","filesize":26676,"source_url":"https:\/\/recordtours.pt\/wp-content\/uploads\/2024\/04\/tours-galeria-evora-03-400x284.webp"},"et-pb-portfolio-module-image":{"file":"tours-galeria-evora-03-510x382.webp","width":510,"height":382,"mime-type":"image\/webp","filesize":41790,"source_url":"https:\/\/recordtours.pt\/wp-content\/uploads\/2024\/04\/tours-galeria-evora-03-510x382.webp"},"et-pb-portfolio-image-single":{"file":"tours-galeria-evora-03-1080x720.webp","width":1080,"height":720,"mime-type":"image\/webp","filesize":135976,"source_url":"https:\/\/recordtours.pt\/wp-content\/uploads\/2024\/04\/tours-galeria-evora-03-1080x720.webp"},"et-pb-gallery-module-image-portrait":{"file":"tours-galeria-evora-03-400x516.webp","width":400,"height":516,"mime-type":"image\/webp","filesize":37348,"source_url":"https:\/\/recordtours.pt\/wp-content\/uploads\/2024\/04\/tours-galeria-evora-03-400x516.webp"},"et-pb-image--responsive--tablet":{"file":"tours-galeria-evora-03-980x653.webp","width":980,"height":653,"mime-type":"image\/webp","filesize":118638,"source_url":"https:\/\/recordtours.pt\/wp-content\/uploads\/2024\/04\/tours-galeria-evora-03-980x653.webp"},"et-pb-image--responsive--phone":{"file":"tours-galeria-evora-03-480x320.webp","width":480,"height":320,"mime-type":"image\/webp","filesize":35066,"source_url":"https:\/\/recordtours.pt\/wp-content\/uploads\/2024\/04\/tours-galeria-evora-03-480x320.webp"}}},"alt_text":"","url":"","target":""}]]}},"_links":{"self":[{"href":"https:\/\/recordtours.pt\/it\/wp-json\/wp\/v2\/posts\/3476","targetHints":{"allow":["GET"]}}],"collection":[{"href":"https:\/\/recordtours.pt\/it\/wp-json\/wp\/v2\/posts"}],"about":[{"href":"https:\/\/recordtours.pt\/it\/wp-json\/wp\/v2\/types\/post"}],"author":[{"embeddable":true,"href":"https:\/\/recordtours.pt\/it\/wp-json\/wp\/v2\/users\/3"}],"replies":[{"embeddable":true,"href":"https:\/\/recordtours.pt\/it\/wp-json\/wp\/v2\/comments?post=3476"}],"version-history":[{"count":0,"href":"https:\/\/recordtours.pt\/it\/wp-json\/wp\/v2\/posts\/3476\/revisions"}],"wp:featuredmedia":[{"embeddable":true,"href":"https:\/\/recordtours.pt\/it\/wp-json\/wp\/v2\/media\/3478"}],"wp:attachment":[{"href":"https:\/\/recordtours.pt\/it\/wp-json\/wp\/v2\/media?parent=3476"}],"wp:term":[{"taxonomy":"category","embeddable":true,"href":"https:\/\/recordtours.pt\/it\/wp-json\/wp\/v2\/categories?post=3476"},{"taxonomy":"post_tag","embeddable":true,"href":"https:\/\/recordtours.pt\/it\/wp-json\/wp\/v2\/tags?post=3476"}],"curies":[{"name":"wp","href":"https:\/\/api.w.org\/{rel}","templated":true}]}}