{"id":3512,"date":"2024-04-08T10:50:04","date_gmt":"2024-04-08T10:50:04","guid":{"rendered":"https:\/\/recordtours.pt\/gita-di-un-giorno-a-obidos-nazare-fatima-e-batalha\/"},"modified":"2024-06-28T16:02:08","modified_gmt":"2024-06-28T16:02:08","slug":"gita-di-un-giorno-a-obidos-nazare-fatima-e-batalha","status":"publish","type":"post","link":"https:\/\/recordtours.pt\/it\/gita-di-un-giorno-a-obidos-nazare-fatima-e-batalha\/","title":{"rendered":"Gita di un giorno a \u00d3bidos, Nazar\u00e9, F\u00e1tima e Batalha"},"content":{"rendered":"<p>Fai un&#8217;affascinante gita di un giorno da Lisbona alle citt\u00e0 di \u00d3bidos, Nazar\u00e9, F\u00e1tima e Batalha. Durante il giorno, esplora il villaggio medievale di \u00d3bidos e impara fatti interessanti dalla tua guida. Goditi il pranzo (se l&#8217;opzione \u00e8 stata selezionata) nel pittoresco villaggio di pescatori di Nazar\u00e9. Visita i monasteri di Alcoba\u00e7a e Batalha, parte del patrimonio mondiale dell&#8217;UNESCO. Goditi il tempo libero a Fatima per visitare il Santuario di Fatima. Sulla via del ritorno a Lisbona, ammira l&#8217;incantevole campagna del Portogallo.<\/p>\n<p>Goditi una gita di un&#8217;intera giornata da Lisbona alle citt\u00e0 portoghesi di \u00d3bidos, Nazar\u00e9, Fatima e Batalha. Al mattino, esplora l&#8217;affascinante villaggio medievale di \u00d3bidos e impara fatti interessanti con la tua guida turistica. Concediti il pranzo (se selezioni questa opzione) nel pittoresco villaggio di pescatori di Nazar\u00e9. Visita i monasteri di Alcoba\u00e7a e Batalha, patrimonio mondiale dell&#8217;UNESCO. E goditi il tempo libero a Fatima per visitare il Santuario. Sulla via del ritorno a Lisbona, apprezza il Portogallo.<\/p>\n<div class='et-learn-more clearfix'>\n\t\t\t\t\t<h3 class='heading-more'>Cosa \u00e8 incluso<span class='et_learnmore_arrow'><span><\/span><\/span><\/h3>\n\t\t\t\t\t<div class='learn-more-content'><div>\n<ul>\n<li>Acqua minerale<\/li>\n<li>Veicolo con aria condizionata<\/li>\n<li>Wi-Fi a bordo<\/li>\n<li>Trasporto privato<\/li>\n<\/ul>\n<\/div>\n<div>\n<div><strong>Cosa non \u00e8 incluso<\/strong><\/div>\n<ul>\n<li> Colazione<\/li>\n<li>Pranzo<\/li>\n<li>Cena<\/li>\n<li>Ingresso: Faro di Nazar\u00e9<\/li>\n<\/ul>\n<\/div><\/div>\n\t\t\t\t<\/div> <div class='et-learn-more clearfix'>\n\t\t\t\t\t<h3 class='heading-more'>Cosa aspettarsi<span class='et_learnmore_arrow'><span><\/span><\/span><\/h3>\n\t\t\t\t\t<div class='learn-more-content'><strong>Itinerario<\/strong><\/p>\n<p>Questo \u00e8 un itinerario normale per questo prodotto<\/p>\n<p><strong>Luogo di sosta: <\/strong>Basilica di Nostra Signora del Rosario di Fatima, Rua de Rainha Santa Isabel 26, Fatima 2495-424 Portogallo<\/p>\n<p>Il Santuario di Fatima, formalmente intitolato dalla Chiesa Cattolica come Santuario di Nostra Signora del Rosario di Fatima, \u00e8 un santuario mariano dedicato alla Madonna di Fatima, situato nella localit\u00e0 di Cova da Iria, nella citt\u00e0 di Fatima, comune di Our\u00e9m, in Portogallo.<\/p>\n<p>Il Santuario di Fatima \u00e8, per antonomasia, un luogo di pellegrinaggio cristiano e di devozione cattolica, che conserva la memoria degli eventi che hanno portato alla sua fondazione, vale a dire le apparizioni della Madonna ai tre pastorelli \u2013 Lucia dos Santos, Francesco e Giacinta Marto \u2013 nel 1917. La sua grandezza e rilevanza da un punto di vista religioso \u00e8 stata a lungo riconosciuta consensualmente, a livello nazionale e internazionale. Per espressa volont\u00e0 della Santa Sede Apostolica, questo \u00e8 un Santuario Nazionale. \u00c8 anche uno dei santuari mariani pi\u00f9 importanti al mondo appartenente alla Chiesa cattolica e la pi\u00f9 grande destinazione internazionale per il turismo religioso, ricevendo circa sei milioni di visitatori all&#8217;anno. \u00c8 stato onorato con tre rose d&#8217;oro papali e visitato dai papi Paolo VI (1967), Giovanni Paolo II (1982, 1991 e 2000), Benedetto XVI (2010) e Francesco (2017).<\/p>\n<p>Durata: 2 ore<\/p>\n<p><strong>Luogo di sosta: <\/strong>Chiesa di Nostra Signora del Rosario di Fatima, Av. Marques de Tomar Avenidas Novas, Lisbona 1050-154 Portogallo<\/p>\n<p>Il Santuario di Fatima, formalmente intitolato dalla Chiesa Cattolica come Santuario di Nostra Signora del Rosario di Fatima, \u00e8 un santuario mariano dedicato alla Madonna di Fatima, situato nella localit\u00e0 di Cova da Iria, nella citt\u00e0 di Fatima, comune di Our\u00e9m, in Portogallo.<\/p>\n<p>Il Santuario di Fatima \u00e8, per antonomasia, un luogo di pellegrinaggio cristiano e di devozione cattolica, che conserva la memoria degli eventi che hanno portato alla sua fondazione, vale a dire le apparizioni della Madonna ai tre pastorelli \u2013 Lucia dos Santos, Francesco e Giacinta Marto \u2013 nel 1917. La sua grandezza e rilevanza da un punto di vista religioso \u00e8 stata a lungo riconosciuta consensualmente, a livello nazionale e internazionale. Per espressa volont\u00e0 della Santa Sede Apostolica, questo \u00e8 un Santuario Nazionale. \u00c8 anche uno dei santuari mariani pi\u00f9 importanti al mondo appartenente alla Chiesa cattolica e la pi\u00f9 grande destinazione internazionale per il turismo religioso, ricevendo circa sei milioni di visitatori all&#8217;anno. \u00c8 stato onorato con tre rose d&#8217;oro papali e visitato dai papi Paolo VI (1967), Giovanni Paolo II (1982, 1991 e 2000), Benedetto XVI (2010) e Francesco (2017).<\/p>\n<p>Durata: 2 ore<\/p>\n<p><strong>Luogo di sosta: <\/strong>Monastero di Batalha, Largo Infante Dom Henrique 2440, Batalha 2440-484 Portogallo<\/p>\n<p>Il Monastero di Santa Maria da Vit\u00f3ria (meglio conosciuto come Monastero di Batalha) \u00e8 un monastero situato nel villaggio di Batalha, nella regione Centro, provincia di Beira Litoral, in Portogallo, che fu costruito nel 1386 dal re Giovanni I del Portogallo[2] come ringraziamento alla Vergine Maria per la vittoria contro i rivali castigliani nella battaglia di Aljubarrota. Questo monastero dell&#8217;Ordine di San Domenico fu costruito nell&#8217;arco di due secoli fino al 1563 circa, durante il regno di sette re del Portogallo, anche se dal 1388 vi abitavano gi\u00e0 i primi frati domenicani. Esempio di architettura tardo gotica portoghese, o stile manuelino, \u00e8 considerato patrimonio dell&#8217;umanit\u00e0 dall&#8217;UNESCO, e il 7 luglio 2007 \u00e8 stato eletto come una delle sette meraviglie del Portogallo. In Portogallo, l&#8217;IPPAR lo classifica ancora come Monumento Nazionale, dal 1910. Dal 2016 ha lo status di Pantheon Nazionale.<\/p>\n<p>Durata: 2 ore<\/p>\n<p><strong>Luogo di sosta: <\/strong>Nazaret &#8211; Artigianato e design di design, Pra\u00e7a Manuel Arriaga 20, Nazar\u00e9 2450-160 Portogallo<\/p>\n<p>Nazar\u00e9 \u00e8 un villaggio portoghese nel distretto di Leiria, sede dell&#8217;omonimo comune con circa 10.300 abitanti. Situato nella provincia dell&#8217;Estremadura, fa parte della Comunit\u00e0 Intercomunale dell&#8217;Ovest, nella regione del Centro.<\/p>\n<p>Il villaggio \u00e8 la sede di un piccolo comune con una superficie di 82,43 km\u00b2 e 15.158 abitanti (2011), suddiviso in 3 parrocchie. [4] Il comune \u00e8 circondato a nord, est e sud dal comune di Alcoba\u00e7a e a ovest confina con l&#8217;Oceano Atlantico.<\/p>\n<p>L&#8217;attuale spazio urbano della citt\u00e0 riunisce tre antichi villaggi, Pederneira, S\u00edtio da Nazar\u00e9 e Praia da Nazar\u00e9 e nuovi quartieri della seconda met\u00e0 del XX secolo, come Urbisol o Rio Novo, sorti come risultato dell&#8217;espansione naturale dei tre nuclei primitivi. (P.D.M., 1997).<\/p>\n<p>Durata: 2 ore<\/p>\n<p><strong>Luogo di sosta: <\/strong>Faro di Nazareth, Estr. do Farol, Nazar\u00e9 2450-065 Portogallo<\/p>\n<p>Il faro di Nazar\u00e9 \u00e8 un faro portoghese situato nel Forte di S\u00e3o Miguel Arcanjo, Nazar\u00e9, regione occidentale. Si tratta di una lanterna rotonda, di colore rosso vivo, in ferro con balcone di servizio, montata sul muro del forte. La luce \u00e8 accesa per due secondi e spenta per un secondo. Il Faro, situato nel Forte di S\u00e3o Miguel Arcanjo, \u00e8 stato classificato come Bene di Interesse Pubblico dal 1978.<\/p>\n<p>Durata: 2 ore<\/p><\/div>\n\t\t\t\t<\/div> <div class='et-learn-more clearfix'>\n\t\t\t\t\t<h3 class='heading-more'>Partenza e ritorno<span class='et_learnmore_arrow'><span><\/span><\/span><\/h3>\n\t\t\t\t\t<div class='learn-more-content'><div>\n<ul>\n<li>\n<div>\n<div><strong>Inizio<\/strong>:<\/div>\n<\/div>\n<div>\n<ul>\n<li>\n<div>\n<div>Pra\u00e7a Marqu\u00eas de Pombal 8, 1250-160 Lisbona, Portogallo<\/div>\n<div>Pick-up di fronte all&#8217;Hotel Fenix, Piazza Marques de Pombal<\/div>\n<\/div>\n<\/li>\n<\/ul>\n<\/div>\n<div>\n<div><strong>Fine<\/strong>: questa attivit\u00e0 termina al punto d&#8217;incontro.<\/div>\n<\/div>\n<\/li>\n<\/ul>\n<\/div><\/div>\n\t\t\t\t<\/div> <div class='et-learn-more clearfix'>\n\t\t\t\t\t<h3 class='heading-more'>Accessibilit\u00e0<span class='et_learnmore_arrow'><span><\/span><\/span><\/h3>\n\t\t\t\t\t<div class='learn-more-content'><div>\n<ul>\n<li>Non accessibile in sedia a rotelle<\/li>\n<li>Vicino ai trasporti pubblici<\/li>\n<li>Seggiolini per bambini disponibili<\/li>\n<\/ul>\n<\/div>\n<div>\n<div>Se hai domande sull&#8217;accessibilit\u00e0, saremo lieti di aiutarti. Basta chiamare <a href=\"tel:+351932221333\">il numero (+351) 932 221 333<\/a><\/div>\n<\/div><\/div>\n\t\t\t\t<\/div> <div class='et-learn-more clearfix'>\n\t\t\t\t\t<h3 class='heading-more'>Informazioni aggiuntive<span class='et_learnmore_arrow'><span><\/span><\/span><\/h3>\n\t\t\t\t\t<div class='learn-more-content'><div>\n<ul>\n<li>La conferma verr\u00e0 ricevuta al momento della prenotazione<\/li>\n<li>Pu\u00f2 partecipare la maggior parte dei viaggiatori<\/li>\n<li>Questa esperienza avr\u00e0 luogo solo se il tempo \u00e8 buono. In caso di cancellazione a causa di condizioni meteorologiche avverse, ti verr\u00e0 offerta una data diversa o un rimborso completo<\/li>\n<li>Questa esperienza richiede un numero minimo di viaggiatori. Se viene cancellato perch\u00e9 non viene raggiunto il numero minimo, ti verr\u00e0 offerta una data\/esperienza diversa o un rimborso completo<\/li>\n<li>Questa \u00e8 un&#8217;attivit\u00e0\/tour privato. Parteciper\u00e0 solo il tuo gruppo<\/li>\n<\/ul>\n<\/div><\/div>\n\t\t\t\t<\/div> <div class='et-learn-more clearfix'>\n\t\t\t\t\t<h3 class='heading-more'>Politica di cancellazione<span class='et_learnmore_arrow'><span><\/span><\/span><\/h3>\n\t\t\t\t\t<div class='learn-more-content'><div>Per un rimborso completo, cancella entro 72 ore dalla prenotazione del tour.<\/div><\/div>\n\t\t\t\t<\/div> <div class='et-learn-more clearfix'>\n\t\t\t\t\t<h3 class='heading-more'>Domande frequenti<span class='et_learnmore_arrow'><span><\/span><\/span><\/h3>\n\t\t\t\t\t<div class='learn-more-content'><div>\n<div><strong>Quali attrazioni potr\u00f2 visitare con Tour di Sintra, Cascais e Pal\u00e1cio da Pena da Lisbona?<\/strong><\/div>\n<div>\n<div>\n<p>Durante questa esperienza, i luoghi che visiterai includono:<\/p>\n<ul>\n<li><a href=\"https:\/\/www.tripadvisor.pt\/Attraction_Review-g189157-d196723-Reviews-Basilica_de_Nossa_Senhora_do_Rosario_de_Fatima-Fatima_Santarem_District_Central_Po.html\">Basilica di Nostra Signora del Rosario di Fatima<\/a><\/li>\n<li><a href=\"https:\/\/www.tripadvisor.pt\/Attraction_Review-g189152-d3906304-Reviews-Batalha_Monastery-Batalha_Leiria_District_Central_Portugal.html\">Monastero di Batalha<\/a><\/li>\n<li><a href=\"https:\/\/www.tripadvisor.pt\/Attraction_Review-g315902-d8769974-Reviews-Nazaret_Artesanato_e_design_de_Autor-Nazare_Leiria_District_Central_Portugal.html\">Nazaret &#8211; Artigianato e design d&#8217;autore<\/a><\/li>\n<li><a href=\"https:\/\/www.tripadvisor.pt\/Attraction_Review-g189158-d10060270-Reviews-Church_of_Nossa_Senhora_do_Rosario_de_Fatima-Lisbon_Lisbon_District_Central_Port.html\">Chiesa di Nostra Signora del Rosario di Fatima<\/a><\/li>\n<li><a href=\"https:\/\/www.tripadvisor.pt\/Attraction_Review-g315902-d19738254-Reviews-Farol_de_Nazare-Nazare_Leiria_District_Central_Portugal.html\">Faro di Nazar\u00e9<\/a><\/li>\n<\/ul>\n<\/div>\n<\/div>\n<\/div>\n<div>\n<hr>\n<\/div>\n<div>\n<div><strong>Quanto costa Gita di un giorno a Obidos, Nazar\u00e9, F\u00e1tima e Batalha?<\/strong><\/div>\n<div>\n<div>Prezzo per una gita di un giorno a \u00d3bidos, Nazar\u00e9, F\u00e1tima e Batalha a partire da 100,73 \u20ac.<\/div>\n<\/div>\n<\/div>\n<div>\n<hr>\n<\/div>\n<div>\n<div><strong>Quale compagnia \u00e8 responsabile di Gita di un giorno a \u00d3bidos, Nazar\u00e9, F\u00e1tima e Batalha?<\/strong><\/div>\n<div>\n<div>La gita di un giorno a \u00d3bidos, Nazar\u00e9, F\u00e1tima e Batalha appartiene a RecordTours.<\/div>\n<\/div>\n<\/div><\/div>\n\t\t\t\t<\/div><div class='et-learn-more clearfix'>\n\t\t\t\t\t<h3 class='heading-more'>Guida<span class='et_learnmore_arrow'><span><\/span><\/span><\/h3>\n\t\t\t\t\t<div class='learn-more-content'><div>Se hai domande su questo tour o hai bisogno di aiuto per prenotare, siamo felici di aiutarti. Basta chiamare <a href=\"tel:+351932221333\">il numero (+351) 932 221 333<\/a><\/div><\/div>\n\t\t\t\t<\/div><\/p>\n","protected":false},"excerpt":{"rendered":"<p>Fai un&#8217;affascinante gita di un giorno da Lisbona alle citt\u00e0 di \u00d3bidos, Nazar\u00e9, F\u00e1tima e Batalha. Durante il giorno, esplora&#8230;  <\/p>\n","protected":false},"author":3,"featured_media":3513,"comment_status":"closed","ping_status":"closed","sticky":false,"template":"","format":"standard","meta":{"_acf_changed":false,"_et_pb_use_builder":"","_et_pb_old_content":"","_et_gb_content_width":"","footnotes":""},"categories":[23,44],"tags":[],"class_list":["post-3512","post","type-post","status-publish","format-standard","has-post-thumbnail","hentry","category-non-categorizzato","category-tour"],"acf":{"photo_gallery":{"tours_galeria":[[{"id":3513,"title":"","caption":"","full_image_url":"https:\/\/recordtours.pt\/wp-content\/uploads\/2024\/04\/tours-galeria-obidos-nazare-01.webp","thumbnail_image_url":"https:\/\/recordtours.pt\/wp-content\/uploads\/2024\/04\/tours-galeria-obidos-nazare-01-150x150.webp","large_srcset":"https:\/\/recordtours.pt\/wp-content\/uploads\/2024\/04\/tours-galeria-obidos-nazare-01-1024x683.webp 1024w, https:\/\/recordtours.pt\/wp-content\/uploads\/2024\/04\/tours-galeria-obidos-nazare-01-980x653.webp 980w, https:\/\/recordtours.pt\/wp-content\/uploads\/2024\/04\/tours-galeria-obidos-nazare-01-480x320.webp 480w","medium_srcset":false,"media_details":{"width":1200,"height":800,"sizes":{"medium":{"file":"tours-galeria-obidos-nazare-01-300x200.webp","width":300,"height":200,"mime-type":"image\/webp","filesize":14754,"source_url":"https:\/\/recordtours.pt\/wp-content\/uploads\/2024\/04\/tours-galeria-obidos-nazare-01-300x200.webp"},"large":{"file":"tours-galeria-obidos-nazare-01-1024x683.webp","width":1024,"height":683,"mime-type":"image\/webp","filesize":110878,"source_url":"https:\/\/recordtours.pt\/wp-content\/uploads\/2024\/04\/tours-galeria-obidos-nazare-01-1024x683.webp"},"thumbnail":{"file":"tours-galeria-obidos-nazare-01-150x150.webp","width":150,"height":150,"mime-type":"image\/webp","filesize":6598,"source_url":"https:\/\/recordtours.pt\/wp-content\/uploads\/2024\/04\/tours-galeria-obidos-nazare-01-150x150.webp"},"medium_large":{"file":"tours-galeria-obidos-nazare-01-768x512.webp","width":768,"height":512,"mime-type":"image\/webp","filesize":71110,"source_url":"https:\/\/recordtours.pt\/wp-content\/uploads\/2024\/04\/tours-galeria-obidos-nazare-01-768x512.webp"},"et-pb-post-main-image":{"file":"tours-galeria-obidos-nazare-01-400x250.webp","width":400,"height":250,"mime-type":"image\/webp","filesize":20814,"source_url":"https:\/\/recordtours.pt\/wp-content\/uploads\/2024\/04\/tours-galeria-obidos-nazare-01-400x250.webp"},"et-pb-post-main-image-fullwidth":{"file":"tours-galeria-obidos-nazare-01-1080x675.webp","width":1080,"height":675,"mime-type":"image\/webp","filesize":106558,"source_url":"https:\/\/recordtours.pt\/wp-content\/uploads\/2024\/04\/tours-galeria-obidos-nazare-01-1080x675.webp"},"et-pb-portfolio-image":{"file":"tours-galeria-obidos-nazare-01-400x284.webp","width":400,"height":284,"mime-type":"image\/webp","filesize":24478,"source_url":"https:\/\/recordtours.pt\/wp-content\/uploads\/2024\/04\/tours-galeria-obidos-nazare-01-400x284.webp"},"et-pb-portfolio-module-image":{"file":"tours-galeria-obidos-nazare-01-510x382.webp","width":510,"height":382,"mime-type":"image\/webp","filesize":39488,"source_url":"https:\/\/recordtours.pt\/wp-content\/uploads\/2024\/04\/tours-galeria-obidos-nazare-01-510x382.webp"},"et-pb-portfolio-image-single":{"file":"tours-galeria-obidos-nazare-01-1080x720.webp","width":1080,"height":720,"mime-type":"image\/webp","filesize":120158,"source_url":"https:\/\/recordtours.pt\/wp-content\/uploads\/2024\/04\/tours-galeria-obidos-nazare-01-1080x720.webp"},"et-pb-gallery-module-image-portrait":{"file":"tours-galeria-obidos-nazare-01-400x516.webp","width":400,"height":516,"mime-type":"image\/webp","filesize":40010,"source_url":"https:\/\/recordtours.pt\/wp-content\/uploads\/2024\/04\/tours-galeria-obidos-nazare-01-400x516.webp"},"et-pb-image--responsive--tablet":{"file":"tours-galeria-obidos-nazare-01-980x653.webp","width":980,"height":653,"mime-type":"image\/webp","filesize":103708,"source_url":"https:\/\/recordtours.pt\/wp-content\/uploads\/2024\/04\/tours-galeria-obidos-nazare-01-980x653.webp"},"et-pb-image--responsive--phone":{"file":"tours-galeria-obidos-nazare-01-480x320.webp","width":480,"height":320,"mime-type":"image\/webp","filesize":31698,"source_url":"https:\/\/recordtours.pt\/wp-content\/uploads\/2024\/04\/tours-galeria-obidos-nazare-01-480x320.webp"}}},"alt_text":"","url":"","target":""},{"id":3514,"title":"","caption":"","full_image_url":"https:\/\/recordtours.pt\/wp-content\/uploads\/2024\/04\/tours-galeria-obidos-nazare-02.webp","thumbnail_image_url":"https:\/\/recordtours.pt\/wp-content\/uploads\/2024\/04\/tours-galeria-obidos-nazare-02-150x150.webp","large_srcset":"https:\/\/recordtours.pt\/wp-content\/uploads\/2024\/04\/tours-galeria-obidos-nazare-02-1024x683.webp 1024w, https:\/\/recordtours.pt\/wp-content\/uploads\/2024\/04\/tours-galeria-obidos-nazare-02-980x653.webp 980w, https:\/\/recordtours.pt\/wp-content\/uploads\/2024\/04\/tours-galeria-obidos-nazare-02-480x320.webp 480w","medium_srcset":false,"media_details":{"width":1200,"height":800,"sizes":{"medium":{"file":"tours-galeria-obidos-nazare-02-300x200.webp","width":300,"height":200,"mime-type":"image\/webp","filesize":20600,"source_url":"https:\/\/recordtours.pt\/wp-content\/uploads\/2024\/04\/tours-galeria-obidos-nazare-02-300x200.webp"},"large":{"file":"tours-galeria-obidos-nazare-02-1024x683.webp","width":1024,"height":683,"mime-type":"image\/webp","filesize":183960,"source_url":"https:\/\/recordtours.pt\/wp-content\/uploads\/2024\/04\/tours-galeria-obidos-nazare-02-1024x683.webp"},"thumbnail":{"file":"tours-galeria-obidos-nazare-02-150x150.webp","width":150,"height":150,"mime-type":"image\/webp","filesize":8592,"source_url":"https:\/\/recordtours.pt\/wp-content\/uploads\/2024\/04\/tours-galeria-obidos-nazare-02-150x150.webp"},"medium_large":{"file":"tours-galeria-obidos-nazare-02-768x512.webp","width":768,"height":512,"mime-type":"image\/webp","filesize":111558,"source_url":"https:\/\/recordtours.pt\/wp-content\/uploads\/2024\/04\/tours-galeria-obidos-nazare-02-768x512.webp"},"et-pb-post-main-image":{"file":"tours-galeria-obidos-nazare-02-400x250.webp","width":400,"height":250,"mime-type":"image\/webp","filesize":32014,"source_url":"https:\/\/recordtours.pt\/wp-content\/uploads\/2024\/04\/tours-galeria-obidos-nazare-02-400x250.webp"},"et-pb-post-main-image-fullwidth":{"file":"tours-galeria-obidos-nazare-02-1080x675.webp","width":1080,"height":675,"mime-type":"image\/webp","filesize":193504,"source_url":"https:\/\/recordtours.pt\/wp-content\/uploads\/2024\/04\/tours-galeria-obidos-nazare-02-1080x675.webp"},"et-pb-portfolio-image":{"file":"tours-galeria-obidos-nazare-02-400x284.webp","width":400,"height":284,"mime-type":"image\/webp","filesize":35976,"source_url":"https:\/\/recordtours.pt\/wp-content\/uploads\/2024\/04\/tours-galeria-obidos-nazare-02-400x284.webp"},"et-pb-portfolio-module-image":{"file":"tours-galeria-obidos-nazare-02-510x382.webp","width":510,"height":382,"mime-type":"image\/webp","filesize":59114,"source_url":"https:\/\/recordtours.pt\/wp-content\/uploads\/2024\/04\/tours-galeria-obidos-nazare-02-510x382.webp"},"et-pb-portfolio-image-single":{"file":"tours-galeria-obidos-nazare-02-1080x720.webp","width":1080,"height":720,"mime-type":"image\/webp","filesize":201202,"source_url":"https:\/\/recordtours.pt\/wp-content\/uploads\/2024\/04\/tours-galeria-obidos-nazare-02-1080x720.webp"},"et-pb-gallery-module-image-portrait":{"file":"tours-galeria-obidos-nazare-02-400x516.webp","width":400,"height":516,"mime-type":"image\/webp","filesize":61916,"source_url":"https:\/\/recordtours.pt\/wp-content\/uploads\/2024\/04\/tours-galeria-obidos-nazare-02-400x516.webp"},"et-pb-image--responsive--tablet":{"file":"tours-galeria-obidos-nazare-02-980x653.webp","width":980,"height":653,"mime-type":"image\/webp","filesize":171246,"source_url":"https:\/\/recordtours.pt\/wp-content\/uploads\/2024\/04\/tours-galeria-obidos-nazare-02-980x653.webp"},"et-pb-image--responsive--phone":{"file":"tours-galeria-obidos-nazare-02-480x320.webp","width":480,"height":320,"mime-type":"image\/webp","filesize":47538,"source_url":"https:\/\/recordtours.pt\/wp-content\/uploads\/2024\/04\/tours-galeria-obidos-nazare-02-480x320.webp"}}},"alt_text":"","url":"","target":""},{"id":3515,"title":"","caption":"","full_image_url":"https:\/\/recordtours.pt\/wp-content\/uploads\/2024\/04\/tours-galeria-obidos-nazare-03.webp","thumbnail_image_url":"https:\/\/recordtours.pt\/wp-content\/uploads\/2024\/04\/tours-galeria-obidos-nazare-03-150x150.webp","large_srcset":"https:\/\/recordtours.pt\/wp-content\/uploads\/2024\/04\/tours-galeria-obidos-nazare-03-1024x683.webp 1024w, https:\/\/recordtours.pt\/wp-content\/uploads\/2024\/04\/tours-galeria-obidos-nazare-03-980x653.webp 980w, https:\/\/recordtours.pt\/wp-content\/uploads\/2024\/04\/tours-galeria-obidos-nazare-03-480x320.webp 480w","medium_srcset":false,"media_details":{"width":1200,"height":800,"sizes":{"medium":{"file":"tours-galeria-obidos-nazare-03-300x200.webp","width":300,"height":200,"mime-type":"image\/webp","filesize":14708,"source_url":"https:\/\/recordtours.pt\/wp-content\/uploads\/2024\/04\/tours-galeria-obidos-nazare-03-300x200.webp"},"large":{"file":"tours-galeria-obidos-nazare-03-1024x683.webp","width":1024,"height":683,"mime-type":"image\/webp","filesize":125616,"source_url":"https:\/\/recordtours.pt\/wp-content\/uploads\/2024\/04\/tours-galeria-obidos-nazare-03-1024x683.webp"},"thumbnail":{"file":"tours-galeria-obidos-nazare-03-150x150.webp","width":150,"height":150,"mime-type":"image\/webp","filesize":6594,"source_url":"https:\/\/recordtours.pt\/wp-content\/uploads\/2024\/04\/tours-galeria-obidos-nazare-03-150x150.webp"},"medium_large":{"file":"tours-galeria-obidos-nazare-03-768x512.webp","width":768,"height":512,"mime-type":"image\/webp","filesize":75134,"source_url":"https:\/\/recordtours.pt\/wp-content\/uploads\/2024\/04\/tours-galeria-obidos-nazare-03-768x512.webp"},"et-pb-post-main-image":{"file":"tours-galeria-obidos-nazare-03-400x250.webp","width":400,"height":250,"mime-type":"image\/webp","filesize":22910,"source_url":"https:\/\/recordtours.pt\/wp-content\/uploads\/2024\/04\/tours-galeria-obidos-nazare-03-400x250.webp"},"et-pb-post-main-image-fullwidth":{"file":"tours-galeria-obidos-nazare-03-1080x675.webp","width":1080,"height":675,"mime-type":"image\/webp","filesize":134662,"source_url":"https:\/\/recordtours.pt\/wp-content\/uploads\/2024\/04\/tours-galeria-obidos-nazare-03-1080x675.webp"},"et-pb-portfolio-image":{"file":"tours-galeria-obidos-nazare-03-400x284.webp","width":400,"height":284,"mime-type":"image\/webp","filesize":25562,"source_url":"https:\/\/recordtours.pt\/wp-content\/uploads\/2024\/04\/tours-galeria-obidos-nazare-03-400x284.webp"},"et-pb-portfolio-module-image":{"file":"tours-galeria-obidos-nazare-03-510x382.webp","width":510,"height":382,"mime-type":"image\/webp","filesize":41584,"source_url":"https:\/\/recordtours.pt\/wp-content\/uploads\/2024\/04\/tours-galeria-obidos-nazare-03-510x382.webp"},"et-pb-portfolio-image-single":{"file":"tours-galeria-obidos-nazare-03-1080x720.webp","width":1080,"height":720,"mime-type":"image\/webp","filesize":136990,"source_url":"https:\/\/recordtours.pt\/wp-content\/uploads\/2024\/04\/tours-galeria-obidos-nazare-03-1080x720.webp"},"et-pb-gallery-module-image-portrait":{"file":"tours-galeria-obidos-nazare-03-400x516.webp","width":400,"height":516,"mime-type":"image\/webp","filesize":45722,"source_url":"https:\/\/recordtours.pt\/wp-content\/uploads\/2024\/04\/tours-galeria-obidos-nazare-03-400x516.webp"},"et-pb-image--responsive--tablet":{"file":"tours-galeria-obidos-nazare-03-980x653.webp","width":980,"height":653,"mime-type":"image\/webp","filesize":116810,"source_url":"https:\/\/recordtours.pt\/wp-content\/uploads\/2024\/04\/tours-galeria-obidos-nazare-03-980x653.webp"},"et-pb-image--responsive--phone":{"file":"tours-galeria-obidos-nazare-03-480x320.webp","width":480,"height":320,"mime-type":"image\/webp","filesize":32386,"source_url":"https:\/\/recordtours.pt\/wp-content\/uploads\/2024\/04\/tours-galeria-obidos-nazare-03-480x320.webp"}}},"alt_text":"","url":"","target":""}]]}},"_links":{"self":[{"href":"https:\/\/recordtours.pt\/it\/wp-json\/wp\/v2\/posts\/3512","targetHints":{"allow":["GET"]}}],"collection":[{"href":"https:\/\/recordtours.pt\/it\/wp-json\/wp\/v2\/posts"}],"about":[{"href":"https:\/\/recordtours.pt\/it\/wp-json\/wp\/v2\/types\/post"}],"author":[{"embeddable":true,"href":"https:\/\/recordtours.pt\/it\/wp-json\/wp\/v2\/users\/3"}],"replies":[{"embeddable":true,"href":"https:\/\/recordtours.pt\/it\/wp-json\/wp\/v2\/comments?post=3512"}],"version-history":[{"count":0,"href":"https:\/\/recordtours.pt\/it\/wp-json\/wp\/v2\/posts\/3512\/revisions"}],"wp:featuredmedia":[{"embeddable":true,"href":"https:\/\/recordtours.pt\/it\/wp-json\/wp\/v2\/media\/3513"}],"wp:attachment":[{"href":"https:\/\/recordtours.pt\/it\/wp-json\/wp\/v2\/media?parent=3512"}],"wp:term":[{"taxonomy":"category","embeddable":true,"href":"https:\/\/recordtours.pt\/it\/wp-json\/wp\/v2\/categories?post=3512"},{"taxonomy":"post_tag","embeddable":true,"href":"https:\/\/recordtours.pt\/it\/wp-json\/wp\/v2\/tags?post=3512"}],"curies":[{"name":"wp","href":"https:\/\/api.w.org\/{rel}","templated":true}]}}