{"id":3532,"date":"2024-03-05T14:50:48","date_gmt":"2024-03-05T14:50:48","guid":{"rendered":"https:\/\/recordtours.pt\/tour-privato-dellalgarve-di-2-giorni-da-lisbona\/"},"modified":"2024-06-24T11:53:51","modified_gmt":"2024-06-24T11:53:51","slug":"tour-privato-dellalgarve-di-2-giorni-da-lisbona","status":"publish","type":"post","link":"https:\/\/recordtours.pt\/it\/tour-privato-dellalgarve-di-2-giorni-da-lisbona\/","title":{"rendered":"Tour privato dell&#8217;Algarve di 2 giorni da Lisbona"},"content":{"rendered":"<p>Tour privato di due giorni in Algarve da Lisbona, perfetto per te se vuoi visitare la regione dell&#8217;Algarve ma non sai esattamente dove o come. L&#8217;Algarve \u00e8 una regione portoghese con circa 200 km da est a ovest, in questi due giorni vi suggeriamo di visitare alcuni dei luoghi pi\u00f9 importanti tra questi; Faro, Albufeira, Lagos e Sagres, sempre con l&#8217;accompagnamento storico di ogni luogo e con le principali curiosit\u00e0, questo tour privato pu\u00f2 comunque essere adattato in base ai tuoi interessi o curiosit\u00e0.<\/p>\n<div class='et-learn-more clearfix'>\n\t\t\t\t\t<h3 class='heading-more'>Cosa \u00e8 incluso<span class='et_learnmore_arrow'><span><\/span><\/span><\/h3>\n\t\t\t\t\t<div class='learn-more-content'><div>\n<ul>\n<li>Veicolo con aria condizionata<\/li>\n<li>Wi-Fi a bordo<\/li>\n<li>Trasporto privato<\/li>\n<\/ul>\n<\/div><\/div>\n\t\t\t\t<\/div> <div class='et-learn-more clearfix'>\n\t\t\t\t\t<h3 class='heading-more'>Partenza e ritorno<span class='et_learnmore_arrow'><span><\/span><\/span><\/h3>\n\t\t\t\t\t<div class='learn-more-content'><div>\n<ul>\n<li><strong>Partenza<\/strong>: sono disponibili pi\u00f9 punti di ritiro.<\/li>\n<li><i class=\"fa-icon\" style=\"font-size: 1em;\">\uf236<\/i> <strong>Servizio di pick-up in hotel disponibile<\/strong>\nAl momento del pagamento, \u00e8 possibile selezionare dall&#8217;elenco degli hotel inclusi.<\/li>\n<li><i class=\"fa-icon\" style=\"font-size: 1em;\">\uf21a<\/i> <strong>Servizio di pick-up in porto disponibile<\/strong>\nDurante il pagamento, \u00e8 possibile selezionare dall&#8217;elenco delle porte incluse.<\/li>\n<li><strong>Fine<\/strong>: questa attivit\u00e0 termina al punto d&#8217;incontro.<\/li>\n<\/ul>\n<\/div><\/div>\n\t\t\t\t<\/div> <div class='et-learn-more clearfix'>\n\t\t\t\t\t<h3 class='heading-more'>Accessibilit\u00e0<span class='et_learnmore_arrow'><span><\/span><\/span><\/h3>\n\t\t\t\t\t<div class='learn-more-content'><div>\n<ul>\n<li>Non accessibile in sedia a rotelle<\/li>\n<li>Vicino ai trasporti pubblici<\/li>\n<li>Seggiolini per bambini disponibili<\/li>\n<\/ul>\n<\/div>\n<div>\n<div>Se hai domande sull&#8217;accessibilit\u00e0, saremo lieti di aiutarti. Basta chiamare <a href=\"tel:+351932221333\">il numero (+351) 932 221 333<\/a><\/div>\n<\/div><\/div>\n\t\t\t\t<\/div> <div class='et-learn-more clearfix'>\n\t\t\t\t\t<h3 class='heading-more'>Informazioni aggiuntive<span class='et_learnmore_arrow'><span><\/span><\/span><\/h3>\n\t\t\t\t\t<div class='learn-more-content'><div>\n<ul>\n<li>La conferma verr\u00e0 ricevuta al momento della prenotazione<\/li>\n<li>Pu\u00f2 partecipare la maggior parte dei viaggiatori<\/li>\n<li>Questa \u00e8 un&#8217;attivit\u00e0\/tour privato. Parteciper\u00e0 solo il tuo gruppo<\/li>\n<\/ul>\n<\/div><\/div>\n\t\t\t\t<\/div> <div class='et-learn-more clearfix'>\n\t\t\t\t\t<h3 class='heading-more'>Politica di cancellazione<span class='et_learnmore_arrow'><span><\/span><\/span><\/h3>\n\t\t\t\t\t<div class='learn-more-content'><div>Per un rimborso completo, cancella entro 72 ore dalla prenotazione del tour.<\/div><\/div>\n\t\t\t\t<\/div> <div class='et-learn-more clearfix'>\n\t\t\t\t\t<h3 class='heading-more'>Domande frequenti<span class='et_learnmore_arrow'><span><\/span><\/span><\/h3>\n\t\t\t\t\t<div class='learn-more-content'><div>\n<div><strong>Quali attrazioni potr\u00f2 visitare con Tour privato dell&#8217;Algarve di 2 giorni da Lisbona?<\/strong><\/div>\n<div>\n<div>\n<p>Durante questa esperienza, i luoghi che visiterai includono:<\/p>\n<ul>\n<li><a href=\"https:\/\/www.tripadvisor.pt\/Attraction_Review-g189112-d671971-Reviews-Centro_Historico_de_Albufeira-Albufeira_Faro_District_Algarve.html\">Centro storico di Albufeira<\/a><\/li>\n<li><a href=\"https:\/\/www.tripadvisor.pt\/Attraction_Review-g189116-d1102424-Reviews-Old_Town_Faro-Faro_Faro_District_Algarve.html\">Citt\u00e0 vecchia<\/a><\/li>\n<li><a href=\"https:\/\/www.tripadvisor.pt\/Attraction_Review-g189121-d4701589-Reviews-Cape_Saint_Vincent-Sagres_Faro_District_Algarve.html\">Cabo de San Vicente<\/a><\/li>\n<\/ul>\n<\/div>\n<\/div>\n<\/div>\n<div>\n<hr>\n<\/div>\n<div>\n<div><strong>Quanto costa Tour privato dell&#8217;Algarve di 2 giorni da Lisbona?<\/strong><\/div>\n<div>\n<div>Prezzo per un tour privato di 2 giorni in Algarve da Lisbona a partire da 799,89 \u20ac.<\/div>\n<\/div>\n<\/div>\n<div>\n<hr>\n<\/div>\n<div>\n<div><strong>Quale compagnia \u00e8 responsabile del tour privato di 2 giorni in Algarve da Lisbona?<\/strong><\/div>\n<div>\n<div>Tour privato dell&#8217;Algarve di 2 giorni da Lisbona \u00e8 offerto da RecordTours.<\/div>\n<\/div>\n<\/div><\/div>\n\t\t\t\t<\/div><div class='et-learn-more clearfix'>\n\t\t\t\t\t<h3 class='heading-more'>Guida<span class='et_learnmore_arrow'><span><\/span><\/span><\/h3>\n\t\t\t\t\t<div class='learn-more-content'><div>Se hai domande su questo tour o hai bisogno di aiuto per prenotare, siamo felici di aiutarti. Basta chiamare <a href=\"tel:+351932221333\">il numero (+351) 932 221 333<\/a><\/div><\/div>\n\t\t\t\t<\/div><\/p>\n","protected":false},"excerpt":{"rendered":"<p>Tour privato di due giorni in Algarve da Lisbona, perfetto per te che vuoi visitare la regione dell&#8217;Algarve ma &#8230;  <\/p>\n","protected":false},"author":3,"featured_media":3533,"comment_status":"closed","ping_status":"closed","sticky":false,"template":"","format":"standard","meta":{"_acf_changed":false,"_et_pb_use_builder":"","_et_pb_old_content":"","_et_gb_content_width":"","footnotes":""},"categories":[48,23],"tags":[],"class_list":["post-3532","post","type-post","status-publish","format-standard","has-post-thumbnail","hentry","category-itinerari-di-piu-giorni","category-non-categorizzato"],"acf":{"photo_gallery":{"tours_galeria":[[{"id":3534,"title":"","caption":"","full_image_url":"https:\/\/recordtours.pt\/wp-content\/uploads\/2024\/03\/tours-galeria-algarve-01.webp","thumbnail_image_url":"https:\/\/recordtours.pt\/wp-content\/uploads\/2024\/03\/tours-galeria-algarve-01-150x150.webp","large_srcset":"https:\/\/recordtours.pt\/wp-content\/uploads\/2024\/03\/tours-galeria-algarve-01-1024x683.webp 1024w, https:\/\/recordtours.pt\/wp-content\/uploads\/2024\/03\/tours-galeria-algarve-01-980x653.webp 980w, https:\/\/recordtours.pt\/wp-content\/uploads\/2024\/03\/tours-galeria-algarve-01-480x320.webp 480w","medium_srcset":false,"media_details":{"width":1200,"height":800,"sizes":{"medium":{"file":"tours-galeria-algarve-01-300x200.webp","width":300,"height":200,"mime-type":"image\/webp","filesize":18506,"source_url":"https:\/\/recordtours.pt\/wp-content\/uploads\/2024\/03\/tours-galeria-algarve-01-300x200.webp"},"large":{"file":"tours-galeria-algarve-01-1024x683.webp","width":1024,"height":683,"mime-type":"image\/webp","filesize":185208,"source_url":"https:\/\/recordtours.pt\/wp-content\/uploads\/2024\/03\/tours-galeria-algarve-01-1024x683.webp"},"thumbnail":{"file":"tours-galeria-algarve-01-150x150.webp","width":150,"height":150,"mime-type":"image\/webp","filesize":7166,"source_url":"https:\/\/recordtours.pt\/wp-content\/uploads\/2024\/03\/tours-galeria-algarve-01-150x150.webp"},"medium_large":{"file":"tours-galeria-algarve-01-768x512.webp","width":768,"height":512,"mime-type":"image\/webp","filesize":104798,"source_url":"https:\/\/recordtours.pt\/wp-content\/uploads\/2024\/03\/tours-galeria-algarve-01-768x512.webp"},"et-pb-post-main-image":{"file":"tours-galeria-algarve-01-400x250.webp","width":400,"height":250,"mime-type":"image\/webp","filesize":29322,"source_url":"https:\/\/recordtours.pt\/wp-content\/uploads\/2024\/03\/tours-galeria-algarve-01-400x250.webp"},"et-pb-post-main-image-fullwidth":{"file":"tours-galeria-algarve-01-1080x675.webp","width":1080,"height":675,"mime-type":"image\/webp","filesize":195986,"source_url":"https:\/\/recordtours.pt\/wp-content\/uploads\/2024\/03\/tours-galeria-algarve-01-1080x675.webp"},"et-pb-portfolio-image":{"file":"tours-galeria-algarve-01-400x284.webp","width":400,"height":284,"mime-type":"image\/webp","filesize":32472,"source_url":"https:\/\/recordtours.pt\/wp-content\/uploads\/2024\/03\/tours-galeria-algarve-01-400x284.webp"},"et-pb-portfolio-module-image":{"file":"tours-galeria-algarve-01-510x382.webp","width":510,"height":382,"mime-type":"image\/webp","filesize":53440,"source_url":"https:\/\/recordtours.pt\/wp-content\/uploads\/2024\/03\/tours-galeria-algarve-01-510x382.webp"},"et-pb-portfolio-image-single":{"file":"tours-galeria-algarve-01-1080x720.webp","width":1080,"height":720,"mime-type":"image\/webp","filesize":204164,"source_url":"https:\/\/recordtours.pt\/wp-content\/uploads\/2024\/03\/tours-galeria-algarve-01-1080x720.webp"},"et-pb-gallery-module-image-portrait":{"file":"tours-galeria-algarve-01-400x516.webp","width":400,"height":516,"mime-type":"image\/webp","filesize":53686,"source_url":"https:\/\/recordtours.pt\/wp-content\/uploads\/2024\/03\/tours-galeria-algarve-01-400x516.webp"},"et-pb-image--responsive--tablet":{"file":"tours-galeria-algarve-01-980x653.webp","width":980,"height":653,"mime-type":"image\/webp","filesize":170706,"source_url":"https:\/\/recordtours.pt\/wp-content\/uploads\/2024\/03\/tours-galeria-algarve-01-980x653.webp"},"et-pb-image--responsive--phone":{"file":"tours-galeria-algarve-01-480x320.webp","width":480,"height":320,"mime-type":"image\/webp","filesize":42202,"source_url":"https:\/\/recordtours.pt\/wp-content\/uploads\/2024\/03\/tours-galeria-algarve-01-480x320.webp"}}},"alt_text":"","url":"","target":""},{"id":3535,"title":"","caption":"","full_image_url":"https:\/\/recordtours.pt\/wp-content\/uploads\/2024\/03\/tours-galeria-algarve-02.webp","thumbnail_image_url":"https:\/\/recordtours.pt\/wp-content\/uploads\/2024\/03\/tours-galeria-algarve-02-150x150.webp","large_srcset":"https:\/\/recordtours.pt\/wp-content\/uploads\/2024\/03\/tours-galeria-algarve-02-1024x683.webp 1024w, https:\/\/recordtours.pt\/wp-content\/uploads\/2024\/03\/tours-galeria-algarve-02-980x653.webp 980w, https:\/\/recordtours.pt\/wp-content\/uploads\/2024\/03\/tours-galeria-algarve-02-480x320.webp 480w","medium_srcset":false,"media_details":{"width":1200,"height":800,"sizes":{"medium":{"file":"tours-galeria-algarve-02-300x200.webp","width":300,"height":200,"mime-type":"image\/webp","filesize":19696,"source_url":"https:\/\/recordtours.pt\/wp-content\/uploads\/2024\/03\/tours-galeria-algarve-02-300x200.webp"},"large":{"file":"tours-galeria-algarve-02-1024x683.webp","width":1024,"height":683,"mime-type":"image\/webp","filesize":110232,"source_url":"https:\/\/recordtours.pt\/wp-content\/uploads\/2024\/03\/tours-galeria-algarve-02-1024x683.webp"},"thumbnail":{"file":"tours-galeria-algarve-02-150x150.webp","width":150,"height":150,"mime-type":"image\/webp","filesize":8798,"source_url":"https:\/\/recordtours.pt\/wp-content\/uploads\/2024\/03\/tours-galeria-algarve-02-150x150.webp"},"medium_large":{"file":"tours-galeria-algarve-02-768x512.webp","width":768,"height":512,"mime-type":"image\/webp","filesize":75988,"source_url":"https:\/\/recordtours.pt\/wp-content\/uploads\/2024\/03\/tours-galeria-algarve-02-768x512.webp"},"et-pb-post-main-image":{"file":"tours-galeria-algarve-02-400x250.webp","width":400,"height":250,"mime-type":"image\/webp","filesize":28990,"source_url":"https:\/\/recordtours.pt\/wp-content\/uploads\/2024\/03\/tours-galeria-algarve-02-400x250.webp"},"et-pb-post-main-image-fullwidth":{"file":"tours-galeria-algarve-02-1080x675.webp","width":1080,"height":675,"mime-type":"image\/webp","filesize":112080,"source_url":"https:\/\/recordtours.pt\/wp-content\/uploads\/2024\/03\/tours-galeria-algarve-02-1080x675.webp"},"et-pb-portfolio-image":{"file":"tours-galeria-algarve-02-400x284.webp","width":400,"height":284,"mime-type":"image\/webp","filesize":31410,"source_url":"https:\/\/recordtours.pt\/wp-content\/uploads\/2024\/03\/tours-galeria-algarve-02-400x284.webp"},"et-pb-portfolio-module-image":{"file":"tours-galeria-algarve-02-510x382.webp","width":510,"height":382,"mime-type":"image\/webp","filesize":46836,"source_url":"https:\/\/recordtours.pt\/wp-content\/uploads\/2024\/03\/tours-galeria-algarve-02-510x382.webp"},"et-pb-portfolio-image-single":{"file":"tours-galeria-algarve-02-1080x720.webp","width":1080,"height":720,"mime-type":"image\/webp","filesize":115826,"source_url":"https:\/\/recordtours.pt\/wp-content\/uploads\/2024\/03\/tours-galeria-algarve-02-1080x720.webp"},"et-pb-gallery-module-image-portrait":{"file":"tours-galeria-algarve-02-400x516.webp","width":400,"height":516,"mime-type":"image\/webp","filesize":44442,"source_url":"https:\/\/recordtours.pt\/wp-content\/uploads\/2024\/03\/tours-galeria-algarve-02-400x516.webp"},"et-pb-image--responsive--tablet":{"file":"tours-galeria-algarve-02-980x653.webp","width":980,"height":653,"mime-type":"image\/webp","filesize":104244,"source_url":"https:\/\/recordtours.pt\/wp-content\/uploads\/2024\/03\/tours-galeria-algarve-02-980x653.webp"},"et-pb-image--responsive--phone":{"file":"tours-galeria-algarve-02-480x320.webp","width":480,"height":320,"mime-type":"image\/webp","filesize":39170,"source_url":"https:\/\/recordtours.pt\/wp-content\/uploads\/2024\/03\/tours-galeria-algarve-02-480x320.webp"}}},"alt_text":"","url":"","target":""},{"id":3536,"title":"","caption":"","full_image_url":"https:\/\/recordtours.pt\/wp-content\/uploads\/2024\/03\/tours-galeria-algarve-03.webp","thumbnail_image_url":"https:\/\/recordtours.pt\/wp-content\/uploads\/2024\/03\/tours-galeria-algarve-03-150x150.webp","large_srcset":"https:\/\/recordtours.pt\/wp-content\/uploads\/2024\/03\/tours-galeria-algarve-03-1024x683.webp 1024w, https:\/\/recordtours.pt\/wp-content\/uploads\/2024\/03\/tours-galeria-algarve-03-980x653.webp 980w, https:\/\/recordtours.pt\/wp-content\/uploads\/2024\/03\/tours-galeria-algarve-03-480x320.webp 480w","medium_srcset":false,"media_details":{"width":1200,"height":800,"sizes":{"medium":{"file":"tours-galeria-algarve-03-300x200.webp","width":300,"height":200,"mime-type":"image\/webp","filesize":17572,"source_url":"https:\/\/recordtours.pt\/wp-content\/uploads\/2024\/03\/tours-galeria-algarve-03-300x200.webp"},"large":{"file":"tours-galeria-algarve-03-1024x683.webp","width":1024,"height":683,"mime-type":"image\/webp","filesize":150976,"source_url":"https:\/\/recordtours.pt\/wp-content\/uploads\/2024\/03\/tours-galeria-algarve-03-1024x683.webp"},"thumbnail":{"file":"tours-galeria-algarve-03-150x150.webp","width":150,"height":150,"mime-type":"image\/webp","filesize":7410,"source_url":"https:\/\/recordtours.pt\/wp-content\/uploads\/2024\/03\/tours-galeria-algarve-03-150x150.webp"},"medium_large":{"file":"tours-galeria-algarve-03-768x512.webp","width":768,"height":512,"mime-type":"image\/webp","filesize":92054,"source_url":"https:\/\/recordtours.pt\/wp-content\/uploads\/2024\/03\/tours-galeria-algarve-03-768x512.webp"},"et-pb-post-main-image":{"file":"tours-galeria-algarve-03-400x250.webp","width":400,"height":250,"mime-type":"image\/webp","filesize":27180,"source_url":"https:\/\/recordtours.pt\/wp-content\/uploads\/2024\/03\/tours-galeria-algarve-03-400x250.webp"},"et-pb-post-main-image-fullwidth":{"file":"tours-galeria-algarve-03-1080x675.webp","width":1080,"height":675,"mime-type":"image\/webp","filesize":159462,"source_url":"https:\/\/recordtours.pt\/wp-content\/uploads\/2024\/03\/tours-galeria-algarve-03-1080x675.webp"},"et-pb-portfolio-image":{"file":"tours-galeria-algarve-03-400x284.webp","width":400,"height":284,"mime-type":"image\/webp","filesize":30214,"source_url":"https:\/\/recordtours.pt\/wp-content\/uploads\/2024\/03\/tours-galeria-algarve-03-400x284.webp"},"et-pb-portfolio-module-image":{"file":"tours-galeria-algarve-03-510x382.webp","width":510,"height":382,"mime-type":"image\/webp","filesize":49152,"source_url":"https:\/\/recordtours.pt\/wp-content\/uploads\/2024\/03\/tours-galeria-algarve-03-510x382.webp"},"et-pb-portfolio-image-single":{"file":"tours-galeria-algarve-03-1080x720.webp","width":1080,"height":720,"mime-type":"image\/webp","filesize":165110,"source_url":"https:\/\/recordtours.pt\/wp-content\/uploads\/2024\/03\/tours-galeria-algarve-03-1080x720.webp"},"et-pb-gallery-module-image-portrait":{"file":"tours-galeria-algarve-03-400x516.webp","width":400,"height":516,"mime-type":"image\/webp","filesize":49746,"source_url":"https:\/\/recordtours.pt\/wp-content\/uploads\/2024\/03\/tours-galeria-algarve-03-400x516.webp"},"et-pb-image--responsive--tablet":{"file":"tours-galeria-algarve-03-980x653.webp","width":980,"height":653,"mime-type":"image\/webp","filesize":140828,"source_url":"https:\/\/recordtours.pt\/wp-content\/uploads\/2024\/03\/tours-galeria-algarve-03-980x653.webp"},"et-pb-image--responsive--phone":{"file":"tours-galeria-algarve-03-480x320.webp","width":480,"height":320,"mime-type":"image\/webp","filesize":39106,"source_url":"https:\/\/recordtours.pt\/wp-content\/uploads\/2024\/03\/tours-galeria-algarve-03-480x320.webp"}}},"alt_text":"","url":"","target":""},{"id":3538,"title":"","caption":"","full_image_url":"https:\/\/recordtours.pt\/wp-content\/uploads\/2024\/03\/tours-galeria-algarve-05.webp","thumbnail_image_url":"https:\/\/recordtours.pt\/wp-content\/uploads\/2024\/03\/tours-galeria-algarve-05-150x150.webp","large_srcset":"https:\/\/recordtours.pt\/wp-content\/uploads\/2024\/03\/tours-galeria-algarve-05-1024x683.webp 1024w, https:\/\/recordtours.pt\/wp-content\/uploads\/2024\/03\/tours-galeria-algarve-05-980x653.webp 980w, https:\/\/recordtours.pt\/wp-content\/uploads\/2024\/03\/tours-galeria-algarve-05-480x320.webp 480w","medium_srcset":false,"media_details":{"width":1200,"height":800,"sizes":{"medium":{"file":"tours-galeria-algarve-05-300x200.webp","width":300,"height":200,"mime-type":"image\/webp","filesize":14248,"source_url":"https:\/\/recordtours.pt\/wp-content\/uploads\/2024\/03\/tours-galeria-algarve-05-300x200.webp"},"large":{"file":"tours-galeria-algarve-05-1024x683.webp","width":1024,"height":683,"mime-type":"image\/webp","filesize":123522,"source_url":"https:\/\/recordtours.pt\/wp-content\/uploads\/2024\/03\/tours-galeria-algarve-05-1024x683.webp"},"thumbnail":{"file":"tours-galeria-algarve-05-150x150.webp","width":150,"height":150,"mime-type":"image\/webp","filesize":5682,"source_url":"https:\/\/recordtours.pt\/wp-content\/uploads\/2024\/03\/tours-galeria-algarve-05-150x150.webp"},"medium_large":{"file":"tours-galeria-algarve-05-768x512.webp","width":768,"height":512,"mime-type":"image\/webp","filesize":75250,"source_url":"https:\/\/recordtours.pt\/wp-content\/uploads\/2024\/03\/tours-galeria-algarve-05-768x512.webp"},"et-pb-post-main-image":{"file":"tours-galeria-algarve-05-400x250.webp","width":400,"height":250,"mime-type":"image\/webp","filesize":22124,"source_url":"https:\/\/recordtours.pt\/wp-content\/uploads\/2024\/03\/tours-galeria-algarve-05-400x250.webp"},"et-pb-post-main-image-fullwidth":{"file":"tours-galeria-algarve-05-1080x675.webp","width":1080,"height":675,"mime-type":"image\/webp","filesize":130012,"source_url":"https:\/\/recordtours.pt\/wp-content\/uploads\/2024\/03\/tours-galeria-algarve-05-1080x675.webp"},"et-pb-portfolio-image":{"file":"tours-galeria-algarve-05-400x284.webp","width":400,"height":284,"mime-type":"image\/webp","filesize":24064,"source_url":"https:\/\/recordtours.pt\/wp-content\/uploads\/2024\/03\/tours-galeria-algarve-05-400x284.webp"},"et-pb-portfolio-module-image":{"file":"tours-galeria-algarve-05-510x382.webp","width":510,"height":382,"mime-type":"image\/webp","filesize":39186,"source_url":"https:\/\/recordtours.pt\/wp-content\/uploads\/2024\/03\/tours-galeria-algarve-05-510x382.webp"},"et-pb-portfolio-image-single":{"file":"tours-galeria-algarve-05-1080x720.webp","width":1080,"height":720,"mime-type":"image\/webp","filesize":134706,"source_url":"https:\/\/recordtours.pt\/wp-content\/uploads\/2024\/03\/tours-galeria-algarve-05-1080x720.webp"},"et-pb-gallery-module-image-portrait":{"file":"tours-galeria-algarve-05-400x516.webp","width":400,"height":516,"mime-type":"image\/webp","filesize":37966,"source_url":"https:\/\/recordtours.pt\/wp-content\/uploads\/2024\/03\/tours-galeria-algarve-05-400x516.webp"},"et-pb-image--responsive--tablet":{"file":"tours-galeria-algarve-05-980x653.webp","width":980,"height":653,"mime-type":"image\/webp","filesize":115086,"source_url":"https:\/\/recordtours.pt\/wp-content\/uploads\/2024\/03\/tours-galeria-algarve-05-980x653.webp"},"et-pb-image--responsive--phone":{"file":"tours-galeria-algarve-05-480x320.webp","width":480,"height":320,"mime-type":"image\/webp","filesize":31908,"source_url":"https:\/\/recordtours.pt\/wp-content\/uploads\/2024\/03\/tours-galeria-algarve-05-480x320.webp"}}},"alt_text":"","url":"","target":""}]]}},"_links":{"self":[{"href":"https:\/\/recordtours.pt\/it\/wp-json\/wp\/v2\/posts\/3532","targetHints":{"allow":["GET"]}}],"collection":[{"href":"https:\/\/recordtours.pt\/it\/wp-json\/wp\/v2\/posts"}],"about":[{"href":"https:\/\/recordtours.pt\/it\/wp-json\/wp\/v2\/types\/post"}],"author":[{"embeddable":true,"href":"https:\/\/recordtours.pt\/it\/wp-json\/wp\/v2\/users\/3"}],"replies":[{"embeddable":true,"href":"https:\/\/recordtours.pt\/it\/wp-json\/wp\/v2\/comments?post=3532"}],"version-history":[{"count":0,"href":"https:\/\/recordtours.pt\/it\/wp-json\/wp\/v2\/posts\/3532\/revisions"}],"wp:featuredmedia":[{"embeddable":true,"href":"https:\/\/recordtours.pt\/it\/wp-json\/wp\/v2\/media\/3533"}],"wp:attachment":[{"href":"https:\/\/recordtours.pt\/it\/wp-json\/wp\/v2\/media?parent=3532"}],"wp:term":[{"taxonomy":"category","embeddable":true,"href":"https:\/\/recordtours.pt\/it\/wp-json\/wp\/v2\/categories?post=3532"},{"taxonomy":"post_tag","embeddable":true,"href":"https:\/\/recordtours.pt\/it\/wp-json\/wp\/v2\/tags?post=3532"}],"curies":[{"name":"wp","href":"https:\/\/api.w.org\/{rel}","templated":true}]}}