{"id":3554,"date":"2024-04-08T11:34:06","date_gmt":"2024-04-08T11:34:06","guid":{"rendered":"https:\/\/recordtours.pt\/tour-privato-dellalgarve-da-lisbona-con-giro-in-barca\/"},"modified":"2024-06-24T13:17:39","modified_gmt":"2024-06-24T13:17:39","slug":"tour-privato-dellalgarve-da-lisbona-con-giro-in-barca","status":"publish","type":"post","link":"https:\/\/recordtours.pt\/it\/tour-privato-dellalgarve-da-lisbona-con-giro-in-barca\/","title":{"rendered":"Tour privato dell&#8217;Algarve da Lisbona con giro in barca"},"content":{"rendered":"<p>Scopri il Portogallo oltre Lisbona con un tour privato di un&#8217;intera giornata in Algarve. Fatti prelevare dal tuo hotel o dall&#8217;indirizzo di tua scelta a Lisbona e parti per un giro turistico incentrato sulla cultura e la storia. Visita i luoghi migliori dell&#8217;Algarve, Lagos, Sagres e Albufeira. Sali a bordo di una barca per una crociera per vedere le grotte di Ponta da Piedade con una guida esperta.<\/p>\n<div class='et-learn-more clearfix'>\n\t\t\t\t\t<h3 class='heading-more'>Cosa \u00e8 incluso<span class='et_learnmore_arrow'><span><\/span><\/span><\/h3>\n\t\t\t\t\t<div class='learn-more-content'><div>\n<div>\n<ul>\n<li>Viaggio in barca<\/li>\n<li>Wi-Fi a bordo<\/li>\n<li>Veicolo con aria condizionata<\/li>\n<li>Acqua minerale<\/li>\n<li>Ingresso: Marina De Lagos<\/li>\n<\/ul>\n<\/div>\n<div>\n<div><strong>Cosa non \u00e8 incluso<\/strong><\/div>\n<ul>\n<li>Pranzo<\/li>\n<\/ul>\n<\/div>\n<\/div><\/div>\n\t\t\t\t<\/div> <div class='et-learn-more clearfix'>\n\t\t\t\t\t<h3 class='heading-more'>Cosa aspettarsi<span class='et_learnmore_arrow'><span><\/span><\/span><\/h3>\n\t\t\t\t\t<div class='learn-more-content'><strong>Itinerario<\/strong><\/p>\n<p>Questo \u00e8 un itinerario normale per questo prodotto<\/p>\n<p><strong>Luogo di sosta: <\/strong>Lisbona, Lisbona, Distretto di Lisbona, Portogallo centrale<\/p>\n<p>In questa escursione inizieremo il tour a Lisbona nel sud del Portogallo, in Algarve<\/p>\n<p>Durata: 3 ore<\/p>\n<p><strong>Luogo di sosta: <\/strong>Marina de Lagos, Edificio amministrativo, Lagos 8600-315 Portogallo<\/p>\n<p>Questa gita in barca \u00e8 l&#8217;opzione ideale per i visitatori con poco tempo a disposizione a Lagos, che vogliono vedere le meraviglie naturali vicine. Visiterai diversi luoghi di bellezza in un breve lasso di tempo libero, tra cui la costa di Lagos e Ponta da Piedade. Ammira formazioni rocciose, grotte e grotte, con l&#8217;ulteriore vantaggio del commento della guida, in modo da capire di pi\u00f9 su ci\u00f2 che stai vedendo.<\/p>\n<p>Durata: 2 ore<\/p>\n<p><strong>Luogo di sosta: <\/strong>Ponta da Piedade, Lagos, Portogallo<\/p>\n<p>Formazione e occupazione primitiva.\nLe formazioni rocciose si sono formate dall&#8217;erosione marina e il terreno \u00e8 composto principalmente da rocce formate da circa 20-7 milioni di anni fa, durante il periodo Miocene, quando l&#8217;intera area era ancora coperta dalle acque marine, con la fascia costiera diversi chilometri nell&#8217;entroterra. Il promontorio ha un grande potenziale paleontologico, con il ritrovamento di grandi denti di squalo, resti di diverse specie estinte di pesci e fossili di coralli.<\/p>\n<p>Durata:2 ore<\/p>\n<p><strong>Luogo di sosta: <\/strong>Lagos, Lagos, Distretto di Faro, Algarve<\/p>\n<p>Lagos \u00e8 una citt\u00e0 del Portogallo facente parte della regione dell&#8217;Algarve. \u00c8 nota per il suo centro storico fortificato, le scogliere e le spiagge atlantiche. Ripidi gradini di legno conducono alla caletta sabbiosa di Praia do Camilo. Le scogliere della vicina Ponta da Piedade offrono una vista mozzafiato sul promontorio e su un faro. La Chiesa di Sant&#8217;Antonio, una chiesa decorata del XVIII secolo, si trova di fronte al Castello dei Governatori, un castello con facciata barocca e torri.<\/p>\n<p>Durata:2 ore<\/p>\n<p><strong>Luogo di sosta: <\/strong>Albufeira, Albufeira, Distretto di Faro, Algarve<\/p>\n<p>Albufeira \u00e8 una citt\u00e0 balneare nella regione dell&#8217;Algarve, nel sud del Portogallo. L&#8217;ex villaggio di pescatori \u00e8 diventato un&#8217;ambita meta di villeggiatura, con spiagge e una vivace zona con attrazioni per la vita notturna. Al giorno d&#8217;oggi, i pescatori locali utilizzano il moderno porto turistico, che \u00e8 anche una base per le immersioni, l&#8217;osservazione dei delfini e la nautica. \u00c8 circondato da colorati edifici residenziali, con una passeggiata sul lungomare.<\/p>\n<p>Durata:2 ore<\/p>\n<p><strong>Luogo di sosta: <\/strong>Algar Seco, Carvoeiro 8400 Portogallo<\/p>\n<p>\u00c8 ad Algar Seco che si trova la famosa &#8220;Boneca&#8221;, una roccia a forma di cono rovesciato che si suppone assomigli a una bambola vista dal mare. Dieci gradini pi\u00f9 in basso si trova l&#8217;ingresso di uno dei famosi tunnel di Algar Seco. La vista dall&#8217;interno \u00e8 assolutamente spettacolare e vi far\u00e0 capire perch\u00e9 la zona di Algar Seco ha la reputazione di essere una delle pi\u00f9 belle del pianeta.<\/p>\n<p>Questo luogo di bellezza trascendentale \u00e8 senza dubbio una delle migliori grotte dell&#8217;Algarve.<\/p>\n<p>Durata:1<span class=\"biGQs _P pZUbB KxBGd\"> ora<\/span><\/p><\/div>\n\t\t\t\t<\/div> <div class='et-learn-more clearfix'>\n\t\t\t\t\t<h3 class='heading-more'>Partenza e ritorno<span class='et_learnmore_arrow'><span><\/span><\/span><\/h3>\n\t\t\t\t\t<div class='learn-more-content'><div>\n<ul>\n<li>\n<div>\n<div><strong>Partenza<\/strong>: sono disponibili pi\u00f9 punti di ritiro.<\/div>\n<\/div>\n<div>\n<ul>\n<li>\n<div>\n<div>Pra\u00e7a Marqu\u00eas de Pombal 8, 1250-160 Lisbona, Portogallo<\/div>\n<div>Pick-up di fronte all&#8217;Hotel Fenix, Piazza Marques de Pombal<\/div>\n<\/div>\n<\/li>\n<li>\n<div>\n<div>Dettagli sul prelievo<\/div>\n<div>L&#8217;autista ti aspetter\u00e0, con un cartello con il tuo nome.<\/div>\n<\/div>\n<\/li>\n<li>\n<div>\n<div>Servizio di trasferimento dall&#8217;hotel disponibile<\/div>\n<p>Al momento del pagamento, \u00e8 possibile selezionare dall&#8217;elenco degli hotel inclusi.<\/p>\n<\/div>\n<\/li>\n<li>\n<div>\n<div>Servizio di pick-up al porto disponibile<\/div>\n<div>Durante il pagamento, \u00e8 possibile selezionare dall&#8217;elenco delle porte incluse.<\/div>\n<div>\n<ul>\n<li>\n<div>Porto crocieristico di Lisbona &#8211; Jardim do Tabaco Quay, Doca Jardim do Tabaco Terminal de Cruzeiro de Lisboa, Av. Infante Dom Henrique, 1100-651 Lisbona, Portogallo<\/div>\n<\/li>\n<\/ul>\n<\/div>\n<\/div>\n<\/li>\n<\/ul>\n<\/div>\n<div>\n<div><strong>Fine<\/strong>: questa attivit\u00e0 termina al punto d&#8217;incontro.<\/div>\n<\/div>\n<\/li>\n<\/ul>\n<\/div><\/div>\n\t\t\t\t<\/div> <div class='et-learn-more clearfix'>\n\t\t\t\t\t<h3 class='heading-more'>Accessibilit\u00e0<span class='et_learnmore_arrow'><span><\/span><\/span><\/h3>\n\t\t\t\t\t<div class='learn-more-content'><div>\n<ul>\n<li>Non accessibile in sedia a rotelle<\/li>\n<li>Passeggino accessibile<\/li>\n<li>Animali da assistenza ammessi<\/li>\n<li>Vicino ai trasporti pubblici<\/li>\n<li>Seggiolini per bambini disponibili<\/li>\n<\/ul>\n<\/div>\n<div>\n<div>Se hai domande sull&#8217;accessibilit\u00e0, saremo lieti di aiutarti. Basta chiamare <a href=\"tel:+351932221333\">il numero (+351) 932 221 333<\/a><\/div>\n<\/div><\/div>\n\t\t\t\t<\/div> <div class='et-learn-more clearfix'>\n\t\t\t\t\t<h3 class='heading-more'>Informazioni aggiuntive<span class='et_learnmore_arrow'><span><\/span><\/span><\/h3>\n\t\t\t\t\t<div class='learn-more-content'><div>\n<ul>\n<li>La conferma verr\u00e0 ricevuta al momento della prenotazione<\/li>\n<li>Pu\u00f2 partecipare la maggior parte dei viaggiatori<\/li>\n<li>Questa \u00e8 un&#8217;attivit\u00e0\/tour privato. Parteciper\u00e0 solo il tuo gruppo<\/li>\n<\/ul>\n<\/div><\/div>\n\t\t\t\t<\/div> <div class='et-learn-more clearfix'>\n\t\t\t\t\t<h3 class='heading-more'>Politica di cancellazione<span class='et_learnmore_arrow'><span><\/span><\/span><\/h3>\n\t\t\t\t\t<div class='learn-more-content'><div>Per un rimborso completo, cancella entro 72 ore dalla prenotazione del tour.<\/div><\/div>\n\t\t\t\t<\/div> <div class='et-learn-more clearfix'>\n\t\t\t\t\t<h3 class='heading-more'>Domande frequenti<span class='et_learnmore_arrow'><span><\/span><\/span><\/h3>\n\t\t\t\t\t<div class='learn-more-content'><div>\n<div><strong>Quali attrazioni potr\u00f2 visitare con Tour privato dell&#8217;Algarve da Lisbona con gita in barca?<\/strong><\/div>\n<div>\n<div>\n<p>Durante questa esperienza, i luoghi che visiterai includono:<\/p>\n<ul>\n<li><a href=\"https:\/\/www.tripadvisor.pt\/Attraction_Review-g189115-d2513076-Reviews-Algar_Seco-Carvoeiro_Faro_District_Algarve.html\">Algar secco<\/a><\/li>\n<\/ul>\n<\/div>\n<\/div>\n<\/div>\n<div>\n<hr>\n<\/div>\n<div>\n<div><strong>Quanto costa Tour privato dell&#8217;Algarve da Lisbona con gita in barca?<\/strong><\/div>\n<div>\n<div>\n<p>Prezzo per Tour privato dell&#8217;Algarve da Lisbona con gita in barca a partire da 562,32 \u20ac.<\/p>\n<div>\n<hr>\n<\/div>\n<div>\n<div>\n<div><strong>Quale compagnia \u00e8 responsabile di Tour privato dell&#8217;Algarve da Lisbona con gita in barca?<\/strong><\/div>\n<div>\n<div>\n<p>Tour privato dell&#8217;Algarve da Lisbona con gita in barca \u00e8 offerto da RecordTours.<\/p>\n<div>\n<hr>\n<\/div>\n<\/div>\n<\/div>\n<\/div>\n<\/div>\n<\/div>\n<\/div>\n<p><strong>Quanto tempo occorre per Tour privato dell&#8217;Algarve da Lisbona con gita in barca?<\/strong><\/p>\n<div>\n<div>\n<div>\n<div>\n<div>In media, questa esperienza durer\u00e0 circa 12 ore.<\/div>\n<\/div>\n<\/div>\n<\/div>\n<\/div>\n<\/div><\/div>\n\t\t\t\t<\/div><div class='et-learn-more clearfix'>\n\t\t\t\t\t<h3 class='heading-more'>Guida<span class='et_learnmore_arrow'><span><\/span><\/span><\/h3>\n\t\t\t\t\t<div class='learn-more-content'><div>Se hai domande su questo tour o hai bisogno di aiuto per prenotare, siamo felici di aiutarti. Basta chiamare <a href=\"tel:+351932221333\">il numero (+351) 932 221 333<\/a><\/div><\/div>\n\t\t\t\t<\/div><\/p>\n","protected":false},"excerpt":{"rendered":"<p>Scopri il Portogallo oltre Lisbona con un tour privato di un&#8217;intera giornata dell&#8217;Algarve&#8230;  <\/p>\n","protected":false},"author":3,"featured_media":3477,"comment_status":"closed","ping_status":"closed","sticky":false,"template":"","format":"standard","meta":{"_acf_changed":false,"_et_pb_use_builder":"","_et_pb_old_content":"","_et_gb_content_width":"","footnotes":""},"categories":[23,44],"tags":[],"class_list":["post-3554","post","type-post","status-publish","format-standard","has-post-thumbnail","hentry","category-non-categorizzato","category-tour"],"acf":{"photo_gallery":{"tours_galeria":[[{"id":3555,"title":"","caption":"","full_image_url":"https:\/\/recordtours.pt\/wp-content\/uploads\/2024\/04\/tours-galeria-algarve-06.webp","thumbnail_image_url":"https:\/\/recordtours.pt\/wp-content\/uploads\/2024\/04\/tours-galeria-algarve-06-150x150.webp","large_srcset":"https:\/\/recordtours.pt\/wp-content\/uploads\/2024\/04\/tours-galeria-algarve-06-1024x683.webp 1024w, https:\/\/recordtours.pt\/wp-content\/uploads\/2024\/04\/tours-galeria-algarve-06-980x653.webp 980w, https:\/\/recordtours.pt\/wp-content\/uploads\/2024\/04\/tours-galeria-algarve-06-480x320.webp 480w","medium_srcset":false,"media_details":{"width":1200,"height":800,"sizes":{"medium":{"file":"tours-galeria-algarve-06-300x200.webp","width":300,"height":200,"mime-type":"image\/webp","filesize":22572,"source_url":"https:\/\/recordtours.pt\/wp-content\/uploads\/2024\/04\/tours-galeria-algarve-06-300x200.webp"},"large":{"file":"tours-galeria-algarve-06-1024x683.webp","width":1024,"height":683,"mime-type":"image\/webp","filesize":238776,"source_url":"https:\/\/recordtours.pt\/wp-content\/uploads\/2024\/04\/tours-galeria-algarve-06-1024x683.webp"},"thumbnail":{"file":"tours-galeria-algarve-06-150x150.webp","width":150,"height":150,"mime-type":"image\/webp","filesize":8870,"source_url":"https:\/\/recordtours.pt\/wp-content\/uploads\/2024\/04\/tours-galeria-algarve-06-150x150.webp"},"medium_large":{"file":"tours-galeria-algarve-06-768x512.webp","width":768,"height":512,"mime-type":"image\/webp","filesize":138038,"source_url":"https:\/\/recordtours.pt\/wp-content\/uploads\/2024\/04\/tours-galeria-algarve-06-768x512.webp"},"et-pb-post-main-image":{"file":"tours-galeria-algarve-06-400x250.webp","width":400,"height":250,"mime-type":"image\/webp","filesize":35696,"source_url":"https:\/\/recordtours.pt\/wp-content\/uploads\/2024\/04\/tours-galeria-algarve-06-400x250.webp"},"et-pb-post-main-image-fullwidth":{"file":"tours-galeria-algarve-06-1080x675.webp","width":1080,"height":675,"mime-type":"image\/webp","filesize":246850,"source_url":"https:\/\/recordtours.pt\/wp-content\/uploads\/2024\/04\/tours-galeria-algarve-06-1080x675.webp"},"et-pb-portfolio-image":{"file":"tours-galeria-algarve-06-400x284.webp","width":400,"height":284,"mime-type":"image\/webp","filesize":41188,"source_url":"https:\/\/recordtours.pt\/wp-content\/uploads\/2024\/04\/tours-galeria-algarve-06-400x284.webp"},"et-pb-portfolio-module-image":{"file":"tours-galeria-algarve-06-510x382.webp","width":510,"height":382,"mime-type":"image\/webp","filesize":69298,"source_url":"https:\/\/recordtours.pt\/wp-content\/uploads\/2024\/04\/tours-galeria-algarve-06-510x382.webp"},"et-pb-portfolio-image-single":{"file":"tours-galeria-algarve-06-1080x720.webp","width":1080,"height":720,"mime-type":"image\/webp","filesize":262320,"source_url":"https:\/\/recordtours.pt\/wp-content\/uploads\/2024\/04\/tours-galeria-algarve-06-1080x720.webp"},"et-pb-gallery-module-image-portrait":{"file":"tours-galeria-algarve-06-400x516.webp","width":400,"height":516,"mime-type":"image\/webp","filesize":69144,"source_url":"https:\/\/recordtours.pt\/wp-content\/uploads\/2024\/04\/tours-galeria-algarve-06-400x516.webp"},"et-pb-image--responsive--tablet":{"file":"tours-galeria-algarve-06-980x653.webp","width":980,"height":653,"mime-type":"image\/webp","filesize":219584,"source_url":"https:\/\/recordtours.pt\/wp-content\/uploads\/2024\/04\/tours-galeria-algarve-06-980x653.webp"},"et-pb-image--responsive--phone":{"file":"tours-galeria-algarve-06-480x320.webp","width":480,"height":320,"mime-type":"image\/webp","filesize":55018,"source_url":"https:\/\/recordtours.pt\/wp-content\/uploads\/2024\/04\/tours-galeria-algarve-06-480x320.webp"}}},"alt_text":"","url":"","target":""},{"id":3534,"title":"","caption":"","full_image_url":"https:\/\/recordtours.pt\/wp-content\/uploads\/2024\/03\/tours-galeria-algarve-01.webp","thumbnail_image_url":"https:\/\/recordtours.pt\/wp-content\/uploads\/2024\/03\/tours-galeria-algarve-01-150x150.webp","large_srcset":"https:\/\/recordtours.pt\/wp-content\/uploads\/2024\/03\/tours-galeria-algarve-01-1024x683.webp 1024w, https:\/\/recordtours.pt\/wp-content\/uploads\/2024\/03\/tours-galeria-algarve-01-980x653.webp 980w, https:\/\/recordtours.pt\/wp-content\/uploads\/2024\/03\/tours-galeria-algarve-01-480x320.webp 480w","medium_srcset":false,"media_details":{"width":1200,"height":800,"sizes":{"medium":{"file":"tours-galeria-algarve-01-300x200.webp","width":300,"height":200,"mime-type":"image\/webp","filesize":18506,"source_url":"https:\/\/recordtours.pt\/wp-content\/uploads\/2024\/03\/tours-galeria-algarve-01-300x200.webp"},"large":{"file":"tours-galeria-algarve-01-1024x683.webp","width":1024,"height":683,"mime-type":"image\/webp","filesize":185208,"source_url":"https:\/\/recordtours.pt\/wp-content\/uploads\/2024\/03\/tours-galeria-algarve-01-1024x683.webp"},"thumbnail":{"file":"tours-galeria-algarve-01-150x150.webp","width":150,"height":150,"mime-type":"image\/webp","filesize":7166,"source_url":"https:\/\/recordtours.pt\/wp-content\/uploads\/2024\/03\/tours-galeria-algarve-01-150x150.webp"},"medium_large":{"file":"tours-galeria-algarve-01-768x512.webp","width":768,"height":512,"mime-type":"image\/webp","filesize":104798,"source_url":"https:\/\/recordtours.pt\/wp-content\/uploads\/2024\/03\/tours-galeria-algarve-01-768x512.webp"},"et-pb-post-main-image":{"file":"tours-galeria-algarve-01-400x250.webp","width":400,"height":250,"mime-type":"image\/webp","filesize":29322,"source_url":"https:\/\/recordtours.pt\/wp-content\/uploads\/2024\/03\/tours-galeria-algarve-01-400x250.webp"},"et-pb-post-main-image-fullwidth":{"file":"tours-galeria-algarve-01-1080x675.webp","width":1080,"height":675,"mime-type":"image\/webp","filesize":195986,"source_url":"https:\/\/recordtours.pt\/wp-content\/uploads\/2024\/03\/tours-galeria-algarve-01-1080x675.webp"},"et-pb-portfolio-image":{"file":"tours-galeria-algarve-01-400x284.webp","width":400,"height":284,"mime-type":"image\/webp","filesize":32472,"source_url":"https:\/\/recordtours.pt\/wp-content\/uploads\/2024\/03\/tours-galeria-algarve-01-400x284.webp"},"et-pb-portfolio-module-image":{"file":"tours-galeria-algarve-01-510x382.webp","width":510,"height":382,"mime-type":"image\/webp","filesize":53440,"source_url":"https:\/\/recordtours.pt\/wp-content\/uploads\/2024\/03\/tours-galeria-algarve-01-510x382.webp"},"et-pb-portfolio-image-single":{"file":"tours-galeria-algarve-01-1080x720.webp","width":1080,"height":720,"mime-type":"image\/webp","filesize":204164,"source_url":"https:\/\/recordtours.pt\/wp-content\/uploads\/2024\/03\/tours-galeria-algarve-01-1080x720.webp"},"et-pb-gallery-module-image-portrait":{"file":"tours-galeria-algarve-01-400x516.webp","width":400,"height":516,"mime-type":"image\/webp","filesize":53686,"source_url":"https:\/\/recordtours.pt\/wp-content\/uploads\/2024\/03\/tours-galeria-algarve-01-400x516.webp"},"et-pb-image--responsive--tablet":{"file":"tours-galeria-algarve-01-980x653.webp","width":980,"height":653,"mime-type":"image\/webp","filesize":170706,"source_url":"https:\/\/recordtours.pt\/wp-content\/uploads\/2024\/03\/tours-galeria-algarve-01-980x653.webp"},"et-pb-image--responsive--phone":{"file":"tours-galeria-algarve-01-480x320.webp","width":480,"height":320,"mime-type":"image\/webp","filesize":42202,"source_url":"https:\/\/recordtours.pt\/wp-content\/uploads\/2024\/03\/tours-galeria-algarve-01-480x320.webp"}}},"alt_text":"","url":"","target":""},{"id":3753,"title":"","caption":"","full_image_url":"https:\/\/recordtours.pt\/wp-content\/uploads\/2024\/03\/tours-galeria-algarve2-03.webp","thumbnail_image_url":"https:\/\/recordtours.pt\/wp-content\/uploads\/2024\/03\/tours-galeria-algarve2-03-150x150.webp","large_srcset":"https:\/\/recordtours.pt\/wp-content\/uploads\/2024\/03\/tours-galeria-algarve2-03-1024x683.webp 1024w, https:\/\/recordtours.pt\/wp-content\/uploads\/2024\/03\/tours-galeria-algarve2-03-980x653.webp 980w, https:\/\/recordtours.pt\/wp-content\/uploads\/2024\/03\/tours-galeria-algarve2-03-480x320.webp 480w","medium_srcset":false,"media_details":{"width":1200,"height":800,"sizes":{"medium":{"file":"tours-galeria-algarve2-03-300x200.webp","width":300,"height":200,"mime-type":"image\/webp","filesize":20344,"source_url":"https:\/\/recordtours.pt\/wp-content\/uploads\/2024\/03\/tours-galeria-algarve2-03-300x200.webp"},"large":{"file":"tours-galeria-algarve2-03-1024x683.webp","width":1024,"height":683,"mime-type":"image\/webp","filesize":218858,"source_url":"https:\/\/recordtours.pt\/wp-content\/uploads\/2024\/03\/tours-galeria-algarve2-03-1024x683.webp"},"thumbnail":{"file":"tours-galeria-algarve2-03-150x150.webp","width":150,"height":150,"mime-type":"image\/webp","filesize":8178,"source_url":"https:\/\/recordtours.pt\/wp-content\/uploads\/2024\/03\/tours-galeria-algarve2-03-150x150.webp"},"medium_large":{"file":"tours-galeria-algarve2-03-768x512.webp","width":768,"height":512,"mime-type":"image\/webp","filesize":125694,"source_url":"https:\/\/recordtours.pt\/wp-content\/uploads\/2024\/03\/tours-galeria-algarve2-03-768x512.webp"},"et-pb-post-main-image":{"file":"tours-galeria-algarve2-03-400x250.webp","width":400,"height":250,"mime-type":"image\/webp","filesize":32058,"source_url":"https:\/\/recordtours.pt\/wp-content\/uploads\/2024\/03\/tours-galeria-algarve2-03-400x250.webp"},"et-pb-post-main-image-fullwidth":{"file":"tours-galeria-algarve2-03-1080x675.webp","width":1080,"height":675,"mime-type":"image\/webp","filesize":232912,"source_url":"https:\/\/recordtours.pt\/wp-content\/uploads\/2024\/03\/tours-galeria-algarve2-03-1080x675.webp"},"et-pb-portfolio-image":{"file":"tours-galeria-algarve2-03-400x284.webp","width":400,"height":284,"mime-type":"image\/webp","filesize":36256,"source_url":"https:\/\/recordtours.pt\/wp-content\/uploads\/2024\/03\/tours-galeria-algarve2-03-400x284.webp"},"et-pb-portfolio-module-image":{"file":"tours-galeria-algarve2-03-510x382.webp","width":510,"height":382,"mime-type":"image\/webp","filesize":62814,"source_url":"https:\/\/recordtours.pt\/wp-content\/uploads\/2024\/03\/tours-galeria-algarve2-03-510x382.webp"},"et-pb-portfolio-image-single":{"file":"tours-galeria-algarve2-03-1080x720.webp","width":1080,"height":720,"mime-type":"image\/webp","filesize":241376,"source_url":"https:\/\/recordtours.pt\/wp-content\/uploads\/2024\/03\/tours-galeria-algarve2-03-1080x720.webp"},"et-pb-gallery-module-image-portrait":{"file":"tours-galeria-algarve2-03-400x516.webp","width":400,"height":516,"mime-type":"image\/webp","filesize":69110,"source_url":"https:\/\/recordtours.pt\/wp-content\/uploads\/2024\/03\/tours-galeria-algarve2-03-400x516.webp"},"et-pb-image--responsive--tablet":{"file":"tours-galeria-algarve2-03-980x653.webp","width":980,"height":653,"mime-type":"image\/webp","filesize":201848,"source_url":"https:\/\/recordtours.pt\/wp-content\/uploads\/2024\/03\/tours-galeria-algarve2-03-980x653.webp"},"et-pb-image--responsive--phone":{"file":"tours-galeria-algarve2-03-480x320.webp","width":480,"height":320,"mime-type":"image\/webp","filesize":48018,"source_url":"https:\/\/recordtours.pt\/wp-content\/uploads\/2024\/03\/tours-galeria-algarve2-03-480x320.webp"}}},"alt_text":"","url":"","target":""},{"id":3536,"title":"","caption":"","full_image_url":"https:\/\/recordtours.pt\/wp-content\/uploads\/2024\/03\/tours-galeria-algarve-03.webp","thumbnail_image_url":"https:\/\/recordtours.pt\/wp-content\/uploads\/2024\/03\/tours-galeria-algarve-03-150x150.webp","large_srcset":"https:\/\/recordtours.pt\/wp-content\/uploads\/2024\/03\/tours-galeria-algarve-03-1024x683.webp 1024w, https:\/\/recordtours.pt\/wp-content\/uploads\/2024\/03\/tours-galeria-algarve-03-980x653.webp 980w, https:\/\/recordtours.pt\/wp-content\/uploads\/2024\/03\/tours-galeria-algarve-03-480x320.webp 480w","medium_srcset":false,"media_details":{"width":1200,"height":800,"sizes":{"medium":{"file":"tours-galeria-algarve-03-300x200.webp","width":300,"height":200,"mime-type":"image\/webp","filesize":17572,"source_url":"https:\/\/recordtours.pt\/wp-content\/uploads\/2024\/03\/tours-galeria-algarve-03-300x200.webp"},"large":{"file":"tours-galeria-algarve-03-1024x683.webp","width":1024,"height":683,"mime-type":"image\/webp","filesize":150976,"source_url":"https:\/\/recordtours.pt\/wp-content\/uploads\/2024\/03\/tours-galeria-algarve-03-1024x683.webp"},"thumbnail":{"file":"tours-galeria-algarve-03-150x150.webp","width":150,"height":150,"mime-type":"image\/webp","filesize":7410,"source_url":"https:\/\/recordtours.pt\/wp-content\/uploads\/2024\/03\/tours-galeria-algarve-03-150x150.webp"},"medium_large":{"file":"tours-galeria-algarve-03-768x512.webp","width":768,"height":512,"mime-type":"image\/webp","filesize":92054,"source_url":"https:\/\/recordtours.pt\/wp-content\/uploads\/2024\/03\/tours-galeria-algarve-03-768x512.webp"},"et-pb-post-main-image":{"file":"tours-galeria-algarve-03-400x250.webp","width":400,"height":250,"mime-type":"image\/webp","filesize":27180,"source_url":"https:\/\/recordtours.pt\/wp-content\/uploads\/2024\/03\/tours-galeria-algarve-03-400x250.webp"},"et-pb-post-main-image-fullwidth":{"file":"tours-galeria-algarve-03-1080x675.webp","width":1080,"height":675,"mime-type":"image\/webp","filesize":159462,"source_url":"https:\/\/recordtours.pt\/wp-content\/uploads\/2024\/03\/tours-galeria-algarve-03-1080x675.webp"},"et-pb-portfolio-image":{"file":"tours-galeria-algarve-03-400x284.webp","width":400,"height":284,"mime-type":"image\/webp","filesize":30214,"source_url":"https:\/\/recordtours.pt\/wp-content\/uploads\/2024\/03\/tours-galeria-algarve-03-400x284.webp"},"et-pb-portfolio-module-image":{"file":"tours-galeria-algarve-03-510x382.webp","width":510,"height":382,"mime-type":"image\/webp","filesize":49152,"source_url":"https:\/\/recordtours.pt\/wp-content\/uploads\/2024\/03\/tours-galeria-algarve-03-510x382.webp"},"et-pb-portfolio-image-single":{"file":"tours-galeria-algarve-03-1080x720.webp","width":1080,"height":720,"mime-type":"image\/webp","filesize":165110,"source_url":"https:\/\/recordtours.pt\/wp-content\/uploads\/2024\/03\/tours-galeria-algarve-03-1080x720.webp"},"et-pb-gallery-module-image-portrait":{"file":"tours-galeria-algarve-03-400x516.webp","width":400,"height":516,"mime-type":"image\/webp","filesize":49746,"source_url":"https:\/\/recordtours.pt\/wp-content\/uploads\/2024\/03\/tours-galeria-algarve-03-400x516.webp"},"et-pb-image--responsive--tablet":{"file":"tours-galeria-algarve-03-980x653.webp","width":980,"height":653,"mime-type":"image\/webp","filesize":140828,"source_url":"https:\/\/recordtours.pt\/wp-content\/uploads\/2024\/03\/tours-galeria-algarve-03-980x653.webp"},"et-pb-image--responsive--phone":{"file":"tours-galeria-algarve-03-480x320.webp","width":480,"height":320,"mime-type":"image\/webp","filesize":39106,"source_url":"https:\/\/recordtours.pt\/wp-content\/uploads\/2024\/03\/tours-galeria-algarve-03-480x320.webp"}}},"alt_text":"","url":"","target":""}]]}},"_links":{"self":[{"href":"https:\/\/recordtours.pt\/it\/wp-json\/wp\/v2\/posts\/3554","targetHints":{"allow":["GET"]}}],"collection":[{"href":"https:\/\/recordtours.pt\/it\/wp-json\/wp\/v2\/posts"}],"about":[{"href":"https:\/\/recordtours.pt\/it\/wp-json\/wp\/v2\/types\/post"}],"author":[{"embeddable":true,"href":"https:\/\/recordtours.pt\/it\/wp-json\/wp\/v2\/users\/3"}],"replies":[{"embeddable":true,"href":"https:\/\/recordtours.pt\/it\/wp-json\/wp\/v2\/comments?post=3554"}],"version-history":[{"count":0,"href":"https:\/\/recordtours.pt\/it\/wp-json\/wp\/v2\/posts\/3554\/revisions"}],"wp:featuredmedia":[{"embeddable":true,"href":"https:\/\/recordtours.pt\/it\/wp-json\/wp\/v2\/media\/3477"}],"wp:attachment":[{"href":"https:\/\/recordtours.pt\/it\/wp-json\/wp\/v2\/media?parent=3554"}],"wp:term":[{"taxonomy":"category","embeddable":true,"href":"https:\/\/recordtours.pt\/it\/wp-json\/wp\/v2\/categories?post=3554"},{"taxonomy":"post_tag","embeddable":true,"href":"https:\/\/recordtours.pt\/it\/wp-json\/wp\/v2\/tags?post=3554"}],"curies":[{"name":"wp","href":"https:\/\/api.w.org\/{rel}","templated":true}]}}